{"id":2972,"date":"2025-01-23T14:02:00","date_gmt":"2025-01-23T14:02:00","guid":{"rendered":"https:\/\/diariodegarca.com\/2025\/01\/23\/fernao-realiza-torneio-de-volei-de-praia-2025-nesta-sexta\/"},"modified":"2025-01-23T14:02:00","modified_gmt":"2025-01-23T14:02:00","slug":"fernao-realiza-torneio-de-volei-de-praia-2025-nesta-sexta","status":"publish","type":"post","link":"https:\/\/diariodegarca.com\/?p=2972","title":{"rendered":"Fern\u00e3o realiza Torneio de V\u00f4lei de Praia 2025 nesta sexta"},"content":{"rendered":"<div>\n<div class=\"separator\" style=\"clear: both;text-align: center\">\n  <a href=\"https:\/\/blogger.googleusercontent.com\/img\/a\/AVvXsEg8ldJly9OH7sa4J0QyQSuv7ZhnYFVVvCGij7EkNbRl3ggXy37ac49N9UKpOzGzXey-ST8JTHxiwVWxoGQJwN8y0Kx5nKMJSzGv5QgKPVWXt0sYD6TjSamHJ3SnOb8JAiDKhxz6opDWldWBj3uWw-nBt132yWI5AQpfOPDjhfZ72BJssiWqzC_0YFiKnA10\" style=\"margin-left: 1em;margin-right: 1em\"><br \/>\n    <img decoding=\"async\" border=\"0\" src=\"https:\/\/blogger.googleusercontent.com\/img\/a\/AVvXsEg8ldJly9OH7sa4J0QyQSuv7ZhnYFVVvCGij7EkNbRl3ggXy37ac49N9UKpOzGzXey-ST8JTHxiwVWxoGQJwN8y0Kx5nKMJSzGv5QgKPVWXt0sYD6TjSamHJ3SnOb8JAiDKhxz6opDWldWBj3uWw-nBt132yWI5AQpfOPDjhfZ72BJssiWqzC_0YFiKnA10\" width=\"400\"><br \/>\n  <\/a>\n<\/div>\n<p><\/div>\n<div>A cidade de Fern\u00e3o est\u00e1 preparando um evento esportivo que promete agitar a regi\u00e3o.\u00a0<\/div>\n<div><\/div>\n<div>Nesta sexta-feira, 24 de janeiro, \u00e0s 14h, acontece o <b>Torneio de V\u00f4lei de Praia Fern\u00e3o 2025<\/b>, voltado para as categorias <b>Sub-15 e Sub-18<\/b>, tanto no masculino quanto no feminino. A competi\u00e7\u00e3o ser\u00e1 o Campinho de Areia, localizado na Rua Salvador Dias de Almeida, 358.<\/div>\n<div><\/div>\n<div>Organizado pela Prefeitura Municipal de Fern\u00e3o, por meio da Secretaria de Esportes e Turismo, o evento busca incentivar a pr\u00e1tica esportiva e promover integra\u00e7\u00e3o entre jovens atletas de toda a regi\u00e3o.<\/div>\n<div><\/div>\n<div>Segundo o Secret\u00e1rio de Esportes, Breno Rafael Pultini, o torneio ser\u00e1 disputado em duplas e as inscri\u00e7\u00f5es poder\u00e3o ser feitas no local, minutos antes do in\u00edcio das partidas. \u201cApesar da inscri\u00e7\u00e3o ser presencial, pedimos que os interessados enviem previamente os nomes e as datas de nascimento das duplas pelo WhatsApp, no n\u00famero (14) 99824-9171. Isso nos ajudar\u00e1 a organizar melhor as categorias\u201d, explicou.<\/div>\n<div><\/div>\n<div>Uma curiosidade \u00e9 que as categorias s\u00e3o definidas pela idade do atleta mais velho da dupla. Por exemplo, uma equipe formada por jogadores de 13 e 17 anos competir\u00e1 na Sub-18.<\/div>\n<div><\/div>\n","protected":false},"excerpt":{"rendered":"<p>A cidade de Fern\u00e3o est\u00e1 preparando um evento esportivo que promete agitar a regi\u00e3o.\u00a0 Nesta sexta-feira, 24 de janeiro, \u00e0s 14h, acontece o Torneio de V\u00f4lei de Praia Fern\u00e3o 2025, voltado para as categorias Sub-15 e Sub-18, tanto no masculino quanto no feminino. A competi\u00e7\u00e3o ser\u00e1 o Campinho de Areia, localizado na Rua Salvador Dias [&hellip;]<\/p>\n","protected":false},"author":260896546,"featured_media":0,"comment_status":"open","ping_status":"open","sticky":false,"template":"","format":"standard","meta":{"_crdt_document":"","_monsterinsights_skip_tracking":false,"_monsterinsights_sitenote_active":false,"_monsterinsights_sitenote_note":"","_monsterinsights_sitenote_category":0,"advanced_seo_description":"","jetpack_seo_html_title":"","jetpack_seo_noindex":false,"_jetpack_newsletter_access":"","_jetpack_dont_email_post_to_subs":false,"_jetpack_newsletter_tier_id":0,"_jetpack_memberships_contains_paywalled_content":false,"_jetpack_memberships_contains_paid_content":false,"footnotes":"","jetpack_publicize_message":"","jetpack_publicize_feature_enabled":true,"jetpack_social_post_already_shared":false,"jetpack_social_options":{"image_generator_settings":{"template":"fullscreen","default_image_id":0,"font":"","enabled":false},"version":2},"_wpas_customize_per_network":false,"jetpack_post_was_ever_published":false},"categories":[38185],"tags":[781171794,781171827,50287],"class_list":["post-2972","post","type-post","status-publish","format-standard","hentry","category-brasil","tag-esporte","tag-fernao","tag-lazer"],"jetpack_publicize_connections":[],"jetpack_featured_media_url":"","jetpack_likes_enabled":true,"jetpack_sharing_enabled":true,"jetpack_shortlink":"https:\/\/wp.me\/pgitne-LW","jetpack-related-posts":[{"id":2924,"url":"https:\/\/diariodegarca.com\/?p=2924","url_meta":{"origin":2972,"position":0},"title":"Quanto ganham os representantes do povo em Fern\u00e3o?","author":"Di\u00e1rio de Gar\u00e7a","date":"30 de janeiro de 2025","format":false,"excerpt":"As remunera\u00e7\u00f5es dos agentes pol\u00edticos variam amplamente entre os munic\u00edpios brasileiros, refletindo fatores como arrecada\u00e7\u00e3o, popula\u00e7\u00e3o e desafios locais. Para entender melhor como esses valores s\u00e3o definidos e aplicados, esta s\u00e9rie de reportagens se baseia em dados dos portais da transpar\u00eancia e legisla\u00e7\u00f5es municipais. O munic\u00edpio em destaque nesta terceira\u2026","rel":"","context":"Em &quot;Brasil&quot;","block_context":{"text":"Brasil","link":"https:\/\/diariodegarca.com\/?cat=38185"},"img":{"alt_text":"","src":"https:\/\/i0.wp.com\/blogger.googleusercontent.com\/img\/b\/R29vZ2xl\/AVvXsEjymnX_EMiAfZkTHmzqdbBEtMn6p_ECkMNCto-dc1y5HtQGigST9ms88QoZdqUMRxc2VvIkwfVLbUhRBHdBI6GWpu32_ob8WeQihYajjQSsg5xMbm78yaxQa8_RC-50yVrwQHtdWlVrBOGDPfHZXIzIg2uJYAV16j5dBlPjAwIYTxIIDpWYv-mNt68Ubxo\/w400-h266\/3acf91d6b3bb04a01d64345d938a3618.jpeg?resize=350%2C200&ssl=1","width":350,"height":200},"classes":[]},{"id":2690,"url":"https:\/\/diariodegarca.com\/?p=2690","url_meta":{"origin":2972,"position":1},"title":"Times de Gar\u00e7a ficam de fora da Copa Record Interior e Copa Bom Senso","author":"Di\u00e1rio de Gar\u00e7a","date":"6 de mar\u00e7o de 2025","format":false,"excerpt":"Em uma decis\u00e3o que pegou a comunidade esportiva de surpresa, a cidade de Gar\u00e7a n\u00e3o estar\u00e1 presente em duas das principais competi\u00e7\u00f5es de futsal do interior paulista: Copa Record Interior Paulista (Regi\u00e3o Bauru) e Copa Bom Senso. O per\u00edodo de inscri\u00e7\u00f5es para ambos os torneios j\u00e1 foi encerrado, e a\u2026","rel":"","context":"Em &quot;Brasil&quot;","block_context":{"text":"Brasil","link":"https:\/\/diariodegarca.com\/?cat=38185"},"img":{"alt_text":"","src":"","width":0,"height":0},"classes":[]},{"id":6662,"url":"https:\/\/diariodegarca.com\/?p=6662","url_meta":{"origin":2972,"position":2},"title":"Circuito Regional de Caminhada e Corrida Kids acontecem em a Fern\u00e3o no dia 21 de setembro","author":"Di\u00e1rio de Gar\u00e7a","date":"15 de setembro de 2025","format":false,"excerpt":"Evento esportivo gratuito, organizado pela prefeitura, promove integra\u00e7\u00e3o familiar e h\u00e1bitos saud\u00e1veis atrav\u00e9s do esporte na cidade. A cidade de Fern\u00e3o se prepara para receber uma manh\u00e3 dedicada ao esporte e ao bem-estar. No pr\u00f3ximo s\u00e1bado, 21 de setembro, ser\u00e1 realizada a etapa local do Circuito Regional de Caminhada e\u2026","rel":"","context":"Em &quot;Esporte&quot;","block_context":{"text":"Esporte","link":"https:\/\/diariodegarca.com\/?cat=10889"},"img":{"alt_text":"","src":"https:\/\/i0.wp.com\/diariodegarca.com\/wp-content\/uploads\/2025\/09\/grupo-de-corredores-maduros-com-roupas-esportivas-correndo-la-fora-treinando-para-maratona-aproveitando-o-treino-matinal-tiro-de-corpo-inteiro-aposentados-e-conceito-de-estilo-de-vida-at.jpg?fit=1200%2C800&ssl=1&resize=350%2C200","width":350,"height":200,"srcset":"https:\/\/i0.wp.com\/diariodegarca.com\/wp-content\/uploads\/2025\/09\/grupo-de-corredores-maduros-com-roupas-esportivas-correndo-la-fora-treinando-para-maratona-aproveitando-o-treino-matinal-tiro-de-corpo-inteiro-aposentados-e-conceito-de-estilo-de-vida-at.jpg?fit=1200%2C800&ssl=1&resize=350%2C200 1x, https:\/\/i0.wp.com\/diariodegarca.com\/wp-content\/uploads\/2025\/09\/grupo-de-corredores-maduros-com-roupas-esportivas-correndo-la-fora-treinando-para-maratona-aproveitando-o-treino-matinal-tiro-de-corpo-inteiro-aposentados-e-conceito-de-estilo-de-vida-at.jpg?fit=1200%2C800&ssl=1&resize=525%2C300 1.5x, https:\/\/i0.wp.com\/diariodegarca.com\/wp-content\/uploads\/2025\/09\/grupo-de-corredores-maduros-com-roupas-esportivas-correndo-la-fora-treinando-para-maratona-aproveitando-o-treino-matinal-tiro-de-corpo-inteiro-aposentados-e-conceito-de-estilo-de-vida-at.jpg?fit=1200%2C800&ssl=1&resize=700%2C400 2x, https:\/\/i0.wp.com\/diariodegarca.com\/wp-content\/uploads\/2025\/09\/grupo-de-corredores-maduros-com-roupas-esportivas-correndo-la-fora-treinando-para-maratona-aproveitando-o-treino-matinal-tiro-de-corpo-inteiro-aposentados-e-conceito-de-estilo-de-vida-at.jpg?fit=1200%2C800&ssl=1&resize=1050%2C600 3x"},"classes":[]},{"id":5383,"url":"https:\/\/diariodegarca.com\/?p=5383","url_meta":{"origin":2972,"position":3},"title":"Encontro Fitness em Fern\u00e3o promove sa\u00fade e integra\u00e7\u00e3o entre munic\u00edpios","author":"Di\u00e1rio de Gar\u00e7a","date":"7 de agosto de 2025","format":false,"excerpt":"Evento gratuito no dia 12\/8 re\u00fane dan\u00e7a, gin\u00e1stica funcional e HIIT em uma noite dedicada ao bem-estar e \u00e0 socializa\u00e7\u00e3o. A Prefeitura Municipal de Fern\u00e3o, em parceria com as Secretarias de Sa\u00fade e de Esportes e Lazer, preparou uma noite especial para os amantes de atividades f\u00edsicas e qualidade de\u2026","rel":"","context":"Em &quot;Cabr\u00e1lia Paulista&quot;","block_context":{"text":"Cabr\u00e1lia Paulista","link":"https:\/\/diariodegarca.com\/?cat=38087553"},"img":{"alt_text":"","src":"https:\/\/i0.wp.com\/diariodegarca.com\/wp-content\/uploads\/2025\/08\/mulheres-em-forma-feliz-de-tiro-medio.jpg?fit=1200%2C800&ssl=1&resize=350%2C200","width":350,"height":200,"srcset":"https:\/\/i0.wp.com\/diariodegarca.com\/wp-content\/uploads\/2025\/08\/mulheres-em-forma-feliz-de-tiro-medio.jpg?fit=1200%2C800&ssl=1&resize=350%2C200 1x, https:\/\/i0.wp.com\/diariodegarca.com\/wp-content\/uploads\/2025\/08\/mulheres-em-forma-feliz-de-tiro-medio.jpg?fit=1200%2C800&ssl=1&resize=525%2C300 1.5x, https:\/\/i0.wp.com\/diariodegarca.com\/wp-content\/uploads\/2025\/08\/mulheres-em-forma-feliz-de-tiro-medio.jpg?fit=1200%2C800&ssl=1&resize=700%2C400 2x, https:\/\/i0.wp.com\/diariodegarca.com\/wp-content\/uploads\/2025\/08\/mulheres-em-forma-feliz-de-tiro-medio.jpg?fit=1200%2C800&ssl=1&resize=1050%2C600 3x"},"classes":[]},{"id":9550,"url":"https:\/\/diariodegarca.com\/?p=9550","url_meta":{"origin":2972,"position":4},"title":"Programa Emprega Fern\u00e3o: inscri\u00e7\u00f5es abertas para oportunidades de inclus\u00e3o social","author":"Di\u00e1rio de Gar\u00e7a","date":"15 de dezembro de 2025","format":false,"excerpt":"Secretaria Municipal de Desenvolvimento Social de Fern\u00e3o recebe cadastros de 15 a 19 de dezembro; objetivo \u00e9 gerar ocupa\u00e7\u00e3o para a popula\u00e7\u00e3o local. A Prefeitura de Fern\u00e3o, por meio da Secretaria Municipal de Desenvolvimento Social, est\u00e1 com as inscri\u00e7\u00f5es abertas para o Programa Emprega Fern\u00e3o. A iniciativa, institu\u00edda pelo Decreto\u2026","rel":"","context":"Em &quot;Fern\u00e3o&quot;","block_context":{"text":"Fern\u00e3o","link":"https:\/\/diariodegarca.com\/?cat=7386895"},"img":{"alt_text":"","src":"https:\/\/i0.wp.com\/diariodegarca.com\/wp-content\/uploads\/2025\/12\/trabalhadores-corporativos-fazendo-brainstorming-juntos.jpg?fit=1200%2C800&ssl=1&resize=350%2C200","width":350,"height":200,"srcset":"https:\/\/i0.wp.com\/diariodegarca.com\/wp-content\/uploads\/2025\/12\/trabalhadores-corporativos-fazendo-brainstorming-juntos.jpg?fit=1200%2C800&ssl=1&resize=350%2C200 1x, https:\/\/i0.wp.com\/diariodegarca.com\/wp-content\/uploads\/2025\/12\/trabalhadores-corporativos-fazendo-brainstorming-juntos.jpg?fit=1200%2C800&ssl=1&resize=525%2C300 1.5x, https:\/\/i0.wp.com\/diariodegarca.com\/wp-content\/uploads\/2025\/12\/trabalhadores-corporativos-fazendo-brainstorming-juntos.jpg?fit=1200%2C800&ssl=1&resize=700%2C400 2x, https:\/\/i0.wp.com\/diariodegarca.com\/wp-content\/uploads\/2025\/12\/trabalhadores-corporativos-fazendo-brainstorming-juntos.jpg?fit=1200%2C800&ssl=1&resize=1050%2C600 3x"},"classes":[]},{"id":2655,"url":"https:\/\/diariodegarca.com\/?p=2655","url_meta":{"origin":2972,"position":5},"title":"Prefeituras da regi\u00e3o intensificam a\u00e7\u00f5es contra a dengue e chikungunya","author":"Di\u00e1rio de Gar\u00e7a","date":"10 de mar\u00e7o de 2025","format":false,"excerpt":"Em meio ao aumento de casos de dengue e chikungunya na regi\u00e3o, as prefeituras locais est\u00e3o refor\u00e7ando as a\u00e7\u00f5es de combate ao mosquito Aedes aegypti. Na \u00faltima semana, Tup\u00e3 confirmou a segunda morte por chikungunya, enquanto Mar\u00edlia registrou a quinta morte por dengue. Diante desse cen\u00e1rio, os munic\u00edpios t\u00eam adotado\u2026","rel":"","context":"Em &quot;Brasil&quot;","block_context":{"text":"Brasil","link":"https:\/\/diariodegarca.com\/?cat=38185"},"img":{"alt_text":"","src":"","width":0,"height":0},"classes":[]}],"_links":{"self":[{"href":"https:\/\/diariodegarca.com\/index.php?rest_route=\/wp\/v2\/posts\/2972","targetHints":{"allow":["GET"]}}],"collection":[{"href":"https:\/\/diariodegarca.com\/index.php?rest_route=\/wp\/v2\/posts"}],"about":[{"href":"https:\/\/diariodegarca.com\/index.php?rest_route=\/wp\/v2\/types\/post"}],"author":[{"embeddable":true,"href":"https:\/\/diariodegarca.com\/index.php?rest_route=\/wp\/v2\/users\/260896546"}],"replies":[{"embeddable":true,"href":"https:\/\/diariodegarca.com\/index.php?rest_route=%2Fwp%2Fv2%2Fcomments&post=2972"}],"version-history":[{"count":0,"href":"https:\/\/diariodegarca.com\/index.php?rest_route=\/wp\/v2\/posts\/2972\/revisions"}],"wp:attachment":[{"href":"https:\/\/diariodegarca.com\/index.php?rest_route=%2Fwp%2Fv2%2Fmedia&parent=2972"}],"wp:term":[{"taxonomy":"category","embeddable":true,"href":"https:\/\/diariodegarca.com\/index.php?rest_route=%2Fwp%2Fv2%2Fcategories&post=2972"},{"taxonomy":"post_tag","embeddable":true,"href":"https:\/\/diariodegarca.com\/index.php?rest_route=%2Fwp%2Fv2%2Ftags&post=2972"}],"curies":[{"name":"wp","href":"https:\/\/api.w.org\/{rel}","templated":true}]}}