{"id":2974,"date":"2025-01-23T11:42:00","date_gmt":"2025-01-23T11:42:00","guid":{"rendered":"https:\/\/diariodegarca.com\/2025\/01\/23\/minc-oferece-curso-gratuito-de-sonorizacao-para-producoes-audiovisuais\/"},"modified":"2025-01-23T11:42:00","modified_gmt":"2025-01-23T11:42:00","slug":"minc-oferece-curso-gratuito-de-sonorizacao-para-producoes-audiovisuais","status":"publish","type":"post","link":"https:\/\/diariodegarca.com\/?p=2974","title":{"rendered":"MinC oferece curso gratuito de sonoriza\u00e7\u00e3o para produ\u00e7\u00f5es audiovisuais"},"content":{"rendered":"<div>\n<div>\n  <a href=\"https:\/\/blogger.googleusercontent.com\/img\/a\/AVvXsEg8bZkjsnQ-zSq2i2HsgdUB-8vqBGdYSyXUUFVyINAH5bRx5b1nEEOJyCu6ksj4FN8oPB-Egp1Xcym89cNfb8WOucavxfmd9qb1il6nbs735U0nAba_yh-DBD1XQJi5otlplp9Pn2TA79o1VYhYMNwuVRHadoJ7Gq9C8Uf5VxQntwWI8vhfPYeOxJr2WWt7\"><br \/>\n    <img decoding=\"async\" border=\"0\" src=\"https:\/\/blogger.googleusercontent.com\/img\/a\/AVvXsEg8bZkjsnQ-zSq2i2HsgdUB-8vqBGdYSyXUUFVyINAH5bRx5b1nEEOJyCu6ksj4FN8oPB-Egp1Xcym89cNfb8WOucavxfmd9qb1il6nbs735U0nAba_yh-DBD1XQJi5otlplp9Pn2TA79o1VYhYMNwuVRHadoJ7Gq9C8Uf5VxQntwWI8vhfPYeOxJr2WWt7\" width=\"400\"><br \/>\n  <\/a>\n<\/div>\n<p><\/div>\n<div><\/div>\n<div><\/div>\n<div>Est\u00e3o abertas as inscri\u00e7\u00f5es para o curso online e gratuito de <b>Sonoriza\u00e7\u00e3o<\/b>, promovido pelo Minist\u00e9rio da Cultura, por meio da plataforma Escult, em parceria com o Instituto Federal de Goi\u00e1s (IFG).\u00a0<\/div>\n<div><\/div>\n<div>A forma\u00e7\u00e3o \u00e9 destinada a quem deseja aprender ou aprimorar habilidades na \u00e1rea de capta\u00e7\u00e3o e edi\u00e7\u00e3o de \u00e1udio, mixagem, sonoriza\u00e7\u00e3o de ambientes e cria\u00e7\u00e3o de trilhas sonoras para produ\u00e7\u00f5es audiovisuais.<\/div>\n<div><\/div>\n<div>Com <b>carga hor\u00e1ria de 60 horas<\/b> e modalidade educa\u00e7\u00e3o a dist\u00e2ncia, o curso aborda temas fundamentais da sonoriza\u00e7\u00e3o, incluindo:<\/div>\n<div>&#8211; Princ\u00edpios da linguagem sonora;<\/div>\n<div>&#8211;\u00a0<span>Uso de equipamentos de capta\u00e7\u00e3o;<\/span><\/div>\n<div>&#8211;\u00a0<span>T\u00e9cnicas de grava\u00e7\u00e3o, edi\u00e7\u00e3o e mixagem;<\/span><\/div>\n<div>&#8211;\u00a0<span>Design sonoro e cria\u00e7\u00e3o de trilhas sonoras.<\/span><\/div>\n<div><\/div>\n<div>O curso oferece uma excelente oportunidade para quem busca ingressar ou se especializar no setor audiovisual, com conte\u00fados atualizados e acess\u00edveis para estudantes e profissionais da \u00e1rea.<\/div>\n<div><\/div>\n<div>\ud83d\udd17 Para mais informa\u00e7\u00f5es e inscri\u00e7\u00f5es, acesse:<\/div>\n<div><a href=\"https:\/\/escult.cultura.gov.br\/enrol\/index.php?id=13\">https:\/\/escult.cultura.gov.br\/enrol\/index.php?id=13<\/a><\/div>\n","protected":false},"excerpt":{"rendered":"<p>Est\u00e3o abertas as inscri\u00e7\u00f5es para o curso online e gratuito de Sonoriza\u00e7\u00e3o, promovido pelo Minist\u00e9rio da Cultura, por meio da plataforma Escult, em parceria com o Instituto Federal de Goi\u00e1s (IFG).\u00a0 A forma\u00e7\u00e3o \u00e9 destinada a quem deseja aprender ou aprimorar habilidades na \u00e1rea de capta\u00e7\u00e3o e edi\u00e7\u00e3o de \u00e1udio, mixagem, sonoriza\u00e7\u00e3o de ambientes e [&hellip;]<\/p>\n","protected":false},"author":260896546,"featured_media":0,"comment_status":"open","ping_status":"open","sticky":false,"template":"","format":"standard","meta":{"_crdt_document":"","_monsterinsights_skip_tracking":false,"_monsterinsights_sitenote_active":false,"_monsterinsights_sitenote_note":"","_monsterinsights_sitenote_category":0,"advanced_seo_description":"","jetpack_seo_html_title":"","jetpack_seo_noindex":false,"_jetpack_newsletter_access":"","_jetpack_dont_email_post_to_subs":false,"_jetpack_newsletter_tier_id":0,"_jetpack_memberships_contains_paywalled_content":false,"_jetpack_memberships_contains_paid_content":false,"footnotes":"","jetpack_publicize_message":"","jetpack_publicize_feature_enabled":true,"jetpack_social_post_already_shared":false,"jetpack_social_options":{"image_generator_settings":{"template":"fullscreen","default_image_id":0,"font":"","enabled":false},"version":2},"_wpas_customize_per_network":false,"jetpack_post_was_ever_published":false},"categories":[38185],"tags":[781171790,781171800,781171797],"class_list":["post-2974","post","type-post","status-publish","format-standard","hentry","category-brasil","tag-cultura","tag-curso","tag-educacao"],"jetpack_publicize_connections":[],"jetpack_featured_media_url":"","jetpack_likes_enabled":true,"jetpack_sharing_enabled":true,"jetpack_shortlink":"https:\/\/wp.me\/pgitne-LY","jetpack-related-posts":[{"id":2893,"url":"https:\/\/diariodegarca.com\/?p=2893","url_meta":{"origin":2974,"position":0},"title":"Curso online e gratuito de Sonoriza\u00e7\u00e3o abre inscri\u00e7\u00f5es","author":"Di\u00e1rio de Gar\u00e7a","date":"5 de fevereiro de 2025","format":false,"excerpt":"Est\u00e3o abertas as inscri\u00e7\u00f5es para o curso online e gratuito de Sonoriza\u00e7\u00e3o, oferecido pela Escult em parceria com a Universidade Federal de Goi\u00e1s (UFG). A forma\u00e7\u00e3o \u00e9 voltada para quem deseja aprender sobre capta\u00e7\u00e3o e edi\u00e7\u00e3o de \u00e1udio, mixagem, sonoriza\u00e7\u00e3o de ambientes e cria\u00e7\u00e3o de trilhas sonoras para produ\u00e7\u00f5es audiovisuais.\u00a0\u00a0Com\u2026","rel":"","context":"Em &quot;Brasil&quot;","block_context":{"text":"Brasil","link":"https:\/\/diariodegarca.com\/?cat=38185"},"img":{"alt_text":"","src":"","width":0,"height":0},"classes":[]},{"id":7837,"url":"https:\/\/diariodegarca.com\/?p=7837","url_meta":{"origin":2974,"position":1},"title":"Curso gratuito e online forma figurinistas para teatro, cinema e carnaval","author":"Andreza Sega","date":"20 de outubro de 2025","format":false,"excerpt":"Forma\u00e7\u00e3o da Escult, em parceria com UFRB e MinC, ensina desde pesquisa hist\u00f3rica at\u00e9 t\u00e9cnicas de croqui e atua\u00e7\u00e3o no mercado cultural. Est\u00e1 aberto o curso\u00a0\u201cProdu\u00e7\u00e3o de Figurino: da Pesquisa ao Mercado\u201d, uma forma\u00e7\u00e3o online e gratuita voltada para quem deseja atuar na cria\u00e7\u00e3o de figurinos para teatro, dan\u00e7a, cinema,\u2026","rel":"","context":"Em &quot;Cinema&quot;","block_context":{"text":"Cinema","link":"https:\/\/diariodegarca.com\/?cat=597"},"img":{"alt_text":"","src":"https:\/\/i0.wp.com\/diariodegarca.com\/wp-content\/uploads\/2025\/10\/artistas-de-cabare-feminino-se-preparando-nos-bastidores-juntos.jpg?fit=1200%2C800&ssl=1&resize=350%2C200","width":350,"height":200,"srcset":"https:\/\/i0.wp.com\/diariodegarca.com\/wp-content\/uploads\/2025\/10\/artistas-de-cabare-feminino-se-preparando-nos-bastidores-juntos.jpg?fit=1200%2C800&ssl=1&resize=350%2C200 1x, https:\/\/i0.wp.com\/diariodegarca.com\/wp-content\/uploads\/2025\/10\/artistas-de-cabare-feminino-se-preparando-nos-bastidores-juntos.jpg?fit=1200%2C800&ssl=1&resize=525%2C300 1.5x, https:\/\/i0.wp.com\/diariodegarca.com\/wp-content\/uploads\/2025\/10\/artistas-de-cabare-feminino-se-preparando-nos-bastidores-juntos.jpg?fit=1200%2C800&ssl=1&resize=700%2C400 2x, https:\/\/i0.wp.com\/diariodegarca.com\/wp-content\/uploads\/2025\/10\/artistas-de-cabare-feminino-se-preparando-nos-bastidores-juntos.jpg?fit=1200%2C800&ssl=1&resize=1050%2C600 3x"},"classes":[]},{"id":7582,"url":"https:\/\/diariodegarca.com\/?p=7582","url_meta":{"origin":2974,"position":2},"title":"Minist\u00e9rio da Cultura oferta curso gratuito de Anima\u00e7\u00e3o Digital","author":"Andreza Sega","date":"9 de outubro de 2025","format":false,"excerpt":"Forma\u00e7\u00e3o on-line de 60 horas capacita para atua\u00e7\u00e3o em cinema, games, redes sociais e outras plataformas digitais; inscri\u00e7\u00f5es abertas at\u00e9 janeiro de 2026. Est\u00e3o abertas as inscri\u00e7\u00f5es para o curso livre\u00a0Anima\u00e7\u00e3o Digital, oferecido pelo Minist\u00e9rio da Cultura (MinC) por meio da Escola Solano Trindade de Forma\u00e7\u00e3o Art\u00edstica e Cultural (Escult).\u2026","rel":"","context":"Em &quot;Cultura&quot;","block_context":{"text":"Cultura","link":"https:\/\/diariodegarca.com\/?cat=2367"},"img":{"alt_text":"","src":"https:\/\/i0.wp.com\/diariodegarca.com\/wp-content\/uploads\/2025\/10\/115778f4-967b-42da-92ac-63f2bec91fc6.png?fit=768%2C510&ssl=1&resize=350%2C200","width":350,"height":200,"srcset":"https:\/\/i0.wp.com\/diariodegarca.com\/wp-content\/uploads\/2025\/10\/115778f4-967b-42da-92ac-63f2bec91fc6.png?fit=768%2C510&ssl=1&resize=350%2C200 1x, https:\/\/i0.wp.com\/diariodegarca.com\/wp-content\/uploads\/2025\/10\/115778f4-967b-42da-92ac-63f2bec91fc6.png?fit=768%2C510&ssl=1&resize=525%2C300 1.5x, https:\/\/i0.wp.com\/diariodegarca.com\/wp-content\/uploads\/2025\/10\/115778f4-967b-42da-92ac-63f2bec91fc6.png?fit=768%2C510&ssl=1&resize=700%2C400 2x"},"classes":[]},{"id":2190,"url":"https:\/\/diariodegarca.com\/?p=2190","url_meta":{"origin":2974,"position":3},"title":"Oficina online ensina t\u00e9cnicas de roteiro desde a jornada do her\u00f3i at\u00e9 a inova\u00e7\u00e3o da &#034;fic\u00e7\u00e3o de bolsa&#034;","author":"Di\u00e1rio de Gar\u00e7a","date":"6 de maio de 2025","format":false,"excerpt":"De 12 a 23 de maio, aspirantes a roteiristas e entusiastas da escrita criativa ter\u00e3o a oportunidade de mergulhar no universo da constru\u00e7\u00e3o narrativa com a Oficina Online \"A Cria\u00e7\u00e3o do Roteiro \u2013 da Fic\u00e7\u00e3o Cl\u00e1ssica \u00e0 Fic\u00e7\u00e3o de Bolsa\". Ministrada pela experiente roteirista Natalia Piserni, a atividade ocorre \u00e0s\u2026","rel":"","context":"Em &quot;Brasil&quot;","block_context":{"text":"Brasil","link":"https:\/\/diariodegarca.com\/?cat=38185"},"img":{"alt_text":"","src":"","width":0,"height":0},"classes":[]},{"id":2541,"url":"https:\/\/diariodegarca.com\/?p=2541","url_meta":{"origin":2974,"position":4},"title":"Cinco plataformas de streaming brasileiras gratuitas para explorar a cultura nacional","author":"Di\u00e1rio de Gar\u00e7a","date":"26 de mar\u00e7o de 2025","format":false,"excerpt":"\u00a0\u00a0Em um cen\u00e1rio dominado por servi\u00e7os de streaming internacionais, o Brasil oferece alternativas gratuitas e de qualidade para quem busca produ\u00e7\u00f5es nacionais e diversidade cultural. Conhe\u00e7a cinco op\u00e7\u00f5es que valorizam o cinema brasileiro sem custo para o usu\u00e1rio:\u00a0\u00a01. Ita\u00fa Cultural Play\u00a0\u2013 Desenvolvida pelo Ita\u00fa, a plataforma re\u00fane um acervo variado\u2026","rel":"","context":"Em &quot;Brasil&quot;","block_context":{"text":"Brasil","link":"https:\/\/diariodegarca.com\/?cat=38185"},"img":{"alt_text":"","src":"","width":0,"height":0},"classes":[]},{"id":2130,"url":"https:\/\/diariodegarca.com\/?p=2130","url_meta":{"origin":2974,"position":5},"title":"Seis plataformas gratuitas para mergulhar no cinema brasileiro e ampliar o olhar cultural","author":"Di\u00e1rio de Gar\u00e7a","date":"12 de maio de 2025","format":false,"excerpt":"Em um cen\u00e1rio cada vez mais dominado por grandes plataformas de streaming internacionais, o Brasil mostra que tamb\u00e9m tem alternativas acess\u00edveis e de qualidade para quem busca produ\u00e7\u00f5es nacionais com olhar cr\u00edtico, sens\u00edvel e plural.\u00a0Confira seis plataformas digitais se destacam por reunir obras audiovisuais brasileiras que fogem do circuito comercial,\u2026","rel":"","context":"Em &quot;Brasil&quot;","block_context":{"text":"Brasil","link":"https:\/\/diariodegarca.com\/?cat=38185"},"img":{"alt_text":"","src":"","width":0,"height":0},"classes":[]}],"_links":{"self":[{"href":"https:\/\/diariodegarca.com\/index.php?rest_route=\/wp\/v2\/posts\/2974","targetHints":{"allow":["GET"]}}],"collection":[{"href":"https:\/\/diariodegarca.com\/index.php?rest_route=\/wp\/v2\/posts"}],"about":[{"href":"https:\/\/diariodegarca.com\/index.php?rest_route=\/wp\/v2\/types\/post"}],"author":[{"embeddable":true,"href":"https:\/\/diariodegarca.com\/index.php?rest_route=\/wp\/v2\/users\/260896546"}],"replies":[{"embeddable":true,"href":"https:\/\/diariodegarca.com\/index.php?rest_route=%2Fwp%2Fv2%2Fcomments&post=2974"}],"version-history":[{"count":0,"href":"https:\/\/diariodegarca.com\/index.php?rest_route=\/wp\/v2\/posts\/2974\/revisions"}],"wp:attachment":[{"href":"https:\/\/diariodegarca.com\/index.php?rest_route=%2Fwp%2Fv2%2Fmedia&parent=2974"}],"wp:term":[{"taxonomy":"category","embeddable":true,"href":"https:\/\/diariodegarca.com\/index.php?rest_route=%2Fwp%2Fv2%2Fcategories&post=2974"},{"taxonomy":"post_tag","embeddable":true,"href":"https:\/\/diariodegarca.com\/index.php?rest_route=%2Fwp%2Fv2%2Ftags&post=2974"}],"curies":[{"name":"wp","href":"https:\/\/api.w.org\/{rel}","templated":true}]}}