{"id":2980,"date":"2025-01-21T20:58:00","date_gmt":"2025-01-21T20:58:00","guid":{"rendered":"https:\/\/diariodegarca.com\/2025\/01\/21\/bagunca-bem-feita-atividades-de-ferias-na-biblioteca-prometem-diversao-para-todos\/"},"modified":"2025-01-21T20:58:00","modified_gmt":"2025-01-21T20:58:00","slug":"bagunca-bem-feita-atividades-de-ferias-na-biblioteca-prometem-diversao-para-todos","status":"publish","type":"post","link":"https:\/\/diariodegarca.com\/?p=2980","title":{"rendered":"Bagun\u00e7a Bem-Feita: atividades de f\u00e9rias na Biblioteca prometem divers\u00e3o para todos"},"content":{"rendered":"<div>\n<div>\n  <a href=\"https:\/\/blogger.googleusercontent.com\/img\/a\/AVvXsEhCOk6k-JInCO2gnknwYMBxFGmdr4-Mml8ThQkY9YjdhhjLG_i9Sz7fCk79I3qfiZnNhIde6Dwa9yvLxAPzYrgyTYyUhrk9k65jiY7mnz5ZzhCm3T8DIyuhVGBiTFlxKG3_NW4swvUNCvXt6t5U3TN3l8_WsdBEB7iu09tAP0GPDD89sI9NXvmhMS1AnlM\"><br \/>\n    <img decoding=\"async\" border=\"0\" src=\"https:\/\/blogger.googleusercontent.com\/img\/a\/AVvXsEhCOk6k-JInCO2gnknwYMBxFGmdr4-Mml8ThQkY9YjdhhjLG_i9Sz7fCk79I3qfiZnNhIde6Dwa9yvLxAPzYrgyTYyUhrk9k65jiY7mnz5ZzhCm3T8DIyuhVGBiTFlxKG3_NW4swvUNCvXt6t5U3TN3l8_WsdBEB7iu09tAP0GPDD89sI9NXvmhMS1AnlM\" width=\"400\"><br \/>\n  <\/a>\n<\/div>\n<p><\/div>\n<div><\/div>\n<div>Bagun\u00e7a Bem-Feita: atividades de f\u00e9rias na Biblioteca prometem divers\u00e3o para todos<\/div>\n<div><\/div>\n<div>A Biblioteca P\u00fablica Municipal Dr. Rafael Paes de Barros, em Gar\u00e7a, segue animando o p\u00fablico com sua programa\u00e7\u00e3o especial de f\u00e9rias. Na quarta-feira, 22 de janeiro, o &#8220;Bagun\u00e7a Bem-Feita&#8221; oferece atividades gratuitas para todas as idades, garantindo cultura e divers\u00e3o no mesmo espa\u00e7o. Confira os destaques:<\/div>\n<div><\/div>\n<div><b>Karaok\u00ea na Audiovideoteca<\/b><\/div>\n<div>Hor\u00e1rio: das 14h \u00e0s 16h<\/div>\n<div>Vagas: Ilimitadas<\/div>\n<div>Faixa et\u00e1ria: Livre<\/div>\n<div><\/div>\n<div><b>Desenhos para colorir na Biblioteca Infantil<\/b> \u201cMundo Encantado\u201d<\/div>\n<div>Hor\u00e1rio: das 8h \u00e0s 11h e das 13h \u00e0s 17h<\/div>\n<div>Vagas: Ilimitadas<\/div>\n<div>Faixa et\u00e1ria: Livre<\/div>\n<div><\/div>\n<div><b>Jogos de tabuleiro no sal\u00e3o da Biblioteca<\/b><\/div>\n<div>Hor\u00e1rio: das 8h \u00e0s 11h e das 13h \u00e0s 17h<\/div>\n<div>Vagas: Ilimitadas<\/div>\n<div>Faixa et\u00e1ria: Livre<\/div>\n<div><\/div>\n<div><b>Brinquedoteca com hor\u00e1rio estendido<\/b><\/div>\n<div>Hor\u00e1rio: das 8h \u00e0s 10h30 e das 13h30 \u00e0s 16h30<\/div>\n<div>Vagas: 15 (perman\u00eancia m\u00e1xima de 30 minutos)<\/div>\n<div>Faixa et\u00e1ria: 0 a 10 anos<\/div>\n<div><\/div>\n<div>A programa\u00e7\u00e3o de f\u00e9rias da Biblioteca acontece entre os dias 13 e 24 de janeiro, com hor\u00e1rio de atendimento das 8h \u00e0s 11h e das 13h \u00e0s 17h. J\u00e1 a brinquedoteca segue aberta at\u00e9 31 de janeiro, de ter\u00e7a a sexta-feira, no mesmo hor\u00e1rio.<\/div>\n<div><\/div>\n<div><b>Importante! <\/b>Para todas as atividades, \u00e9 obrigat\u00f3ria a presen\u00e7a de um respons\u00e1vel maior de idade para acompanhar as crian\u00e7as. N\u00e3o \u00e9 necess\u00e1rio realizar inscri\u00e7\u00e3o pr\u00e9via, mas algumas atividades distribuem senhas no momento, conforme a disponibilidade de vagas.<\/div>\n<div><\/div>\n<div>Quer saber mais? Entre em contato pelo telefone (14) 3471-1616, pelo Facebook (<a href=\"http:\/\/www.facebook.com\/bibliotecamunicipalgarca\">www.facebook.com\/bibliotecamunicipalgarca<\/a>) ou pelo Instagram <a href=\"https:\/\/www.instagram.com\/bibliotecamunicipalgarca?igsh=YTJ5bW9iYmV2MGYz\">@bibliotecamunicipalgarca<\/a>.<\/div>\n<div><\/div>\n<div><\/div>\n","protected":false},"excerpt":{"rendered":"<p>Bagun\u00e7a Bem-Feita: atividades de f\u00e9rias na Biblioteca prometem divers\u00e3o para todos A Biblioteca P\u00fablica Municipal Dr. Rafael Paes de Barros, em Gar\u00e7a, segue animando o p\u00fablico com sua programa\u00e7\u00e3o especial de f\u00e9rias. Na quarta-feira, 22 de janeiro, o &#8220;Bagun\u00e7a Bem-Feita&#8221; oferece atividades gratuitas para todas as idades, garantindo cultura e divers\u00e3o no mesmo espa\u00e7o. Confira [&hellip;]<\/p>\n","protected":false},"author":260896546,"featured_media":0,"comment_status":"open","ping_status":"open","sticky":false,"template":"","format":"standard","meta":{"_crdt_document":"","_monsterinsights_skip_tracking":false,"_monsterinsights_sitenote_active":false,"_monsterinsights_sitenote_note":"","_monsterinsights_sitenote_category":0,"advanced_seo_description":"","jetpack_seo_html_title":"","jetpack_seo_noindex":false,"jetpack_post_was_ever_published":false,"_jetpack_newsletter_access":"","_jetpack_dont_email_post_to_subs":false,"_jetpack_newsletter_tier_id":0,"_jetpack_memberships_contains_paywalled_content":false,"_jetpack_memberships_contains_paid_content":false,"footnotes":"","jetpack_publicize_message":"","jetpack_publicize_feature_enabled":true,"jetpack_social_post_already_shared":false,"jetpack_social_options":{"image_generator_settings":{"template":"fullscreen","default_image_id":0,"font":"","enabled":false},"version":2},"_wpas_customize_per_network":false},"categories":[38185],"tags":[781171801,781171790],"class_list":["post-2980","post","type-post","status-publish","format-standard","hentry","category-brasil","tag-brasil","tag-cultura"],"jetpack_publicize_connections":[],"jetpack_featured_media_url":"","jetpack_likes_enabled":true,"jetpack_sharing_enabled":true,"jetpack_shortlink":"https:\/\/wp.me\/pgitne-M4","jetpack-related-posts":[{"id":9903,"url":"https:\/\/diariodegarca.com\/?p=9903","url_meta":{"origin":2980,"position":0},"title":"Biblioteca de Gar\u00e7a e Centro Cultural de Jafa divulgam programa\u00e7\u00e3o especial de f\u00e9rias","author":"Di\u00e1rio de Gar\u00e7a","date":"8 de janeiro de 2026","format":false,"excerpt":"Atividades gratuitas acontecem ao longo de janeiro, com oficinas, brincadeiras, media\u00e7\u00e3o de leitura e karaok\u00ea, tanto na sede da biblioteca quanto no distrito de Jafa A Biblioteca P\u00fablica Municipal de Gar\u00e7a Dr. Rafael Paes de Barros divulgou a programa\u00e7\u00e3o especial de f\u00e9rias de janeiro, com uma s\u00e9rie de atividades voltadas\u2026","rel":"","context":"Em &quot;Cultura&quot;","block_context":{"text":"Cultura","link":"https:\/\/diariodegarca.com\/?cat=2367"},"img":{"alt_text":"","src":"https:\/\/i0.wp.com\/diariodegarca.com\/wp-content\/uploads\/2025\/07\/bons-momentos-vista-superior-menino-sorridente-e-duas-meninas-em-idade-escolar-sentadas-no-chao-da-biblioteca-segurando-rostos-e-olhando-para-camera.jpg?fit=1200%2C798&ssl=1&resize=350%2C200","width":350,"height":200,"srcset":"https:\/\/i0.wp.com\/diariodegarca.com\/wp-content\/uploads\/2025\/07\/bons-momentos-vista-superior-menino-sorridente-e-duas-meninas-em-idade-escolar-sentadas-no-chao-da-biblioteca-segurando-rostos-e-olhando-para-camera.jpg?fit=1200%2C798&ssl=1&resize=350%2C200 1x, https:\/\/i0.wp.com\/diariodegarca.com\/wp-content\/uploads\/2025\/07\/bons-momentos-vista-superior-menino-sorridente-e-duas-meninas-em-idade-escolar-sentadas-no-chao-da-biblioteca-segurando-rostos-e-olhando-para-camera.jpg?fit=1200%2C798&ssl=1&resize=525%2C300 1.5x, https:\/\/i0.wp.com\/diariodegarca.com\/wp-content\/uploads\/2025\/07\/bons-momentos-vista-superior-menino-sorridente-e-duas-meninas-em-idade-escolar-sentadas-no-chao-da-biblioteca-segurando-rostos-e-olhando-para-camera.jpg?fit=1200%2C798&ssl=1&resize=700%2C400 2x, https:\/\/i0.wp.com\/diariodegarca.com\/wp-content\/uploads\/2025\/07\/bons-momentos-vista-superior-menino-sorridente-e-duas-meninas-em-idade-escolar-sentadas-no-chao-da-biblioteca-segurando-rostos-e-olhando-para-camera.jpg?fit=1200%2C798&ssl=1&resize=1050%2C600 3x"},"classes":[]},{"id":4875,"url":"https:\/\/diariodegarca.com\/?p=4875","url_meta":{"origin":2980,"position":1},"title":"Gar\u00e7a continua com programa\u00e7\u00e3o gratuita de f\u00e9rias na Biblioteca","author":"Di\u00e1rio de Gar\u00e7a","date":"21 de julho de 2025","format":false,"excerpt":"Atividades incluem desenhos para colorir, jogos de tabuleiro e brinquedoteca, com hor\u00e1rios especiais e participa\u00e7\u00e3o livre para todas as idades. A Biblioteca P\u00fablica Municipal de Gar\u00e7a \"Dr. Rafael Paes de Barros\" continua promovendo sua programa\u00e7\u00e3o especial de f\u00e9rias para entreter crian\u00e7as e fam\u00edlias durante o m\u00eas de julho. As atividades,\u2026","rel":"","context":"Em &quot;Cultura&quot;","block_context":{"text":"Cultura","link":"https:\/\/diariodegarca.com\/?cat=2367"},"img":{"alt_text":"","src":"https:\/\/i0.wp.com\/diariodegarca.com\/wp-content\/uploads\/2025\/07\/menino-e-duas-meninas-sentadas-no-chao-lendo-livros.jpg?fit=1200%2C798&ssl=1&resize=350%2C200","width":350,"height":200,"srcset":"https:\/\/i0.wp.com\/diariodegarca.com\/wp-content\/uploads\/2025\/07\/menino-e-duas-meninas-sentadas-no-chao-lendo-livros.jpg?fit=1200%2C798&ssl=1&resize=350%2C200 1x, https:\/\/i0.wp.com\/diariodegarca.com\/wp-content\/uploads\/2025\/07\/menino-e-duas-meninas-sentadas-no-chao-lendo-livros.jpg?fit=1200%2C798&ssl=1&resize=525%2C300 1.5x, https:\/\/i0.wp.com\/diariodegarca.com\/wp-content\/uploads\/2025\/07\/menino-e-duas-meninas-sentadas-no-chao-lendo-livros.jpg?fit=1200%2C798&ssl=1&resize=700%2C400 2x, https:\/\/i0.wp.com\/diariodegarca.com\/wp-content\/uploads\/2025\/07\/menino-e-duas-meninas-sentadas-no-chao-lendo-livros.jpg?fit=1200%2C798&ssl=1&resize=1050%2C600 3x"},"classes":[]},{"id":9826,"url":"https:\/\/diariodegarca.com\/?p=9826","url_meta":{"origin":2980,"position":2},"title":"F\u00e9rias no Cinema: Pontos MIS leva sess\u00f5es gratuitas a Gar\u00e7a e Jafa em Janeiro","author":"Di\u00e1rio de Gar\u00e7a","date":"6 de janeiro de 2026","format":false,"excerpt":"Programa\u00e7\u00e3o especial exibe anima\u00e7\u00f5es nacionais e filmes sens\u00edveis para todas as idades, com sess\u00f5es na Biblioteca P\u00fablica Municipal de Gar\u00e7a e no Centro Cultural de Jafa. As f\u00e9rias de janeiro est\u00e3o mais culturais e cinematogr\u00e1ficas em Gar\u00e7a! Em parceria com o Pontos MIS (Museu da Imagem e do Som), a\u2026","rel":"","context":"Em &quot;Cinema&quot;","block_context":{"text":"Cinema","link":"https:\/\/diariodegarca.com\/?cat=597"},"img":{"alt_text":"","src":"https:\/\/i0.wp.com\/diariodegarca.com\/wp-content\/uploads\/2025\/08\/main_turma_folclore_desenho_animado_cinema_bh-e1767735844103.jpg?fit=742%2C448&ssl=1&resize=350%2C200","width":350,"height":200,"srcset":"https:\/\/i0.wp.com\/diariodegarca.com\/wp-content\/uploads\/2025\/08\/main_turma_folclore_desenho_animado_cinema_bh-e1767735844103.jpg?fit=742%2C448&ssl=1&resize=350%2C200 1x, https:\/\/i0.wp.com\/diariodegarca.com\/wp-content\/uploads\/2025\/08\/main_turma_folclore_desenho_animado_cinema_bh-e1767735844103.jpg?fit=742%2C448&ssl=1&resize=525%2C300 1.5x, https:\/\/i0.wp.com\/diariodegarca.com\/wp-content\/uploads\/2025\/08\/main_turma_folclore_desenho_animado_cinema_bh-e1767735844103.jpg?fit=742%2C448&ssl=1&resize=700%2C400 2x"},"classes":[]},{"id":4548,"url":"https:\/\/diariodegarca.com\/?p=4548","url_meta":{"origin":2980,"position":3},"title":"Biblioteca de Gar\u00e7a promove programa\u00e7\u00e3o especial de f\u00e9rias","author":"Di\u00e1rio de Gar\u00e7a","date":"8 de julho de 2025","format":false,"excerpt":"Atividades gratuitas para crian\u00e7as de todas as idades acontecem entre 8 e 31 de julho, com op\u00e7\u00f5es no Centro Cultural de Jafa e na Biblioteca Dr. Rafael Paes de Barros. A\u00a0Biblioteca P\u00fablica Municipal de Gar\u00e7a\u00a0preparou uma programa\u00e7\u00e3o especial para as f\u00e9rias escolares, com atividades l\u00fadicas, oficinas criativas e sess\u00f5es de\u2026","rel":"","context":"Em &quot;Cultura&quot;","block_context":{"text":"Cultura","link":"https:\/\/diariodegarca.com\/?cat=2367"},"img":{"alt_text":"","src":"https:\/\/i0.wp.com\/diariodegarca.com\/wp-content\/uploads\/2025\/07\/bons-momentos-vista-superior-menino-sorridente-e-duas-meninas-em-idade-escolar-sentadas-no-chao-da-biblioteca-segurando-rostos-e-olhando-para-camera.jpg?fit=1200%2C798&ssl=1&resize=350%2C200","width":350,"height":200,"srcset":"https:\/\/i0.wp.com\/diariodegarca.com\/wp-content\/uploads\/2025\/07\/bons-momentos-vista-superior-menino-sorridente-e-duas-meninas-em-idade-escolar-sentadas-no-chao-da-biblioteca-segurando-rostos-e-olhando-para-camera.jpg?fit=1200%2C798&ssl=1&resize=350%2C200 1x, https:\/\/i0.wp.com\/diariodegarca.com\/wp-content\/uploads\/2025\/07\/bons-momentos-vista-superior-menino-sorridente-e-duas-meninas-em-idade-escolar-sentadas-no-chao-da-biblioteca-segurando-rostos-e-olhando-para-camera.jpg?fit=1200%2C798&ssl=1&resize=525%2C300 1.5x, https:\/\/i0.wp.com\/diariodegarca.com\/wp-content\/uploads\/2025\/07\/bons-momentos-vista-superior-menino-sorridente-e-duas-meninas-em-idade-escolar-sentadas-no-chao-da-biblioteca-segurando-rostos-e-olhando-para-camera.jpg?fit=1200%2C798&ssl=1&resize=700%2C400 2x, https:\/\/i0.wp.com\/diariodegarca.com\/wp-content\/uploads\/2025\/07\/bons-momentos-vista-superior-menino-sorridente-e-duas-meninas-em-idade-escolar-sentadas-no-chao-da-biblioteca-segurando-rostos-e-olhando-para-camera.jpg?fit=1200%2C798&ssl=1&resize=1050%2C600 3x"},"classes":[]},{"id":6626,"url":"https:\/\/diariodegarca.com\/?p=6626","url_meta":{"origin":2980,"position":4},"title":"Teatro ter\u00e1 espet\u00e1culo &#8220;Por Todos os Cantos e Contos&#8221; em Gar\u00e7a","author":"Di\u00e1rio de Gar\u00e7a","date":"11 de setembro de 2025","format":false,"excerpt":"Pe\u00e7a infanto-juvenil gratuita, com dire\u00e7\u00e3o de Bruno Ferian, convida o p\u00fablico a uma viagem l\u00fadica pelas lendas, cantigas e dan\u00e7as do Brasil. O Teatro Municipal de Gar\u00e7a Miguel M\u00f4nico recebe no pr\u00f3ximo s\u00e1bado, 13 de setembro, \u00e0s 16h, o espet\u00e1culo teatral \u201cPor Todos os Cantos e Contos\u201d. A apresenta\u00e7\u00e3o, com\u2026","rel":"","context":"Em &quot;Cultura&quot;","block_context":{"text":"Cultura","link":"https:\/\/diariodegarca.com\/?cat=2367"},"img":{"alt_text":"","src":"https:\/\/i0.wp.com\/diariodegarca.com\/wp-content\/uploads\/2025\/09\/festival-de-inverno-traz-teatro-infantojuvenil-por-todos-os-cantos-e-contos-neste-sabado-em-braganca-paulista.webp?fit=1200%2C750&ssl=1&resize=350%2C200","width":350,"height":200,"srcset":"https:\/\/i0.wp.com\/diariodegarca.com\/wp-content\/uploads\/2025\/09\/festival-de-inverno-traz-teatro-infantojuvenil-por-todos-os-cantos-e-contos-neste-sabado-em-braganca-paulista.webp?fit=1200%2C750&ssl=1&resize=350%2C200 1x, https:\/\/i0.wp.com\/diariodegarca.com\/wp-content\/uploads\/2025\/09\/festival-de-inverno-traz-teatro-infantojuvenil-por-todos-os-cantos-e-contos-neste-sabado-em-braganca-paulista.webp?fit=1200%2C750&ssl=1&resize=525%2C300 1.5x, https:\/\/i0.wp.com\/diariodegarca.com\/wp-content\/uploads\/2025\/09\/festival-de-inverno-traz-teatro-infantojuvenil-por-todos-os-cantos-e-contos-neste-sabado-em-braganca-paulista.webp?fit=1200%2C750&ssl=1&resize=700%2C400 2x, https:\/\/i0.wp.com\/diariodegarca.com\/wp-content\/uploads\/2025\/09\/festival-de-inverno-traz-teatro-infantojuvenil-por-todos-os-cantos-e-contos-neste-sabado-em-braganca-paulista.webp?fit=1200%2C750&ssl=1&resize=1050%2C600 3x"},"classes":[]},{"id":5266,"url":"https:\/\/diariodegarca.com\/?p=5266","url_meta":{"origin":2980,"position":5},"title":"Mar\u00edlia celebra cultura em agosto com programa\u00e7\u00e3o diversa na Biblioteca","author":"Di\u00e1rio de Gar\u00e7a","date":"4 de agosto de 2025","format":false,"excerpt":"Exposi\u00e7\u00f5es, clubes de leitura, oficinas e conta\u00e7\u00f5es de hist\u00f3ria comp\u00f5em o calend\u00e1rio gratuito do m\u00eas. A Biblioteca Municipal de Mar\u00edlia preparou uma agenda cultural repleta de atividades para agosto, contemplando p\u00fablicos de todas as idades. Desde exposi\u00e7\u00f5es hist\u00f3ricas at\u00e9 oficinas criativas, a programa\u00e7\u00e3o destaca a literatura, a arte e a\u2026","rel":"","context":"Em &quot;Cultura&quot;","block_context":{"text":"Cultura","link":"https:\/\/diariodegarca.com\/?cat=2367"},"img":{"alt_text":"","src":"https:\/\/i0.wp.com\/diariodegarca.com\/wp-content\/uploads\/2025\/08\/oip.webp?fit=474%2C314&ssl=1&resize=350%2C200","width":350,"height":200},"classes":[]}],"_links":{"self":[{"href":"https:\/\/diariodegarca.com\/index.php?rest_route=\/wp\/v2\/posts\/2980","targetHints":{"allow":["GET"]}}],"collection":[{"href":"https:\/\/diariodegarca.com\/index.php?rest_route=\/wp\/v2\/posts"}],"about":[{"href":"https:\/\/diariodegarca.com\/index.php?rest_route=\/wp\/v2\/types\/post"}],"author":[{"embeddable":true,"href":"https:\/\/diariodegarca.com\/index.php?rest_route=\/wp\/v2\/users\/260896546"}],"replies":[{"embeddable":true,"href":"https:\/\/diariodegarca.com\/index.php?rest_route=%2Fwp%2Fv2%2Fcomments&post=2980"}],"version-history":[{"count":0,"href":"https:\/\/diariodegarca.com\/index.php?rest_route=\/wp\/v2\/posts\/2980\/revisions"}],"wp:attachment":[{"href":"https:\/\/diariodegarca.com\/index.php?rest_route=%2Fwp%2Fv2%2Fmedia&parent=2980"}],"wp:term":[{"taxonomy":"category","embeddable":true,"href":"https:\/\/diariodegarca.com\/index.php?rest_route=%2Fwp%2Fv2%2Fcategories&post=2980"},{"taxonomy":"post_tag","embeddable":true,"href":"https:\/\/diariodegarca.com\/index.php?rest_route=%2Fwp%2Fv2%2Ftags&post=2980"}],"curies":[{"name":"wp","href":"https:\/\/api.w.org\/{rel}","templated":true}]}}