{"id":2981,"date":"2025-01-21T20:10:00","date_gmt":"2025-01-21T20:10:00","guid":{"rendered":"https:\/\/diariodegarca.com\/2025\/01\/21\/d-e-r-interdita-via-de-acesso-a-bauru-por-tempo-indeterminado-devido-a-risco-de-desabamento\/"},"modified":"2025-01-21T20:10:00","modified_gmt":"2025-01-21T20:10:00","slug":"d-e-r-interdita-via-de-acesso-a-bauru-por-tempo-indeterminado-devido-a-risco-de-desabamento","status":"publish","type":"post","link":"https:\/\/diariodegarca.com\/?p=2981","title":{"rendered":"D.E.R interdita via de acesso a Bauru por tempo indeterminado devido a risco de desabamento"},"content":{"rendered":"<div>\n<div class=\"separator\" style=\"clear: both;text-align: center\">\n  <a href=\"https:\/\/blogger.googleusercontent.com\/img\/a\/AVvXsEh8undD0DtQ_yj0T_CNO_y7CX5zuKcNPo10Ue3eTjIgGsfLp_apb2hdT_-VNEIBjqYQkU-zrNzeRgpxQU0SLMb9EWEGdkha3JHcH-rs2-rcgCn0gote42uq4dqYfDFtSEQb8gJUGIX91F5iMZ6zzYlsbZghu_tPhrCwIuWZeTHJmX7dvHoM8Ul1kvfKANo\" style=\"margin-left: 1em;margin-right: 1em\"><br \/>\n    <img decoding=\"async\" border=\"0\" src=\"https:\/\/blogger.googleusercontent.com\/img\/a\/AVvXsEh8undD0DtQ_yj0T_CNO_y7CX5zuKcNPo10Ue3eTjIgGsfLp_apb2hdT_-VNEIBjqYQkU-zrNzeRgpxQU0SLMb9EWEGdkha3JHcH-rs2-rcgCn0gote42uq4dqYfDFtSEQb8gJUGIX91F5iMZ6zzYlsbZghu_tPhrCwIuWZeTHJmX7dvHoM8Ul1kvfKANo\" width=\"400\"><br \/>\n  <\/a>\n<\/div>\n<p><\/div>\n<div>A Prefeitura de Gar\u00e7a informou que o Departamento de Estradas de Rodagem (D.E.R) interditou, por tempo indeterminado, o trecho da via que d\u00e1 acesso \u00e0 sa\u00edda para Bauru. A interdi\u00e7\u00e3o ocorre entre a rotat\u00f3ria de Gar\u00e7a e o retorno da Escola Agr\u00edcola, pr\u00f3ximo ao Posto Ang\u00e9lica.<\/div>\n<div><\/div>\n<div>A medida foi adotada ap\u00f3s uma vistoria t\u00e9cnica identificar o risco de desabamento de uma galeria de \u00e1guas pluviais que recebe o fluxo do bairro Jos\u00e9 Ribeiro e da Rodovia Ant\u00f4nio Marang\u00e3o. De acordo com as autoridades, a estrutura apresenta fragilidades agravadas pela intensidade das chuvas, colocando em risco motoristas e pedestres.<\/div>\n<div><\/div>\n<div>Enquanto as obras de reparo s\u00e3o realizadas, motoristas devem atentar-se \u00e0s sinaliza\u00e7\u00f5es no local e utilizar rotas alternativas para acessar Bauru. O prazo para a libera\u00e7\u00e3o da via ser\u00e1 definido conforme o progresso dos trabalhos.<\/div>\n<div><\/div>\n<div>O D.E.R refor\u00e7a a import\u00e2ncia da colabora\u00e7\u00e3o dos condutores em respeitar as orienta\u00e7\u00f5es, garantindo a seguran\u00e7a e minimizando os transtornos na regi\u00e3o.<\/div>\n<div><\/div>\n","protected":false},"excerpt":{"rendered":"<p>A Prefeitura de Gar\u00e7a informou que o Departamento de Estradas de Rodagem (D.E.R) interditou, por tempo indeterminado, o trecho da via que d\u00e1 acesso \u00e0 sa\u00edda para Bauru. A interdi\u00e7\u00e3o ocorre entre a rotat\u00f3ria de Gar\u00e7a e o retorno da Escola Agr\u00edcola, pr\u00f3ximo ao Posto Ang\u00e9lica. A medida foi adotada ap\u00f3s uma vistoria t\u00e9cnica identificar [&hellip;]<\/p>\n","protected":false},"author":260896546,"featured_media":0,"comment_status":"open","ping_status":"open","sticky":false,"template":"","format":"standard","meta":{"_crdt_document":"","_monsterinsights_skip_tracking":false,"_monsterinsights_sitenote_active":false,"_monsterinsights_sitenote_note":"","_monsterinsights_sitenote_category":0,"advanced_seo_description":"","jetpack_seo_html_title":"","jetpack_seo_noindex":false,"_jetpack_newsletter_access":"","_jetpack_dont_email_post_to_subs":false,"_jetpack_newsletter_tier_id":0,"_jetpack_memberships_contains_paywalled_content":false,"_jetpack_memberships_contains_paid_content":false,"footnotes":"","jetpack_publicize_message":"","jetpack_publicize_feature_enabled":true,"jetpack_social_post_already_shared":false,"jetpack_social_options":{"image_generator_settings":{"template":"fullscreen","default_image_id":0,"font":"","enabled":false},"version":2},"_wpas_customize_per_network":false,"jetpack_post_was_ever_published":false},"categories":[38185],"tags":[1054543,781171814,781171801,2588551],"class_list":["post-2981","post","type-post","status-publish","format-standard","hentry","category-brasil","tag-atencao","tag-bauru","tag-brasil","tag-interdicao"],"jetpack_publicize_connections":[],"jetpack_featured_media_url":"","jetpack_likes_enabled":true,"jetpack_sharing_enabled":true,"jetpack_shortlink":"https:\/\/wp.me\/pgitne-M5","jetpack-related-posts":[{"id":2872,"url":"https:\/\/diariodegarca.com\/?p=2872","url_meta":{"origin":2981,"position":0},"title":"Colapso de galeria provoca eros\u00e3o e interdita acesso a Gar\u00e7a","author":"Di\u00e1rio de Gar\u00e7a","date":"8 de fevereiro de 2025","format":false,"excerpt":"Um trecho da rodovia Ant\u00f4nio Marang\u00e3o (SP-349), principal via de acesso a Gar\u00e7a, foi parcialmente interditado pelo Departamento de Estradas de Rodagem (DER) ap\u00f3s o colapso de uma galeria de \u00e1guas pluviais. O problema, identificado h\u00e1 mais de um m\u00eas, se agravou com as chuvas da \u00faltima semana, causando uma\u2026","rel":"","context":"Em &quot;Brasil&quot;","block_context":{"text":"Brasil","link":"https:\/\/diariodegarca.com\/?cat=38185"},"img":{"alt_text":"","src":"","width":0,"height":0},"classes":[]},{"id":9672,"url":"https:\/\/diariodegarca.com\/?p=9672","url_meta":{"origin":2981,"position":1},"title":"ANP flagra irregularidades em postos de SP e apreende combust\u00edveis fora do padr\u00e3o","author":"Di\u00e1rio de Gar\u00e7a","date":"23 de dezembro de 2025","format":false,"excerpt":"Opera\u00e7\u00f5es de fiscaliza\u00e7\u00e3o em 15 estados entre 8 e 19 de dezembro resultaram em autua\u00e7\u00f5es, interdi\u00e7\u00f5es e apreens\u00f5es, com destaque para um mega caso em Goi\u00e1s e falhas recorrentes na qualidade dos combust\u00edveis e na seguran\u00e7a das instala\u00e7\u00f5es. A Ag\u00eancia Nacional do Petr\u00f3leo, G\u00e1s Natural e Biocombust\u00edveis (ANP) divulgou nesta\u2026","rel":"","context":"Em &quot;Bauru&quot;","block_context":{"text":"Bauru","link":"https:\/\/diariodegarca.com\/?cat=1357691"},"img":{"alt_text":"","src":"https:\/\/i0.wp.com\/diariodegarca.com\/wp-content\/uploads\/2025\/12\/anp.png?fit=768%2C395&ssl=1&resize=350%2C200","width":350,"height":200,"srcset":"https:\/\/i0.wp.com\/diariodegarca.com\/wp-content\/uploads\/2025\/12\/anp.png?fit=768%2C395&ssl=1&resize=350%2C200 1x, https:\/\/i0.wp.com\/diariodegarca.com\/wp-content\/uploads\/2025\/12\/anp.png?fit=768%2C395&ssl=1&resize=525%2C300 1.5x, https:\/\/i0.wp.com\/diariodegarca.com\/wp-content\/uploads\/2025\/12\/anp.png?fit=768%2C395&ssl=1&resize=700%2C400 2x"},"classes":[]},{"id":4343,"url":"https:\/\/diariodegarca.com\/?p=4343","url_meta":{"origin":2981,"position":2},"title":"Fiscaliza\u00e7\u00e3o da ANP autua e interdita postos em 11 cidades de SP por irregularidades","author":"Di\u00e1rio de Gar\u00e7a","date":"1 de julho de 2025","format":false,"excerpt":"Ag\u00eancia verificou bombas, tanques e documenta\u00e7\u00e3o entre os dias 16 e 26 de junho; um posto foi interditado totalmente em Santo Andr\u00e9 A Ag\u00eancia Nacional do Petr\u00f3leo, G\u00e1s Natural e Biocombust\u00edveis (ANP) realizou a\u00e7\u00f5es de fiscaliza\u00e7\u00e3o em 52 postos de combust\u00edveis no estado de S\u00e3o Paulo, entre os dias 16\u2026","rel":"","context":"Em &quot;Brasil&quot;","block_context":{"text":"Brasil","link":"https:\/\/diariodegarca.com\/?cat=38185"},"img":{"alt_text":"","src":"","width":0,"height":0},"classes":[]},{"id":3910,"url":"https:\/\/diariodegarca.com\/?p=3910","url_meta":{"origin":2981,"position":3},"title":"ANP fiscaliza e notifica postos de combust\u00edvel em v\u00e1rios estados","author":"Di\u00e1rio de Gar\u00e7a","date":"13 de junho de 2025","format":false,"excerpt":"Opera\u00e7\u00f5es verificaram qualidade, medi\u00e7\u00e3o e documenta\u00e7\u00e3o em postos e revendas de combust\u00edveis Entre os dias 2 e 5 de junho, a Ag\u00eancia Nacional do Petr\u00f3leo, G\u00e1s Natural e Biocombust\u00edveis (ANP) realizou a\u00e7\u00f5es de fiscaliza\u00e7\u00e3o em 12 unidades da Federa\u00e7\u00e3o, com foco na qualidade dos combust\u00edveis, medi\u00e7\u00e3o correta nas bombas, adequa\u00e7\u00e3o\u2026","rel":"","context":"Em &quot;Fiscaliza\u00e7\u00e3o&quot;","block_context":{"text":"Fiscaliza\u00e7\u00e3o","link":"https:\/\/diariodegarca.com\/?cat=1192752"},"img":{"alt_text":"","src":"https:\/\/i0.wp.com\/diariodegarca.com\/wp-content\/uploads\/2025\/06\/vista-da-mulher-com-carro-no-posto-de-gasolina.jpg?fit=1200%2C800&ssl=1&resize=350%2C200","width":350,"height":200,"srcset":"https:\/\/i0.wp.com\/diariodegarca.com\/wp-content\/uploads\/2025\/06\/vista-da-mulher-com-carro-no-posto-de-gasolina.jpg?fit=1200%2C800&ssl=1&resize=350%2C200 1x, https:\/\/i0.wp.com\/diariodegarca.com\/wp-content\/uploads\/2025\/06\/vista-da-mulher-com-carro-no-posto-de-gasolina.jpg?fit=1200%2C800&ssl=1&resize=525%2C300 1.5x, https:\/\/i0.wp.com\/diariodegarca.com\/wp-content\/uploads\/2025\/06\/vista-da-mulher-com-carro-no-posto-de-gasolina.jpg?fit=1200%2C800&ssl=1&resize=700%2C400 2x, https:\/\/i0.wp.com\/diariodegarca.com\/wp-content\/uploads\/2025\/06\/vista-da-mulher-com-carro-no-posto-de-gasolina.jpg?fit=1200%2C800&ssl=1&resize=1050%2C600 3x"},"classes":[]},{"id":8980,"url":"https:\/\/diariodegarca.com\/?p=8980","url_meta":{"origin":2981,"position":4},"title":"Obras na SP-425 interditam al\u00e7as de acesso a Osvaldo Cruz nesta ter\u00e7a e quarta-feira","author":"Andreza Sega","date":"24 de novembro de 2025","format":false,"excerpt":"Concession\u00e1ria Eixo SP inicia servi\u00e7os de revitaliza\u00e7\u00e3o do pavimento no km 382; tr\u00e1fego ser\u00e1 desviado para a SP-294 durante o per\u00edodo das interven\u00e7\u00f5es. A Concession\u00e1ria Eixo SP inicia, nesta ter\u00e7a-feira, 25 de novembro, e quarta-feira, 26, uma obra de revitaliza\u00e7\u00e3o do pavimento nas al\u00e7as de acesso e sa\u00edda da SP-425,\u2026","rel":"","context":"Em &quot;Osvaldo Cruz&quot;","block_context":{"text":"Osvaldo Cruz","link":"https:\/\/diariodegarca.com\/?cat=5433775"},"img":{"alt_text":"","src":"https:\/\/i0.wp.com\/diariodegarca.com\/wp-content\/uploads\/2025\/11\/SnapInsta.to_589598759_17952878655019793_6273386978094956293_n.jpg?fit=1080%2C605&ssl=1&resize=350%2C200","width":350,"height":200,"srcset":"https:\/\/i0.wp.com\/diariodegarca.com\/wp-content\/uploads\/2025\/11\/SnapInsta.to_589598759_17952878655019793_6273386978094956293_n.jpg?fit=1080%2C605&ssl=1&resize=350%2C200 1x, https:\/\/i0.wp.com\/diariodegarca.com\/wp-content\/uploads\/2025\/11\/SnapInsta.to_589598759_17952878655019793_6273386978094956293_n.jpg?fit=1080%2C605&ssl=1&resize=525%2C300 1.5x, https:\/\/i0.wp.com\/diariodegarca.com\/wp-content\/uploads\/2025\/11\/SnapInsta.to_589598759_17952878655019793_6273386978094956293_n.jpg?fit=1080%2C605&ssl=1&resize=700%2C400 2x, https:\/\/i0.wp.com\/diariodegarca.com\/wp-content\/uploads\/2025\/11\/SnapInsta.to_589598759_17952878655019793_6273386978094956293_n.jpg?fit=1080%2C605&ssl=1&resize=1050%2C600 3x"},"classes":[]},{"id":7532,"url":"https:\/\/diariodegarca.com\/?p=7532","url_meta":{"origin":2981,"position":5},"title":"Anvisa interdita lote de antibi\u00f3tico, anest\u00e9sico e recolhe 78 cosm\u00e9ticos irregulares","author":"Andreza Sega","date":"7 de outubro de 2025","format":false,"excerpt":"Medidas publicadas no Di\u00e1rio Oficial da Uni\u00e3o tamb\u00e9m incluem suspens\u00e3o de radiof\u00e1rmacos e de solu\u00e7\u00e3o de glicose com part\u00edculas escuras. Fiscaliza\u00e7\u00e3o visa proteger a sa\u00fade p\u00fablica contra produtos com desvios de qualidade ou registro inadequado. Em uma s\u00e9rie de a\u00e7\u00f5es de fiscaliza\u00e7\u00e3o publicadas no Di\u00e1rio Oficial da Uni\u00e3o (DOU) na\u2026","rel":"","context":"Em &quot;Fiscaliza\u00e7\u00e3o&quot;","block_context":{"text":"Fiscaliza\u00e7\u00e3o","link":"https:\/\/diariodegarca.com\/?cat=1192752"},"img":{"alt_text":"","src":"https:\/\/i0.wp.com\/diariodegarca.com\/wp-content\/uploads\/2025\/07\/aff69996-a268-4d49-8143-8acc7f8870fe.jpeg?fit=768%2C402&ssl=1&resize=350%2C200","width":350,"height":200,"srcset":"https:\/\/i0.wp.com\/diariodegarca.com\/wp-content\/uploads\/2025\/07\/aff69996-a268-4d49-8143-8acc7f8870fe.jpeg?fit=768%2C402&ssl=1&resize=350%2C200 1x, https:\/\/i0.wp.com\/diariodegarca.com\/wp-content\/uploads\/2025\/07\/aff69996-a268-4d49-8143-8acc7f8870fe.jpeg?fit=768%2C402&ssl=1&resize=525%2C300 1.5x, https:\/\/i0.wp.com\/diariodegarca.com\/wp-content\/uploads\/2025\/07\/aff69996-a268-4d49-8143-8acc7f8870fe.jpeg?fit=768%2C402&ssl=1&resize=700%2C400 2x"},"classes":[]}],"_links":{"self":[{"href":"https:\/\/diariodegarca.com\/index.php?rest_route=\/wp\/v2\/posts\/2981","targetHints":{"allow":["GET"]}}],"collection":[{"href":"https:\/\/diariodegarca.com\/index.php?rest_route=\/wp\/v2\/posts"}],"about":[{"href":"https:\/\/diariodegarca.com\/index.php?rest_route=\/wp\/v2\/types\/post"}],"author":[{"embeddable":true,"href":"https:\/\/diariodegarca.com\/index.php?rest_route=\/wp\/v2\/users\/260896546"}],"replies":[{"embeddable":true,"href":"https:\/\/diariodegarca.com\/index.php?rest_route=%2Fwp%2Fv2%2Fcomments&post=2981"}],"version-history":[{"count":0,"href":"https:\/\/diariodegarca.com\/index.php?rest_route=\/wp\/v2\/posts\/2981\/revisions"}],"wp:attachment":[{"href":"https:\/\/diariodegarca.com\/index.php?rest_route=%2Fwp%2Fv2%2Fmedia&parent=2981"}],"wp:term":[{"taxonomy":"category","embeddable":true,"href":"https:\/\/diariodegarca.com\/index.php?rest_route=%2Fwp%2Fv2%2Fcategories&post=2981"},{"taxonomy":"post_tag","embeddable":true,"href":"https:\/\/diariodegarca.com\/index.php?rest_route=%2Fwp%2Fv2%2Ftags&post=2981"}],"curies":[{"name":"wp","href":"https:\/\/api.w.org\/{rel}","templated":true}]}}