{"id":2987,"date":"2025-01-21T13:24:00","date_gmt":"2025-01-21T13:24:00","guid":{"rendered":"https:\/\/diariodegarca.com\/2025\/01\/21\/homem-e-preso-em-flagrante-por-trafico-de-drogas-em-marilia\/"},"modified":"2025-01-21T13:24:00","modified_gmt":"2025-01-21T13:24:00","slug":"homem-e-preso-em-flagrante-por-trafico-de-drogas-em-marilia","status":"publish","type":"post","link":"https:\/\/diariodegarca.com\/?p=2987","title":{"rendered":"Homem \u00e9 preso em flagrante por tr\u00e1fico de drogas em Mar\u00edlia"},"content":{"rendered":"<div>\n<div class=\"separator\" style=\"clear: both;text-align: center\">\n  <a href=\"https:\/\/blogger.googleusercontent.com\/img\/a\/AVvXsEjwAa7KgD93T7z19mfMmP_Kc3bMhAAHH0kq7nowI5hJycmHLUu2R_hZRZ4odNdMXMHA5UEZGx5qZLd-cUfHx23FJuMBN9ID1YaXu7tAaXJOF3ICizrARlj0kRy5qXsf8ZbYa_BxrVwu3oXR4r0qDuVpKTdb9HdlJ0yWoQHr4AK8hTIaOG4af0aOWgIu_VM\" style=\"margin-left: 1em;margin-right: 1em\"><br \/>\n    <img decoding=\"async\" border=\"0\" src=\"https:\/\/blogger.googleusercontent.com\/img\/a\/AVvXsEjwAa7KgD93T7z19mfMmP_Kc3bMhAAHH0kq7nowI5hJycmHLUu2R_hZRZ4odNdMXMHA5UEZGx5qZLd-cUfHx23FJuMBN9ID1YaXu7tAaXJOF3ICizrARlj0kRy5qXsf8ZbYa_BxrVwu3oXR4r0qDuVpKTdb9HdlJ0yWoQHr4AK8hTIaOG4af0aOWgIu_VM\" width=\"400\"><br \/>\n  <\/a>\n<\/div>\n<\/div>\n<div><\/div>\n<div>Na segunda-feira, dia 20 de janeiro, policiais militares do 9\u00ba Batalh\u00e3o de Pol\u00edcia Militar do Interior realizaram a pris\u00e3o de um homem por tr\u00e1fico de drogas durante patrulhamento em Mar\u00edlia, no cruzamento das ruas Monsenhor Jo\u00e3o Batista Tofoli e Pedro Roberto Sibilhano.<\/div>\n<div><\/div>\n<div>Ao avistar a viatura, o suspeito tentou se fugir, descartando uma sacola no caminho. Ele foi rapidamente abordado pelos policiais, que encontraram em seu bolso R$ 10,00 em esp\u00e9cie.\u00a0<\/div>\n<div><\/div>\n<div>Na sacola, que ele tentou descartar antes da fulga, foram localizados 123 eppendorfs contendo coca\u00edna e mais R$ 20,00.<\/div>\n<div><\/div>\n<div>O indiv\u00edduo foi conduzido \u00e0 Central de Pol\u00edcia Judici\u00e1ria (CPJ) de Mar\u00edlia, onde foi autuado em flagrante por tr\u00e1fico de drogas. Ele permanece preso \u00e0 disposi\u00e7\u00e3o da justi\u00e7a.<\/div>\n","protected":false},"excerpt":{"rendered":"<p>Na segunda-feira, dia 20 de janeiro, policiais militares do 9\u00ba Batalh\u00e3o de Pol\u00edcia Militar do Interior realizaram a pris\u00e3o de um homem por tr\u00e1fico de drogas durante patrulhamento em Mar\u00edlia, no cruzamento das ruas Monsenhor Jo\u00e3o Batista Tofoli e Pedro Roberto Sibilhano. Ao avistar a viatura, o suspeito tentou se fugir, descartando uma sacola no [&hellip;]<\/p>\n","protected":false},"author":260896546,"featured_media":0,"comment_status":"open","ping_status":"open","sticky":false,"template":"","format":"standard","meta":{"_crdt_document":"","_monsterinsights_skip_tracking":false,"_monsterinsights_sitenote_active":false,"_monsterinsights_sitenote_note":"","_monsterinsights_sitenote_category":0,"advanced_seo_description":"","jetpack_seo_html_title":"","jetpack_seo_noindex":false,"_jetpack_newsletter_access":"","_jetpack_dont_email_post_to_subs":false,"_jetpack_newsletter_tier_id":0,"_jetpack_memberships_contains_paywalled_content":false,"_jetpack_memberships_contains_paid_content":false,"footnotes":"","jetpack_publicize_message":"","jetpack_publicize_feature_enabled":true,"jetpack_social_post_already_shared":false,"jetpack_social_options":{"image_generator_settings":{"template":"fullscreen","default_image_id":0,"font":"","enabled":false},"version":2},"_wpas_customize_per_network":false,"jetpack_post_was_ever_published":false},"categories":[38185],"tags":[222752,1036487],"class_list":["post-2987","post","type-post","status-publish","format-standard","hentry","category-brasil","tag-marilia","tag-seguranca-publica"],"jetpack_publicize_connections":[],"jetpack_featured_media_url":"","jetpack_likes_enabled":true,"jetpack_sharing_enabled":true,"jetpack_shortlink":"https:\/\/wp.me\/pgitne-Mb","jetpack-related-posts":[{"id":4159,"url":"https:\/\/diariodegarca.com\/?p=4159","url_meta":{"origin":2987,"position":0},"title":"A\u00e7\u00f5es policiais prendem suspeitos por roubo, furto e tr\u00e1fico em cidades da regi\u00e3o","author":"Di\u00e1rio de Gar\u00e7a","date":"23 de junho de 2025","format":false,"excerpt":"Em opera\u00e7\u00f5es realizadas no fim de semana, policiais militares do 9\u00ba Batalh\u00e3o do Interior prenderam criminosos em flagrante em Mar\u00edlia, Pomp\u00e9ia e Tup\u00e3; drogas, ve\u00edculo furtado e objetos roubados foram apreendidos. No \u00faltimo fim de semana, o\u00a09\u00ba Batalh\u00e3o de Pol\u00edcia Militar do Interior\u00a0registrou ocorr\u00eancias em diferentes cidades da regi\u00e3o, resultando\u2026","rel":"","context":"Em &quot;Mar\u00edlia&quot;","block_context":{"text":"Mar\u00edlia","link":"https:\/\/diariodegarca.com\/?cat=683453294"},"img":{"alt_text":"","src":"https:\/\/i0.wp.com\/diariodegarca.com\/wp-content\/uploads\/2025\/06\/503566608_18306010942246526_8008225824564545424_n-e1764161649475.webp?fit=1080%2C733&ssl=1&resize=350%2C200","width":350,"height":200,"srcset":"https:\/\/i0.wp.com\/diariodegarca.com\/wp-content\/uploads\/2025\/06\/503566608_18306010942246526_8008225824564545424_n-e1764161649475.webp?fit=1080%2C733&ssl=1&resize=350%2C200 1x, https:\/\/i0.wp.com\/diariodegarca.com\/wp-content\/uploads\/2025\/06\/503566608_18306010942246526_8008225824564545424_n-e1764161649475.webp?fit=1080%2C733&ssl=1&resize=525%2C300 1.5x, https:\/\/i0.wp.com\/diariodegarca.com\/wp-content\/uploads\/2025\/06\/503566608_18306010942246526_8008225824564545424_n-e1764161649475.webp?fit=1080%2C733&ssl=1&resize=700%2C400 2x, https:\/\/i0.wp.com\/diariodegarca.com\/wp-content\/uploads\/2025\/06\/503566608_18306010942246526_8008225824564545424_n-e1764161649475.webp?fit=1080%2C733&ssl=1&resize=1050%2C600 3x"},"classes":[]},{"id":4537,"url":"https:\/\/diariodegarca.com\/?p=4537","url_meta":{"origin":2987,"position":1},"title":"Tr\u00e1fico de drogas: Mar\u00edlia, Gar\u00e7a e Tup\u00e3 t\u00eam suspeitos presos em a\u00e7\u00f5es","author":"Di\u00e1rio de Gar\u00e7a","date":"8 de julho de 2025","format":false,"excerpt":"Opera\u00e7\u00f5es da Pol\u00edcia Militar apreendem coca\u00edna, crack e maconha; tr\u00eas homens foram detidos. O 9\u00ba Batalh\u00e3o de Pol\u00edcia Militar do Interior (9\u00ba BPM\/I) registrou tr\u00eas ocorr\u00eancias em diferentes cidades da regi\u00e3o, mostrando a atua\u00e7\u00e3o firme das equipes em Mar\u00edlia, Gar\u00e7a e Tup\u00e3. Mar\u00edlia: Homem preso com 158 doses de coca\u00edna\u2026","rel":"","context":"Em &quot;Gar\u00e7a&quot;","block_context":{"text":"Gar\u00e7a","link":"https:\/\/diariodegarca.com\/?cat=781171664"},"img":{"alt_text":"","src":"https:\/\/i0.wp.com\/diariodegarca.com\/wp-content\/uploads\/2025\/05\/502985877_18303467734246526_5566770497985067473_n.webp?fit=960%2C1200&ssl=1&resize=350%2C200","width":350,"height":200,"srcset":"https:\/\/i0.wp.com\/diariodegarca.com\/wp-content\/uploads\/2025\/05\/502985877_18303467734246526_5566770497985067473_n.webp?fit=960%2C1200&ssl=1&resize=350%2C200 1x, https:\/\/i0.wp.com\/diariodegarca.com\/wp-content\/uploads\/2025\/05\/502985877_18303467734246526_5566770497985067473_n.webp?fit=960%2C1200&ssl=1&resize=525%2C300 1.5x, https:\/\/i0.wp.com\/diariodegarca.com\/wp-content\/uploads\/2025\/05\/502985877_18303467734246526_5566770497985067473_n.webp?fit=960%2C1200&ssl=1&resize=700%2C400 2x"},"classes":[]},{"id":3867,"url":"https:\/\/diariodegarca.com\/?p=3867","url_meta":{"origin":2987,"position":2},"title":"Pol\u00edcia Militar prende casal por tr\u00e1fico em Gar\u00e7a e homem por venda de drogas em Mar\u00edlia","author":"Di\u00e1rio de Gar\u00e7a","date":"11 de junho de 2025","format":false,"excerpt":"A\u00e7\u00f5es do 9\u00ba BPM do Interior resultaram na apreens\u00e3o de entorpecentes e valores em ocorr\u00eancias distintas A Pol\u00edcia Militar do Estado de S\u00e3o Paulo atua diariamente no combate ao crime, especialmente no enfrentamento ao tr\u00e1fico de drogas, garantindo a seguran\u00e7a p\u00fablica por meio de abordagens e investiga\u00e7\u00f5es. Na ter\u00e7a-feira, dia\u2026","rel":"","context":"Em &quot;Gar\u00e7a&quot;","block_context":{"text":"Gar\u00e7a","link":"https:\/\/diariodegarca.com\/?cat=781171664"},"img":{"alt_text":"","src":"","width":0,"height":0},"classes":[]},{"id":3528,"url":"https:\/\/diariodegarca.com\/?p=3528","url_meta":{"origin":2987,"position":3},"title":"Drogas e furtos na mira da PM: quatro pris\u00f5es em um s\u00f3 dia em Mar\u00edlia","author":"Di\u00e1rio de Gar\u00e7a","date":"28 de maio de 2025","format":false,"excerpt":"A\u00e7\u00f5es resultam em pris\u00f5es e apreens\u00e3o de drogas e celulares roubados A ter\u00e7a-feira, dia 27 de maio, foi agitada para o 9\u00b0 Batalh\u00e3o de Pol\u00edcia Militar do Interior resultando em pris\u00f5es por tr\u00e1fico de drogas e furto de celulares, confira: Opera\u00e7\u00e3o contra o tr\u00e1fico de drogas apreende grande quantidade de\u2026","rel":"","context":"Em &quot;Mar\u00edlia&quot;","block_context":{"text":"Mar\u00edlia","link":"https:\/\/diariodegarca.com\/?cat=683453294"},"img":{"alt_text":"","src":"https:\/\/i0.wp.com\/diariodegarca.com\/wp-content\/uploads\/2025\/05\/1-4.jpg?fit=1080%2C827&ssl=1&resize=350%2C200","width":350,"height":200,"srcset":"https:\/\/i0.wp.com\/diariodegarca.com\/wp-content\/uploads\/2025\/05\/1-4.jpg?fit=1080%2C827&ssl=1&resize=350%2C200 1x, https:\/\/i0.wp.com\/diariodegarca.com\/wp-content\/uploads\/2025\/05\/1-4.jpg?fit=1080%2C827&ssl=1&resize=525%2C300 1.5x, https:\/\/i0.wp.com\/diariodegarca.com\/wp-content\/uploads\/2025\/05\/1-4.jpg?fit=1080%2C827&ssl=1&resize=700%2C400 2x, https:\/\/i0.wp.com\/diariodegarca.com\/wp-content\/uploads\/2025\/05\/1-4.jpg?fit=1080%2C827&ssl=1&resize=1050%2C600 3x"},"classes":[]},{"id":2662,"url":"https:\/\/diariodegarca.com\/?p=2662","url_meta":{"origin":2987,"position":4},"title":"Casal envolvido em agress\u00e3o e tr\u00e1fico de drogas \u00e9 detido pela Pol\u00edcia Militar em Mar\u00edlia","author":"Di\u00e1rio de Gar\u00e7a","date":"10 de mar\u00e7o de 2025","format":false,"excerpt":"No final da tarde de domingo, dia 9 de mar\u00e7o, uma ocorr\u00eancia envolvendo viol\u00eancia dom\u00e9stica e tr\u00e1fico de drogas mobilizou as equipes do 9\u00ba Batalh\u00e3o de Pol\u00edcia Militar do Interior em Mar\u00edlia.\u00a0O caso, que ocorreu em uma \u00e1rea de lazer na zona oeste da cidade, terminou com a pris\u00e3o de\u2026","rel":"","context":"Em &quot;Brasil&quot;","block_context":{"text":"Brasil","link":"https:\/\/diariodegarca.com\/?cat=38185"},"img":{"alt_text":"","src":"","width":0,"height":0},"classes":[]},{"id":3655,"url":"https:\/\/diariodegarca.com\/?p=3655","url_meta":{"origin":2987,"position":5},"title":"Pris\u00f5es por estupro e tr\u00e1fico marcam fim de semana na regi\u00e3o","author":"Di\u00e1rio de Gar\u00e7a","date":"4 de junho de 2025","format":false,"excerpt":"A\u00e7\u00f5es do 9\u00ba Batalh\u00e3o da aconteceu nas cidades de Mar\u00edlia, Tup\u00e3 e Gar\u00e7a, com pris\u00f5es em flagrantes O 9\u00ba Batalh\u00e3o de Pol\u00edcia Militar do Interior registrou, no \u00faltimo fim de semana, ocorr\u00eancias graves em diferentes cidades da regi\u00e3o, resultando na pris\u00e3o de indiv\u00edduos por crimes como estupro, viol\u00eancia dom\u00e9stica e\u2026","rel":"","context":"Em &quot;Gar\u00e7a&quot;","block_context":{"text":"Gar\u00e7a","link":"https:\/\/diariodegarca.com\/?cat=781171664"},"img":{"alt_text":"","src":"","width":0,"height":0},"classes":[]}],"_links":{"self":[{"href":"https:\/\/diariodegarca.com\/index.php?rest_route=\/wp\/v2\/posts\/2987","targetHints":{"allow":["GET"]}}],"collection":[{"href":"https:\/\/diariodegarca.com\/index.php?rest_route=\/wp\/v2\/posts"}],"about":[{"href":"https:\/\/diariodegarca.com\/index.php?rest_route=\/wp\/v2\/types\/post"}],"author":[{"embeddable":true,"href":"https:\/\/diariodegarca.com\/index.php?rest_route=\/wp\/v2\/users\/260896546"}],"replies":[{"embeddable":true,"href":"https:\/\/diariodegarca.com\/index.php?rest_route=%2Fwp%2Fv2%2Fcomments&post=2987"}],"version-history":[{"count":0,"href":"https:\/\/diariodegarca.com\/index.php?rest_route=\/wp\/v2\/posts\/2987\/revisions"}],"wp:attachment":[{"href":"https:\/\/diariodegarca.com\/index.php?rest_route=%2Fwp%2Fv2%2Fmedia&parent=2987"}],"wp:term":[{"taxonomy":"category","embeddable":true,"href":"https:\/\/diariodegarca.com\/index.php?rest_route=%2Fwp%2Fv2%2Fcategories&post=2987"},{"taxonomy":"post_tag","embeddable":true,"href":"https:\/\/diariodegarca.com\/index.php?rest_route=%2Fwp%2Fv2%2Ftags&post=2987"}],"curies":[{"name":"wp","href":"https:\/\/api.w.org\/{rel}","templated":true}]}}