{"id":2990,"date":"2025-01-20T21:31:00","date_gmt":"2025-01-20T21:31:00","guid":{"rendered":"https:\/\/diariodegarca.com\/2025\/01\/20\/quanto-ganham-os-representantes-do-povo-em-ocaucu\/"},"modified":"2025-01-20T21:31:00","modified_gmt":"2025-01-20T21:31:00","slug":"quanto-ganham-os-representantes-do-povo-em-ocaucu","status":"publish","type":"post","link":"https:\/\/diariodegarca.com\/?p=2990","title":{"rendered":"Quanto ganham os representantes do povo em Ocau\u00e7u?"},"content":{"rendered":"<div class=\"separator\" style=\"clear: both;text-align: center\"><a href=\"https:\/\/i0.wp.com\/blogger.googleusercontent.com\/img\/b\/R29vZ2xl\/AVvXsEgVI5K7NLesHLFZm632j89tfFHOE0HaGBk6dcWHYal4eSXV5H3j6SpuB6zJ4WWct-4T5eYj_gRwdR4JaY3iSzux5_mam0XwIBMjk5mRRNasTyx2o0OmWl-F7GSIbwdDJd5IX0Sy2RSi2I4rRl_TNvGPSc2f2sX46RBVZdhv2mUV8v8sd4CfExH29X50c3M\/s651\/3711670677769d58a4736e63c72b9776.jpeg?ssl=1\" style=\"margin-left: 1em;margin-right: 1em\"><img data-recalc-dims=\"1\" loading=\"lazy\" decoding=\"async\" border=\"0\" height=\"327\" src=\"https:\/\/i0.wp.com\/blogger.googleusercontent.com\/img\/b\/R29vZ2xl\/AVvXsEgVI5K7NLesHLFZm632j89tfFHOE0HaGBk6dcWHYal4eSXV5H3j6SpuB6zJ4WWct-4T5eYj_gRwdR4JaY3iSzux5_mam0XwIBMjk5mRRNasTyx2o0OmWl-F7GSIbwdDJd5IX0Sy2RSi2I4rRl_TNvGPSc2f2sX46RBVZdhv2mUV8v8sd4CfExH29X50c3M\/w475-h327\/3711670677769d58a4736e63c72b9776.jpeg?resize=475%2C327&#038;ssl=1\" width=\"475\" \/><\/a><\/div>\n<p><\/p>\n<p>As remunera\u00e7\u00f5es dos agentes pol\u00edticos variam entre os munic\u00edpios brasileiros, refletindo particularidades como arrecada\u00e7\u00e3o, popula\u00e7\u00e3o e desafios locais. Para esclarecer como esses valores s\u00e3o definidos e praticados, iniciamos uma s\u00e9rie de postagens baseada em dados obtidos nos portais da transpar\u00eancia e legisla\u00e7\u00f5es municipais. O primeiro munic\u00edpio em destaque \u00e9 Ocau\u00e7u, localizado a 54 km de Gar\u00e7a, no interior paulista.<\/p>\n<p><\/p>\n<p><b>Ocau\u00e7u em n\u00fameros<\/b><\/p>\n<p>Com pouco mais de 4 mil habitantes, segundo o IBGE, Ocau\u00e7u elegeu em 2024 Jo\u00e3o Benedito da Costa e Silva (Dito) como prefeito e Patr\u00edcia Menezes Guerke como vice-prefeita. Na C\u00e2mara Municipal, os vereadores eleitos foram Adriana Meira de Oliveira (Adriana Material de Constru\u00e7\u00e3o), Andr\u00e9 Fernando Castilho (Cebol\u00e3o), Jos\u00e9 Mauro Colombo (Z\u00e9 Mauro), Marc\u00edlio Domingues, Nayara Colombo Marzola Cavenaghi, Rafael Ant\u00f4nio Coneglian (Rafael do Dit\u00e3o), Rafael Domingos Marzola, Reginaldo Gomes da Silva (Reginaldo da R\u00e1dio) e Vin\u00edcius Colombo Menegucci, presidente da Casa para o bi\u00eanio 2025-2026.<\/p>\n<p><\/p>\n<p><b>Reajustes salariais para 2025<\/b><\/p>\n<p>Em 2024, a C\u00e2mara de Ocau\u00e7u aprovou novos valores para os subs\u00eddios de prefeito, vice-prefeito, secret\u00e1rios municipais e vereadores. Confira os ajustes:<\/p>\n<\/p>\n<ul style=\"text-align: left\">\n<li>Prefeito: de R$ 9.566,08 para R$ 11.407,30.<\/li>\n<li>Vice-prefeito(a): de R$ 2.391,52 para R$ 2.869,82.<\/li>\n<li>Secret\u00e1rios municipais: de R$ 3.513,93 para R$ 4.216,72.<\/li>\n<li>Vereadores: De R$ 1.500,00 para R$ 1.800,00.<\/li>\n<li>Presidente da C\u00e2mara: de R$ 2.250,00 para R$ 2.700,00.<\/li>\n<\/ul>\n<p>Os reajustes buscam alinhar as remunera\u00e7\u00f5es \u00e0s responsabilidades e v\u00eam acompanhados de mecanismos que vinculam o pagamento ao cumprimento das fun\u00e7\u00f5es p\u00fablicas.<\/p>\n<p><\/p>\n<p><b>Desafios para 2025<\/b><\/p>\n<p>Os representantes eleitos enfrentam o desafio de equilibrar demandas locais e recursos limitados. Em Ocau\u00e7u, prioridades incluem a amplia\u00e7\u00e3o de servi\u00e7os essenciais, como sa\u00fade e educa\u00e7\u00e3o, al\u00e9m do fortalecimento da economia e da infraestrutura.<\/p>\n<p>Acompanhe nossas pr\u00f3ximas postagens para conhecer os dados de outros munic\u00edpios vizinhos e entender como os representantes do povo s\u00e3o remunerados.<\/p>\n<div><\/div>\n<div><b>Fontes:<\/b><\/div>\n<div>Prefeitura Municipal de Ocau\u00e7u,\u00a0<a href=\"http:\/\/ocaucu.sp.gov.br\">ocaucu.sp.gov.br<\/a><\/div>\n<div>C\u00e2mara Municipal de Ocau\u00e7u,\u00a0<a href=\"http:\/\/camaraocaucu.sp.gov.br\">camaraocaucu.sp.gov.br<\/a><\/div>\n","protected":false},"excerpt":{"rendered":"<p>As remunera\u00e7\u00f5es dos agentes pol\u00edticos variam entre os munic\u00edpios brasileiros, refletindo particularidades como arrecada\u00e7\u00e3o, popula\u00e7\u00e3o e desafios locais. Para esclarecer como esses valores s\u00e3o definidos e praticados, iniciamos uma s\u00e9rie de postagens baseada em dados obtidos nos portais da transpar\u00eancia e legisla\u00e7\u00f5es municipais. O primeiro munic\u00edpio em destaque \u00e9 Ocau\u00e7u, localizado a 54 km de [&hellip;]<\/p>\n","protected":false},"author":260896546,"featured_media":0,"comment_status":"open","ping_status":"open","sticky":false,"template":"","format":"standard","meta":{"_crdt_document":"","_monsterinsights_skip_tracking":false,"_monsterinsights_sitenote_active":false,"_monsterinsights_sitenote_note":"","_monsterinsights_sitenote_category":0,"advanced_seo_description":"","jetpack_seo_html_title":"","jetpack_seo_noindex":false,"_jetpack_newsletter_access":"","_jetpack_dont_email_post_to_subs":false,"_jetpack_newsletter_tier_id":0,"_jetpack_memberships_contains_paywalled_content":false,"_jetpack_memberships_contains_paid_content":false,"footnotes":"","jetpack_publicize_message":"","jetpack_publicize_feature_enabled":true,"jetpack_social_post_already_shared":false,"jetpack_social_options":{"image_generator_settings":{"template":"fullscreen","default_image_id":0,"font":"","enabled":false},"version":2},"_wpas_customize_per_network":false,"jetpack_post_was_ever_published":false},"categories":[38185],"tags":[781171828,172441],"class_list":["post-2990","post","type-post","status-publish","format-standard","hentry","category-brasil","tag-ocaucu","tag-transparencia"],"jetpack_publicize_connections":[],"jetpack_featured_media_url":"","jetpack_likes_enabled":true,"jetpack_sharing_enabled":true,"jetpack_shortlink":"https:\/\/wp.me\/pgitne-Me","jetpack-related-posts":[{"id":2050,"url":"https:\/\/diariodegarca.com\/?p=2050","url_meta":{"origin":2990,"position":0},"title":"Ocau\u00e7u oferece curso presencial para empreendedores da confeitaria","author":"Di\u00e1rio de Gar\u00e7a","date":"19 de maio de 2025","format":false,"excerpt":"Iniciativa da Prefeitura e Sebrae ensina fabrica\u00e7\u00e3o e venda de produtos doces, com turmas em junho e julho. Para quem deseja transformar o amor por confeitaria em um neg\u00f3cio rent\u00e1vel, Ocau\u00e7u oferece uma oportunidade imperd\u00edvel. O curso presencial \"Aprenda a fabricar e vender produtos de confeitaria\" ser\u00e1 realizado em duas\u2026","rel":"","context":"Em &quot;Curso&quot;","block_context":{"text":"Curso","link":"https:\/\/diariodegarca.com\/?cat=36947"},"img":{"alt_text":"","src":"","width":0,"height":0},"classes":[]},{"id":4568,"url":"https:\/\/diariodegarca.com\/?p=4568","url_meta":{"origin":2990,"position":1},"title":"Projeto Guri \u00e9 desativado em Ocau\u00e7u, mas ensino musical ser\u00e1 integrado \u00e0 escola municipal","author":"Di\u00e1rio de Gar\u00e7a","date":"8 de julho de 2025","format":false,"excerpt":"Segundo nota da Prefeitura a decis\u00e3o partiu do Governo do Estado devido \u00e0 baixa ades\u00e3o e reestrutura\u00e7\u00e3o da Secretaria de Cultura; Prefeitura adaptar\u00e1 projeto ao ensino em tempo integral. A Prefeitura de Ocau\u00e7u informou, por meio de nota oficial em suas redes sociais oficiais, que o\u00a0Projeto Guri\u00a0\u2014 programa de forma\u00e7\u00e3o\u2026","rel":"","context":"Em &quot;Cultura&quot;","block_context":{"text":"Cultura","link":"https:\/\/diariodegarca.com\/?cat=2367"},"img":{"alt_text":"","src":"https:\/\/i0.wp.com\/diariodegarca.com\/wp-content\/uploads\/2025\/07\/menina-aprendendo-tocar-violao-em-casa.jpg?fit=1200%2C800&ssl=1&resize=350%2C200","width":350,"height":200,"srcset":"https:\/\/i0.wp.com\/diariodegarca.com\/wp-content\/uploads\/2025\/07\/menina-aprendendo-tocar-violao-em-casa.jpg?fit=1200%2C800&ssl=1&resize=350%2C200 1x, https:\/\/i0.wp.com\/diariodegarca.com\/wp-content\/uploads\/2025\/07\/menina-aprendendo-tocar-violao-em-casa.jpg?fit=1200%2C800&ssl=1&resize=525%2C300 1.5x, https:\/\/i0.wp.com\/diariodegarca.com\/wp-content\/uploads\/2025\/07\/menina-aprendendo-tocar-violao-em-casa.jpg?fit=1200%2C800&ssl=1&resize=700%2C400 2x, https:\/\/i0.wp.com\/diariodegarca.com\/wp-content\/uploads\/2025\/07\/menina-aprendendo-tocar-violao-em-casa.jpg?fit=1200%2C800&ssl=1&resize=1050%2C600 3x"},"classes":[]},{"id":2054,"url":"https:\/\/diariodegarca.com\/?p=2054","url_meta":{"origin":2990,"position":2},"title":"Acidentes por animais pe\u00e7onhentos na regi\u00e3o de Gar\u00e7a","author":"Di\u00e1rio de Gar\u00e7a","date":"19 de maio de 2025","format":false,"excerpt":"A Secretaria de Sa\u00fade do Estado de S\u00e3o Paulo e algumas as prefeituras da regi\u00e3o divulgaram os registros de acidentes envolvendo animais pe\u00e7onhentos em 2024 e no primeiro quadrimestre de 2025. Os dados servem como alerta para a popula\u00e7\u00e3o, destacando os riscos e a necessidade de preven\u00e7\u00e3o. Comparativo entre Gar\u00e7a\u2026","rel":"","context":"Em &quot;\u00c1lvaro de Carvalho&quot;","block_context":{"text":"\u00c1lvaro de Carvalho","link":"https:\/\/diariodegarca.com\/?cat=29815376"},"img":{"alt_text":"","src":"https:\/\/i0.wp.com\/diariodegarca.com\/wp-content\/uploads\/2025\/05\/hottentotta-scorpion-with-babys-body-hottentotta-scorpion-front-view-green-leaves.jpg?fit=1200%2C800&ssl=1&resize=350%2C200","width":350,"height":200,"srcset":"https:\/\/i0.wp.com\/diariodegarca.com\/wp-content\/uploads\/2025\/05\/hottentotta-scorpion-with-babys-body-hottentotta-scorpion-front-view-green-leaves.jpg?fit=1200%2C800&ssl=1&resize=350%2C200 1x, https:\/\/i0.wp.com\/diariodegarca.com\/wp-content\/uploads\/2025\/05\/hottentotta-scorpion-with-babys-body-hottentotta-scorpion-front-view-green-leaves.jpg?fit=1200%2C800&ssl=1&resize=525%2C300 1.5x, https:\/\/i0.wp.com\/diariodegarca.com\/wp-content\/uploads\/2025\/05\/hottentotta-scorpion-with-babys-body-hottentotta-scorpion-front-view-green-leaves.jpg?fit=1200%2C800&ssl=1&resize=700%2C400 2x, https:\/\/i0.wp.com\/diariodegarca.com\/wp-content\/uploads\/2025\/05\/hottentotta-scorpion-with-babys-body-hottentotta-scorpion-front-view-green-leaves.jpg?fit=1200%2C800&ssl=1&resize=1050%2C600 3x"},"classes":[]},{"id":2969,"url":"https:\/\/diariodegarca.com\/?p=2969","url_meta":{"origin":2990,"position":3},"title":"Projeto de Ocau\u00e7u transforma \u00f3leo usado em sustentabilidade","author":"Di\u00e1rio de Gar\u00e7a","date":"23 de janeiro de 2025","format":false,"excerpt":"A Prefeitura de Ocau\u00e7u est\u00e1 promovendo uma a\u00e7\u00e3o sustent\u00e1vel que beneficia o meio ambiente e os cidad\u00e3os. Por meio da iniciativa, \u00e9 poss\u00edvel trocar 4 litros de \u00f3leo de cozinha usado por 1 litro de \u00f3leo novo.\ud83d\udca1 Como participarLeve o \u00f3leo de cozinha usado at\u00e9 o ponto de coleta:\ud83d\udccd Endere\u00e7o:\u2026","rel":"","context":"Em &quot;Brasil&quot;","block_context":{"text":"Brasil","link":"https:\/\/diariodegarca.com\/?cat=38185"},"img":{"alt_text":"","src":"","width":0,"height":0},"classes":[]},{"id":2309,"url":"https:\/\/diariodegarca.com\/?p=2309","url_meta":{"origin":2990,"position":4},"title":"Pol\u00edcia Militar prende dois por tr\u00e1fico de drogas em Ocau\u00e7u","author":"Di\u00e1rio de Gar\u00e7a","date":"19 de abril de 2025","format":false,"excerpt":"Na sexta-feira, dia 18 de abril, o 9\u00ba Batalh\u00e3o de Pol\u00edcia Militar do Interior (9\u00ba BPM\/I) prendeu em flagrante dois homens por tr\u00e1fico de drogas e associa\u00e7\u00e3o ao tr\u00e1fico no munic\u00edpio de Ocau\u00e7u. A a\u00e7\u00e3o ocorreu por volta das 20h, durante dilig\u00eancias da For\u00e7a T\u00e1tica, que atuou ap\u00f3s receber den\u00fancias\u2026","rel":"","context":"Em &quot;Brasil&quot;","block_context":{"text":"Brasil","link":"https:\/\/diariodegarca.com\/?cat=38185"},"img":{"alt_text":"","src":"","width":0,"height":0},"classes":[]},{"id":4375,"url":"https:\/\/diariodegarca.com\/?p=4375","url_meta":{"origin":2990,"position":5},"title":"Ocau\u00e7u abre inscri\u00e7\u00f5es para processo seletivo","author":"Di\u00e1rio de Gar\u00e7a","date":"2 de julho de 2025","format":false,"excerpt":"Inscri\u00e7\u00f5es v\u00e3o at\u00e9 13 de julho para auxiliar de desenvolvimento escolar e assistente social; prova est\u00e1 marcada para o dia 27 A Prefeitura Municipal de Ocau\u00e7u est\u00e1 com inscri\u00e7\u00f5es abertas para o Processo Seletivo n\u00ba 01\/2025, destinado \u00e0 contrata\u00e7\u00e3o tempor\u00e1ria para os cargos de: Auxiliar de Desenvolvimento Escolar Assistente Social\u2026","rel":"","context":"Em &quot;Ocau\u00e7u&quot;","block_context":{"text":"Ocau\u00e7u","link":"https:\/\/diariodegarca.com\/?cat=9098995"},"img":{"alt_text":"","src":"https:\/\/i0.wp.com\/diariodegarca.com\/wp-content\/uploads\/2025\/07\/feche-crianca-desfrutando-jogo-didatico.jpg?fit=1200%2C800&ssl=1&resize=350%2C200","width":350,"height":200,"srcset":"https:\/\/i0.wp.com\/diariodegarca.com\/wp-content\/uploads\/2025\/07\/feche-crianca-desfrutando-jogo-didatico.jpg?fit=1200%2C800&ssl=1&resize=350%2C200 1x, https:\/\/i0.wp.com\/diariodegarca.com\/wp-content\/uploads\/2025\/07\/feche-crianca-desfrutando-jogo-didatico.jpg?fit=1200%2C800&ssl=1&resize=525%2C300 1.5x, https:\/\/i0.wp.com\/diariodegarca.com\/wp-content\/uploads\/2025\/07\/feche-crianca-desfrutando-jogo-didatico.jpg?fit=1200%2C800&ssl=1&resize=700%2C400 2x, https:\/\/i0.wp.com\/diariodegarca.com\/wp-content\/uploads\/2025\/07\/feche-crianca-desfrutando-jogo-didatico.jpg?fit=1200%2C800&ssl=1&resize=1050%2C600 3x"},"classes":[]}],"_links":{"self":[{"href":"https:\/\/diariodegarca.com\/index.php?rest_route=\/wp\/v2\/posts\/2990","targetHints":{"allow":["GET"]}}],"collection":[{"href":"https:\/\/diariodegarca.com\/index.php?rest_route=\/wp\/v2\/posts"}],"about":[{"href":"https:\/\/diariodegarca.com\/index.php?rest_route=\/wp\/v2\/types\/post"}],"author":[{"embeddable":true,"href":"https:\/\/diariodegarca.com\/index.php?rest_route=\/wp\/v2\/users\/260896546"}],"replies":[{"embeddable":true,"href":"https:\/\/diariodegarca.com\/index.php?rest_route=%2Fwp%2Fv2%2Fcomments&post=2990"}],"version-history":[{"count":0,"href":"https:\/\/diariodegarca.com\/index.php?rest_route=\/wp\/v2\/posts\/2990\/revisions"}],"wp:attachment":[{"href":"https:\/\/diariodegarca.com\/index.php?rest_route=%2Fwp%2Fv2%2Fmedia&parent=2990"}],"wp:term":[{"taxonomy":"category","embeddable":true,"href":"https:\/\/diariodegarca.com\/index.php?rest_route=%2Fwp%2Fv2%2Fcategories&post=2990"},{"taxonomy":"post_tag","embeddable":true,"href":"https:\/\/diariodegarca.com\/index.php?rest_route=%2Fwp%2Fv2%2Ftags&post=2990"}],"curies":[{"name":"wp","href":"https:\/\/api.w.org\/{rel}","templated":true}]}}