{"id":3008,"date":"2025-01-17T20:24:00","date_gmt":"2025-01-17T20:24:00","guid":{"rendered":"https:\/\/diariodegarca.com\/2025\/01\/17\/sobre-nos\/"},"modified":"2025-01-17T20:24:00","modified_gmt":"2025-01-17T20:24:00","slug":"sobre-nos","status":"publish","type":"post","link":"https:\/\/diariodegarca.com\/?p=3008","title":{"rendered":"Sobre n\u00f3s"},"content":{"rendered":"<div>\n<p><\/p>\n<h1><strong>Bem-vindo ao Di\u00e1rio de Gar\u00e7a, o seu portal de not\u00edcias regionais!<\/strong><\/h1>\n<p>Fundado em <strong>29 de setembro de 2022<\/strong>, o <strong>Di\u00e1rio de Gar\u00e7a<\/strong> nasceu com a miss\u00e3o de manter a comunidade garcense sempre <strong>informada, conectada e engajada<\/strong>.\u00a0<\/p>\n<p>Nosso compromisso \u00e9 trazer as not\u00edcias que impactam o seu dia a dia e o de sua fam\u00edlia, com <strong>agilidade, precis\u00e3o e transpar\u00eancia<\/strong>.<\/p>\n<h3><strong>Cobertura completa para voc\u00ea<\/strong><\/h3>\n<p>Aqui, voc\u00ea encontra informa\u00e7\u00f5es sobre os temas mais importantes da regi\u00e3o:<\/p>\n<p>\u2705 <strong>Seguran\u00e7a p\u00fablica<\/strong><br \/>\n\u2705 <strong>Sa\u00fade<\/strong><br \/>\n\u2705 <strong>Educa\u00e7\u00e3o<\/strong><br \/>\n\u2705 <strong>Meio ambiente<\/strong><br \/>\n\u2705 E muito mais!<\/p>\n<p>Al\u00e9m de Gar\u00e7a, tamb\u00e9m trazemos not\u00edcias das cidades vizinhas, garantindo que voc\u00ea esteja sempre por dentro dos acontecimentos que fazem a diferen\u00e7a na sua comunidade.<\/p>\n<h3><strong>Muito al\u00e9m das not\u00edcias<\/strong><\/h3>\n<p>Acreditamos que a informa\u00e7\u00e3o \u00e9 uma ferramenta poderosa para o crescimento pessoal e coletivo. Por isso, publicamos regularmente:<\/p>\n<p>\ud83d\udccc <strong>Oportunidades de cursos<\/strong><br \/>\n\ud83d\udccc <strong>Eventos online gratuitos<\/strong><br \/>\n\ud83d\udccc <strong>Dicas para enriquecer sua vida profissional e pessoal<\/strong><\/p>\n<h3><strong>Nosso compromisso<\/strong><\/h3>\n<p>No <strong>Di\u00e1rio de Gar\u00e7a<\/strong>, acreditamos no poder da informa\u00e7\u00e3o para transformar vidas e fortalecer la\u00e7os comunit\u00e1rios. Atuamos com <strong>verdade, \u00e9tica e transpar\u00eancia<\/strong>, trazendo conte\u00fados que voc\u00ea pode confiar.<\/p>\n<p><strong>Obrigado por fazer parte dessa jornada!<\/strong> Juntos, vamos construir uma comunidade mais informada, unida e preparada para o futuro.<\/p>\n<\/div>\n","protected":false},"excerpt":{"rendered":"<p>Bem-vindo ao Di\u00e1rio de Gar\u00e7a, o seu portal de not\u00edcias regionais! Fundado em 29 de setembro de 2022, o Di\u00e1rio de Gar\u00e7a nasceu com a miss\u00e3o de manter a comunidade garcense sempre informada, conectada e engajada.\u00a0 Nosso compromisso \u00e9 trazer as not\u00edcias que impactam o seu dia a dia e o de sua fam\u00edlia, com [&hellip;]<\/p>\n","protected":false},"author":260896546,"featured_media":0,"comment_status":"open","ping_status":"open","sticky":false,"template":"","format":"standard","meta":{"_crdt_document":"","_monsterinsights_skip_tracking":false,"_monsterinsights_sitenote_active":false,"_monsterinsights_sitenote_note":"","_monsterinsights_sitenote_category":0,"advanced_seo_description":"","jetpack_seo_html_title":"","jetpack_seo_noindex":false,"_jetpack_newsletter_access":"","_jetpack_dont_email_post_to_subs":false,"_jetpack_newsletter_tier_id":0,"_jetpack_memberships_contains_paywalled_content":false,"_jetpack_memberships_contains_paid_content":false,"footnotes":"","jetpack_publicize_message":"","jetpack_publicize_feature_enabled":true,"jetpack_social_post_already_shared":false,"jetpack_social_options":{"image_generator_settings":{"template":"fullscreen","default_image_id":0,"font":"","enabled":false},"version":2},"_wpas_customize_per_network":false,"jetpack_post_was_ever_published":false},"categories":[38185],"tags":[],"class_list":["post-3008","post","type-post","status-publish","format-standard","hentry","category-brasil"],"jetpack_publicize_connections":[],"jetpack_featured_media_url":"","jetpack_likes_enabled":true,"jetpack_sharing_enabled":true,"jetpack_shortlink":"https:\/\/wp.me\/pgitne-Mw","jetpack-related-posts":[{"id":2690,"url":"https:\/\/diariodegarca.com\/?p=2690","url_meta":{"origin":3008,"position":0},"title":"Times de Gar\u00e7a ficam de fora da Copa Record Interior e Copa Bom Senso","author":"Di\u00e1rio de Gar\u00e7a","date":"6 de mar\u00e7o de 2025","format":false,"excerpt":"Em uma decis\u00e3o que pegou a comunidade esportiva de surpresa, a cidade de Gar\u00e7a n\u00e3o estar\u00e1 presente em duas das principais competi\u00e7\u00f5es de futsal do interior paulista: Copa Record Interior Paulista (Regi\u00e3o Bauru) e Copa Bom Senso. O per\u00edodo de inscri\u00e7\u00f5es para ambos os torneios j\u00e1 foi encerrado, e a\u2026","rel":"","context":"Em &quot;Brasil&quot;","block_context":{"text":"Brasil","link":"https:\/\/diariodegarca.com\/?cat=38185"},"img":{"alt_text":"","src":"","width":0,"height":0},"classes":[]},{"id":4757,"url":"https:\/\/diariodegarca.com\/?p=4757","url_meta":{"origin":3008,"position":1},"title":"Inscri\u00e7\u00f5es abertas para curso gratuito de introdu\u00e7\u00e3o \u00e0 libras","author":"Di\u00e1rio de Gar\u00e7a","date":"17 de julho de 2025","format":false,"excerpt":"Aulas on-line, gravadas e flex\u00edveis fazem parte da iniciativa \"Escola da Inclus\u00e3o\", em parceria com a Univesp. Se voc\u00ea j\u00e1 quis aprender Libras para se comunicar com amigos, familiares ou at\u00e9 para aplicar no trabalho, essa \u00e9 a chance. A\u00a0Secretaria dos Direitos da Pessoa com Defici\u00eancia do Estado de S\u00e3o\u2026","rel":"","context":"Em &quot;Curso&quot;","block_context":{"text":"Curso","link":"https:\/\/diariodegarca.com\/?cat=36947"},"img":{"alt_text":"","src":"https:\/\/i0.wp.com\/diariodegarca.com\/wp-content\/uploads\/2025\/07\/mulheres-sorridentes-conversando-a-mesa-usando-linguagem-de-sinais.jpg?fit=1200%2C675&ssl=1&resize=350%2C200","width":350,"height":200,"srcset":"https:\/\/i0.wp.com\/diariodegarca.com\/wp-content\/uploads\/2025\/07\/mulheres-sorridentes-conversando-a-mesa-usando-linguagem-de-sinais.jpg?fit=1200%2C675&ssl=1&resize=350%2C200 1x, https:\/\/i0.wp.com\/diariodegarca.com\/wp-content\/uploads\/2025\/07\/mulheres-sorridentes-conversando-a-mesa-usando-linguagem-de-sinais.jpg?fit=1200%2C675&ssl=1&resize=525%2C300 1.5x, https:\/\/i0.wp.com\/diariodegarca.com\/wp-content\/uploads\/2025\/07\/mulheres-sorridentes-conversando-a-mesa-usando-linguagem-de-sinais.jpg?fit=1200%2C675&ssl=1&resize=700%2C400 2x, https:\/\/i0.wp.com\/diariodegarca.com\/wp-content\/uploads\/2025\/07\/mulheres-sorridentes-conversando-a-mesa-usando-linguagem-de-sinais.jpg?fit=1200%2C675&ssl=1&resize=1050%2C600 3x"},"classes":[]},{"id":2850,"url":"https:\/\/diariodegarca.com\/?p=2850","url_meta":{"origin":3008,"position":2},"title":"Aparecimento de escorpi\u00f5es preocupa moradores de Gar\u00e7a","author":"Di\u00e1rio de Gar\u00e7a","date":"12 de fevereiro de 2025","format":false,"excerpt":"Desde o in\u00edcio de fevereiro, moradores de Gar\u00e7a\u00a0t\u00eam relatado em grupos de redes sociais o aumento da presen\u00e7a de escorpi\u00f5es em suas resid\u00eancias. Um dos casos resultou em picada, exigindo a transfer\u00eancia do paciente para Mar\u00edlia, j\u00e1 que o munic\u00edpio n\u00e3o disp\u00f5e do soro antiveneno. O incidente gerou preocupa\u00e7\u00e3o, especialmente\u2026","rel":"","context":"Em &quot;Brasil&quot;","block_context":{"text":"Brasil","link":"https:\/\/diariodegarca.com\/?cat=38185"},"img":{"alt_text":"","src":"","width":0,"height":0},"classes":[]},{"id":3950,"url":"https:\/\/diariodegarca.com\/?p=3950","url_meta":{"origin":3008,"position":3},"title":"Junho Verde: m\u00eas de conscientiza\u00e7\u00e3o sobre o meio ambiente e sa\u00fade planet\u00e1ria","author":"Di\u00e1rio de Gar\u00e7a","date":"15 de junho de 2025","format":false,"excerpt":"Campanha busca alertar a popula\u00e7\u00e3o sobre a import\u00e2ncia da preserva\u00e7\u00e3o ambiental e sua rela\u00e7\u00e3o direta com a sa\u00fade humana e o futuro do planeta. O\u00a0Junho Verde\u00a0\u00e9 uma campanha de conscientiza\u00e7\u00e3o dedicada \u00e0 reflex\u00e3o sobre a import\u00e2ncia do meio ambiente e \u00e0 promo\u00e7\u00e3o de a\u00e7\u00f5es sustent\u00e1veis. Criado para coincidir com o\u00a0Dia\u2026","rel":"","context":"Em &quot;Campanha mensal&quot;","block_context":{"text":"Campanha mensal","link":"https:\/\/diariodegarca.com\/?cat=582590134"},"img":{"alt_text":"","src":"https:\/\/i0.wp.com\/diariodegarca.com\/wp-content\/uploads\/2025\/06\/conservacao-ambiental-no-jardim-para-criancas.jpg?fit=1200%2C800&ssl=1&resize=350%2C200","width":350,"height":200,"srcset":"https:\/\/i0.wp.com\/diariodegarca.com\/wp-content\/uploads\/2025\/06\/conservacao-ambiental-no-jardim-para-criancas.jpg?fit=1200%2C800&ssl=1&resize=350%2C200 1x, https:\/\/i0.wp.com\/diariodegarca.com\/wp-content\/uploads\/2025\/06\/conservacao-ambiental-no-jardim-para-criancas.jpg?fit=1200%2C800&ssl=1&resize=525%2C300 1.5x, https:\/\/i0.wp.com\/diariodegarca.com\/wp-content\/uploads\/2025\/06\/conservacao-ambiental-no-jardim-para-criancas.jpg?fit=1200%2C800&ssl=1&resize=700%2C400 2x, https:\/\/i0.wp.com\/diariodegarca.com\/wp-content\/uploads\/2025\/06\/conservacao-ambiental-no-jardim-para-criancas.jpg?fit=1200%2C800&ssl=1&resize=1050%2C600 3x"},"classes":[]},{"id":2853,"url":"https:\/\/diariodegarca.com\/?p=2853","url_meta":{"origin":3008,"position":4},"title":"Causa Animal \u00e9 destaque em programa de entrevistas na web","author":"Di\u00e1rio de Gar\u00e7a","date":"12 de fevereiro de 2025","format":false,"excerpt":"Em uma entrevista emocionante no programa Club Cast, Amanda da Costa, volunt\u00e1ria dedicada \u00e0 causa animal em Gar\u00e7a, compartilhou detalhes sobre seu trabalho volunt\u00e1rio em prol dos animais abandonados. Durante a conversa com a apresentadora M\u00e1rcia, Amanda falou sobre: \u2714\ufe0f Sua rotina alimentando duas col\u00f4nias de gatos \u2714\ufe0f A import\u00e2ncia\u2026","rel":"","context":"Em &quot;Brasil&quot;","block_context":{"text":"Brasil","link":"https:\/\/diariodegarca.com\/?cat=38185"},"img":{"alt_text":"","src":"","width":0,"height":0},"classes":[]},{"id":2626,"url":"https:\/\/diariodegarca.com\/?p=2626","url_meta":{"origin":3008,"position":5},"title":"Empreendedores de Gar\u00e7a podem aprimorar presen\u00e7a digital em curso gratuito presencial","author":"Di\u00e1rio de Gar\u00e7a","date":"13 de mar\u00e7o de 2025","format":false,"excerpt":"A Secretaria Municipal de Desenvolvimento Econ\u00f4mico e Turismo de Gar\u00e7a promove, entre os dias 31 de mar\u00e7o e 4 de abril, o curso \"Seja Digital: Supere seus Limites!\", voltado para empreendedores que desejam fortalecer sua presen\u00e7a online. O evento ser\u00e1 presencial, com encontros di\u00e1rios \u00e0s 19h, na sede da Secretaria,\u2026","rel":"","context":"Em &quot;Brasil&quot;","block_context":{"text":"Brasil","link":"https:\/\/diariodegarca.com\/?cat=38185"},"img":{"alt_text":"","src":"","width":0,"height":0},"classes":[]}],"_links":{"self":[{"href":"https:\/\/diariodegarca.com\/index.php?rest_route=\/wp\/v2\/posts\/3008","targetHints":{"allow":["GET"]}}],"collection":[{"href":"https:\/\/diariodegarca.com\/index.php?rest_route=\/wp\/v2\/posts"}],"about":[{"href":"https:\/\/diariodegarca.com\/index.php?rest_route=\/wp\/v2\/types\/post"}],"author":[{"embeddable":true,"href":"https:\/\/diariodegarca.com\/index.php?rest_route=\/wp\/v2\/users\/260896546"}],"replies":[{"embeddable":true,"href":"https:\/\/diariodegarca.com\/index.php?rest_route=%2Fwp%2Fv2%2Fcomments&post=3008"}],"version-history":[{"count":0,"href":"https:\/\/diariodegarca.com\/index.php?rest_route=\/wp\/v2\/posts\/3008\/revisions"}],"wp:attachment":[{"href":"https:\/\/diariodegarca.com\/index.php?rest_route=%2Fwp%2Fv2%2Fmedia&parent=3008"}],"wp:term":[{"taxonomy":"category","embeddable":true,"href":"https:\/\/diariodegarca.com\/index.php?rest_route=%2Fwp%2Fv2%2Fcategories&post=3008"},{"taxonomy":"post_tag","embeddable":true,"href":"https:\/\/diariodegarca.com\/index.php?rest_route=%2Fwp%2Fv2%2Ftags&post=3008"}],"curies":[{"name":"wp","href":"https:\/\/api.w.org\/{rel}","templated":true}]}}