{"id":3026,"date":"2025-05-21T14:43:44","date_gmt":"2025-05-21T17:43:44","guid":{"rendered":"https:\/\/diariodegarca.com\/?p=3026"},"modified":"2025-05-21T15:14:47","modified_gmt":"2025-05-21T18:14:47","slug":"cooperativa-recicla-garca-suspende-suas-operacoes-e-alerta-para-impacto-socioambiental-no-municipio","status":"publish","type":"post","link":"https:\/\/diariodegarca.com\/?p=3026","title":{"rendered":"Cooperativa Recicla Gar\u00e7a suspende suas opera\u00e7\u00f5es e alerta para impacto socioambiental no munic\u00edpio"},"content":{"rendered":"\n<p class=\"wp-block-paragraph\"><em>Em paralisa\u00e7\u00e3o desde 12 de mar\u00e7o por falta de recursos financeiros, a cooperativa de reciclagem enfrenta crise que amea\u00e7a a dignidade dos catadores e a continuidade da Recicla Gar\u00e7a.<\/em><\/p>\n\n\n\n<p class=\"wp-block-paragraph\">A Recicla Gar\u00e7a, refer\u00eancia em reciclagem de coleta seletiva no estado de S\u00e3o Paulo, vive seu momento mais dif\u00edcil desde a sua inaugura\u00e7\u00e3o, em 2021. A cooperativa de catadores est\u00e1 com as opera\u00e7\u00f5es suspensas temporariamente desde 12 de mar\u00e7o, devido \u00e0 falta de recursos financeiros para sua opera\u00e7\u00e3o.<\/p>\n\n\n\n<p class=\"wp-block-paragraph\">Apesar de in\u00fameras tentativas de di\u00e1logo com a Secretaria de Agricultura e Meio Ambiente e a Prefeitura, a gest\u00e3o alega inviabilidade de pagamento \u00e0 cooperativa pelos servi\u00e7os ambientais que prestam, boa pr\u00e1tica amplamente recomendada por diversos \u00f3rg\u00e3os de controle em todo o Brasil. Sem os aportes financeiros da Prefeitura, a Recicla Gar\u00e7a corre risco de encerrar suas atividades, deixando os cooperados em situa\u00e7\u00e3o de vulnerabilidade socioecon\u00f4mica e desmontando uma pol\u00edtica p\u00fablica que vem sendo constru\u00edda h\u00e1 anos na cidade.<\/p>\n\n\n\n<p class=\"wp-block-paragraph\">\u201cBuscamos construir uma solu\u00e7\u00e3o definitiva em parceria com a Prefeitura. Desenhamos planos de trabalhos visando atender a demanda do projeto com todo respaldo t\u00e9cnico e aprovado pela cooperativa, com seguran\u00e7a e condi\u00e7\u00f5es dignas de trabalho aos catadores. O munic\u00edpio tende a perder no quesito sustentabilidade sem a cooperativa, impactando diretamente as fam\u00edlias vinculadas \u00e0 Recicla Gar\u00e7a, que puderam promover uma mudan\u00e7a em suas vidas e, ao mesmo tempo, oferecer a seus filhos um futuro digno. Quanto mais mun\u00edcipes, empresas e entidades locais abra\u00e7ando a causa da Recicla Gar\u00e7a, mais voz se d\u00e1 a relev\u00e2ncia do tema na sociedade\u201d, comenta Cau\u00ea Pelegrineli, l\u00edder de Unidade da Recicla Gar\u00e7a.<\/p>\n\n\n\n<p class=\"wp-block-paragraph\">A Recicla Gar\u00e7a vem operando no munic\u00edpio desde 2021, e se dedicando a diversas a\u00e7\u00f5es socioambientais na cidade. \u00c9 a respons\u00e1vel por a\u00e7\u00f5es de conscientiza\u00e7\u00e3o desde ent\u00e3o, visitando resid\u00eancias, com\u00e9rcios, escolas, tudo para criar uma cultura de reciclagem em Gar\u00e7a. A gest\u00e3o do prefeito Faneco alega que a opera\u00e7\u00e3o da Recicla Gar\u00e7a \u00e9 cara e que vai conseguir manter a destina\u00e7\u00e3o ambientalmente adequada da coleta seletiva por meio de uma nova cooperativa que supostamente vai conseguir manter a viabilidade e a dignidade dos trabalhadores apenas com a comercializa\u00e7\u00e3o dos materiais coletados, mesmo sem apresentar qualquer estudo t\u00e9cnico de viabilidade que comprove sua teoria e n\u00e3o havendo precedentes de que isso seja poss\u00edvel em outras localidades do Brasil.<\/p>\n\n\n\n<p class=\"wp-block-paragraph\">\u201cN\u00e3o foi apresentado qualquer estudo que demonstre que \u00e9 poss\u00edvel fazer o trabalho que \u00e9 feito na Recicla Gar\u00e7a sem o pagamento pelo servi\u00e7o prestado pelos catadores. A cooperativa conta atualmente com uma infraestrutura modelo, dif\u00edcil de encontrar em outras cidades nesse n\u00edvel que foi montado aqui em Gar\u00e7a. Essa infraestrutura permite \u00e0 cooperativa produzir com m\u00e1xima efici\u00eancia e o menor custo por tonelada. O que foi apresentado para a prefeitura \u00e9 uma conta com a remunera\u00e7\u00e3o de um sal\u00e1rio m\u00ednimo por catador, pagamento de INSS, equipamentos de prote\u00e7\u00e3o individual e as despesas b\u00e1sicas do galp\u00e3o, descontada a receita com venda dos materiais. \u00c9 o m\u00ednimo de dignidade para um trabalho feito com dedica\u00e7\u00e3o, qualidade e grandes benef\u00edcios para a sociedade\u201d, contextualiza Erich Burger, diretor do Instituto Recicleiros.<\/p>\n\n\n\n<p class=\"wp-block-paragraph\">Toda a infraestrutura da cooperativa foi instalada sem qualquer investimento do munic\u00edpio, com recursos de fontes privadas, deixando \u00e0 disposi\u00e7\u00e3o da cidade toda uma capacidade instalada para colaborar com o desvio de materiais recicl\u00e1veis do aterro sanit\u00e1rio, o que poupa o meio ambiente e poupa recursos financeiros para o munic\u00edpio.<\/p>\n\n\n\n<p class=\"wp-block-paragraph\">\u201cGar\u00e7a est\u00e1 perdendo aquilo que muitos munic\u00edpios sonham em ter. \u00c9 uma postura contest\u00e1vel da administra\u00e7\u00e3o municipal\u201d, refor\u00e7a Burger.<\/p>\n\n\n\n<p class=\"wp-block-paragraph\"><strong>Impacto Social e Ambiental<\/strong><\/p>\n\n\n\n<p class=\"wp-block-paragraph\"><strong>Desemprego e exclus\u00e3o:<\/strong> alguns cooperados(as) j\u00e1 come\u00e7am a deixar a cooperativa por falta de remunera\u00e7\u00e3o, incluindo membros da diretoria outrora estabelecida. Hoje, o grupo ainda resiste, apesar de toda a dificuldade do momento, na esperan\u00e7a de uma solu\u00e7\u00e3o que permita o retorno das opera\u00e7\u00f5es.<\/p>\n\n\n\n<p class=\"wp-block-paragraph\"><strong>Contrato emergencial com empresa privada:<\/strong> a coleta seletiva continua sendo feita por empresa terceirizada, mas os materiais coletados est\u00e3o sendo destinados por meio de um contrato emergencial question\u00e1vel, uma vez que a Recicla Gar\u00e7a estava operando com toda a documenta\u00e7\u00e3o e condi\u00e7\u00f5es de atender a prefeitura, n\u00e3o havendo assim emerg\u00eancia que justificasse o contrato neste formato. Inclusive, o caminh\u00e3o da terceirizada segue com&nbsp; a identidade da Recicla Gar\u00e7a (jingle, adesiva\u00e7\u00e3o e roteiriza\u00e7\u00e3o), sem contrapartida para os catadores locais.<\/p>\n\n\n\n<p class=\"wp-block-paragraph\"><strong>Retrocesso social e ambiental:<\/strong> sem a atua\u00e7\u00e3o da cooperativa, Gar\u00e7a perde um pilar fundamental na gest\u00e3o de res\u00edduos s\u00f3lidos, j\u00e1 que a Recicla Gar\u00e7a opera com qualidade h\u00e1 anos, sem sazonalidades e com ampla abrang\u00eancia em termos de materiais, inclusive viabilizando a coleta do vidro para reciclagem.<\/p>\n\n\n\n<p class=\"wp-block-paragraph\">\u201cDepois que entrei na cooperativa Recicla Gar\u00e7a trabalho na sombra, uso luva, m\u00e1scara, bebo \u00e1gua fresca, e conquistei v\u00e1rias coisas como geladeira, fog\u00e3o e tanquinho. Trabalhar na cooperativa me permite comer melhor e dar o melhor para minha fam\u00edlia. Na minha vis\u00e3o, a Recicla Gar\u00e7a deixa a cidade mais limpa e garante renda para fam\u00edlias de baixa renda. \u00c9 daqui que tiro o meu sustento\u201d, conta Maria de Nazareth Alves, 60 anos, cooperada da Recicla Gar\u00e7a.<\/p>\n\n\n\n<p class=\"wp-block-paragraph\"><strong>Sobre a cooperativa Recicla Gar\u00e7a<\/strong><\/p>\n\n\n\n<p class=\"wp-block-paragraph\">Fundada em 2021, a cooperativa tem capacidade produtiva para processar at\u00e9 240 toneladas por m\u00eas. Atua em parceria com a prefeitura, empresas locais e o Instituto Recicleiros, promovendo economia circular e inclus\u00e3o social, beneficiando a cidade e os mun\u00edcipes. No ano passado, foram 221 a\u00e7\u00f5es de mobiliza\u00e7\u00e3o e educa\u00e7\u00e3o ambiental com quase 17 mil pessoas mobilizadas presencialmente e 205 toneladas de material destinado para a reciclagem, atingindo 85% da popula\u00e7\u00e3o.<\/p>\n","protected":false},"excerpt":{"rendered":"<p>Em paralisa\u00e7\u00e3o desde 12 de mar\u00e7o por falta de recursos financeiros, a cooperativa de reciclagem enfrenta crise que amea\u00e7a a dignidade dos catadores e a continuidade da Recicla Gar\u00e7a. A Recicla Gar\u00e7a, refer\u00eancia em reciclagem de coleta seletiva no estado de S\u00e3o Paulo, vive seu momento mais dif\u00edcil desde a sua inaugura\u00e7\u00e3o, em 2021. A [&hellip;]<\/p>\n","protected":false},"author":260896546,"featured_media":3027,"comment_status":"open","ping_status":"open","sticky":false,"template":"","format":"standard","meta":{"_crdt_document":"","_monsterinsights_skip_tracking":false,"_monsterinsights_sitenote_active":false,"_monsterinsights_sitenote_note":"","_monsterinsights_sitenote_category":0,"advanced_seo_description":"","jetpack_seo_html_title":"","jetpack_seo_noindex":false,"_jetpack_newsletter_access":"","_jetpack_dont_email_post_to_subs":false,"_jetpack_newsletter_tier_id":0,"_jetpack_memberships_contains_paywalled_content":false,"_jetpack_memberships_contains_paid_content":false,"footnotes":"","jetpack_publicize_message":"\ud83d\udce2 Recicla Gar\u00e7a suspende opera\u00e7\u00f5es e alerta para impacto socioambiental\n\nDesde 12\/03, a Cooperativa Recicla Gar\u00e7a est\u00e1 paralisada por falta de recursos, colocando em risco a renda de catadores e a pol\u00edtica de reciclagem no munic\u00edpio. \ud83d\udea8\n\n\ud83d\udd39 Sem apoio da prefeitura, a cooperativa \u2013 refer\u00eancia em SP \u2013 pode fechar, deixando fam\u00edlias em vulnerabilidade e prejudicando o meio ambiente.\n\ud83d\udd39 A gest\u00e3o municipal alega \"custo alto\", mas n\u00e3o apresenta estudos que comprovem a viabilidade de outra solu\u00e7\u00e3o.\n\ud83d\udd39 A Recicla Gar\u00e7a j\u00e1 mobilizou 17 mil pessoas em a\u00e7\u00f5es de educa\u00e7\u00e3o ambiental e destinou 205 toneladas de recicl\u00e1veis em 2023.\n\n\ud83d\udcac \"\u00c9 daqui que tiro meu sustento. Trabalhar na cooperativa me permite dar o melhor para minha fam\u00edlia\" \u2013 Maria de Nazareth, cooperada.\n\n\u270a A cidade pode perder um projeto que \u00e9 modelo no Brasil. \u00c9 hora de pressionar por uma solu\u00e7\u00e3o!\n\n#ReciclaGar\u00e7a #Sustentabilidade #MeioAmbiente #Reciclagem #Justi\u00e7aSocial #Gar\u00e7aSP #Cooperativa #Catadores @reciclagarca @recicleiros","jetpack_publicize_feature_enabled":true,"jetpack_social_post_already_shared":false,"jetpack_social_options":{"image_generator_settings":{"template":"highway","default_image_id":0,"enabled":false},"version":2},"_wpas_customize_per_network":false,"jetpack_post_was_ever_published":false},"categories":[781171664,15243],"tags":[912289,781171796,132452],"class_list":["post-3026","post","type-post","status-publish","format-standard","has-post-thumbnail","hentry","category-garca-cidade","category-meio-ambiente","tag-garca","tag-meio-ambiente","tag-reciclagem"],"jetpack_publicize_connections":[],"jetpack_featured_media_url":"https:\/\/i0.wp.com\/diariodegarca.com\/wp-content\/uploads\/2025\/05\/instalacoes-da-recicla-garca.png?fit=599%2C333&ssl=1","jetpack_likes_enabled":true,"jetpack_sharing_enabled":true,"jetpack_shortlink":"https:\/\/wp.me\/pgitne-MO","jetpack-related-posts":[{"id":2528,"url":"https:\/\/diariodegarca.com\/?p=2528","url_meta":{"origin":3026,"position":0},"title":"Paralisa\u00e7\u00e3o da Recicla Gar\u00e7a entra em pauta na C\u00e2mara, enquanto Prefeitura evita dar esclarecimentos","author":"Di\u00e1rio de Gar\u00e7a","date":"28 de mar\u00e7o de 2025","format":false,"excerpt":"Na 8\u00aa sess\u00e3o ordin\u00e1ria da C\u00e2mara Municipal de Gar\u00e7a, realizada em 24 de mar\u00e7o, a vereadora Elaine Oliveira apresentou o Requerimento 279\/2025, solicitando a convoca\u00e7\u00e3o de um representante da Cooperativa Recicla Gar\u00e7a para prestar esclarecimentos sobre a paralisa\u00e7\u00e3o tempor\u00e1ria de suas atividades e da usina de reciclagem operada pela cooperativa.\u2026","rel":"","context":"Em &quot;Brasil&quot;","block_context":{"text":"Brasil","link":"https:\/\/diariodegarca.com\/?cat=38185"},"img":{"alt_text":"","src":"","width":0,"height":0},"classes":[]},{"id":6520,"url":"https:\/\/diariodegarca.com\/?p=6520","url_meta":{"origin":3026,"position":1},"title":"MP instaura inqu\u00e9rito contra Prefeitura de Gar\u00e7a por poss\u00edveis irregularidades na gest\u00e3o de res\u00edduos","author":"Di\u00e1rio de Gar\u00e7a","date":"11 de setembro de 2025","format":false,"excerpt":"Procedimento apura descumprimento da Pol\u00edtica Nacional de Res\u00edduos S\u00f3lidos; munic\u00edpio tem 30 dias para se manifestar. Caso foi tema de discuss\u00e3o na C\u00e2mara e seguia sem solu\u00e7\u00e3o. O Minist\u00e9rio P\u00fablico do Estado de S\u00e3o Paulo (MP-SP), por meio da 1\u00aa Promotoria de Justi\u00e7a de Gar\u00e7a, instaurou um inqu\u00e9rito civil p\u00fablico\u2026","rel":"","context":"Em &quot;Fiscaliza\u00e7\u00e3o&quot;","block_context":{"text":"Fiscaliza\u00e7\u00e3o","link":"https:\/\/diariodegarca.com\/?cat=1192752"},"img":{"alt_text":"","src":"https:\/\/i0.wp.com\/diariodegarca.com\/wp-content\/uploads\/2025\/09\/imagem6.jpg?fit=601%2C451&ssl=1&resize=350%2C200","width":350,"height":200,"srcset":"https:\/\/i0.wp.com\/diariodegarca.com\/wp-content\/uploads\/2025\/09\/imagem6.jpg?fit=601%2C451&ssl=1&resize=350%2C200 1x, https:\/\/i0.wp.com\/diariodegarca.com\/wp-content\/uploads\/2025\/09\/imagem6.jpg?fit=601%2C451&ssl=1&resize=525%2C300 1.5x"},"classes":[]},{"id":2630,"url":"https:\/\/diariodegarca.com\/?p=2630","url_meta":{"origin":3026,"position":2},"title":"Cooperativa Recicla Gar\u00e7a anuncia paralisa\u00e7\u00e3o tempor\u00e1ria, enquanto Prefeitura nega impactos na coleta seletiva","author":"Di\u00e1rio de Gar\u00e7a","date":"13 de mar\u00e7o de 2025","format":false,"excerpt":"A Cooperativa Recicla Gar\u00e7a, respons\u00e1vel pelo processamento de materiais recicl\u00e1veis coletados na cidade, anunciou a paralisa\u00e7\u00e3o tempor\u00e1ria de suas atividades a partir desta quinta-feira, 13 de mar\u00e7o. A decis\u00e3o foi tomada devido a dificuldades financeiras que impedem a manuten\u00e7\u00e3o dos funcion\u00e1rios e o pagamento justo aos cooperados. No entanto, a\u2026","rel":"","context":"Em &quot;Brasil&quot;","block_context":{"text":"Brasil","link":"https:\/\/diariodegarca.com\/?cat=38185"},"img":{"alt_text":"","src":"","width":0,"height":0},"classes":[]},{"id":2335,"url":"https:\/\/diariodegarca.com\/?p=2335","url_meta":{"origin":3026,"position":3},"title":"Pesquisa do IBGE avan\u00e7a na an\u00e1lise do saneamento b\u00e1sico e impactos ambientais","author":"Di\u00e1rio de Gar\u00e7a","date":"17 de abril de 2025","format":false,"excerpt":"A coleta de dados da\u00a0Pesquisa Nacional de Saneamento B\u00e1sico (PNSB) 2024, organizada pelo Instituto Brasileiro de Geografia e Estat\u00edstica (IBGE) segue sendo estudada para mapear a situa\u00e7\u00e3o do manejo de res\u00edduos s\u00f3lidos e da drenagem urbana em todos os\u00a05.571 munic\u00edpios brasileiros. A pesquisa, que deve se estender at\u00e9 outubro, trar\u00e1\u2026","rel":"","context":"Em &quot;Brasil&quot;","block_context":{"text":"Brasil","link":"https:\/\/diariodegarca.com\/?cat=38185"},"img":{"alt_text":"","src":"https:\/\/i0.wp.com\/blogger.googleusercontent.com\/img\/b\/R29vZ2xl\/AVvXsEjgYumUXZaCeSAGZwhh_MjHutSPTZ8T8TnK4jm3j6HXG6m6wk21mylv7QFGUB4hthj46nZ92-YrO2dJfQne4hpfY303D0qOXX3DN74_ORTxK_sN37Ip3UU9aodJFyWzzkKR5JtQ7EvLxnHsgpw3oORZX94lAsusw_5FcuAPBDTfwAvje6hfoOAu_i_RaZI\/s320\/PNSB_HOME_Agencia-Belem.jpg?resize=350%2C200&ssl=1","width":350,"height":200},"classes":[]},{"id":9551,"url":"https:\/\/diariodegarca.com\/?p=9551","url_meta":{"origin":3026,"position":4},"title":"C\u00e2mara de Gar\u00e7a encerra ano com debates sobre \u00e1gua, reciclagem e \u00e9tica legislativa","author":"Andreza Sega","date":"16 de dezembro de 2025","format":false,"excerpt":"Em sess\u00e3o ordin\u00e1ria e extraordin\u00e1ria, vereadores aprovaram projetos de doa\u00e7\u00e3o de terrenos, melhorias ambientais e cr\u00e9dito para entidade assistencial, al\u00e9m de discutirem problemas cr\u00f4nicos de infraestrutura. A 42\u00aa Sess\u00e3o Ordin\u00e1ria da C\u00e2mara Municipal de Gar\u00e7a, realizada na \u00faltima segunda-feira, 15 de dezembro, marcou o encerramento dos trabalhos legislativos deste ano.\u2026","rel":"","context":"Em &quot;Gar\u00e7a&quot;","block_context":{"text":"Gar\u00e7a","link":"https:\/\/diariodegarca.com\/?cat=781171664"},"img":{"alt_text":"","src":"https:\/\/i0.wp.com\/diariodegarca.com\/wp-content\/uploads\/2025\/12\/camara-42.jpg?fit=687%2C349&ssl=1&resize=350%2C200","width":350,"height":200,"srcset":"https:\/\/i0.wp.com\/diariodegarca.com\/wp-content\/uploads\/2025\/12\/camara-42.jpg?fit=687%2C349&ssl=1&resize=350%2C200 1x, https:\/\/i0.wp.com\/diariodegarca.com\/wp-content\/uploads\/2025\/12\/camara-42.jpg?fit=687%2C349&ssl=1&resize=525%2C300 1.5x"},"classes":[]},{"id":3950,"url":"https:\/\/diariodegarca.com\/?p=3950","url_meta":{"origin":3026,"position":5},"title":"Junho Verde: m\u00eas de conscientiza\u00e7\u00e3o sobre o meio ambiente e sa\u00fade planet\u00e1ria","author":"Di\u00e1rio de Gar\u00e7a","date":"15 de junho de 2025","format":false,"excerpt":"Campanha busca alertar a popula\u00e7\u00e3o sobre a import\u00e2ncia da preserva\u00e7\u00e3o ambiental e sua rela\u00e7\u00e3o direta com a sa\u00fade humana e o futuro do planeta. O\u00a0Junho Verde\u00a0\u00e9 uma campanha de conscientiza\u00e7\u00e3o dedicada \u00e0 reflex\u00e3o sobre a import\u00e2ncia do meio ambiente e \u00e0 promo\u00e7\u00e3o de a\u00e7\u00f5es sustent\u00e1veis. Criado para coincidir com o\u00a0Dia\u2026","rel":"","context":"Em &quot;Campanha mensal&quot;","block_context":{"text":"Campanha mensal","link":"https:\/\/diariodegarca.com\/?cat=582590134"},"img":{"alt_text":"","src":"https:\/\/i0.wp.com\/diariodegarca.com\/wp-content\/uploads\/2025\/06\/conservacao-ambiental-no-jardim-para-criancas.jpg?fit=1200%2C800&ssl=1&resize=350%2C200","width":350,"height":200,"srcset":"https:\/\/i0.wp.com\/diariodegarca.com\/wp-content\/uploads\/2025\/06\/conservacao-ambiental-no-jardim-para-criancas.jpg?fit=1200%2C800&ssl=1&resize=350%2C200 1x, https:\/\/i0.wp.com\/diariodegarca.com\/wp-content\/uploads\/2025\/06\/conservacao-ambiental-no-jardim-para-criancas.jpg?fit=1200%2C800&ssl=1&resize=525%2C300 1.5x, https:\/\/i0.wp.com\/diariodegarca.com\/wp-content\/uploads\/2025\/06\/conservacao-ambiental-no-jardim-para-criancas.jpg?fit=1200%2C800&ssl=1&resize=700%2C400 2x, https:\/\/i0.wp.com\/diariodegarca.com\/wp-content\/uploads\/2025\/06\/conservacao-ambiental-no-jardim-para-criancas.jpg?fit=1200%2C800&ssl=1&resize=1050%2C600 3x"},"classes":[]}],"_links":{"self":[{"href":"https:\/\/diariodegarca.com\/index.php?rest_route=\/wp\/v2\/posts\/3026","targetHints":{"allow":["GET"]}}],"collection":[{"href":"https:\/\/diariodegarca.com\/index.php?rest_route=\/wp\/v2\/posts"}],"about":[{"href":"https:\/\/diariodegarca.com\/index.php?rest_route=\/wp\/v2\/types\/post"}],"author":[{"embeddable":true,"href":"https:\/\/diariodegarca.com\/index.php?rest_route=\/wp\/v2\/users\/260896546"}],"replies":[{"embeddable":true,"href":"https:\/\/diariodegarca.com\/index.php?rest_route=%2Fwp%2Fv2%2Fcomments&post=3026"}],"version-history":[{"count":2,"href":"https:\/\/diariodegarca.com\/index.php?rest_route=\/wp\/v2\/posts\/3026\/revisions"}],"predecessor-version":[{"id":3029,"href":"https:\/\/diariodegarca.com\/index.php?rest_route=\/wp\/v2\/posts\/3026\/revisions\/3029"}],"wp:featuredmedia":[{"embeddable":true,"href":"https:\/\/diariodegarca.com\/index.php?rest_route=\/wp\/v2\/media\/3027"}],"wp:attachment":[{"href":"https:\/\/diariodegarca.com\/index.php?rest_route=%2Fwp%2Fv2%2Fmedia&parent=3026"}],"wp:term":[{"taxonomy":"category","embeddable":true,"href":"https:\/\/diariodegarca.com\/index.php?rest_route=%2Fwp%2Fv2%2Fcategories&post=3026"},{"taxonomy":"post_tag","embeddable":true,"href":"https:\/\/diariodegarca.com\/index.php?rest_route=%2Fwp%2Fv2%2Ftags&post=3026"}],"curies":[{"name":"wp","href":"https:\/\/api.w.org\/{rel}","templated":true}]}}