{"id":3231,"date":"2025-05-22T10:56:29","date_gmt":"2025-05-22T13:56:29","guid":{"rendered":"https:\/\/diariodegarca.com\/?p=3231"},"modified":"2025-07-05T20:10:26","modified_gmt":"2025-07-05T23:10:26","slug":"astrominas-2025-projeto-da-usp-incentiva-meninas-a-explorarem-a-astronomia-e-ciencias","status":"publish","type":"post","link":"https:\/\/diariodegarca.com\/?p=3231","title":{"rendered":"Astrominas 2025: Projeto da USP incentiva meninas a explorarem a astronomia e ci\u00eancias"},"content":{"rendered":"\n<p class=\"wp-block-paragraph\"><em>Iniciativa online e gratuita oferece forma\u00e7\u00e3o em astronomia e outras \u00e1reas cient\u00edficas para jovens de 14 a 17 anos, com mentoria de pesquisadoras da USP e outras universidades.<\/em><\/p>\n\n\n\n<figure class=\"wp-block-gallery has-nested-images columns-default is-cropped wp-block-gallery-1 is-layout-flex wp-block-gallery-is-layout-flex\">\n<figure class=\"wp-block-image size-large\"><img data-recalc-dims=\"1\" decoding=\"async\" data-id=\"3234\" src=\"https:\/\/i0.wp.com\/diariodegarca.com\/wp-content\/uploads\/2025\/05\/astrominas-1.png?w=800&#038;ssl=1\" alt=\"\" class=\"wp-image-3234\" \/><\/figure>\n<\/figure>\n\n\n\n<p class=\"wp-block-paragraph\">Meninas apaixonadas por ci\u00eancia e astronomia t\u00eam at\u00e9&nbsp;<strong>8 de junho<\/strong>&nbsp;para se inscrever no&nbsp;<strong>Astrominas 2025<\/strong>, projeto desenvolvido pelo&nbsp;<strong>Instituto de Astronomia, Geof\u00edsica e Ci\u00eancias Atmosf\u00e9ricas (IAG) da USP<\/strong>. A iniciativa, que j\u00e1 est\u00e1 em sua sexta edi\u00e7\u00e3o, tem como objetivo&nbsp;<strong>estimular a participa\u00e7\u00e3o feminina nas ci\u00eancias<\/strong>, oferecendo uma imers\u00e3o em astronomia, f\u00edsica, matem\u00e1tica e outras disciplinas de forma l\u00fadica e acess\u00edvel.<\/p>\n\n\n\n<p class=\"wp-block-paragraph\">Com&nbsp;<strong>400 vagas dispon\u00edveis<\/strong>&nbsp;(podendo aumentar conforme o n\u00famero de volunt\u00e1rias), o projeto \u00e9 voltado para estudantes&nbsp;<strong>entre 14 e 17 anos<\/strong>, matriculadas em escolas p\u00fablicas ou privadas de todo o Brasil. As atividades ser\u00e3o realizadas&nbsp;<strong>online, entre 12 de julho e 1\u00ba de agosto<\/strong>, com carga hor\u00e1ria di\u00e1ria de&nbsp;<strong>3 a 4 horas<\/strong>.<\/p>\n\n\n\n<h3 class=\"wp-block-heading\"><strong>Mentoria de cientistas e empoderamento feminino<\/strong><\/h3>\n\n\n\n<figure class=\"wp-block-gallery has-nested-images columns-default is-cropped wp-block-gallery-2 is-layout-flex wp-block-gallery-is-layout-flex\">\n<figure class=\"wp-block-image size-large\"><img data-recalc-dims=\"1\" decoding=\"async\" data-id=\"3236\" src=\"https:\/\/i0.wp.com\/diariodegarca.com\/wp-content\/uploads\/2025\/05\/time-astrominas.png?w=800&#038;ssl=1\" alt=\"\" class=\"wp-image-3236\" \/><\/figure>\n<\/figure>\n\n\n\n<p class=\"wp-block-paragraph\">As participantes ter\u00e3o a oportunidade de aprender com&nbsp;<strong>pesquisadoras graduadas, mestras, doutoras e p\u00f3s-doutoras<\/strong>&nbsp;\u2013 batizadas carinhosamente de&nbsp;<strong>&#8220;fadas madrinhas&#8221;<\/strong>&nbsp;\u2013, majoritariamente da USP, mas tamb\u00e9m de outras institui\u00e7\u00f5es. Al\u00e9m do conte\u00fado cient\u00edfico, o projeto aborda&nbsp;<strong>desafios enfrentados por mulheres na ci\u00eancia<\/strong>, preparando as jovens para os obst\u00e1culos acad\u00eamicos e profissionais que podem encontrar no futuro.<\/p>\n\n\n\n<p class=\"wp-block-paragraph\"><em>\u201cA Academia ainda \u00e9 um ambiente hostil. Por mais que a gente tenha avan\u00e7ado, falta equidade. Queremos preparar essas meninas para que saibam qual \u00e9 a luta, quais direitos elas t\u00eam e quais ainda precisam conquistar\u201d<\/em>, explica&nbsp;<strong>Elysandra Cypriano<\/strong>, coordenadora do Astrominas.<\/p>\n\n\n\n<h3 class=\"wp-block-heading\"><strong>Como participar?<\/strong><\/h3>\n\n\n\n<p class=\"wp-block-paragraph\">As inscri\u00e7\u00f5es devem ser feitas por meio de um\u00a0<strong><a href=\"https:\/\/docs.google.com\/forms\/d\/e\/1FAIpQLSeFpPSgr2kshsQAkcO1V8FaWqM3Sy1URHlNFxXjiTiX2QpRvQ\/viewform\">formul\u00e1rio online<\/a><\/strong>\u00a0at\u00e9\u00a0<strong>8 de junho<\/strong>, e as vagas ser\u00e3o sorteadas. Para concorrer, \u00e9 necess\u00e1rio:<\/p>\n\n\n\n<ul class=\"wp-block-list\">\n<li>Identificar-se com o g\u00eanero feminino;<\/li>\n\n\n\n<li>Ter entre 14 e 17 anos completos at\u00e9 12\/07\/2025;<\/li>\n\n\n\n<li>Estar matriculada em uma escola de Educa\u00e7\u00e3o B\u00e1sica (incluindo ETECs);<\/li>\n\n\n\n<li>Ter acesso a um dispositivo com internet para v\u00eddeos e discuss\u00f5es no WhatsApp.<\/li>\n<\/ul>\n\n\n\n<p class=\"wp-block-paragraph\">As participantes que conclu\u00edrem todas as atividades receber\u00e3o um&nbsp;<strong>certificado digital da USP<\/strong>. Mais informa\u00e7\u00f5es e o link para inscri\u00e7\u00e3o est\u00e3o dispon\u00edveis no&nbsp;<strong><a href=\"https:\/\/sites.usp.br\/astrominas\/\" target=\"_blank\" rel=\"noreferrer noopener\">site oficial do projeto<\/a><\/strong>.<\/p>\n\n\n\n<h3 class=\"wp-block-heading\"><strong>Sobre o Astrominas<\/strong><\/h3>\n\n\n\n<p class=\"wp-block-paragraph\">Criado em 2019, o Astrominas surgiu como uma forma de&nbsp;<strong>desconstruir a ideia de que ci\u00eancias exatas n\u00e3o s\u00e3o para meninas<\/strong>, usando a astronomia \u2013 uma \u00e1rea interdisciplinar e fascinante \u2013 como porta de entrada para outras disciplinas cient\u00edficas. Al\u00e9m de estimular carreiras em STEM (Ci\u00eancia, Tecnologia, Engenharia e Matem\u00e1tica), o projeto busca&nbsp;<strong>empoderar as jovens para o exerc\u00edcio da cidadania<\/strong>, mostrando que o conhecimento cient\u00edfico \u00e9 para todos.<\/p>\n","protected":false},"excerpt":{"rendered":"<p>Iniciativa online e gratuita oferece forma\u00e7\u00e3o em astronomia e outras \u00e1reas cient\u00edficas para jovens de 14 a 17 anos, com mentoria de pesquisadoras da USP e outras universidades. Meninas apaixonadas por ci\u00eancia e astronomia t\u00eam at\u00e9&nbsp;8 de junho&nbsp;para se inscrever no&nbsp;Astrominas 2025, projeto desenvolvido pelo&nbsp;Instituto de Astronomia, Geof\u00edsica e Ci\u00eancias Atmosf\u00e9ricas (IAG) da USP. A [&hellip;]<\/p>\n","protected":false},"author":260896546,"featured_media":0,"comment_status":"open","ping_status":"open","sticky":false,"template":"","format":"standard","meta":{"_crdt_document":"","_monsterinsights_skip_tracking":false,"_monsterinsights_sitenote_active":false,"_monsterinsights_sitenote_note":"","_monsterinsights_sitenote_category":0,"advanced_seo_description":"","jetpack_seo_html_title":"","jetpack_seo_noindex":false,"_jetpack_newsletter_access":"","_jetpack_dont_email_post_to_subs":false,"_jetpack_newsletter_tier_id":0,"_jetpack_memberships_contains_paywalled_content":false,"_jetpack_memberships_contains_paid_content":false,"footnotes":"","jetpack_publicize_message":"\u2728 Astrominas 2025: USP abre inscri\u00e7\u00f5es para projeto de astronomia para meninas! \u2728\n\nSe voc\u00ea tem entre 14 e 17 anos e ama ci\u00eancia, essa \u00e9 sua chance! O Astrominas, projeto da USP, est\u00e1 com inscri\u00e7\u00f5es abertas at\u00e9 8\/06 para uma imers\u00e3o online em astronomia, f\u00edsica e muito mais, com mentoria de cientistas mulheres.\n\n\ud83d\udcc5 Quando? 12\/07 a 01\/08\n\ud83c\udfaf Para quem? Meninas de escolas p\u00fablicas ou privadas\n\ud83d\udcf2 Inscri\u00e7\u00f5es: Formul\u00e1rio online (vagas por sorteio)\n\n\ud83d\udca1 Por que participar?\n\u2705 Aprender com pesquisadoras da USP\n\u2705 Explorar carreiras cient\u00edficas\n\u2705 Ganhar certificado digital\n\n\ud83d\udd17 Saiba mais e inscreva-se: diariodegarca.com\n\n#Astrominas #USP #MeninasNaCi\u00eancia #Astronomia #STEM #Educa\u00e7\u00e3o @astrominas @usp.iag","jetpack_publicize_feature_enabled":true,"jetpack_social_post_already_shared":false,"jetpack_social_options":{"image_generator_settings":{"template":"highway","default_image_id":0,"enabled":false},"version":2},"_wpas_customize_per_network":false,"jetpack_post_was_ever_published":false},"categories":[38185,3213,36947,17964,91066845],"tags":[781171791],"class_list":["post-3231","post","type-post","status-publish","format-standard","hentry","category-brasil","category-ciencia","category-curso","category-educacao","category-online-curso","tag-ciencia"],"jetpack_publicize_connections":[],"jetpack_featured_media_url":"","jetpack_likes_enabled":true,"jetpack_sharing_enabled":true,"jetpack_shortlink":"https:\/\/wp.me\/pgitne-Q7","jetpack-related-posts":[{"id":4093,"url":"https:\/\/diariodegarca.com\/?p=4093","url_meta":{"origin":3231,"position":0},"title":"\u00daltimos Dias para Inscri\u00e7\u00f5es no Projeto Cec\u00edlia Online do IAG-USP","author":"Di\u00e1rio de Gar\u00e7a","date":"18 de junho de 2025","format":false,"excerpt":"Turmas de escolas p\u00fablicas de todo o Brasil podem se inscrever at\u00e9 22\/6 para atividades de astronomia, geof\u00edsica e meteorologia Promovido pelo\u00a0Instituto de Astronomia, Geof\u00edsica e Ci\u00eancias Atmosf\u00e9ricas (IAG) da USP, o\u00a0Cec\u00edlia Online\u00a0\u00e9 um projeto de extens\u00e3o que leva experimentos cient\u00edficos a estudantes do 9\u00ba ano do Ensino Fundamental e\u2026","rel":"","context":"Em &quot;Brasil&quot;","block_context":{"text":"Brasil","link":"https:\/\/diariodegarca.com\/?cat=38185"},"img":{"alt_text":"","src":"","width":0,"height":0},"classes":[]},{"id":2307,"url":"https:\/\/diariodegarca.com\/?p=2307","url_meta":{"origin":3231,"position":1},"title":"USP lan\u00e7a curso gratuito e EaD sobre quadrinhos como ferramenta de ensino de Hist\u00f3ria","author":"Di\u00e1rio de Gar\u00e7a","date":"20 de abril de 2025","format":false,"excerpt":"A Universidade de S\u00e3o Paulo (USP), refer\u00eancia em excel\u00eancia acad\u00eamica na Am\u00e9rica Latina, est\u00e1 com inscri\u00e7\u00f5es abertas para o curso \u201cQuadrinhos como Fontes Hist\u00f3ricas e Ferramentas para o Ensino de Hist\u00f3ria\u201d.\u00a0Gratuito e 100% on-line, o curso \u00e9 voltado a professores e estudantes de gradua\u00e7\u00e3o em Hist\u00f3ria. A proposta \u00e9 integrar\u2026","rel":"","context":"Em &quot;Brasil&quot;","block_context":{"text":"Brasil","link":"https:\/\/diariodegarca.com\/?cat=38185"},"img":{"alt_text":"","src":"","width":0,"height":0},"classes":[]},{"id":3817,"url":"https:\/\/diariodegarca.com\/?p=3817","url_meta":{"origin":3231,"position":2},"title":"Ci\u00eancia melhora a rela\u00e7\u00e3o entre tutores e gatos: USP lan\u00e7a guia gratuito","author":"Di\u00e1rio de Gar\u00e7a","date":"9 de junho de 2025","format":false,"excerpt":"E-book produzido por pesquisadoras da USP orienta sobre comportamento felino e reduz conflitos entre humanos e animais Tutores de gatos podem transformar a conviv\u00eancia com seus pets ao compreender melhor o comportamento natural desses animais. Essa \u00e9 a proposta do e-book\u00a0Conhecendo o Comportamento dos Gatos: Um Guia para Tutores, lan\u00e7ado\u2026","rel":"","context":"Em &quot;Causa animal&quot;","block_context":{"text":"Causa animal","link":"https:\/\/diariodegarca.com\/?cat=26891317"},"img":{"alt_text":"","src":"https:\/\/i0.wp.com\/diariodegarca.com\/wp-content\/uploads\/2025\/06\/20250602_00_gato_tutor.jpg?fit=800%2C420&ssl=1&resize=350%2C200","width":350,"height":200,"srcset":"https:\/\/i0.wp.com\/diariodegarca.com\/wp-content\/uploads\/2025\/06\/20250602_00_gato_tutor.jpg?fit=800%2C420&ssl=1&resize=350%2C200 1x, https:\/\/i0.wp.com\/diariodegarca.com\/wp-content\/uploads\/2025\/06\/20250602_00_gato_tutor.jpg?fit=800%2C420&ssl=1&resize=525%2C300 1.5x, https:\/\/i0.wp.com\/diariodegarca.com\/wp-content\/uploads\/2025\/06\/20250602_00_gato_tutor.jpg?fit=800%2C420&ssl=1&resize=700%2C400 2x"},"classes":[]},{"id":9255,"url":"https:\/\/diariodegarca.com\/?p=9255","url_meta":{"origin":3231,"position":3},"title":"Tom\u00f3grafo nacional por ultrassom promete revolucionar o diagn\u00f3stico do c\u00e2ncer de mama","author":"Di\u00e1rio de Gar\u00e7a","date":"2 de dezembro de 2025","format":false,"excerpt":"Desenvolvido na USP de Ribeir\u00e3o Preto, equipamento elimina radia\u00e7\u00e3o e compress\u00e3o dolorosa, gera imagens 3D detalhadas e mira na democratiza\u00e7\u00e3o do acesso via SUS. Pesquisadores da Universidade de S\u00e3o Paulo (USP), em Ribeir\u00e3o Preto, est\u00e3o finalizando a valida\u00e7\u00e3o cl\u00ednica de um tom\u00f3grafo de mama in\u00e9dito no pa\u00eds. Batizado de TomUS,\u2026","rel":"","context":"Em &quot;Brasil&quot;","block_context":{"text":"Brasil","link":"https:\/\/diariodegarca.com\/?cat=38185"},"img":{"alt_text":"","src":"https:\/\/i0.wp.com\/diariodegarca.com\/wp-content\/uploads\/2025\/12\/Captura-de-tela_1-12-2025_161047_jornal.usp_.br_-e1764702111810.jpeg?fit=627%2C412&ssl=1&resize=350%2C200","width":350,"height":200,"srcset":"https:\/\/i0.wp.com\/diariodegarca.com\/wp-content\/uploads\/2025\/12\/Captura-de-tela_1-12-2025_161047_jornal.usp_.br_-e1764702111810.jpeg?fit=627%2C412&ssl=1&resize=350%2C200 1x, https:\/\/i0.wp.com\/diariodegarca.com\/wp-content\/uploads\/2025\/12\/Captura-de-tela_1-12-2025_161047_jornal.usp_.br_-e1764702111810.jpeg?fit=627%2C412&ssl=1&resize=525%2C300 1.5x"},"classes":[]},{"id":2315,"url":"https:\/\/diariodegarca.com\/?p=2315","url_meta":{"origin":3231,"position":4},"title":"Estudantes desenvolvem caneta que detecta drogas em bebidas para combater o golpe \u201cBoa noite, Cinderela\u201d","author":"Di\u00e1rio de Gar\u00e7a","date":"18 de abril de 2025","format":false,"excerpt":"Cinco estudantes da Escola Estadual de Educa\u00e7\u00e3o Profissional Jos\u00e9 Maria Falc\u00e3o, localizada em Pacajus, no Cear\u00e1, desenvolveram uma solu\u00e7\u00e3o inovadora e acess\u00edvel para combater um dos crimes mais recorrentes contra mulheres em ambientes sociais: o golpe conhecido como \u201cBoa noite, Cinderela\u201d. A origem da ideia O projeto nasceu durante uma\u2026","rel":"","context":"Em &quot;Brasil&quot;","block_context":{"text":"Brasil","link":"https:\/\/diariodegarca.com\/?cat=38185"},"img":{"alt_text":"","src":"","width":0,"height":0},"classes":[]},{"id":4779,"url":"https:\/\/diariodegarca.com\/?p=4779","url_meta":{"origin":3231,"position":5},"title":"Nova formula\u00e7\u00e3o com nanocristais promete al\u00edvio mais eficaz para c\u00e3es com artrose","author":"Di\u00e1rio de Gar\u00e7a","date":"17 de julho de 2025","format":false,"excerpt":"Pesquisadoras da USP desenvolvem anti-inflamat\u00f3rio l\u00edquido que dobra a concentra\u00e7\u00e3o no sangue em compara\u00e7\u00e3o com vers\u00f5es tradicionais. Pesquisadoras da\u00a0Faculdade de Ci\u00eancias Farmac\u00eauticas (FCF) da USP\u00a0desenvolveram uma nova formula\u00e7\u00e3o anti-inflamat\u00f3ria em formato de\u00a0nanocristais de firocoxibe, princ\u00edpio ativo j\u00e1 utilizado no tratamento da\u00a0osteoartrite em c\u00e3es. A vers\u00e3o l\u00edquida, mais f\u00e1cil de administrar,\u2026","rel":"","context":"Em &quot;Causa animal&quot;","block_context":{"text":"Causa animal","link":"https:\/\/diariodegarca.com\/?cat=26891317"},"img":{"alt_text":"","src":"https:\/\/i0.wp.com\/diariodegarca.com\/wp-content\/uploads\/2025\/07\/20250704_medicacao.jpg?fit=331%2C560&ssl=1&resize=350%2C200","width":350,"height":200},"classes":[]}],"_links":{"self":[{"href":"https:\/\/diariodegarca.com\/index.php?rest_route=\/wp\/v2\/posts\/3231","targetHints":{"allow":["GET"]}}],"collection":[{"href":"https:\/\/diariodegarca.com\/index.php?rest_route=\/wp\/v2\/posts"}],"about":[{"href":"https:\/\/diariodegarca.com\/index.php?rest_route=\/wp\/v2\/types\/post"}],"author":[{"embeddable":true,"href":"https:\/\/diariodegarca.com\/index.php?rest_route=\/wp\/v2\/users\/260896546"}],"replies":[{"embeddable":true,"href":"https:\/\/diariodegarca.com\/index.php?rest_route=%2Fwp%2Fv2%2Fcomments&post=3231"}],"version-history":[{"count":4,"href":"https:\/\/diariodegarca.com\/index.php?rest_route=\/wp\/v2\/posts\/3231\/revisions"}],"predecessor-version":[{"id":3238,"href":"https:\/\/diariodegarca.com\/index.php?rest_route=\/wp\/v2\/posts\/3231\/revisions\/3238"}],"wp:attachment":[{"href":"https:\/\/diariodegarca.com\/index.php?rest_route=%2Fwp%2Fv2%2Fmedia&parent=3231"}],"wp:term":[{"taxonomy":"category","embeddable":true,"href":"https:\/\/diariodegarca.com\/index.php?rest_route=%2Fwp%2Fv2%2Fcategories&post=3231"},{"taxonomy":"post_tag","embeddable":true,"href":"https:\/\/diariodegarca.com\/index.php?rest_route=%2Fwp%2Fv2%2Ftags&post=3231"}],"curies":[{"name":"wp","href":"https:\/\/api.w.org\/{rel}","templated":true}]}}