{"id":3239,"date":"2025-05-22T15:29:55","date_gmt":"2025-05-22T18:29:55","guid":{"rendered":"https:\/\/diariodegarca.com\/?p=3239"},"modified":"2025-05-22T15:29:55","modified_gmt":"2025-05-22T18:29:55","slug":"situacao-da-dengue-em-garca-e-na-regiao-de-marilia","status":"publish","type":"post","link":"https:\/\/diariodegarca.com\/?p=3239","title":{"rendered":"Situa\u00e7\u00e3o da dengue em Gar\u00e7a e na regi\u00e3o de Mar\u00edlia"},"content":{"rendered":"\n<p class=\"wp-block-paragraph\"><em>Dados da Secretaria de Sa\u00fade do Estado de S\u00e3o Paulo indicam que a regi\u00e3o j\u00e1 confirmou 38 \u00f3bitos e 22 seguem em an\u00e1lise cl\u00ednica para confirma\u00e7\u00e3o.<\/em><\/p>\n\n\n\n<p class=\"wp-block-paragraph\">A regi\u00e3o atendida pela Diretoria Regional de Sa\u00fade de Mar\u00edlia, ao qual Gar\u00e7a pertence, enfrenta um surto de dengue em 2025, com\u00a0<strong>31.765 casos prov\u00e1veis<\/strong>\u00a0e\u00a0<strong>38 \u00f3bitos confirmados<\/strong>\u00a0at\u00e9 o momento. Os dados revelam uma situa\u00e7\u00e3o cr\u00edtica, especialmente em munic\u00edpios como\u00a0<strong>Mar\u00edlia<\/strong>, que lidera o n\u00famero de mortes (21), seguido por\u00a0<strong>Vera Cruz<\/strong>\u00a0(5) e\u00a0<strong>Echapora<\/strong>\u00a0(3); <strong>Gar\u00e7a<\/strong> aparece na lista com 2 mortes confirmadas at\u00e9 o momento. <\/p>\n\n\n\n<p class=\"wp-block-paragraph\">A incid\u00eancia da doen\u00e7a na regi\u00e3o toda chega a\u00a0<strong>3.342,7 casos por 100 mil habitantes<\/strong>, ultrapassando a m\u00e9dia estadual e acendendo um alerta para a necessidade de medidas urgentes, tanto dos \u00f3rg\u00e3os p\u00fablicos quanto da popula\u00e7\u00e3o em geral.<\/p>\n\n\n\n<p class=\"wp-block-paragraph\"><strong>Idosos e adultos s\u00e3o os mais afetados na regi\u00e3o<\/strong><br>As et\u00e1rias mais suscet\u00edveis \u00e0 doen\u00e7a na regi\u00e3o \u00e9 composta por pessoas acima de\u00a0<strong>80 anos<\/strong>, que tamb\u00e9m\u00a0representam a maioria dos \u00f3bitos; tamb\u00e9m h\u00e1 registros alarmantes na faixa de\u00a0<strong>50 a 64 anos<\/strong>. Em Mar\u00edlia, uma crian\u00e7a de\u00a0<strong>1 a 4 anos<\/strong>\u00a0foi v\u00edtima da doen\u00e7a, destacando que a dengue pode ser grave em qualquer idade. <\/p>\n\n\n\n<p class=\"wp-block-paragraph\">Al\u00e9m disso, os sorotipos em circula\u00e7\u00e3o (1, 2 e 3 simultaneamente) aumentam o risco de reinfec\u00e7\u00e3o, pois quem j\u00e1 contraiu um tipo pode adoecer novamente por outro.<\/p>\n\n\n\n<p class=\"wp-block-paragraph\">Mulheres representam a maioria dos infectados na regi\u00e3o (14% na faixa de 35-49 anos, contra 10% dos homens), e a popula\u00e7\u00e3o branca segue como a mais atingida, segundo os registros.<\/p>\n\n\n\n<p class=\"wp-block-paragraph\"><strong>Munic\u00edpios em situa\u00e7\u00e3o cr\u00edtica na regi\u00e3o de Mar\u00edlia<\/strong><br><strong>Campos Novos Paulista<\/strong> lidera a lista de cidades atendidas pela DRS Mar\u00edlia, apresentando a\u00a0<strong>maior incid\u00eancia<\/strong>\u00a0(18.049,68\/100 mil hab.), enquanto <strong>Mar\u00edlia<\/strong> concentra o maior volume absoluto de casos confirmados (10.749). Os dados tamb\u00e9m revelam uma disparidades: em cidades como\u00a0<strong>Garca<\/strong>\u00a0e\u00a0<strong>Tup\u00e3<\/strong>, onde os n\u00fameros s\u00e3o altos, mas a letalidade permanece baixa. J\u00e1 <strong>Vera Cruz<\/strong>, com 877 casos prov\u00e1veis, registra 5 mortes, indicando poss\u00edveis falhas na notifica\u00e7\u00e3o da doen\u00e7a ou na procura por atendimento.<\/p>\n\n\n\n<figure class=\"wp-block-image size-large\"><img data-recalc-dims=\"1\" decoding=\"async\" src=\"https:\/\/i0.wp.com\/diariodegarca.com\/wp-content\/uploads\/2025\/05\/oip.jpeg?w=800&#038;ssl=1\" alt=\"\" class=\"wp-image-3244\" \/><\/figure>\n\n\n\n<p class=\"wp-block-paragraph\"><strong>Situa\u00e7\u00e3o de Gar\u00e7a sobre a doen\u00e7a<\/strong><\/p>\n\n\n\n<p class=\"wp-block-paragraph\">O munic\u00edpio de Gar\u00e7a enfrenta um cen\u00e1rio preocupante com\u00a0<strong>3.152 casos prov\u00e1veis<\/strong>\u00a0e\u00a0<strong>2 \u00f3bitos confirmados<\/strong>, ambos em idosos acima de\u00a0<strong>80 anos<\/strong>. A incid\u00eancia da doen\u00e7a no munic\u00edpio chega a\u00a0<strong>5.439,2 casos por 100 mil habitantes<\/strong>, um dos \u00edndices mais altos da regi\u00e3o, segundo os dados atualizados at\u00e9 o dia 21 de maio. Al\u00e9m disso,\u00a0<strong>64 casos<\/strong>\u00a0evolu\u00edram para\u00a0<strong>dengue com sinais de alarme<\/strong>, e\u00a0<strong>7<\/strong>\u00a0para\u00a0<strong>dengue grave<\/strong>, exigindo aten\u00e7\u00e3o redobrada da popula\u00e7\u00e3o e das autoridades.<\/p>\n\n\n\n<p class=\"wp-block-paragraph\"><strong>Homens adultos s\u00e3o os mais infectados<\/strong><br>A an\u00e1lise por faixa et\u00e1ria e sexo revela que homens entre&nbsp;<strong>35 e 49 anos<\/strong>&nbsp;representam&nbsp;<strong>12%<\/strong>&nbsp;dos casos confirmados, enquanto as mulheres na mesma faixa correspondem a&nbsp;<strong>11%<\/strong>. Apesar disso, os \u00f3bitos concentram-se na popula\u00e7\u00e3o idosa, grupo mais vulner\u00e1vel \u00e0s complica\u00e7\u00f5es da doen\u00e7a.<\/p>\n\n\n\n<p class=\"wp-block-paragraph\"><strong>Preven\u00e7\u00e3o e a\u00e7\u00e3o r\u00e1pida s\u00e3o essenciais<\/strong><br>Com uma taxa de letalidade de\u00a0<strong>0,09%<\/strong>, Gar\u00e7a ainda est\u00e1 abaixo da m\u00e9dia regional, mas o risco de agravamento existe, especialmente para idosos e pessoas com comorbidades. A Secretaria de Sa\u00fade do Estado de S\u00e3o Paulo refor\u00e7a a import\u00e2ncia de eliminar criadouros do\u00a0<em>Aedes aegypti<\/em>\u00a0e buscar atendimento m\u00e9dico aos primeiros sintomas, como febre alta, dor atr\u00e1s dos olhos e manchas vermelhas no corpo.<\/p>\n\n\n\n<p class=\"wp-block-paragraph\">Com a proximidade do per\u00edodo chuvoso, a tend\u00eancia \u00e9 de crescimento nos casos, exigindo medidas urgentes de preven\u00e7\u00e3o e conscientiza\u00e7\u00e3o. Atualmente o projeto <strong>Cidade Limpa<\/strong>, da TV Tem em parceria com as prefeituras, <strong>est\u00e1 percorrendo a cidade de Gar\u00e7a<\/strong>, aproveite para deixar para fora tudo o que precisa ser descartado e que poderia ser um potencial criadouro para o mosquito.<\/p>\n","protected":false},"excerpt":{"rendered":"<p>Dados da Secretaria de Sa\u00fade do Estado de S\u00e3o Paulo indicam que a regi\u00e3o j\u00e1 confirmou 38 \u00f3bitos e 22 seguem em an\u00e1lise cl\u00ednica para confirma\u00e7\u00e3o. A regi\u00e3o atendida pela Diretoria Regional de Sa\u00fade de Mar\u00edlia, ao qual Gar\u00e7a pertence, enfrenta um surto de dengue em 2025, com\u00a031.765 casos prov\u00e1veis\u00a0e\u00a038 \u00f3bitos confirmados\u00a0at\u00e9 o momento. Os [&hellip;]<\/p>\n","protected":false},"author":260896546,"featured_media":3243,"comment_status":"open","ping_status":"open","sticky":false,"template":"","format":"standard","meta":{"_crdt_document":"","_monsterinsights_skip_tracking":false,"_monsterinsights_sitenote_active":false,"_monsterinsights_sitenote_note":"","_monsterinsights_sitenote_category":0,"advanced_seo_description":"","jetpack_seo_html_title":"","jetpack_seo_noindex":false,"_jetpack_newsletter_access":"","_jetpack_dont_email_post_to_subs":false,"_jetpack_newsletter_tier_id":0,"_jetpack_memberships_contains_paywalled_content":false,"_jetpack_memberships_contains_paid_content":false,"footnotes":"","jetpack_publicize_message":"\ud83d\udea8 Alerta de dengue em Gar\u00e7a e regi\u00e3o de Mar\u00edlia \ud83d\udea8\n\nDados da Secretaria de Sa\u00fade do Estado de S\u00e3o Paulo mostram 38 mortes confirmadas na regi\u00e3o de Mar\u00edlia (incluindo 2 em Gar\u00e7a) e 22 \u00f3bitos em investiga\u00e7\u00e3o. J\u00e1 s\u00e3o 31.765 casos prov\u00e1veis \u2013 e a incid\u00eancia est\u00e1 acima da m\u00e9dia estadual (3.342,7\/100 mil hab.).\n\nIdosos acima de 80 anos s\u00e3o as principais v\u00edtimas, mas crian\u00e7as e adultos tamb\u00e9m est\u00e3o em risco. Cuidado: 3 sorotivos circulam ao mesmo tempo, aumentando o risco de reinfec\u00e7\u00e3o!\n\n\ud83d\udd0e Leia a an\u00e1lise completa em diariodegarca.com\n\nSepare todo o material inserv\u00edvel para o caminh\u00e3o do Cidade Limpa coletar.\n\n#Dengue #Gar\u00e7a #Mar\u00edlia #Sa\u00fade #Alerta #Preven\u00e7\u00e3o #AedesAegypti #SP #2025","jetpack_publicize_feature_enabled":true,"jetpack_social_post_already_shared":false,"jetpack_social_options":{"image_generator_settings":{"template":"highway","default_image_id":0,"enabled":false},"version":2},"_wpas_customize_per_network":false,"jetpack_post_was_ever_published":false},"categories":[781171664,683453294,72064,963369],"tags":[781171802],"class_list":["post-3239","post","type-post","status-publish","format-standard","has-post-thumbnail","hentry","category-garca-cidade","category-marilia-cidade","category-saude","category-vera-cruz","tag-saude"],"jetpack_publicize_connections":[],"jetpack_featured_media_url":"https:\/\/i0.wp.com\/diariodegarca.com\/wp-content\/uploads\/2025\/05\/mosquito.jpg?fit=3015%2C2010&ssl=1","jetpack_likes_enabled":true,"jetpack_sharing_enabled":true,"jetpack_shortlink":"https:\/\/wp.me\/pgitne-Qf","jetpack-related-posts":[{"id":3304,"url":"https:\/\/diariodegarca.com\/?p=3304","url_meta":{"origin":3239,"position":0},"title":"Situa\u00e7\u00e3o da chikungunya na regi\u00e3o de Mar\u00edlia","author":"Di\u00e1rio de Gar\u00e7a","date":"23 de maio de 2025","format":false,"excerpt":"Doen\u00e7a transmitida pelo Aedes aegypti avan\u00e7a em munic\u00edpios paulistas, com casos confirmados e \u00f3bitos em investiga\u00e7\u00e3o na regi\u00e3o A regi\u00e3o atendida pela Diretoria Regional de Sa\u00fade de Mar\u00edlia enfrenta um aumento significativo de casos de chikungunya, conforme dados atualizados at\u00e9 21 de maio. Com uma incid\u00eancia de 468,4 casos por\u2026","rel":"","context":"Em &quot;Gar\u00e7a&quot;","block_context":{"text":"Gar\u00e7a","link":"https:\/\/diariodegarca.com\/?cat=781171664"},"img":{"alt_text":"","src":"https:\/\/i0.wp.com\/diariodegarca.com\/wp-content\/uploads\/2025\/05\/close-up-mosquitoes-nature.jpg?fit=1200%2C1169&ssl=1&resize=350%2C200","width":350,"height":200,"srcset":"https:\/\/i0.wp.com\/diariodegarca.com\/wp-content\/uploads\/2025\/05\/close-up-mosquitoes-nature.jpg?fit=1200%2C1169&ssl=1&resize=350%2C200 1x, https:\/\/i0.wp.com\/diariodegarca.com\/wp-content\/uploads\/2025\/05\/close-up-mosquitoes-nature.jpg?fit=1200%2C1169&ssl=1&resize=525%2C300 1.5x, https:\/\/i0.wp.com\/diariodegarca.com\/wp-content\/uploads\/2025\/05\/close-up-mosquitoes-nature.jpg?fit=1200%2C1169&ssl=1&resize=700%2C400 2x, https:\/\/i0.wp.com\/diariodegarca.com\/wp-content\/uploads\/2025\/05\/close-up-mosquitoes-nature.jpg?fit=1200%2C1169&ssl=1&resize=1050%2C600 3x"},"classes":[]},{"id":2863,"url":"https:\/\/diariodegarca.com\/?p=2863","url_meta":{"origin":3239,"position":1},"title":"Dengue e Chikungunya avan\u00e7am na regi\u00e3o: prefeituras refor\u00e7am a\u00e7\u00f5es de combate aos focos do Aedes aegypti","author":"Di\u00e1rio de Gar\u00e7a","date":"10 de fevereiro de 2025","format":false,"excerpt":"Dados atualizados at\u00e9 esta segunda-feira, dia 10 de fevereiro, \u00e0s 10h, no portal do Governo Federal, mostram um cen\u00e1rio preocupante em rela\u00e7\u00e3o \u00e0s arboviroses na regi\u00e3o. A dengue e a chikungunya, doen\u00e7as transmitidas pelo mosquito Aedes aegypti, seguem em ascens\u00e3o, com munic\u00edpios registrando n\u00fameros expressivos de casos positivos e suspeitos.\u2026","rel":"","context":"Em &quot;Brasil&quot;","block_context":{"text":"Brasil","link":"https:\/\/diariodegarca.com\/?cat=38185"},"img":{"alt_text":"","src":"","width":0,"height":0},"classes":[]},{"id":2655,"url":"https:\/\/diariodegarca.com\/?p=2655","url_meta":{"origin":3239,"position":2},"title":"Prefeituras da regi\u00e3o intensificam a\u00e7\u00f5es contra a dengue e chikungunya","author":"Di\u00e1rio de Gar\u00e7a","date":"10 de mar\u00e7o de 2025","format":false,"excerpt":"Em meio ao aumento de casos de dengue e chikungunya na regi\u00e3o, as prefeituras locais est\u00e3o refor\u00e7ando as a\u00e7\u00f5es de combate ao mosquito Aedes aegypti. Na \u00faltima semana, Tup\u00e3 confirmou a segunda morte por chikungunya, enquanto Mar\u00edlia registrou a quinta morte por dengue. Diante desse cen\u00e1rio, os munic\u00edpios t\u00eam adotado\u2026","rel":"","context":"Em &quot;Brasil&quot;","block_context":{"text":"Brasil","link":"https:\/\/diariodegarca.com\/?cat=38185"},"img":{"alt_text":"","src":"","width":0,"height":0},"classes":[]},{"id":2477,"url":"https:\/\/diariodegarca.com\/?p=2477","url_meta":{"origin":3239,"position":3},"title":"Com duas mortes confirmadas pelo Estado, dengue avan\u00e7a de forma descontrolada em Gar\u00e7a","author":"Di\u00e1rio de Gar\u00e7a","date":"3 de abril de 2025","format":false,"excerpt":"A epidemia de dengue em Gar\u00e7a segue avan\u00e7ando rapidamente. No final de fevereiro, a cidade j\u00e1 havia ultrapassado o patamar epid\u00eamico definido pela Organiza\u00e7\u00e3o Mundial da Sa\u00fade (OMS), com uma incid\u00eancia de 495,6 casos por 100 mil habitantes. Em apenas 37 dias, esse n\u00famero disparou para 2.146,6 casos por 100\u2026","rel":"","context":"Em &quot;Brasil&quot;","block_context":{"text":"Brasil","link":"https:\/\/diariodegarca.com\/?cat=38185"},"img":{"alt_text":"","src":"","width":0,"height":0},"classes":[]},{"id":2649,"url":"https:\/\/diariodegarca.com\/?p=2649","url_meta":{"origin":3239,"position":4},"title":"Aedes aegypti: avan\u00e7o dos casos de dengue e chikungunya na regi\u00e3o refor\u00e7a necessidade de combate ao mosquito","author":"Di\u00e1rio de Gar\u00e7a","date":"11 de mar\u00e7o de 2025","format":false,"excerpt":"foto divulga\u00e7\u00e3o: Prefeitura de Mar\u00edliaO mosquito Aedes aegypti\u00a0continua sendo um grave problema de sa\u00fade p\u00fablica em todo o Brasil, e na regi\u00e3o de Mar\u00edlia a situa\u00e7\u00e3o n\u00e3o \u00e9 diferente. O mosquito, que encontra nas \u00e1reas urbanas um ambiente prop\u00edcio para sua prolifera\u00e7\u00e3o, \u00e9 o principal transmissor da dengue, chikungunya, zika\u2026","rel":"","context":"Em &quot;Brasil&quot;","block_context":{"text":"Brasil","link":"https:\/\/diariodegarca.com\/?cat=38185"},"img":{"alt_text":"","src":"https:\/\/i0.wp.com\/blogger.googleusercontent.com\/img\/b\/R29vZ2xl\/AVvXsEibthfS0k9_Glvz81XXQ-jbLq4RUHJWzBvcTbYaiheFxxpsWfBHlqE5Q6RDW9s1cqN9Aj4-uuXbXHcmV-Fen4h2UqlZPVuR4kxfBNjLCuo195m5fqSTVCQ-vi5MnhyphenhyphenQWOf8Yg6NKR4cvyM7J6_ceaq8_-OzVGk7gPqP-D-ohKM-VXDvxMiwqk59iBzp06o\/s320\/OIP.jpeg?resize=350%2C200&ssl=1","width":350,"height":200},"classes":[]},{"id":2959,"url":"https:\/\/diariodegarca.com\/?p=2959","url_meta":{"origin":3239,"position":5},"title":"Mar\u00edlia confirma primeira morte por dengue na regi\u00e3o em 2025","author":"Di\u00e1rio de Gar\u00e7a","date":"24 de janeiro de 2025","format":false,"excerpt":"A Prefeitura de Mar\u00edlia confirmou, nesta sexta-feira, dia 24 de janeiro, a primeira morte por dengue no munic\u00edpio neste ano.\u00a0A v\u00edtima \u00e9 uma mulher de 45 anos, com hist\u00f3rico de comorbidades. De acordo com a Secretaria de Sa\u00fade, a mulher apresentou os primeiros sintomas no dia 31 de dezembro de\u2026","rel":"","context":"Em &quot;Brasil&quot;","block_context":{"text":"Brasil","link":"https:\/\/diariodegarca.com\/?cat=38185"},"img":{"alt_text":"","src":"","width":0,"height":0},"classes":[]}],"_links":{"self":[{"href":"https:\/\/diariodegarca.com\/index.php?rest_route=\/wp\/v2\/posts\/3239","targetHints":{"allow":["GET"]}}],"collection":[{"href":"https:\/\/diariodegarca.com\/index.php?rest_route=\/wp\/v2\/posts"}],"about":[{"href":"https:\/\/diariodegarca.com\/index.php?rest_route=\/wp\/v2\/types\/post"}],"author":[{"embeddable":true,"href":"https:\/\/diariodegarca.com\/index.php?rest_route=\/wp\/v2\/users\/260896546"}],"replies":[{"embeddable":true,"href":"https:\/\/diariodegarca.com\/index.php?rest_route=%2Fwp%2Fv2%2Fcomments&post=3239"}],"version-history":[{"count":6,"href":"https:\/\/diariodegarca.com\/index.php?rest_route=\/wp\/v2\/posts\/3239\/revisions"}],"predecessor-version":[{"id":3247,"href":"https:\/\/diariodegarca.com\/index.php?rest_route=\/wp\/v2\/posts\/3239\/revisions\/3247"}],"wp:featuredmedia":[{"embeddable":true,"href":"https:\/\/diariodegarca.com\/index.php?rest_route=\/wp\/v2\/media\/3243"}],"wp:attachment":[{"href":"https:\/\/diariodegarca.com\/index.php?rest_route=%2Fwp%2Fv2%2Fmedia&parent=3239"}],"wp:term":[{"taxonomy":"category","embeddable":true,"href":"https:\/\/diariodegarca.com\/index.php?rest_route=%2Fwp%2Fv2%2Fcategories&post=3239"},{"taxonomy":"post_tag","embeddable":true,"href":"https:\/\/diariodegarca.com\/index.php?rest_route=%2Fwp%2Fv2%2Ftags&post=3239"}],"curies":[{"name":"wp","href":"https:\/\/api.w.org\/{rel}","templated":true}]}}