{"id":3386,"date":"2025-05-25T09:01:00","date_gmt":"2025-05-25T12:01:00","guid":{"rendered":"https:\/\/diariodegarca.com\/?p=3386"},"modified":"2025-05-24T19:06:42","modified_gmt":"2025-05-24T22:06:42","slug":"marcas-de-cafe-entram-para-a-lista-de-improprias-para-consumo","status":"publish","type":"post","link":"https:\/\/diariodegarca.com\/?p=3386","title":{"rendered":"Marcas de caf\u00e9 entram para a lista de impr\u00f3prias para consumo"},"content":{"rendered":"\n<p class=\"wp-block-paragraph\"><em>Tr\u00eas marcas foram reprovadas pelo Minist\u00e9rio da Agricultura devido \u00e0 presen\u00e7a de impurezas e micotoxinas acima dos limites permitidos<\/em><\/p>\n\n\n\n<p class=\"wp-block-paragraph\">O Minist\u00e9rio da Agricultura e Pecu\u00e1ria (Mapa) emitiu um alerta sobre tr\u00eas lotes de caf\u00e9 torrado considerados impr\u00f3prios para consumo. As irregularidades, identificadas em an\u00e1lises laboratoriais, incluem a presen\u00e7a excessiva de impurezas e mat\u00e9rias estranhas, al\u00e9m de micotoxinas, subst\u00e2ncias t\u00f3xicas que podem representar riscos \u00e0 sa\u00fade.<\/p>\n\n\n\n<h3 class=\"wp-block-heading\"><strong>Marcas e Lotes Afetados<\/strong><\/h3>\n\n\n\n<ul class=\"wp-block-list\">\n<li><strong>MELISSA<\/strong>\u00a0(Lote: 0125A)<br><em>Empresa respons\u00e1vel:<\/em>\u00a0Com. E Ind. De Torrefa\u00e7\u00e3o de Caf\u00e9 Duas Marias Ltda \u2013 EPP \u2013 CNPJ 82.376.138\/0001-54 (PR)<br><em>Irregularidade:<\/em>\u00a0Somat\u00f3rio de impurezas e mat\u00e9rias estranhas acima do permitido e presen\u00e7a de micotoxinas.<\/li>\n\n\n\n<li><strong>PINGO PRETO<\/strong>\u00a0(Lote: 12025)<br><em>Empresa respons\u00e1vel:<\/em>\u00a0Jurare Caf\u00e9 Com\u00e9rcio de Alimentos Ltda &#8211; CNPJ 28.276.602\/0001-95 (SC)<br><em>Irregularidade:<\/em>\u00a0Somat\u00f3rio de impurezas e mat\u00e9rias estranhas acima do permitido.<\/li>\n\n\n\n<li><strong>OFICIAL<\/strong>\u00a0(Lote: 263)<br><em>Empresa respons\u00e1vel:<\/em>\u00a0Master Blends Ind\u00fastria de Alimentos Ltda. &#8211; CNPJ 71.993.380\/0001-50 (SP)<br><em>Irregularidade:<\/em>\u00a0Presen\u00e7a de micotoxinas.<\/li>\n<\/ul>\n\n\n\n<h3 class=\"wp-block-heading\"><strong>Orienta\u00e7\u00e3o aos Consumidores<\/strong><\/h3>\n\n\n\n<p class=\"wp-block-paragraph\">O Mapa recomenda que os consumidores verifiquem se possuem produtos dos lotes listados e evitem seu consumo. Caso os itens ainda estejam \u00e0 venda, \u00e9 poss\u00edvel denunciar a comercializa\u00e7\u00e3o pelo canal oficial&nbsp;<strong>Fala.BR<\/strong>, informando o local da compra. Al\u00e9m disso, os consumidores t\u00eam direito \u00e0 substitui\u00e7\u00e3o ou reembolso, conforme o C\u00f3digo de Defesa do Consumidor.<\/p>\n\n\n\n<p class=\"wp-block-paragraph\">As empresas respons\u00e1veis j\u00e1 foram notificadas, e os produtos est\u00e3o sendo recolhidos do mercado. A medida refor\u00e7a a import\u00e2ncia do monitoramento constante para garantir a seguran\u00e7a alimentar da popula\u00e7\u00e3o.<\/p>\n","protected":false},"excerpt":{"rendered":"<p>Tr\u00eas marcas foram reprovadas pelo Minist\u00e9rio da Agricultura devido \u00e0 presen\u00e7a de impurezas e micotoxinas acima dos limites permitidos O Minist\u00e9rio da Agricultura e Pecu\u00e1ria (Mapa) emitiu um alerta sobre tr\u00eas lotes de caf\u00e9 torrado considerados impr\u00f3prios para consumo. As irregularidades, identificadas em an\u00e1lises laboratoriais, incluem a presen\u00e7a excessiva de impurezas e mat\u00e9rias estranhas, al\u00e9m [&hellip;]<\/p>\n","protected":false},"author":260896546,"featured_media":0,"comment_status":"open","ping_status":"open","sticky":false,"template":"","format":"standard","meta":{"_crdt_document":"","_monsterinsights_skip_tracking":false,"_monsterinsights_sitenote_active":false,"_monsterinsights_sitenote_note":"","_monsterinsights_sitenote_category":0,"advanced_seo_description":"","jetpack_seo_html_title":"","jetpack_seo_noindex":false,"_jetpack_newsletter_access":"","_jetpack_dont_email_post_to_subs":false,"_jetpack_newsletter_tier_id":0,"_jetpack_memberships_contains_paywalled_content":false,"_jetpack_memberships_contains_paid_content":false,"footnotes":"","jetpack_publicize_message":"\ud83d\udea8 ALERTA: Caf\u00e9s Torrados Reprovados pelo Mapa!\n\n3 marcas foram consideradas IMPR\u00d3PRIAS para consumo devido a:\n\u2611\ufe0f Impurezas acima do limite\n\u2611\ufe0f Presen\u00e7a de micotoxinas (subst\u00e2ncias t\u00f3xicas)\n\n\ud83d\udd0d Marcas e lotes afetados:\n\u25aa MELISSA (Lote 0125A)\n\u25aa PINGO PRETO (Lote 12025)\n\u25aa OFICIAL (Lote 263)\n\n\u274c Se voc\u00ea tem esses produtos, N\u00c3O consuma!\n\ud83d\udce2 Denuncie no Fala.BR se ainda estiverem \u00e0 venda.\n\n\ud83d\udcd6 Leia a an\u00e1lise completa em: diariodegarca.com\n\n#AlertaConsumidor #Sa\u00fadeAlimentar #Mapa #Caf\u00e9 #Seguran\u00e7aAlimentar","jetpack_publicize_feature_enabled":true,"jetpack_social_post_already_shared":false,"jetpack_social_options":{"image_generator_settings":{"template":"highway","default_image_id":0,"enabled":false},"version":2},"_wpas_customize_per_network":false,"jetpack_post_was_ever_published":false},"categories":[34615,38185,72064],"tags":[781171799],"class_list":["post-3386","post","type-post","status-publish","format-standard","hentry","category-agricultura","category-brasil","category-saude","tag-agricultura"],"jetpack_publicize_connections":[],"jetpack_featured_media_url":"","jetpack_likes_enabled":true,"jetpack_sharing_enabled":true,"jetpack_shortlink":"https:\/\/wp.me\/pgitne-SC","jetpack-related-posts":[{"id":9724,"url":"https:\/\/diariodegarca.com\/?p=9724","url_meta":{"origin":3386,"position":0},"title":"Mapa alerta consumidores sobre caf\u00e9s torrados com impurezas detectadas","author":"Di\u00e1rio de Gar\u00e7a","date":"23 de dezembro de 2025","format":false,"excerpt":"Fiscaliza\u00e7\u00e3o recolhe 23 lotes de marcas como Terra da Gente, Jalap\u00e3o e Made in Brazil. An\u00e1lises encontraram mat\u00e9rias estranhas; quem comprou deve interromper o consumo. O Minist\u00e9rio da Agricultura e Pecu\u00e1ria (Mapa) emitiu um alerta na \u00faltima segunda-feira, 22 de dezembro, sobre a qualidade de lotes de algumas marcas de\u2026","rel":"","context":"Em &quot;Agricultura&quot;","block_context":{"text":"Agricultura","link":"https:\/\/diariodegarca.com\/?cat=34615"},"img":{"alt_text":"","src":"https:\/\/i0.wp.com\/diariodegarca.com\/wp-content\/uploads\/2025\/12\/cafe-mapa.png?fit=768%2C467&ssl=1&resize=350%2C200","width":350,"height":200,"srcset":"https:\/\/i0.wp.com\/diariodegarca.com\/wp-content\/uploads\/2025\/12\/cafe-mapa.png?fit=768%2C467&ssl=1&resize=350%2C200 1x, https:\/\/i0.wp.com\/diariodegarca.com\/wp-content\/uploads\/2025\/12\/cafe-mapa.png?fit=768%2C467&ssl=1&resize=525%2C300 1.5x, https:\/\/i0.wp.com\/diariodegarca.com\/wp-content\/uploads\/2025\/12\/cafe-mapa.png?fit=768%2C467&ssl=1&resize=700%2C400 2x"},"classes":[]},{"id":7371,"url":"https:\/\/diariodegarca.com\/?p=7371","url_meta":{"origin":3386,"position":1},"title":"Fiscaliza\u00e7\u00e3o determina recolhimento de queijo, suplemento, produtos de beleza e limpeza","author":"Andreza Sega","date":"2 de outubro de 2025","format":false,"excerpt":"Anvisa tomou medidas para recolher Queijo Minas Artesanal por contamina\u00e7\u00e3o e apreendeu suplemento bari\u00e1trico sem registro. Tamb\u00e9m foram determinadas suspens\u00f5es e recolhimentos de cosm\u00e9ticos e detergente irregulares.","rel":"","context":"Em &quot;Fiscaliza\u00e7\u00e3o&quot;","block_context":{"text":"Fiscaliza\u00e7\u00e3o","link":"https:\/\/diariodegarca.com\/?cat=1192752"},"img":{"alt_text":"","src":"https:\/\/i0.wp.com\/diariodegarca.com\/wp-content\/uploads\/2025\/10\/close-up-de-fresco-espanhol-manchego-queijo-e1759413628617.jpg?fit=1140%2C1200&ssl=1&resize=350%2C200","width":350,"height":200,"srcset":"https:\/\/i0.wp.com\/diariodegarca.com\/wp-content\/uploads\/2025\/10\/close-up-de-fresco-espanhol-manchego-queijo-e1759413628617.jpg?fit=1140%2C1200&ssl=1&resize=350%2C200 1x, https:\/\/i0.wp.com\/diariodegarca.com\/wp-content\/uploads\/2025\/10\/close-up-de-fresco-espanhol-manchego-queijo-e1759413628617.jpg?fit=1140%2C1200&ssl=1&resize=525%2C300 1.5x, https:\/\/i0.wp.com\/diariodegarca.com\/wp-content\/uploads\/2025\/10\/close-up-de-fresco-espanhol-manchego-queijo-e1759413628617.jpg?fit=1140%2C1200&ssl=1&resize=700%2C400 2x, https:\/\/i0.wp.com\/diariodegarca.com\/wp-content\/uploads\/2025\/10\/close-up-de-fresco-espanhol-manchego-queijo-e1759413628617.jpg?fit=1140%2C1200&ssl=1&resize=1050%2C600 3x"},"classes":[]},{"id":4073,"url":"https:\/\/diariodegarca.com\/?p=4073","url_meta":{"origin":3386,"position":2},"title":"Minist\u00e9rio da Agricultura determina recolhimento de ra\u00e7\u00e3o para equinos ap\u00f3s mortes em quatro estados","author":"Di\u00e1rio de Gar\u00e7a","date":"18 de junho de 2025","format":false,"excerpt":"Produtos da Nutratta Nutri\u00e7\u00e3o Animal s\u00e3o investigados ap\u00f3s 122 \u00f3bitos de cavalos; empresa deve recolher lotes fabricados a partir de novembro de 2024 O Minist\u00e9rio da Agricultura e Pecu\u00e1ria (Mapa) ordenou o recolhimento imediato em todo o pa\u00eds de ra\u00e7\u00f5es para equ\u00eddeos fabricadas pela Nutratta Nutri\u00e7\u00e3o Animal Ltda. com data\u2026","rel":"","context":"Em &quot;Agricultura&quot;","block_context":{"text":"Agricultura","link":"https:\/\/diariodegarca.com\/?cat=34615"},"img":{"alt_text":"","src":"","width":0,"height":0},"classes":[]},{"id":7100,"url":"https:\/\/diariodegarca.com\/?p=7100","url_meta":{"origin":3386,"position":3},"title":"Anvisa apreende caf\u00e9 com fragmentos de vidro e interdita f\u00e1brica de suplementos","author":"Di\u00e1rio de Gar\u00e7a","date":"24 de setembro de 2025","format":false,"excerpt":"Ag\u00eancia tamb\u00e9m alerta para lotes falsificados de medicamentos para c\u00e2ncer e produtos est\u00e9ticos, al\u00e9m de suplementos alimentares irregulares. Medidas foram publicadas no Di\u00e1rio Oficial da Uni\u00e3o entre os dias 17 e 23 de setembro. Uma s\u00e9rie de opera\u00e7\u00f5es da Ag\u00eancia Nacional de Vigil\u00e2ncia Sanit\u00e1ria (Anvisa) resultou na proibi\u00e7\u00e3o e apreens\u00e3o\u2026","rel":"","context":"Em &quot;Fiscaliza\u00e7\u00e3o&quot;","block_context":{"text":"Fiscaliza\u00e7\u00e3o","link":"https:\/\/diariodegarca.com\/?cat=1192752"},"img":{"alt_text":"","src":"https:\/\/i0.wp.com\/diariodegarca.com\/wp-content\/uploads\/2025\/09\/11-11-2020_sede_anvisa-3_0.webp?fit=1170%2C700&ssl=1&resize=350%2C200","width":350,"height":200,"srcset":"https:\/\/i0.wp.com\/diariodegarca.com\/wp-content\/uploads\/2025\/09\/11-11-2020_sede_anvisa-3_0.webp?fit=1170%2C700&ssl=1&resize=350%2C200 1x, https:\/\/i0.wp.com\/diariodegarca.com\/wp-content\/uploads\/2025\/09\/11-11-2020_sede_anvisa-3_0.webp?fit=1170%2C700&ssl=1&resize=525%2C300 1.5x, https:\/\/i0.wp.com\/diariodegarca.com\/wp-content\/uploads\/2025\/09\/11-11-2020_sede_anvisa-3_0.webp?fit=1170%2C700&ssl=1&resize=700%2C400 2x, https:\/\/i0.wp.com\/diariodegarca.com\/wp-content\/uploads\/2025\/09\/11-11-2020_sede_anvisa-3_0.webp?fit=1170%2C700&ssl=1&resize=1050%2C600 3x"},"classes":[]},{"id":7886,"url":"https:\/\/diariodegarca.com\/?p=7886","url_meta":{"origin":3386,"position":4},"title":"Anvisa apreende medicamentos falsificados e suspende venda de sal, ch\u00e1 e azeite impr\u00f3prios","author":"Andreza Sega","date":"21 de outubro de 2025","format":false,"excerpt":"Ag\u00eancia retira do mercado lote de Keytruda e Avastin falsos, 'Ch\u00e1 do Milagre' com alega\u00e7\u00f5es proibidas, azeite de origem ignorada e sal com teor de iodo insuficiente. A Ag\u00eancia Nacional de Vigil\u00e2ncia Sanit\u00e1ria (Anvisa) determinou a apreens\u00e3o de lotes falsificados de medicamentos essenciais para o tratamento do c\u00e2ncer, em uma\u2026","rel":"","context":"Em &quot;Fiscaliza\u00e7\u00e3o&quot;","block_context":{"text":"Fiscaliza\u00e7\u00e3o","link":"https:\/\/diariodegarca.com\/?cat=1192752"},"img":{"alt_text":"","src":"https:\/\/i0.wp.com\/diariodegarca.com\/wp-content\/uploads\/2025\/10\/ChatGPT-Image-21-de-out.-de-2025-09_21_52-1024x683-1.webp?fit=1024%2C683&ssl=1&resize=350%2C200","width":350,"height":200,"srcset":"https:\/\/i0.wp.com\/diariodegarca.com\/wp-content\/uploads\/2025\/10\/ChatGPT-Image-21-de-out.-de-2025-09_21_52-1024x683-1.webp?fit=1024%2C683&ssl=1&resize=350%2C200 1x, https:\/\/i0.wp.com\/diariodegarca.com\/wp-content\/uploads\/2025\/10\/ChatGPT-Image-21-de-out.-de-2025-09_21_52-1024x683-1.webp?fit=1024%2C683&ssl=1&resize=525%2C300 1.5x, https:\/\/i0.wp.com\/diariodegarca.com\/wp-content\/uploads\/2025\/10\/ChatGPT-Image-21-de-out.-de-2025-09_21_52-1024x683-1.webp?fit=1024%2C683&ssl=1&resize=700%2C400 2x"},"classes":[]},{"id":3762,"url":"https:\/\/diariodegarca.com\/?p=3762","url_meta":{"origin":3386,"position":5},"title":"Anvisa pro\u00edbe mais tr\u00eas marcas de azeites clandestinos por irregularidades","author":"Di\u00e1rio de Gar\u00e7a","date":"6 de junho de 2025","format":false,"excerpt":"Produtos t\u00eam origem desconhecida e falhas em an\u00e1lises laboratoriais; consumidores devem evitar o consumo A Ag\u00eancia Nacional de Vigil\u00e2ncia Sanit\u00e1ria (Anvisa) determinou, nesta sexta-feira, dia 6 de junho, a proibi\u00e7\u00e3o de mais tr\u00eas marcas de azeites de oliva devido a irregularidades graves. Os produtos, de origem desconhecida, apresentaram falhas em\u2026","rel":"","context":"Em &quot;Fiscaliza\u00e7\u00e3o&quot;","block_context":{"text":"Fiscaliza\u00e7\u00e3o","link":"https:\/\/diariodegarca.com\/?cat=1192752"},"img":{"alt_text":"","src":"","width":0,"height":0},"classes":[]}],"_links":{"self":[{"href":"https:\/\/diariodegarca.com\/index.php?rest_route=\/wp\/v2\/posts\/3386","targetHints":{"allow":["GET"]}}],"collection":[{"href":"https:\/\/diariodegarca.com\/index.php?rest_route=\/wp\/v2\/posts"}],"about":[{"href":"https:\/\/diariodegarca.com\/index.php?rest_route=\/wp\/v2\/types\/post"}],"author":[{"embeddable":true,"href":"https:\/\/diariodegarca.com\/index.php?rest_route=\/wp\/v2\/users\/260896546"}],"replies":[{"embeddable":true,"href":"https:\/\/diariodegarca.com\/index.php?rest_route=%2Fwp%2Fv2%2Fcomments&post=3386"}],"version-history":[{"count":3,"href":"https:\/\/diariodegarca.com\/index.php?rest_route=\/wp\/v2\/posts\/3386\/revisions"}],"predecessor-version":[{"id":3390,"href":"https:\/\/diariodegarca.com\/index.php?rest_route=\/wp\/v2\/posts\/3386\/revisions\/3390"}],"wp:attachment":[{"href":"https:\/\/diariodegarca.com\/index.php?rest_route=%2Fwp%2Fv2%2Fmedia&parent=3386"}],"wp:term":[{"taxonomy":"category","embeddable":true,"href":"https:\/\/diariodegarca.com\/index.php?rest_route=%2Fwp%2Fv2%2Fcategories&post=3386"},{"taxonomy":"post_tag","embeddable":true,"href":"https:\/\/diariodegarca.com\/index.php?rest_route=%2Fwp%2Fv2%2Ftags&post=3386"}],"curies":[{"name":"wp","href":"https:\/\/api.w.org\/{rel}","templated":true}]}}