{"id":3401,"date":"2025-05-25T10:11:51","date_gmt":"2025-05-25T13:11:51","guid":{"rendered":"https:\/\/diariodegarca.com\/?p=3401"},"modified":"2025-07-05T20:10:26","modified_gmt":"2025-07-05T23:10:26","slug":"o-grande-momento-classico-do-cinema-brasileiro-em-debate-no-pontos-mis-online","status":"publish","type":"post","link":"https:\/\/diariodegarca.com\/?p=3401","title":{"rendered":"&#8220;O Grande Momento&#8221;: cl\u00e1ssico do cinema brasileiro em debate no Pontos MIS online"},"content":{"rendered":"\n<p class=\"wp-block-paragraph\"><em>O filme est\u00e1 dispon\u00edvel at\u00e9 \u00e0s 19h de hoje e o bate-papo acontece na segunda-feira.<\/em><\/p>\n\n\n\n<p class=\"wp-block-paragraph\">O&nbsp;<em>Cineclube Pontos MIS<\/em>, iniciativa que promove exibi\u00e7\u00f5es de filmes seguidas de debates com especialistas, traz em sua programa\u00e7\u00e3o de maio o aclamado longa&nbsp;<strong>&#8220;O Grande Momento&#8221; (1958)<\/strong>, obra ic\u00f4nica do cinema nacional. A sess\u00e3o online ser\u00e1 acompanhada de um bate-papo com o produtor e pesquisador&nbsp;<strong>Luis Carlos Pavan<\/strong>, mediado pela cineasta&nbsp;<strong>Giuliana Monteiro<\/strong>, aprofundando a discuss\u00e3o sobre a relev\u00e2ncia hist\u00f3rica e art\u00edstica do filme.<\/p>\n\n\n\n<h3 class=\"wp-block-heading\"><strong>Sinopse do Filme<\/strong><\/h3>\n\n\n\n<p class=\"wp-block-paragraph\">Dirigido por&nbsp;<strong>Roberto Santos<\/strong>, &#8220;O Grande Momento&#8221; \u00e9 um drama urbano que retrata a vida de um malandro carioca, interpretado pelo lend\u00e1rio ator&nbsp;<strong>Grande Otelo<\/strong>, em uma trama repleta de ironia e cr\u00edtica social. Com dura\u00e7\u00e3o de&nbsp;<strong>1h30<\/strong>, o filme se destaca pela narrativa \u00e1gil e pelo retrato fiel do Brasil da \u00e9poca. Apesar de n\u00e3o ter concorrido a premia\u00e7\u00f5es internacionais de grande renome, consolidou-se como uma obra fundamental na filmografia brasileira, elogiada por sua ousadia e pelo desempenho marcante de Grande Otelo.<\/p>\n\n\n\n<h3 class=\"wp-block-heading\"><strong>Assista online<\/strong><\/h3>\n\n\n\n<p class=\"wp-block-paragraph\">O filme estar\u00e1 dispon\u00edvel para exibi\u00e7\u00e3o gratuita at\u00e9\u00a0<strong>19h de hoje, 25 de maio<\/strong>, no link:\u00a0<a href=\"https:\/\/vimeo.com\/showcase\/cineclube-pontos-mis\" target=\"_blank\" rel=\"noreferrer noopener\">https:\/\/vimeo.com\/showcase\/cineclube-pontos-mis<\/a>. J\u00e1 o debate ao vivo ocorrer\u00e1 no\u00a0<strong>canal do YouTube do MIS<\/strong>\u00a0no dia\u00a0<strong>26 de maio, segunda-feira, \u00e0s 19h<\/strong>, com participa\u00e7\u00e3o do p\u00fablico e insights exclusivos sobre a produ\u00e7\u00e3o.<\/p>\n\n\n\n<p class=\"wp-block-paragraph\">Uma oportunidade imperd\u00edvel para cin\u00e9filos e estudiosos revisitarem um marco do cinema nacional.<\/p>\n","protected":false},"excerpt":{"rendered":"<p>O filme est\u00e1 dispon\u00edvel at\u00e9 \u00e0s 19h de hoje e o bate-papo acontece na segunda-feira. O&nbsp;Cineclube Pontos MIS, iniciativa que promove exibi\u00e7\u00f5es de filmes seguidas de debates com especialistas, traz em sua programa\u00e7\u00e3o de maio o aclamado longa&nbsp;&#8220;O Grande Momento&#8221; (1958), obra ic\u00f4nica do cinema nacional. A sess\u00e3o online ser\u00e1 acompanhada de um bate-papo com [&hellip;]<\/p>\n","protected":false},"author":260896546,"featured_media":0,"comment_status":"open","ping_status":"open","sticky":false,"template":"","format":"standard","meta":{"_crdt_document":"","_monsterinsights_skip_tracking":false,"_monsterinsights_sitenote_active":false,"_monsterinsights_sitenote_note":"","_monsterinsights_sitenote_category":0,"advanced_seo_description":"","jetpack_seo_html_title":"","jetpack_seo_noindex":false,"_jetpack_newsletter_access":"","_jetpack_dont_email_post_to_subs":false,"_jetpack_newsletter_tier_id":0,"_jetpack_memberships_contains_paywalled_content":false,"_jetpack_memberships_contains_paid_content":false,"footnotes":"","jetpack_publicize_message":"\ud83c\udfac \"O Grande Momento\" (1958) no Pontos MIS!\n\nUm cl\u00e1ssico do cinema brasileiro, dirigido por Roberto Santos e estrelado por Grande Otelo, em uma trama cheia de ironia e cr\u00edtica social.\n\n\ud83d\udcfd Assista online at\u00e9 25\/05: vimeo.com\/showcase\/cineclube-pontos-mis\n\n\ud83c\udfa4 Debate ao vivo 26\/05, 19h, no YouTube do MIS, com o pesquisador Luis Carlos Pavan e media\u00e7\u00e3o de Giuliana Monteiro.\n\n\ud83d\udcd6 Leia mais: diariodegarca.com\n\n#CinemaBrasileiro #PontosMIS #CulturaSP #GrandeOtelo #FilmeCl\u00e1ssico","jetpack_publicize_feature_enabled":true,"jetpack_social_post_already_shared":false,"jetpack_social_options":{"image_generator_settings":{"template":"highway","default_image_id":0,"enabled":false},"version":2},"_wpas_customize_per_network":false,"jetpack_post_was_ever_published":false},"categories":[2367,36947,91066845],"tags":[781171790],"class_list":["post-3401","post","type-post","status-publish","format-standard","hentry","category-cultura","category-curso","category-online-curso","tag-cultura"],"jetpack_publicize_connections":[],"jetpack_featured_media_url":"","jetpack_likes_enabled":true,"jetpack_sharing_enabled":true,"jetpack_shortlink":"https:\/\/wp.me\/pgitne-SR","jetpack-related-posts":[{"id":9186,"url":"https:\/\/diariodegarca.com\/?p=9186","url_meta":{"origin":3401,"position":0},"title":"Cineclube MIS: exibi\u00e7\u00e3o da com\u00e9dia &#8220;P\u00e3o e Tulipas&#8221; e bate-papo com especialista","author":"Andreza Sega","date":"29 de novembro de 2025","format":false,"excerpt":"Sess\u00e3o online do filme de Silvio Soldini fica dispon\u00edvel por 48 horas; debate no YouTube ter\u00e1 a presen\u00e7a da curadora Erica Bernardini, do Festival de Cinema Italiano no Brasil. O Cineclube Pontos MIS realiza sua \u00faltima sess\u00e3o de 2025 com um convite \u00e0 deliciosa descoberta de uma nova vida em\u2026","rel":"","context":"Em &quot;Cinema&quot;","block_context":{"text":"Cinema","link":"https:\/\/diariodegarca.com\/?cat=597"},"img":{"alt_text":"","src":"https:\/\/i0.wp.com\/diariodegarca.com\/wp-content\/uploads\/2025\/11\/Pao-e-Tulipas.jpg?fit=884%2C645&ssl=1&resize=350%2C200","width":350,"height":200,"srcset":"https:\/\/i0.wp.com\/diariodegarca.com\/wp-content\/uploads\/2025\/11\/Pao-e-Tulipas.jpg?fit=884%2C645&ssl=1&resize=350%2C200 1x, https:\/\/i0.wp.com\/diariodegarca.com\/wp-content\/uploads\/2025\/11\/Pao-e-Tulipas.jpg?fit=884%2C645&ssl=1&resize=525%2C300 1.5x, https:\/\/i0.wp.com\/diariodegarca.com\/wp-content\/uploads\/2025\/11\/Pao-e-Tulipas.jpg?fit=884%2C645&ssl=1&resize=700%2C400 2x"},"classes":[]},{"id":7192,"url":"https:\/\/diariodegarca.com\/?p=7192","url_meta":{"origin":3401,"position":1},"title":"Pontos MIS promove sess\u00e3o online e debate sobre &#8220;Uma Mulher \u00e9 uma Mulher&#8221;, de Godard","author":"Di\u00e1rio de Gar\u00e7a","date":"26 de setembro de 2025","format":false,"excerpt":"Primeiro filme colorido do diretor franc\u00eas ser\u00e1 exibido gratuitamente; debate no YouTube contar\u00e1 com a presen\u00e7a de cr\u00edtico especializado na obra do cineasta. O Cineclube Pontos MIS, iniciativa que combina exibi\u00e7\u00e3o de filmes com debates qualificados, traz para setembro uma joia da cinematografia mundial: \"Uma Mulher \u00e9 uma Mulher\" (\"Une\u2026","rel":"","context":"Em &quot;Cinema&quot;","block_context":{"text":"Cinema","link":"https:\/\/diariodegarca.com\/?cat=597"},"img":{"alt_text":"","src":"https:\/\/i0.wp.com\/diariodegarca.com\/wp-content\/uploads\/2025\/09\/lnkJMfrKfaWlpkjiWsZImZJk6Z3.webp?fit=1200%2C675&ssl=1&resize=350%2C200","width":350,"height":200,"srcset":"https:\/\/i0.wp.com\/diariodegarca.com\/wp-content\/uploads\/2025\/09\/lnkJMfrKfaWlpkjiWsZImZJk6Z3.webp?fit=1200%2C675&ssl=1&resize=350%2C200 1x, https:\/\/i0.wp.com\/diariodegarca.com\/wp-content\/uploads\/2025\/09\/lnkJMfrKfaWlpkjiWsZImZJk6Z3.webp?fit=1200%2C675&ssl=1&resize=525%2C300 1.5x, https:\/\/i0.wp.com\/diariodegarca.com\/wp-content\/uploads\/2025\/09\/lnkJMfrKfaWlpkjiWsZImZJk6Z3.webp?fit=1200%2C675&ssl=1&resize=700%2C400 2x, https:\/\/i0.wp.com\/diariodegarca.com\/wp-content\/uploads\/2025\/09\/lnkJMfrKfaWlpkjiWsZImZJk6Z3.webp?fit=1200%2C675&ssl=1&resize=1050%2C600 3x"},"classes":[]},{"id":6023,"url":"https:\/\/diariodegarca.com\/?p=6023","url_meta":{"origin":3401,"position":2},"title":"Pontos MIS celebra anivers\u00e1rio de Hitchcock com exibi\u00e7\u00e3o online de &#8220;Festim Diab\u00f3lico&#8221;","author":"Di\u00e1rio de Gar\u00e7a","date":"24 de agosto de 2025","format":false,"excerpt":"Cl\u00e1ssico de 1948, primeiro filme colorido do mestre do suspense, ser\u00e1 exibido gratuitamente e tamb\u00e9m um debate com especialista. O Cineclube Pontos MIS, programa de difus\u00e3o cinematogr\u00e1fica, preparou uma programa\u00e7\u00e3o especial para os f\u00e3s de cinema em agosto. Em homenagem ao anivers\u00e1rio do cineasta Alfred Hitchcock, o projeto exibir\u00e1 online\u2026","rel":"","context":"Em &quot;Cinema&quot;","block_context":{"text":"Cinema","link":"https:\/\/diariodegarca.com\/?cat=597"},"img":{"alt_text":"","src":"https:\/\/i0.wp.com\/diariodegarca.com\/wp-content\/uploads\/2025\/08\/festim-diabolico-1948-11.webp?fit=640%2C474&ssl=1&resize=350%2C200","width":350,"height":200,"srcset":"https:\/\/i0.wp.com\/diariodegarca.com\/wp-content\/uploads\/2025\/08\/festim-diabolico-1948-11.webp?fit=640%2C474&ssl=1&resize=350%2C200 1x, https:\/\/i0.wp.com\/diariodegarca.com\/wp-content\/uploads\/2025\/08\/festim-diabolico-1948-11.webp?fit=640%2C474&ssl=1&resize=525%2C300 1.5x"},"classes":[]},{"id":5055,"url":"https:\/\/diariodegarca.com\/?p=5055","url_meta":{"origin":3401,"position":3},"title":"Cineclube Pontos MIS exibe &#8220;Meu Filho \u00e9 um Craque&#8221; com debate sobre futebol e cinema","author":"Di\u00e1rio de Gar\u00e7a","date":"27 de julho de 2025","format":false,"excerpt":"Filme franc\u00eas sobre talento e press\u00e3o no esporte ser\u00e1 discutido por especialistas em transmiss\u00e3o ao vivo no YouTube. O\u00a0Pontos MIS, programa do Museu da Imagem e do Som de S\u00e3o Paulo, promove mais uma edi\u00e7\u00e3o do seu cineclube virtual, desta vez em parceria com a\u00a0Pandora Filmes. Neste final de semana,\u2026","rel":"","context":"Em &quot;Cultura&quot;","block_context":{"text":"Cultura","link":"https:\/\/diariodegarca.com\/?cat=2367"},"img":{"alt_text":"","src":"https:\/\/i0.wp.com\/diariodegarca.com\/wp-content\/uploads\/2025\/07\/11caad_f07b04f922ec4f03950e868f71174ff8mv2.jpg?fit=1000%2C563&ssl=1&resize=350%2C200","width":350,"height":200,"srcset":"https:\/\/i0.wp.com\/diariodegarca.com\/wp-content\/uploads\/2025\/07\/11caad_f07b04f922ec4f03950e868f71174ff8mv2.jpg?fit=1000%2C563&ssl=1&resize=350%2C200 1x, https:\/\/i0.wp.com\/diariodegarca.com\/wp-content\/uploads\/2025\/07\/11caad_f07b04f922ec4f03950e868f71174ff8mv2.jpg?fit=1000%2C563&ssl=1&resize=525%2C300 1.5x, https:\/\/i0.wp.com\/diariodegarca.com\/wp-content\/uploads\/2025\/07\/11caad_f07b04f922ec4f03950e868f71174ff8mv2.jpg?fit=1000%2C563&ssl=1&resize=700%2C400 2x"},"classes":[]},{"id":4244,"url":"https:\/\/diariodegarca.com\/?p=4244","url_meta":{"origin":3401,"position":4},"title":"&#8220;Trilha Sonora para um Golpe de Estado&#8221;: document\u00e1rio revela o uso da cultura na geopol\u00edtica","author":"Di\u00e1rio de Gar\u00e7a","date":"25 de junho de 2025","format":false,"excerpt":"Filme de Johan Grimonprez exp\u00f5e como o jazz foi instrumentalizado pelos EUA durante a Guerra Fria, enquanto a CIA conspirava contra l\u00edderes africanos. Debate com especialistas acontece ap\u00f3s a exibi\u00e7\u00e3o online. O Cineclube Pontos MIS, conhecido por promover exibi\u00e7\u00f5es seguidas de debates qualificados, apresenta em junho o document\u00e1rio\u00a0\"Trilha Sonora para\u2026","rel":"","context":"Em &quot;Cultura&quot;","block_context":{"text":"Cultura","link":"https:\/\/diariodegarca.com\/?cat=2367"},"img":{"alt_text":"","src":"","width":0,"height":0},"classes":[]},{"id":3339,"url":"https:\/\/diariodegarca.com\/?p=3339","url_meta":{"origin":3401,"position":5},"title":"Clube de Cinema de Mar\u00edlia exibe &#8220;Conclave&#8221;, com entrada gratuita","author":"Di\u00e1rio de Gar\u00e7a","date":"23 de maio de 2025","format":false,"excerpt":"Neste domingo, 25 de maio, o\u00a0Clube de Cinema de Mar\u00edlia\u00a0exibir\u00e1 gratuitamente o aclamado filme\u00a0\"Conclave\", dirigido por\u00a0Edward Berger\u00a0(conhecido por \"Nada de Novo no Front\"). Filme que se tornou objeto de curiosidade ap\u00f3s o falecimento do Papa Francisco e que tem se destacado entre um dos mais assistidos nas plataformas de streaming.\u2026","rel":"","context":"Em &quot;Cultura&quot;","block_context":{"text":"Cultura","link":"https:\/\/diariodegarca.com\/?cat=2367"},"img":{"alt_text":"","src":"","width":0,"height":0},"classes":[]}],"_links":{"self":[{"href":"https:\/\/diariodegarca.com\/index.php?rest_route=\/wp\/v2\/posts\/3401","targetHints":{"allow":["GET"]}}],"collection":[{"href":"https:\/\/diariodegarca.com\/index.php?rest_route=\/wp\/v2\/posts"}],"about":[{"href":"https:\/\/diariodegarca.com\/index.php?rest_route=\/wp\/v2\/types\/post"}],"author":[{"embeddable":true,"href":"https:\/\/diariodegarca.com\/index.php?rest_route=\/wp\/v2\/users\/260896546"}],"replies":[{"embeddable":true,"href":"https:\/\/diariodegarca.com\/index.php?rest_route=%2Fwp%2Fv2%2Fcomments&post=3401"}],"version-history":[{"count":3,"href":"https:\/\/diariodegarca.com\/index.php?rest_route=\/wp\/v2\/posts\/3401\/revisions"}],"predecessor-version":[{"id":3405,"href":"https:\/\/diariodegarca.com\/index.php?rest_route=\/wp\/v2\/posts\/3401\/revisions\/3405"}],"wp:attachment":[{"href":"https:\/\/diariodegarca.com\/index.php?rest_route=%2Fwp%2Fv2%2Fmedia&parent=3401"}],"wp:term":[{"taxonomy":"category","embeddable":true,"href":"https:\/\/diariodegarca.com\/index.php?rest_route=%2Fwp%2Fv2%2Fcategories&post=3401"},{"taxonomy":"post_tag","embeddable":true,"href":"https:\/\/diariodegarca.com\/index.php?rest_route=%2Fwp%2Fv2%2Ftags&post=3401"}],"curies":[{"name":"wp","href":"https:\/\/api.w.org\/{rel}","templated":true}]}}