{"id":3427,"date":"2025-05-26T10:22:04","date_gmt":"2025-05-26T13:22:04","guid":{"rendered":"https:\/\/diariodegarca.com\/?p=3427"},"modified":"2025-07-05T20:10:25","modified_gmt":"2025-07-05T23:10:25","slug":"escola-nacional-de-defesa-do-consumidor-oferece-curso-online-de-educacao-financeira","status":"publish","type":"post","link":"https:\/\/diariodegarca.com\/?p=3427","title":{"rendered":"Escola Nacional de Defesa do Consumidor oferece curso online de Educa\u00e7\u00e3o Financeira"},"content":{"rendered":"\n<p class=\"wp-block-paragraph\"><em>Iniciativa visa promover consumo consciente e preven\u00e7\u00e3o ao superendividamento<\/em><\/p>\n\n\n\n<p class=\"wp-block-paragraph\">O\u00a0<strong>Minist\u00e9rio da Justi\u00e7a e Seguran\u00e7a P\u00fablica (MJSP)<\/strong>, por meio da\u00a0<strong>Escola Nacional de Defesa do Consumidor (ENDC)<\/strong>, est\u00e1 com inscri\u00e7\u00f5es abertas para cursos gratuitos e online sobre\u00a0<strong>educa\u00e7\u00e3o financeira e direitos do consumidor<\/strong>. A a\u00e7\u00e3o integra a programa\u00e7\u00e3o da\u00a0<strong>12\u00aa Semana Nacional de Educa\u00e7\u00e3o Financeira<\/strong>, com o objetivo de auxiliar a popula\u00e7\u00e3o no gerenciamento de finan\u00e7as pessoais e no consumo respons\u00e1vel.<\/p>\n\n\n\n<h3 class=\"wp-block-heading\"><strong>Por que educa\u00e7\u00e3o financeira \u00e9 importante?<\/strong><\/h3>\n\n\n\n<p class=\"wp-block-paragraph\">A educa\u00e7\u00e3o financeira \u00e9 fundamental para garantir o&nbsp;<strong>bem-estar econ\u00f4mico<\/strong>&nbsp;e a&nbsp;<strong>seguran\u00e7a jur\u00eddica<\/strong>&nbsp;dos consumidores. Compreender conceitos como&nbsp;<strong>planejamento financeiro, direitos no cr\u00e9dito e preven\u00e7\u00e3o ao superendividamento<\/strong>&nbsp;permite:<\/p>\n\n\n\n<ul class=\"wp-block-list\">\n<li><strong>Reduzir d\u00edvidas e estresse financeiro<\/strong><\/li>\n\n\n\n<li><strong>Tomar decis\u00f5es mais conscientes<\/strong><\/li>\n\n\n\n<li><strong>Preparar-se para emerg\u00eancias<\/strong><\/li>\n\n\n\n<li><strong>Planejar o futuro com mais seguran\u00e7a<\/strong><\/li>\n<\/ul>\n\n\n\n<h3 class=\"wp-block-heading\"><strong>Curso &#8220;Educa\u00e7\u00e3o Financeira em Cena&#8221;<\/strong><\/h3>\n\n\n\n<p class=\"wp-block-paragraph\">Com&nbsp;<strong>30 horas de carga hor\u00e1ria<\/strong>, o curso \u00e9 voltado para o p\u00fablico em geral e profissionais do&nbsp;<strong>Sistema Nacional de Defesa do Consumidor (SNDC)<\/strong>. O conte\u00fado est\u00e1 dividido em&nbsp;<strong>tr\u00eas m\u00f3dulos<\/strong>:<\/p>\n\n\n\n<h4 class=\"wp-block-heading\"><strong>M\u00f3dulo 1: O consumidor no mercado de cr\u00e9dito<\/strong><\/h4>\n\n\n\n<ul class=\"wp-block-list\">\n<li>Introdu\u00e7\u00e3o \u00e0 educa\u00e7\u00e3o financeira<\/li>\n\n\n\n<li>C\u00f3digo de Defesa do Consumidor (CDC)<\/li>\n\n\n\n<li>Lei do Superendividamento<\/li>\n<\/ul>\n\n\n\n<h4 class=\"wp-block-heading\"><strong>M\u00f3dulo 2: Princ\u00edpios e direitos b\u00e1sicos do consumidor<\/strong><\/h4>\n\n\n\n<ul class=\"wp-block-list\">\n<li>Princ\u00edpios da boa-f\u00e9 e confian\u00e7a<\/li>\n\n\n\n<li>Harmoniza\u00e7\u00e3o nas rela\u00e7\u00f5es de consumo<\/li>\n\n\n\n<li>Direitos fundamentais do consumidor<\/li>\n<\/ul>\n\n\n\n<h4 class=\"wp-block-heading\"><strong>M\u00f3dulo 3: Economia dom\u00e9stica e planejamento financeiro<\/strong><\/h4>\n\n\n\n<ul class=\"wp-block-list\">\n<li>Gest\u00e3o do or\u00e7amento familiar<\/li>\n\n\n\n<li>Rela\u00e7\u00e3o entre trabalho e consumo<\/li>\n\n\n\n<li>Autonomia financeira<\/li>\n<\/ul>\n\n\n\n<h3 class=\"wp-block-heading\"><strong>Inscri\u00e7\u00f5es<\/strong><\/h3>\n\n\n\n<p class=\"wp-block-paragraph\">Os participantes que conclu\u00edrem o curso com aproveitamento receber\u00e3o um&nbsp;<strong>certificado digital<\/strong>. As inscri\u00e7\u00f5es podem ser feitas gratuitamente no link:<\/p>\n\n\n\n<p class=\"wp-block-paragraph\">\ud83d\udd17&nbsp;<strong><a href=\"https:\/\/www.gov.br\/mj\/pt-br\/assuntos\/seus-direitos\/consumidor\/escola-nacional-endc\/cursos-endc\/cursos\" target=\"_blank\" rel=\"noreferrer noopener\">Inscreva-se aqui<\/a><\/strong><\/p>\n\n\n\n<h3 class=\"wp-block-heading\"><strong>Outros cursos dispon\u00edveis na plataforma<\/strong><\/h3>\n\n\n\n<p class=\"wp-block-paragraph\">Al\u00e9m do curso de educa\u00e7\u00e3o financeira, a ENDC oferece diversas forma\u00e7\u00f5es na&nbsp;<strong>Trilha de Forma\u00e7\u00e3o em Defesa do Consumidor<\/strong>, incluindo:<\/p>\n\n\n\n<ul class=\"wp-block-list\">\n<li><strong>Enfrentamento ao Racismo nas Rela\u00e7\u00f5es de Consumo<\/strong><\/li>\n\n\n\n<li><strong>Direitos das Mulheres no Consumo<\/strong><\/li>\n\n\n\n<li><strong>Prote\u00e7\u00e3o de Dados (LGPD)<\/strong><\/li>\n\n\n\n<li><strong>Mercado de Capitais para Consumidores<\/strong><\/li>\n\n\n\n<li><strong>Preven\u00e7\u00e3o ao Superendividamento<\/strong><\/li>\n<\/ul>\n\n\n\n<p class=\"wp-block-paragraph\">Confira a lista completa de cursos e matricule-se:&nbsp;<strong><a href=\"https:\/\/www.gov.br\/mj\/pt-br\/assuntos\/seus-direitos\/consumidor\/escola-nacional-endc\/cursos-endc\/cursos\" target=\"_blank\" rel=\"noreferrer noopener\">Cursos ENDC<\/a><\/strong><\/p>\n\n\n\n<p class=\"wp-block-paragraph\">Aproveite essa oportunidade para&nbsp;<strong>aprender, se capacitar e tomar decis\u00f5es financeiras mais seguras<\/strong>!<\/p>\n","protected":false},"excerpt":{"rendered":"<p>Iniciativa visa promover consumo consciente e preven\u00e7\u00e3o ao superendividamento O\u00a0Minist\u00e9rio da Justi\u00e7a e Seguran\u00e7a P\u00fablica (MJSP), por meio da\u00a0Escola Nacional de Defesa do Consumidor (ENDC), est\u00e1 com inscri\u00e7\u00f5es abertas para cursos gratuitos e online sobre\u00a0educa\u00e7\u00e3o financeira e direitos do consumidor. A a\u00e7\u00e3o integra a programa\u00e7\u00e3o da\u00a012\u00aa Semana Nacional de Educa\u00e7\u00e3o Financeira, com o objetivo de [&hellip;]<\/p>\n","protected":false},"author":260896546,"featured_media":0,"comment_status":"open","ping_status":"open","sticky":false,"template":"","format":"standard","meta":{"_crdt_document":"","_monsterinsights_skip_tracking":false,"_monsterinsights_sitenote_active":false,"_monsterinsights_sitenote_note":"","_monsterinsights_sitenote_category":0,"advanced_seo_description":"","jetpack_seo_html_title":"","jetpack_seo_noindex":false,"_jetpack_newsletter_access":"","_jetpack_dont_email_post_to_subs":false,"_jetpack_newsletter_tier_id":0,"_jetpack_memberships_contains_paywalled_content":false,"_jetpack_memberships_contains_paid_content":false,"footnotes":"","jetpack_publicize_message":"\ud83d\udce2 Curso gratuito de Educa\u00e7\u00e3o Financeira\n\nA Escola Nacional de Defesa do Consumidor (ENDC) est\u00e1 com inscri\u00e7\u00f5es abertas para forma\u00e7\u00f5es online e gratuitas.\n\n\ud83d\udcb0 Aulas autoinstitucionais\n\ud83d\udee1\ufe0f Gratuitas\n\u2705 Certificado digital\n\u23f3 Carga hor\u00e1ria: 30h\n\n\ud83d\udd17 Saiba mais em diariodegarca.com\n\n\ud83d\udccc #Educa\u00e7\u00e3oFinanceira #CursosGratuitos #ConsumoConsciente #Finan\u00e7asPessoais #ENDC","jetpack_publicize_feature_enabled":true,"jetpack_social_post_already_shared":false,"jetpack_social_options":{"image_generator_settings":{"template":"highway","default_image_id":0,"enabled":false},"version":2},"_wpas_customize_per_network":false,"jetpack_post_was_ever_published":false},"categories":[36947,17964,185853,91066845],"tags":[],"class_list":["post-3427","post","type-post","status-publish","format-standard","hentry","category-curso","category-educacao","category-financas","category-online-curso"],"jetpack_publicize_connections":[],"jetpack_featured_media_url":"","jetpack_likes_enabled":true,"jetpack_sharing_enabled":true,"jetpack_shortlink":"https:\/\/wp.me\/pgitne-Th","jetpack-related-posts":[{"id":2181,"url":"https:\/\/diariodegarca.com\/?p=2181","url_meta":{"origin":3427,"position":0},"title":"Procon oferece palestra gratuita sobre educa\u00e7\u00e3o financeira para orientar consumidores","author":"Di\u00e1rio de Gar\u00e7a","date":"7 de maio de 2025","format":false,"excerpt":"O acesso facilitado ao cr\u00e9dito, especialmente para jovens e consumidores de baixa renda, trouxe benef\u00edcios, mas tamb\u00e9m desafios, como o aumento do endividamento e a dificuldade em gerenciar as finan\u00e7as pessoais. Para auxiliar a popula\u00e7\u00e3o, o Procon promove uma\u00a0palestra online e gratuita\u00a0sobre orienta\u00e7\u00e3o financeira, com dicas pr\u00e1ticas para organizar o\u2026","rel":"","context":"Em &quot;Brasil&quot;","block_context":{"text":"Brasil","link":"https:\/\/diariodegarca.com\/?cat=38185"},"img":{"alt_text":"","src":"https:\/\/i0.wp.com\/blogger.googleusercontent.com\/img\/b\/R29vZ2xl\/AVvXsEjJDrm_WANrcBfBDCteNEC0vwcBR1fZHfWXwXeLCH66Fx5Vi02ThPapaudfkJCZrelwAzffxvLEcaNsSmewzG427GcIrkPnfeTIZrjavnJRiX8JpEvb38AjN-YqIVQrGOxpG5u6kshiJzaoI3QdfxGi5vDAy6mK0WGFkpbHQsfWC-OT4na_IsHqz70KjJo\/s320\/vendas-de-compras-da-cyber-monday.jpg?resize=350%2C200&ssl=1","width":350,"height":200},"classes":[]},{"id":6606,"url":"https:\/\/diariodegarca.com\/?p=6606","url_meta":{"origin":3427,"position":1},"title":"Procon-SP far\u00e1 palestra on-line sobre orienta\u00e7\u00e3o financeira para evitar endividamento","author":"Di\u00e1rio de Gar\u00e7a","date":"10 de setembro de 2025","format":false,"excerpt":"Evento virtual, na quinta-feira (11), ensina consumidores a organizarem o or\u00e7amento, entenderem os tipos de cr\u00e9dito e praticarem o consumo consciente. A Funda\u00e7\u00e3o Procon-SP realizar\u00e1, nesta quinta-feira, 11 de setembro, uma palestra online e gratuita sobre \"Orienta\u00e7\u00e3o Financeira\". O evento, que come\u00e7a \u00e0s 14h, tem como objetivo capacitar consumidores, jovens\u2026","rel":"","context":"Em &quot;Online&quot;","block_context":{"text":"Online","link":"https:\/\/diariodegarca.com\/?cat=91066845"},"img":{"alt_text":"","src":"https:\/\/i0.wp.com\/diariodegarca.com\/wp-content\/uploads\/2025\/06\/personal-shopper-no-escritorio-com-o-cliente.jpg?fit=1200%2C800&ssl=1&resize=350%2C200","width":350,"height":200,"srcset":"https:\/\/i0.wp.com\/diariodegarca.com\/wp-content\/uploads\/2025\/06\/personal-shopper-no-escritorio-com-o-cliente.jpg?fit=1200%2C800&ssl=1&resize=350%2C200 1x, https:\/\/i0.wp.com\/diariodegarca.com\/wp-content\/uploads\/2025\/06\/personal-shopper-no-escritorio-com-o-cliente.jpg?fit=1200%2C800&ssl=1&resize=525%2C300 1.5x, https:\/\/i0.wp.com\/diariodegarca.com\/wp-content\/uploads\/2025\/06\/personal-shopper-no-escritorio-com-o-cliente.jpg?fit=1200%2C800&ssl=1&resize=700%2C400 2x, https:\/\/i0.wp.com\/diariodegarca.com\/wp-content\/uploads\/2025\/06\/personal-shopper-no-escritorio-com-o-cliente.jpg?fit=1200%2C800&ssl=1&resize=1050%2C600 3x"},"classes":[]},{"id":7526,"url":"https:\/\/diariodegarca.com\/?p=7526","url_meta":{"origin":3427,"position":2},"title":"Procon-SP oferece palestra online e gratuita sobre educa\u00e7\u00e3o financeira","author":"Andreza Sega","date":"7 de outubro de 2025","format":false,"excerpt":"Evento virtual, marcado para 9 de outubro, vai ensinar pr\u00e1ticas para controlar or\u00e7amento, entender cr\u00e9dito e sair do endividamento. Com o objetivo de capacitar consumidores a enfrentarem os desafios financeiros do cotidiano, o Procon-SP realizar\u00e1 uma palestra online e gratuita sobre Orienta\u00e7\u00e3o Financeira na quinta-feira, 9 de outubro. A atividade,\u2026","rel":"","context":"Em &quot;Curso&quot;","block_context":{"text":"Curso","link":"https:\/\/diariodegarca.com\/?cat=36947"},"img":{"alt_text":"","src":"https:\/\/i0.wp.com\/diariodegarca.com\/wp-content\/uploads\/2025\/10\/close-up-em-objetos-de-educacao-e-economia.jpg?fit=1200%2C801&ssl=1&resize=350%2C200","width":350,"height":200,"srcset":"https:\/\/i0.wp.com\/diariodegarca.com\/wp-content\/uploads\/2025\/10\/close-up-em-objetos-de-educacao-e-economia.jpg?fit=1200%2C801&ssl=1&resize=350%2C200 1x, https:\/\/i0.wp.com\/diariodegarca.com\/wp-content\/uploads\/2025\/10\/close-up-em-objetos-de-educacao-e-economia.jpg?fit=1200%2C801&ssl=1&resize=525%2C300 1.5x, https:\/\/i0.wp.com\/diariodegarca.com\/wp-content\/uploads\/2025\/10\/close-up-em-objetos-de-educacao-e-economia.jpg?fit=1200%2C801&ssl=1&resize=700%2C400 2x, https:\/\/i0.wp.com\/diariodegarca.com\/wp-content\/uploads\/2025\/10\/close-up-em-objetos-de-educacao-e-economia.jpg?fit=1200%2C801&ssl=1&resize=1050%2C600 3x"},"classes":[]},{"id":2417,"url":"https:\/\/diariodegarca.com\/?p=2417","url_meta":{"origin":3427,"position":3},"title":"Procon-SP amplia acesso \u00e0 educa\u00e7\u00e3o consumerista com cursos EAD gratuitos","author":"Di\u00e1rio de Gar\u00e7a","date":"10 de abril de 2025","format":false,"excerpt":"A\u00a0Escola de Prote\u00e7\u00e3o e Defesa do Consumidor (EPDC), \u00f3rg\u00e3o vinculado ao\u00a0Procon-SP, est\u00e1 expandindo suas a\u00e7\u00f5es de capacita\u00e7\u00e3o por meio do\u00a0ensino a dist\u00e2ncia (EAD). A iniciativa visa democratizar o acesso a conhecimentos sobre direitos do consumidor, combate \u00e0 discrimina\u00e7\u00e3o e preven\u00e7\u00e3o \u00e0 viol\u00eancia contra a mulher, alcan\u00e7ando um p\u00fablico mais amplo\u2026","rel":"","context":"Em &quot;Brasil&quot;","block_context":{"text":"Brasil","link":"https:\/\/diariodegarca.com\/?cat=38185"},"img":{"alt_text":"","src":"https:\/\/i0.wp.com\/blogger.googleusercontent.com\/img\/b\/R29vZ2xl\/AVvXsEhq4vVetAnlg2HLvmqrsh7_LX0tcQ08soINxLiuDUjxAkkIp7A2rMgPWBdyUj7Veo6RBAEAzm_vmGx6v_rqaLE4BSKMqnSUiQkQxp3uKd1D0aT0sOAX8LxuZOI3p_o-UAbaM4Qlqa8tXx6Y0iqnxTRpcyul5D-fvzcxQXX6p7Y8KZbJvzRlWoV5aYEURAw\/s320\/student-class-looking-course.jpg?resize=350%2C200&ssl=1","width":350,"height":200},"classes":[]},{"id":9238,"url":"https:\/\/diariodegarca.com\/?p=9238","url_meta":{"origin":3427,"position":4},"title":"Procon-SP oferece palestra gratuita de educa\u00e7\u00e3o financeira para consumidores nesta semana","author":"Andreza Sega","date":"1 de dezembro de 2025","format":false,"excerpt":"Com foco no combate ao superendividamento, evento online e gratuito ocorre na quarta-feira e aborda desde or\u00e7amento dom\u00e9stico at\u00e9 aspectos emocionais do consumo. Diante do aumento do cr\u00e9dito para jovens e consumidores de baixa renda, e dos consequentes riscos de descontrole financeiro, a Funda\u00e7\u00e3o Procon-SP promove nesta semana uma palestra\u2026","rel":"","context":"Em &quot;Curso&quot;","block_context":{"text":"Curso","link":"https:\/\/diariodegarca.com\/?cat=36947"},"img":{"alt_text":"","src":"https:\/\/i0.wp.com\/diariodegarca.com\/wp-content\/uploads\/2025\/08\/homem-sorridente-durante-compras-online-em-casa.jpg?fit=1200%2C800&ssl=1&resize=350%2C200","width":350,"height":200,"srcset":"https:\/\/i0.wp.com\/diariodegarca.com\/wp-content\/uploads\/2025\/08\/homem-sorridente-durante-compras-online-em-casa.jpg?fit=1200%2C800&ssl=1&resize=350%2C200 1x, https:\/\/i0.wp.com\/diariodegarca.com\/wp-content\/uploads\/2025\/08\/homem-sorridente-durante-compras-online-em-casa.jpg?fit=1200%2C800&ssl=1&resize=525%2C300 1.5x, https:\/\/i0.wp.com\/diariodegarca.com\/wp-content\/uploads\/2025\/08\/homem-sorridente-durante-compras-online-em-casa.jpg?fit=1200%2C800&ssl=1&resize=700%2C400 2x, https:\/\/i0.wp.com\/diariodegarca.com\/wp-content\/uploads\/2025\/08\/homem-sorridente-durante-compras-online-em-casa.jpg?fit=1200%2C800&ssl=1&resize=1050%2C600 3x"},"classes":[]},{"id":2440,"url":"https:\/\/diariodegarca.com\/?p=2440","url_meta":{"origin":3427,"position":5},"title":"Procon-SP alerta sobre armadilhas financeiras em palestra online gratuita","author":"Di\u00e1rio de Gar\u00e7a","date":"8 de abril de 2025","format":false,"excerpt":"\u00a0O Procon-SP promove, no pr\u00f3ximo dia 10 de abril, uma palestra virtual e gratuita sobre\u00a0\"Orienta\u00e7\u00e3o Financeira: evitando as armadilhas do consumo\". O evento, que ser\u00e1 transmitido ao vivo das 14h \u00e0s 15h30 pelo\u00a0Instagram\u00a0e\u00a0Facebook\u00a0da institui\u00e7\u00e3o e pelo\u00a0Microsoft Teams (link desta op\u00e7\u00e3o \u00e9 enviado para quem se inscreve previamente). A palestra\u00a0tem como\u2026","rel":"","context":"Em &quot;Brasil&quot;","block_context":{"text":"Brasil","link":"https:\/\/diariodegarca.com\/?cat=38185"},"img":{"alt_text":"","src":"https:\/\/i0.wp.com\/blogger.googleusercontent.com\/img\/b\/R29vZ2xl\/AVvXsEixP1ll5ul3pBhiNxCLniqRqM-o4vEiGYUYQA7ycPW0lU_BWtjul7kANuwR5n2qF1GbWJ-V3Aq9Dg9isDViQKEAmW2bnJwbt39ClPmW2g-1imUqEL0NtJFv3MW7hzIy-PC-MwimrPSZjO9oZG1iCQRO6WEe1OcAPGtaRBlx3wzN35oaq0xewEZgYOKii1U\/s320\/businesswoman-feeling-worried-about-financial-debts-analyzing-bills-while-working-office.jpg?resize=350%2C200&ssl=1","width":350,"height":200},"classes":[]}],"_links":{"self":[{"href":"https:\/\/diariodegarca.com\/index.php?rest_route=\/wp\/v2\/posts\/3427","targetHints":{"allow":["GET"]}}],"collection":[{"href":"https:\/\/diariodegarca.com\/index.php?rest_route=\/wp\/v2\/posts"}],"about":[{"href":"https:\/\/diariodegarca.com\/index.php?rest_route=\/wp\/v2\/types\/post"}],"author":[{"embeddable":true,"href":"https:\/\/diariodegarca.com\/index.php?rest_route=\/wp\/v2\/users\/260896546"}],"replies":[{"embeddable":true,"href":"https:\/\/diariodegarca.com\/index.php?rest_route=%2Fwp%2Fv2%2Fcomments&post=3427"}],"version-history":[{"count":2,"href":"https:\/\/diariodegarca.com\/index.php?rest_route=\/wp\/v2\/posts\/3427\/revisions"}],"predecessor-version":[{"id":3430,"href":"https:\/\/diariodegarca.com\/index.php?rest_route=\/wp\/v2\/posts\/3427\/revisions\/3430"}],"wp:attachment":[{"href":"https:\/\/diariodegarca.com\/index.php?rest_route=%2Fwp%2Fv2%2Fmedia&parent=3427"}],"wp:term":[{"taxonomy":"category","embeddable":true,"href":"https:\/\/diariodegarca.com\/index.php?rest_route=%2Fwp%2Fv2%2Fcategories&post=3427"},{"taxonomy":"post_tag","embeddable":true,"href":"https:\/\/diariodegarca.com\/index.php?rest_route=%2Fwp%2Fv2%2Ftags&post=3427"}],"curies":[{"name":"wp","href":"https:\/\/api.w.org\/{rel}","templated":true}]}}