{"id":3454,"date":"2025-05-26T18:49:24","date_gmt":"2025-05-26T21:49:24","guid":{"rendered":"https:\/\/diariodegarca.com\/?p=3454"},"modified":"2025-05-26T18:49:24","modified_gmt":"2025-05-26T21:49:24","slug":"prefeitura-de-galia-abre-inscricoes-para-processo-seletivo-de-estagios-em-diversas-areas","status":"publish","type":"post","link":"https:\/\/diariodegarca.com\/?p=3454","title":{"rendered":"Prefeitura de G\u00e1lia abre inscri\u00e7\u00f5es para processo seletivo de est\u00e1gios em diversas \u00e1reas"},"content":{"rendered":"\n<p class=\"wp-block-paragraph\"><em><em>Vagas s\u00e3o destinadas a estudantes de n\u00edvel superior; inscri\u00e7\u00f5es v\u00e3o at\u00e9 11 de junho<\/em><\/em><\/p>\n\n\n\n<p class=\"wp-block-paragraph\">A Prefeitura Municipal de G\u00e1lia, em parceria com o Centro de Integra\u00e7\u00e3o Empresa-Escola (CIEE), divulgou o Edital n\u00ba 01\/2025 para a sele\u00e7\u00e3o de estagi\u00e1rios em diversas \u00e1reas. O processo seletivo visa formar um cadastro reserva para oportunidades em cursos como Direito, Pedagogia, Psicologia, Medicina Veterin\u00e1ria e outros. As inscri\u00e7\u00f5es s\u00e3o gratuitas e devem ser realizadas exclusivamente online at\u00e9 11 de junho de 2025.<\/p>\n\n\n\n<h3 class=\"wp-block-heading\"><strong>Vagas e requisitos<\/strong><\/h3>\n\n\n\n<p class=\"wp-block-paragraph\">O edital oferece vagas para estudantes matriculados em cursos de n\u00edvel superior, com carga hor\u00e1ria semanal variando entre 20 e 30 horas. Confira algumas das oportunidades:<\/p>\n\n\n\n<ul class=\"wp-block-list\">\n<li><strong>Direito<\/strong>: 4 vagas (do 3\u00ba ao 6\u00ba semestre).<\/li>\n\n\n\n<li><strong>Pedagogia, Psicologia e outras licenciaturas<\/strong>: 17 vagas (a partir do 1\u00ba semestre).<\/li>\n\n\n\n<li><strong>Medicina Veterin\u00e1ria<\/strong>: 1 vaga (do 7\u00ba ao 8\u00ba semestre).<\/li>\n<\/ul>\n\n\n\n<p class=\"wp-block-paragraph\">Os selecionados receber\u00e3o bolsa-aux\u00edlio mensal que varia de R$ 790,57 a R$ 1.138,50, dependendo da carga hor\u00e1ria e do curso. Al\u00e9m disso, h\u00e1 previs\u00e3o de aux\u00edlio-transporte para estudantes residentes em outros munic\u00edpios.<\/p>\n\n\n\n<h3 class=\"wp-block-heading\"><strong>Processo seletivo<\/strong><\/h3>\n\n\n\n<p class=\"wp-block-paragraph\">A sele\u00e7\u00e3o consistir\u00e1 em uma prova online com 10 quest\u00f5es de m\u00faltipla escolha, abordando temas como Portugu\u00eas (interpreta\u00e7\u00e3o de texto, gram\u00e1tica) e Conhecimentos Gerais (atualidades, meio ambiente, cidadania). O candidato ter\u00e1 dois minutos para responder cada quest\u00e3o, e a nota m\u00ednima para aprova\u00e7\u00e3o \u00e9 de 30% do total.<\/p>\n\n\n\n<h3 class=\"wp-block-heading\"><strong>Inclus\u00e3o e acessibilidade<\/strong><\/h3>\n\n\n\n<p class=\"wp-block-paragraph\">O edital reserva 10% das vagas para pessoas com defici\u00eancia, garantindo igualdade de condi\u00e7\u00f5es durante a prova. Candidatos que necessitarem de recursos de acessibilidade, como tempo adicional, devem solicitar no ato da inscri\u00e7\u00e3o e enviar laudo m\u00e9dico comprobat\u00f3rio.<\/p>\n\n\n\n<h3 class=\"wp-block-heading\"><strong>Cronograma<\/strong><\/h3>\n\n\n\n<ul class=\"wp-block-list\">\n<li><strong>Inscri\u00e7\u00f5es e prova online<\/strong>: 27\/05 a 11\/06\/2025.<\/li>\n\n\n\n<li><strong>Gabarito provis\u00f3rio<\/strong>: 12\/06\/2025.<\/li>\n\n\n\n<li><strong>Recursos<\/strong>: 13\/06\/2025.<\/li>\n\n\n\n<li><strong>Resultado final<\/strong>: 08\/07\/2025.<\/li>\n<\/ul>\n\n\n\n<h3 class=\"wp-block-heading\"><strong>Como se inscrever<\/strong><\/h3>\n\n\n\n<p class=\"wp-block-paragraph\">As inscri\u00e7\u00f5es devem ser feitas no site do CIEE (<a href=\"https:\/\/pp.ciee.org.br\/\" target=\"_blank\" rel=\"noreferrer noopener\">https:\/\/pp.ciee.org.br<\/a>), onde tamb\u00e9m est\u00e3o dispon\u00edveis o edital completo e demais informa\u00e7\u00f5es.<\/p>\n\n\n\n<p class=\"wp-block-paragraph\"><strong>Edital completo<\/strong>:&nbsp;<a href=\"https:\/\/dosp.com.br\/exibe_do.php?i=NjU1MTA5\" target=\"_blank\" rel=\"noreferrer noopener\">https:\/\/dosp.com.br\/exibe_do.php?i=NjU1MTA5<\/a><\/p>\n\n\n\n<p class=\"wp-block-paragraph\"><\/p>\n","protected":false},"excerpt":{"rendered":"<p>Vagas s\u00e3o destinadas a estudantes de n\u00edvel superior; inscri\u00e7\u00f5es v\u00e3o at\u00e9 11 de junho A Prefeitura Municipal de G\u00e1lia, em parceria com o Centro de Integra\u00e7\u00e3o Empresa-Escola (CIEE), divulgou o Edital n\u00ba 01\/2025 para a sele\u00e7\u00e3o de estagi\u00e1rios em diversas \u00e1reas. O processo seletivo visa formar um cadastro reserva para oportunidades em cursos como Direito, [&hellip;]<\/p>\n","protected":false},"author":260896546,"featured_media":0,"comment_status":"open","ping_status":"open","sticky":false,"template":"","format":"standard","meta":{"_crdt_document":"","_monsterinsights_skip_tracking":false,"_monsterinsights_sitenote_active":false,"_monsterinsights_sitenote_note":"","_monsterinsights_sitenote_category":0,"advanced_seo_description":"","jetpack_seo_html_title":"","jetpack_seo_noindex":false,"_jetpack_newsletter_access":"","_jetpack_dont_email_post_to_subs":false,"_jetpack_newsletter_tier_id":0,"_jetpack_memberships_contains_paywalled_content":false,"_jetpack_memberships_contains_paid_content":false,"footnotes":"","jetpack_publicize_message":"\ud83d\udce2 Processo Seletivo de est\u00e1gios em G\u00e1lia \ud83d\udce2\n\nA Prefeitura de G\u00e1lia, em parceria com o CIEE, est\u00e1 com inscri\u00e7\u00f5es abertas para est\u00e1gios em diversas \u00e1reas como Direito, Pedagogia, Psicologia e Medicina Veterin\u00e1ria.\n\n\u2705 Vagas para n\u00edvel superior\n\u2705 Bolsa-aux\u00edlio de at\u00e9 R$ 1.138,50\n\u2705 Inscri\u00e7\u00f5es at\u00e9 11\/06\n\n\ud83d\udd17 Saiba mais: diariodegarca.com\n\n#Est\u00e1gio #G\u00e1lia #Oportunidade #CIEE #Vagas","jetpack_publicize_feature_enabled":true,"jetpack_social_post_already_shared":false,"jetpack_social_options":{"image_generator_settings":{"template":"highway","default_image_id":0,"enabled":false},"version":2},"_wpas_customize_per_network":false,"jetpack_post_was_ever_published":false},"categories":[64915,1600904,1085867,496224],"tags":[],"class_list":["post-3454","post","type-post","status-publish","format-standard","hentry","category-estagio","category-galia","category-processo-seletivo","category-vagas"],"jetpack_publicize_connections":[],"jetpack_featured_media_url":"","jetpack_likes_enabled":true,"jetpack_sharing_enabled":true,"jetpack_shortlink":"https:\/\/wp.me\/pgitne-TI","jetpack-related-posts":[{"id":3591,"url":"https:\/\/diariodegarca.com\/?p=3591","url_meta":{"origin":3454,"position":0},"title":"Mar\u00edlia abre processo seletivo para estagi\u00e1rios em diversas \u00e1reas","author":"Di\u00e1rio de Gar\u00e7a","date":"30 de maio de 2025","format":false,"excerpt":"Inscri\u00e7\u00f5es devem ser realizadas entre 3 e 23 de junho de 2025; bolsas variam de R$ 600 a R$ 1.000 A Prefeitura Municipal de Mar\u00edlia, em parceria com o Centro de Integra\u00e7\u00e3o Empresa-Escola (CIEE), divulgou o\u00a0Edital n\u00ba 01\/2025\u00a0para forma\u00e7\u00e3o de cadastro reserva de estagi\u00e1rios em diversas \u00e1reas. O processo seletivo\u2026","rel":"","context":"Em &quot;Est\u00e1gio&quot;","block_context":{"text":"Est\u00e1gio","link":"https:\/\/diariodegarca.com\/?cat=64915"},"img":{"alt_text":"","src":"","width":0,"height":0},"classes":[]},{"id":6587,"url":"https:\/\/diariodegarca.com\/?p=6587","url_meta":{"origin":3454,"position":1},"title":"Ocau\u00e7u abre inscri\u00e7\u00f5es para vagas de est\u00e1gio em diversos n\u00edveis","author":"Di\u00e1rio de Gar\u00e7a","date":"10 de setembro de 2025","format":false,"excerpt":"Processo seletivo oferece oportunidades para ensino m\u00e9dio, t\u00e9cnico e superior; inscri\u00e7\u00f5es e provas s\u00e3o online at\u00e9 23 de setembro. A Prefeitura Municipal de Ocau\u00e7u, em parceria com o Centro de Integra\u00e7\u00e3o Empresa-Escola (CIEE), publicou o Edital n\u00ba 01\/2025, abrindo inscri\u00e7\u00f5es para a forma\u00e7\u00e3o de cadastro reserva de estagi\u00e1rios em diversas\u2026","rel":"","context":"Em &quot;Est\u00e1gio&quot;","block_context":{"text":"Est\u00e1gio","link":"https:\/\/diariodegarca.com\/?cat=64915"},"img":{"alt_text":"","src":"https:\/\/i0.wp.com\/diariodegarca.com\/wp-content\/uploads\/2025\/09\/pessoas-de-tiro-medio-com-papelada.jpg?fit=1200%2C800&ssl=1&resize=350%2C200","width":350,"height":200,"srcset":"https:\/\/i0.wp.com\/diariodegarca.com\/wp-content\/uploads\/2025\/09\/pessoas-de-tiro-medio-com-papelada.jpg?fit=1200%2C800&ssl=1&resize=350%2C200 1x, https:\/\/i0.wp.com\/diariodegarca.com\/wp-content\/uploads\/2025\/09\/pessoas-de-tiro-medio-com-papelada.jpg?fit=1200%2C800&ssl=1&resize=525%2C300 1.5x, https:\/\/i0.wp.com\/diariodegarca.com\/wp-content\/uploads\/2025\/09\/pessoas-de-tiro-medio-com-papelada.jpg?fit=1200%2C800&ssl=1&resize=700%2C400 2x, https:\/\/i0.wp.com\/diariodegarca.com\/wp-content\/uploads\/2025\/09\/pessoas-de-tiro-medio-com-papelada.jpg?fit=1200%2C800&ssl=1&resize=1050%2C600 3x"},"classes":[]},{"id":3558,"url":"https:\/\/diariodegarca.com\/?p=3558","url_meta":{"origin":3454,"position":2},"title":"Prefeitura de Vera Cruz abre inscri\u00e7\u00f5es para processo seletivo de estagi\u00e1rios","author":"Di\u00e1rio de Gar\u00e7a","date":"29 de maio de 2025","format":false,"excerpt":"Cadastro reserva oferece oportunidades em 14 cursos de n\u00edvel superior e t\u00e9cnico; bolsas variam de R$ 540 a R$ 650 mensais. A\u00a0Prefeitura do Munic\u00edpio de Vera Cruz-SP, em parceria com o\u00a0CIEE (Centro de Integra\u00e7\u00e3o Empresa-Escola), divulgou o\u00a0Edital n\u00ba 01\/2025\u00a0para forma\u00e7\u00e3o de cadastro reserva de estagi\u00e1rios. As inscri\u00e7\u00f5es est\u00e3o abertas de\u00a027\u2026","rel":"","context":"Em &quot;Est\u00e1gio&quot;","block_context":{"text":"Est\u00e1gio","link":"https:\/\/diariodegarca.com\/?cat=64915"},"img":{"alt_text":"","src":"","width":0,"height":0},"classes":[]},{"id":9535,"url":"https:\/\/diariodegarca.com\/?p=9535","url_meta":{"origin":3454,"position":3},"title":"G\u00e1lia abre inscri\u00e7\u00f5es para processo seletivo de bolsa universit\u00e1ria","author":"Di\u00e1rio de Gar\u00e7a","date":"15 de dezembro de 2025","format":false,"excerpt":"Estudantes de gradua\u00e7\u00e3o t\u00eam de 15 a 18 de dezembro para se inscrever. Ser\u00e3o ofertadas quatro vagas, com sele\u00e7\u00e3o por prova de conhecimentos gerais do Ensino M\u00e9dio. A Secretaria Municipal de Educa\u00e7\u00e3o de G\u00e1lia, no interior de S\u00e3o Paulo, publicou na sexta-feira, 12 de dezembro, o edital de abertura do\u2026","rel":"","context":"Em &quot;Educa\u00e7\u00e3o&quot;","block_context":{"text":"Educa\u00e7\u00e3o","link":"https:\/\/diariodegarca.com\/?cat=17964"},"img":{"alt_text":"","src":"https:\/\/i0.wp.com\/diariodegarca.com\/wp-content\/uploads\/2025\/12\/amigos-sorridentes-posando-junto-com-livros.jpg?fit=1200%2C960&ssl=1&resize=350%2C200","width":350,"height":200,"srcset":"https:\/\/i0.wp.com\/diariodegarca.com\/wp-content\/uploads\/2025\/12\/amigos-sorridentes-posando-junto-com-livros.jpg?fit=1200%2C960&ssl=1&resize=350%2C200 1x, https:\/\/i0.wp.com\/diariodegarca.com\/wp-content\/uploads\/2025\/12\/amigos-sorridentes-posando-junto-com-livros.jpg?fit=1200%2C960&ssl=1&resize=525%2C300 1.5x, https:\/\/i0.wp.com\/diariodegarca.com\/wp-content\/uploads\/2025\/12\/amigos-sorridentes-posando-junto-com-livros.jpg?fit=1200%2C960&ssl=1&resize=700%2C400 2x, https:\/\/i0.wp.com\/diariodegarca.com\/wp-content\/uploads\/2025\/12\/amigos-sorridentes-posando-junto-com-livros.jpg?fit=1200%2C960&ssl=1&resize=1050%2C600 3x"},"classes":[]},{"id":7121,"url":"https:\/\/diariodegarca.com\/?p=7121","url_meta":{"origin":3454,"position":4},"title":"INSS abre 2.500 vagas de est\u00e1gio em todo o Brasil","author":"Di\u00e1rio de Gar\u00e7a","date":"25 de setembro de 2025","format":false,"excerpt":"Processo seletivo oferece oportunidades para estudantes de n\u00edvel m\u00e9dio, t\u00e9cnico e superior, com bolsas de at\u00e9 R$ 1.125,69 e reserva de vagas para PCDs e candidatos negros. Estudantes de n\u00edvel m\u00e9dio, t\u00e9cnico e superior de todo o pa\u00eds t\u00eam at\u00e9\u00a021 de outubro\u00a0para se candidatarem \u00e0s vagas de est\u00e1gio do Instituto\u2026","rel":"","context":"Em &quot;Educa\u00e7\u00e3o&quot;","block_context":{"text":"Educa\u00e7\u00e3o","link":"https:\/\/diariodegarca.com\/?cat=17964"},"img":{"alt_text":"","src":"https:\/\/i0.wp.com\/diariodegarca.com\/wp-content\/uploads\/2025\/09\/c35d4440-6934-4b4d-ab6d-9a95ca7df148.jpeg?fit=768%2C578&ssl=1&resize=350%2C200","width":350,"height":200,"srcset":"https:\/\/i0.wp.com\/diariodegarca.com\/wp-content\/uploads\/2025\/09\/c35d4440-6934-4b4d-ab6d-9a95ca7df148.jpeg?fit=768%2C578&ssl=1&resize=350%2C200 1x, https:\/\/i0.wp.com\/diariodegarca.com\/wp-content\/uploads\/2025\/09\/c35d4440-6934-4b4d-ab6d-9a95ca7df148.jpeg?fit=768%2C578&ssl=1&resize=525%2C300 1.5x, https:\/\/i0.wp.com\/diariodegarca.com\/wp-content\/uploads\/2025\/09\/c35d4440-6934-4b4d-ab6d-9a95ca7df148.jpeg?fit=768%2C578&ssl=1&resize=700%2C400 2x"},"classes":[]},{"id":9500,"url":"https:\/\/diariodegarca.com\/?p=9500","url_meta":{"origin":3454,"position":5},"title":"Pomp\u00e9ia abre inscri\u00e7\u00f5es de Processo Seletivo  para forma\u00e7\u00e3o de cadastro de professores","author":"Andreza Sega","date":"11 de dezembro de 2025","format":false,"excerpt":"Prefeitura de Pomp\u00e9ia oferta oportunidades para Educa\u00e7\u00e3o Infantil, Fundamental I e II, com provas em janeiro de 2026. Cadastro reserva ter\u00e1 validade de um ano e oferece sal\u00e1rios de at\u00e9 R$ 3.768,14. A Prefeitura de Pomp\u00e9ia lan\u00e7ou o\u00a0Processo Seletivo n\u00ba 001\/2025, destinado \u00e0 forma\u00e7\u00e3o de\u00a0cadastro reserva\u00a0para contrata\u00e7\u00f5es tempor\u00e1rias de professores\u2026","rel":"","context":"Em &quot;Educa\u00e7\u00e3o&quot;","block_context":{"text":"Educa\u00e7\u00e3o","link":"https:\/\/diariodegarca.com\/?cat=17964"},"img":{"alt_text":"","src":"https:\/\/i0.wp.com\/diariodegarca.com\/wp-content\/uploads\/2025\/12\/professor-e-crianca-brincando-com-jogo-de-quebra-cabeca-de-matematica-sentado-na-mesa-no-jardim-de-infancia.jpg?fit=1200%2C669&ssl=1&resize=350%2C200","width":350,"height":200,"srcset":"https:\/\/i0.wp.com\/diariodegarca.com\/wp-content\/uploads\/2025\/12\/professor-e-crianca-brincando-com-jogo-de-quebra-cabeca-de-matematica-sentado-na-mesa-no-jardim-de-infancia.jpg?fit=1200%2C669&ssl=1&resize=350%2C200 1x, https:\/\/i0.wp.com\/diariodegarca.com\/wp-content\/uploads\/2025\/12\/professor-e-crianca-brincando-com-jogo-de-quebra-cabeca-de-matematica-sentado-na-mesa-no-jardim-de-infancia.jpg?fit=1200%2C669&ssl=1&resize=525%2C300 1.5x, https:\/\/i0.wp.com\/diariodegarca.com\/wp-content\/uploads\/2025\/12\/professor-e-crianca-brincando-com-jogo-de-quebra-cabeca-de-matematica-sentado-na-mesa-no-jardim-de-infancia.jpg?fit=1200%2C669&ssl=1&resize=700%2C400 2x, https:\/\/i0.wp.com\/diariodegarca.com\/wp-content\/uploads\/2025\/12\/professor-e-crianca-brincando-com-jogo-de-quebra-cabeca-de-matematica-sentado-na-mesa-no-jardim-de-infancia.jpg?fit=1200%2C669&ssl=1&resize=1050%2C600 3x"},"classes":[]}],"_links":{"self":[{"href":"https:\/\/diariodegarca.com\/index.php?rest_route=\/wp\/v2\/posts\/3454","targetHints":{"allow":["GET"]}}],"collection":[{"href":"https:\/\/diariodegarca.com\/index.php?rest_route=\/wp\/v2\/posts"}],"about":[{"href":"https:\/\/diariodegarca.com\/index.php?rest_route=\/wp\/v2\/types\/post"}],"author":[{"embeddable":true,"href":"https:\/\/diariodegarca.com\/index.php?rest_route=\/wp\/v2\/users\/260896546"}],"replies":[{"embeddable":true,"href":"https:\/\/diariodegarca.com\/index.php?rest_route=%2Fwp%2Fv2%2Fcomments&post=3454"}],"version-history":[{"count":3,"href":"https:\/\/diariodegarca.com\/index.php?rest_route=\/wp\/v2\/posts\/3454\/revisions"}],"predecessor-version":[{"id":3458,"href":"https:\/\/diariodegarca.com\/index.php?rest_route=\/wp\/v2\/posts\/3454\/revisions\/3458"}],"wp:attachment":[{"href":"https:\/\/diariodegarca.com\/index.php?rest_route=%2Fwp%2Fv2%2Fmedia&parent=3454"}],"wp:term":[{"taxonomy":"category","embeddable":true,"href":"https:\/\/diariodegarca.com\/index.php?rest_route=%2Fwp%2Fv2%2Fcategories&post=3454"},{"taxonomy":"post_tag","embeddable":true,"href":"https:\/\/diariodegarca.com\/index.php?rest_route=%2Fwp%2Fv2%2Ftags&post=3454"}],"curies":[{"name":"wp","href":"https:\/\/api.w.org\/{rel}","templated":true}]}}