{"id":3459,"date":"2025-05-27T09:41:41","date_gmt":"2025-05-27T12:41:41","guid":{"rendered":"https:\/\/diariodegarca.com\/?p=3459"},"modified":"2025-05-27T09:41:41","modified_gmt":"2025-05-27T12:41:41","slug":"policia-esclarecem-furto-e-recuperam-motocicleta-em-tupa","status":"publish","type":"post","link":"https:\/\/diariodegarca.com\/?p=3459","title":{"rendered":"Pol\u00edcia esclarecem furto e recuperam motocicleta em Tup\u00e3"},"content":{"rendered":"\n<p class=\"wp-block-paragraph\"><em>For\u00e7a T\u00e1tica localizou ve\u00edculo furtado e prendeu suspeito reincidente ap\u00f3s persegui\u00e7\u00e3o em \u00e1rea rural<\/em><\/p>\n\n\n\n<p class=\"wp-block-paragraph\">Um crime de furto de motocicleta foi esclarecido no \u00faltimo domingo, dia 25 de maio, em Tup\u00e3, gra\u00e7as \u00e0 atua\u00e7\u00e3o das equipes de For\u00e7a T\u00e1tica do 9\u00ba Batalh\u00e3o de Pol\u00edcia Militar do Interior (9\u00ba BPMI). O suspeito, um homem reincidente em delitos do tipo, foi preso ap\u00f3s tentativa de fuga e acabou confessando o crime.<\/p>\n\n\n\n<p class=\"wp-block-paragraph\">De acordo com as informa\u00e7\u00f5es repassadas pela PM, o ve\u00edculo havia sido furtado em Adamantina, e investiga\u00e7\u00f5es apontaram que o autor seria um morador de Tup\u00e3. Durante o patrulhamento direcionado, os policiais avistaram o suspeito, que, ao perceber a abordagem, tentou escapar correndo em dire\u00e7\u00e3o a uma mata. Os militares persistiram e conseguiram captur\u00e1-lo.<\/p>\n\n\n\n<p class=\"wp-block-paragraph\">Apesar de n\u00e3o portar objetos il\u00edcitos no momento da pris\u00e3o, o homem admitiu a autoria do furto e indicou onde a motocicleta estava escondida \u2013 em um pasto na regi\u00e3o. A moto foi recuperada e levada para per\u00edcia.<\/p>\n\n\n\n<p class=\"wp-block-paragraph\">O suspeito foi encaminhado \u00e0 Central de Pol\u00edcia Judici\u00e1ria de Tup\u00e3, onde ficou \u00e0 disposi\u00e7\u00e3o da Justi\u00e7a. <\/p>\n","protected":false},"excerpt":{"rendered":"<p>For\u00e7a T\u00e1tica localizou ve\u00edculo furtado e prendeu suspeito reincidente ap\u00f3s persegui\u00e7\u00e3o em \u00e1rea rural Um crime de furto de motocicleta foi esclarecido no \u00faltimo domingo, dia 25 de maio, em Tup\u00e3, gra\u00e7as \u00e0 atua\u00e7\u00e3o das equipes de For\u00e7a T\u00e1tica do 9\u00ba Batalh\u00e3o de Pol\u00edcia Militar do Interior (9\u00ba BPMI). O suspeito, um homem reincidente em [&hellip;]<\/p>\n","protected":false},"author":260896546,"featured_media":0,"comment_status":"open","ping_status":"open","sticky":false,"template":"","format":"standard","meta":{"_crdt_document":"","_monsterinsights_skip_tracking":false,"_monsterinsights_sitenote_active":false,"_monsterinsights_sitenote_note":"","_monsterinsights_sitenote_category":0,"advanced_seo_description":"","jetpack_seo_html_title":"","jetpack_seo_noindex":false,"_jetpack_newsletter_access":"","_jetpack_dont_email_post_to_subs":false,"_jetpack_newsletter_tier_id":0,"_jetpack_memberships_contains_paywalled_content":false,"_jetpack_memberships_contains_paid_content":false,"footnotes":"","jetpack_publicize_message":"\ud83d\udd0e Motocicleta furtada \u00e9 recuperada pela For\u00e7a T\u00e1tica em Tup\u00e3\n\nNo domingo (25\/5), policiais do 9\u00ba BPMI prenderam um homem reincidente em furtos ap\u00f3s persegui\u00e7\u00e3o em \u00e1rea rural. A moto, roubada em Adamantina, foi encontrada em um pasto gra\u00e7as \u00e0s informa\u00e7\u00f5es do suspeito.\n\n\ud83d\udccc Saiba mais em: diariodegarca.com\n\n#Policiamento #Seguran\u00e7aP\u00fablica #CombateAoCrime #Tup\u00e3 #Adamantina #policiamilitarsp #9BPMI #For\u00e7aT\u00e1tica","jetpack_publicize_feature_enabled":true,"jetpack_social_post_already_shared":false,"jetpack_social_options":{"image_generator_settings":{"template":"highway","default_image_id":0,"enabled":false},"version":2},"_wpas_customize_per_network":false,"jetpack_post_was_ever_published":false},"categories":[3893976,21243,781171665],"tags":[1036487],"class_list":["post-3459","post","type-post","status-publish","format-standard","hentry","category-adamantina","category-seguranca","category-tupa-cidade","tag-seguranca-publica"],"jetpack_publicize_connections":[],"jetpack_featured_media_url":"","jetpack_likes_enabled":true,"jetpack_sharing_enabled":true,"jetpack_shortlink":"https:\/\/wp.me\/pgitne-TN","jetpack-related-posts":[{"id":2790,"url":"https:\/\/diariodegarca.com\/?p=2790","url_meta":{"origin":3459,"position":0},"title":"Homem \u00e9 preso em Tup\u00e3 ap\u00f3s furtar combust\u00edvel, amea\u00e7ar ex-esposa e incendiar ve\u00edculo","author":"Di\u00e1rio de Gar\u00e7a","date":"19 de fevereiro de 2025","format":false,"excerpt":"Na noite de ter\u00e7a-feira, dia 18 de fevereiro, policiais militares do 9\u00ba Batalh\u00e3o de Pol\u00edcia Militar do Interior prenderam um homem de 35 anos no bairro Colab III, em Tup\u00e3 (SP).\u00a0O indiv\u00edduo, j\u00e1 identificado pelas autoridades, mas que n\u00e3o teve seu nome divulgado, acumulou uma s\u00e9rie de crimes em menos\u2026","rel":"","context":"Em &quot;Brasil&quot;","block_context":{"text":"Brasil","link":"https:\/\/diariodegarca.com\/?cat=38185"},"img":{"alt_text":"","src":"","width":0,"height":0},"classes":[]},{"id":4159,"url":"https:\/\/diariodegarca.com\/?p=4159","url_meta":{"origin":3459,"position":1},"title":"A\u00e7\u00f5es policiais prendem suspeitos por roubo, furto e tr\u00e1fico em cidades da regi\u00e3o","author":"Di\u00e1rio de Gar\u00e7a","date":"23 de junho de 2025","format":false,"excerpt":"Em opera\u00e7\u00f5es realizadas no fim de semana, policiais militares do 9\u00ba Batalh\u00e3o do Interior prenderam criminosos em flagrante em Mar\u00edlia, Pomp\u00e9ia e Tup\u00e3; drogas, ve\u00edculo furtado e objetos roubados foram apreendidos. No \u00faltimo fim de semana, o\u00a09\u00ba Batalh\u00e3o de Pol\u00edcia Militar do Interior\u00a0registrou ocorr\u00eancias em diferentes cidades da regi\u00e3o, resultando\u2026","rel":"","context":"Em &quot;Mar\u00edlia&quot;","block_context":{"text":"Mar\u00edlia","link":"https:\/\/diariodegarca.com\/?cat=683453294"},"img":{"alt_text":"","src":"https:\/\/i0.wp.com\/diariodegarca.com\/wp-content\/uploads\/2025\/06\/503566608_18306010942246526_8008225824564545424_n-e1764161649475.webp?fit=1080%2C733&ssl=1&resize=350%2C200","width":350,"height":200,"srcset":"https:\/\/i0.wp.com\/diariodegarca.com\/wp-content\/uploads\/2025\/06\/503566608_18306010942246526_8008225824564545424_n-e1764161649475.webp?fit=1080%2C733&ssl=1&resize=350%2C200 1x, https:\/\/i0.wp.com\/diariodegarca.com\/wp-content\/uploads\/2025\/06\/503566608_18306010942246526_8008225824564545424_n-e1764161649475.webp?fit=1080%2C733&ssl=1&resize=525%2C300 1.5x, https:\/\/i0.wp.com\/diariodegarca.com\/wp-content\/uploads\/2025\/06\/503566608_18306010942246526_8008225824564545424_n-e1764161649475.webp?fit=1080%2C733&ssl=1&resize=700%2C400 2x, https:\/\/i0.wp.com\/diariodegarca.com\/wp-content\/uploads\/2025\/06\/503566608_18306010942246526_8008225824564545424_n-e1764161649475.webp?fit=1080%2C733&ssl=1&resize=1050%2C600 3x"},"classes":[]},{"id":8882,"url":"https:\/\/diariodegarca.com\/?p=8882","url_meta":{"origin":3459,"position":2},"title":"Patrulhamento na SP-294 resulta na pris\u00e3o de foragido da Justi\u00e7a mineira em Tup\u00e3","author":"Andreza Sega","date":"21 de novembro de 2025","format":false,"excerpt":"Condutor adotou atitude suspeita ao avistar policiais; ap\u00f3s abordagem, ele pr\u00f3prio sugeriu que poderia estar foragido, e a informa\u00e7\u00e3o foi confirmada. Uma a\u00e7\u00e3o de rotina da For\u00e7a T\u00e1tica da Pol\u00edcia Militar na tarde de quinta-feira, 20 de novembro, feriado da Consci\u00eancia Negra, culminou na captura de um procurado pela Justi\u00e7a\u2026","rel":"","context":"Em &quot;Seguran\u00e7a&quot;","block_context":{"text":"Seguran\u00e7a","link":"https:\/\/diariodegarca.com\/?cat=21243"},"img":{"alt_text":"","src":"https:\/\/i0.wp.com\/diariodegarca.com\/wp-content\/uploads\/2025\/11\/SnapInsta.to_584292099_18326355550246526_1017291337150281468_n-e1763755283922.jpg?fit=1080%2C974&ssl=1&resize=350%2C200","width":350,"height":200,"srcset":"https:\/\/i0.wp.com\/diariodegarca.com\/wp-content\/uploads\/2025\/11\/SnapInsta.to_584292099_18326355550246526_1017291337150281468_n-e1763755283922.jpg?fit=1080%2C974&ssl=1&resize=350%2C200 1x, https:\/\/i0.wp.com\/diariodegarca.com\/wp-content\/uploads\/2025\/11\/SnapInsta.to_584292099_18326355550246526_1017291337150281468_n-e1763755283922.jpg?fit=1080%2C974&ssl=1&resize=525%2C300 1.5x, https:\/\/i0.wp.com\/diariodegarca.com\/wp-content\/uploads\/2025\/11\/SnapInsta.to_584292099_18326355550246526_1017291337150281468_n-e1763755283922.jpg?fit=1080%2C974&ssl=1&resize=700%2C400 2x, https:\/\/i0.wp.com\/diariodegarca.com\/wp-content\/uploads\/2025\/11\/SnapInsta.to_584292099_18326355550246526_1017291337150281468_n-e1763755283922.jpg?fit=1080%2C974&ssl=1&resize=1050%2C600 3x"},"classes":[]},{"id":2015,"url":"https:\/\/diariodegarca.com\/?p=2015","url_meta":{"origin":3459,"position":3},"title":"Pol\u00edcia Militar prende dois por furto a quitanda e apreende drogas e arma em Tup\u00e3","author":"Di\u00e1rio de Gar\u00e7a","date":"20 de maio de 2025","format":false,"excerpt":"Na \u00faltima segunda-feira, dia 19 de maio, o\u00a09\u00ba Batalh\u00e3o de Pol\u00edcia Militar do Interior\u00a0registrou duas ocorr\u00eancias de destaque em\u00a0Tup\u00e3, resultando em pris\u00f5es em flagrante por furto qualificado, recepta\u00e7\u00e3o e tr\u00e1fico de drogas. Furto a estabelecimento comercial Por volta das\u00a05h, o propriet\u00e1rio de uma\u00a0quitanda\u00a0no centro da cidade acionou a\u00a0Pol\u00edcia Militar\u00a0ap\u00f3s flagrar\u2026","rel":"","context":"Em &quot;Seguran\u00e7a&quot;","block_context":{"text":"Seguran\u00e7a","link":"https:\/\/diariodegarca.com\/?cat=21243"},"img":{"alt_text":"","src":"","width":0,"height":0},"classes":[]},{"id":2212,"url":"https:\/\/diariodegarca.com\/?p=2212","url_meta":{"origin":3459,"position":4},"title":"Pol\u00edcia Militar apreende pe\u00e7as de moto furtada em Tup\u00e3","author":"Di\u00e1rio de Gar\u00e7a","date":"3 de maio de 2025","format":false,"excerpt":"Na \u00faltima sexta-feira, dia 2 de maio, agentes do 9\u00ba Batalh\u00e3o de Pol\u00edcia Militar do Interior recuperaram pe\u00e7as de uma motocicleta furtada durante a\u00e7\u00e3o no bairro Ibirapuera, em Tup\u00e3. Por volta das 18h, equipes da For\u00e7a T\u00e1tica realizavam patrulhamento quando receberam informa\u00e7\u00f5es sobre uma oficina que estaria comercializando, via redes\u2026","rel":"","context":"Em &quot;Brasil&quot;","block_context":{"text":"Brasil","link":"https:\/\/diariodegarca.com\/?cat=38185"},"img":{"alt_text":"","src":"","width":0,"height":0},"classes":[]},{"id":2260,"url":"https:\/\/diariodegarca.com\/?p=2260","url_meta":{"origin":3459,"position":5},"title":"Homem com extensa ficha criminal \u00e9 preso por porte ilegal de arma em Tup\u00e3","author":"Di\u00e1rio de Gar\u00e7a","date":"27 de abril de 2025","format":false,"excerpt":"Na noite de sexta-feira, dia 25 de abril, equipes do 9\u00ba Batalh\u00e3o de Pol\u00edcia Militar do Interior prenderam um homem por porte ilegal de arma de fogo durante patrulhamento na zona leste de Tup\u00e3. O indiv\u00edduo, identificado com hist\u00f3rico de roubos, furtos e tr\u00e1fico de drogas, foi abordado ap\u00f3s atitude\u2026","rel":"","context":"Em &quot;Brasil&quot;","block_context":{"text":"Brasil","link":"https:\/\/diariodegarca.com\/?cat=38185"},"img":{"alt_text":"","src":"","width":0,"height":0},"classes":[]}],"_links":{"self":[{"href":"https:\/\/diariodegarca.com\/index.php?rest_route=\/wp\/v2\/posts\/3459","targetHints":{"allow":["GET"]}}],"collection":[{"href":"https:\/\/diariodegarca.com\/index.php?rest_route=\/wp\/v2\/posts"}],"about":[{"href":"https:\/\/diariodegarca.com\/index.php?rest_route=\/wp\/v2\/types\/post"}],"author":[{"embeddable":true,"href":"https:\/\/diariodegarca.com\/index.php?rest_route=\/wp\/v2\/users\/260896546"}],"replies":[{"embeddable":true,"href":"https:\/\/diariodegarca.com\/index.php?rest_route=%2Fwp%2Fv2%2Fcomments&post=3459"}],"version-history":[{"count":2,"href":"https:\/\/diariodegarca.com\/index.php?rest_route=\/wp\/v2\/posts\/3459\/revisions"}],"predecessor-version":[{"id":3462,"href":"https:\/\/diariodegarca.com\/index.php?rest_route=\/wp\/v2\/posts\/3459\/revisions\/3462"}],"wp:attachment":[{"href":"https:\/\/diariodegarca.com\/index.php?rest_route=%2Fwp%2Fv2%2Fmedia&parent=3459"}],"wp:term":[{"taxonomy":"category","embeddable":true,"href":"https:\/\/diariodegarca.com\/index.php?rest_route=%2Fwp%2Fv2%2Fcategories&post=3459"},{"taxonomy":"post_tag","embeddable":true,"href":"https:\/\/diariodegarca.com\/index.php?rest_route=%2Fwp%2Fv2%2Ftags&post=3459"}],"curies":[{"name":"wp","href":"https:\/\/api.w.org\/{rel}","templated":true}]}}