{"id":3615,"date":"2025-05-30T16:45:44","date_gmt":"2025-05-30T19:45:44","guid":{"rendered":"https:\/\/diariodegarca.com\/?p=3615"},"modified":"2025-05-30T16:45:44","modified_gmt":"2025-05-30T19:45:44","slug":"prazo-para-entrega-da-declaracao-do-irpf-2025-termina-hoje-multa-pode-chegar-a-20-do-imposto-devido","status":"publish","type":"post","link":"https:\/\/diariodegarca.com\/?p=3615","title":{"rendered":"Prazo para entrega da declara\u00e7\u00e3o do IRPF 2025 termina hoje; multa pode chegar a 20% do imposto devido"},"content":{"rendered":"\n<p class=\"wp-block-paragraph\"><strong>Contribuintes t\u00eam at\u00e9 23h59 para enviar documento; Receita j\u00e1 recebeu mais de 39 milh\u00f5es de declara\u00e7\u00f5es<\/strong><\/p>\n\n\n\n<p class=\"wp-block-paragraph\">O prazo final para a entrega da\u00a0<strong>Declara\u00e7\u00e3o do Imposto de Renda da Pessoa F\u00edsica (IRPF) 2025<\/strong>, referente ao ano-base de 2024, termina nesta\u00a0<strong>sexta-feira, dia 30 de maio<\/strong>, \u00e0s\u00a0<strong>23h59<\/strong>, no hor\u00e1rio de Bras\u00edlia. De acordo com a\u00a0<strong>Receita Federal<\/strong>, at\u00e9 as\u00a0<strong>9h30<\/strong>\u00a0desta manh\u00e3,\u00a0<strong>39,6 milh\u00f5es<\/strong>\u00a0de declara\u00e7\u00f5es haviam sido enviadas, de um total esperado de\u00a0<strong>46,2 milh\u00f5es<\/strong>.<\/p>\n\n\n\n<p class=\"wp-block-paragraph\">Quem n\u00e3o cumprir o prazo estar\u00e1 sujeito a uma&nbsp;<strong>multa de 1% ao m\u00eas<\/strong>&nbsp;sobre o valor do imposto devido, limitada a&nbsp;<strong>20% do total<\/strong>. Caso o contribuinte n\u00e3o tenha imposto a pagar, a penalidade m\u00ednima ser\u00e1 de&nbsp;<strong>R$ 165,74<\/strong>.<\/p>\n\n\n\n<hr class=\"wp-block-separator has-alpha-channel-opacity\" \/>\n\n\n\n<h2 class=\"wp-block-heading\"><strong>Quem deve declarar o IRPF 2025?<\/strong><\/h2>\n\n\n\n<p class=\"wp-block-paragraph\">A entrega da declara\u00e7\u00e3o \u00e9&nbsp;<strong>obrigat\u00f3ria<\/strong>&nbsp;para quem se enquadra em pelo menos uma das seguintes situa\u00e7\u00f5es:<\/p>\n\n\n\n<ul class=\"wp-block-list\">\n<li><strong>Rendimentos tribut\u00e1veis acima de R$ 33.888<\/strong>\u00a0em 2024;<\/li>\n\n\n\n<li><strong>Rendimentos isentos, n\u00e3o tribut\u00e1veis ou tributados na fonte<\/strong>\u00a0superiores a\u00a0<strong>R$ 200 mil<\/strong>;<\/li>\n\n\n\n<li><strong>Receita bruta rural<\/strong>\u00a0acima de\u00a0<strong>R$ 169.440<\/strong>\u00a0ou com preju\u00edzos a compensar;<\/li>\n\n\n\n<li><strong>Posse de bens ou direitos<\/strong>\u00a0(incluindo im\u00f3veis) acima de\u00a0<strong>R$ 800 mil<\/strong>\u00a0em 31\/12\/2024;<\/li>\n\n\n\n<li><strong>Opera\u00e7\u00f5es em bolsas de valores<\/strong>\u00a0acima de\u00a0<strong>R$ 40 mil<\/strong>\u00a0(a partir de 2023).<\/li>\n<\/ul>\n\n\n\n<p class=\"wp-block-paragraph\"><strong>N\u00e3o precisam declarar<\/strong>&nbsp;quem:<\/p>\n\n\n\n<ul class=\"wp-block-list\">\n<li>N\u00e3o se enquadra em nenhuma das situa\u00e7\u00f5es acima;<\/li>\n\n\n\n<li>Foi declarado como\u00a0<strong>dependente<\/strong>\u00a0em outra declara\u00e7\u00e3o;<\/li>\n\n\n\n<li>Teve bens declarados pelo c\u00f4njuge, desde que o valor dos bens privativos n\u00e3o ultrapasse o limite.<\/li>\n<\/ul>\n\n\n\n<hr class=\"wp-block-separator has-alpha-channel-opacity\" \/>\n\n\n\n<h2 class=\"wp-block-heading\"><strong>Primeiro lote de restitui\u00e7\u00e3o \u00e9 o maior da hist\u00f3ria<\/strong><\/h2>\n\n\n\n<p class=\"wp-block-paragraph\">Nesta sexta-feira, a\u00a0<strong>Receita Federal<\/strong>\u00a0tamb\u00e9m liberou o\u00a0<strong>primeiro lote de restitui\u00e7\u00f5es do IRPF 2025<\/strong>, no valor de\u00a0<strong>R$ 11 bilh\u00f5es<\/strong>\u00a0\u2013 o maior da hist\u00f3ria em volume de pagamentos. O cr\u00e9dito beneficiar\u00e1\u00a0<strong>6,257 milh\u00f5es de contribuintes<\/strong>, incluindo:<\/p>\n\n\n\n<ul class=\"wp-block-list\">\n<li><strong>2,37 milh\u00f5es<\/strong>\u00a0que usaram a\u00a0<strong>declara\u00e7\u00e3o pr\u00e9-preenchida e optaram pelo Pix<\/strong>;<\/li>\n\n\n\n<li><strong>2,34 milh\u00f5es<\/strong>\u00a0de idosos entre\u00a0<strong>60 e 79 anos<\/strong>;<\/li>\n\n\n\n<li><strong>1,09 milh\u00e3o<\/strong>\u00a0de professores (maior fonte de renda);<\/li>\n\n\n\n<li><strong>240 mil<\/strong>\u00a0contribuintes com\u00a0<strong>80 anos ou mais<\/strong>;<\/li>\n\n\n\n<li><strong>199 mil<\/strong>\u00a0pessoas com\u00a0<strong>defici\u00eancia ou doen\u00e7as graves<\/strong>.<\/li>\n<\/ul>\n\n\n\n<p class=\"wp-block-paragraph\">O pagamento ser\u00e1 depositado automaticamente na&nbsp;<strong>conta ou chave Pix<\/strong>&nbsp;cadastrada na declara\u00e7\u00e3o. Quem n\u00e3o receber pode verificar pend\u00eancias no&nbsp;<strong>e-CAC<\/strong>&nbsp;ou aguardar os pr\u00f3ximos lotes.<\/p>\n\n\n\n<hr class=\"wp-block-separator has-alpha-channel-opacity\" \/>\n\n\n\n<h2 class=\"wp-block-heading\"><strong>Como consultar a restitui\u00e7\u00e3o?<\/strong><\/h2>\n\n\n\n<p class=\"wp-block-paragraph\">Os contribuintes podem verificar se foram inclu\u00eddos no lote por meio:<\/p>\n\n\n\n<ul class=\"wp-block-list\">\n<li><strong>Site da Receita Federal<\/strong>\u00a0\u2192\u00a0<em>Meu Imposto de Renda<\/em>\u00a0\u2192\u00a0<em>Consultar Restitui\u00e7\u00e3o<\/em>;<\/li>\n\n\n\n<li><strong>Aplicativo da Receita Federal<\/strong>\u00a0(dispon\u00edvel para smartphones).<\/li>\n<\/ul>\n\n\n\n<p class=\"wp-block-paragraph\">Valores n\u00e3o creditados ficar\u00e3o dispon\u00edveis por&nbsp;<strong>um ano<\/strong>&nbsp;no&nbsp;<strong>Banco do Brasil<\/strong>&nbsp;e podem ser resgatados via&nbsp;<strong>agendamento online<\/strong>&nbsp;ou pelo telefone&nbsp;<strong>4004-0001<\/strong>.<\/p>\n\n\n\n<hr class=\"wp-block-separator has-alpha-channel-opacity\" \/>\n\n\n\n<h3 class=\"wp-block-heading\"><strong>Fique atento: o prazo termina hoje!<\/strong><\/h3>\n\n\n\n<p class=\"wp-block-paragraph\">Contribuintes que ainda n\u00e3o enviaram a declara\u00e7\u00e3o devem&nbsp;<strong>acessar o sistema da Receita Federal<\/strong>&nbsp;e finalizar o processo antes da&nbsp;<strong>meia-noite<\/strong>. Quem deixar para depois poder\u00e1 ter que pagar multa e ficar sujeito a atrasos na restitui\u00e7\u00e3o.<\/p>\n","protected":false},"excerpt":{"rendered":"<p>Contribuintes t\u00eam at\u00e9 23h59 para enviar documento; Receita j\u00e1 recebeu mais de 39 milh\u00f5es de declara\u00e7\u00f5es O prazo final para a entrega da\u00a0Declara\u00e7\u00e3o do Imposto de Renda da Pessoa F\u00edsica (IRPF) 2025, referente ao ano-base de 2024, termina nesta\u00a0sexta-feira, dia 30 de maio, \u00e0s\u00a023h59, no hor\u00e1rio de Bras\u00edlia. De acordo com a\u00a0Receita Federal, at\u00e9 as\u00a09h30\u00a0desta [&hellip;]<\/p>\n","protected":false},"author":260896546,"featured_media":0,"comment_status":"open","ping_status":"open","sticky":false,"template":"","format":"standard","meta":{"_crdt_document":"","_monsterinsights_skip_tracking":false,"_monsterinsights_sitenote_active":false,"_monsterinsights_sitenote_note":"","_monsterinsights_sitenote_category":0,"advanced_seo_description":"","jetpack_seo_html_title":"","jetpack_seo_noindex":false,"_jetpack_newsletter_access":"","_jetpack_dont_email_post_to_subs":false,"_jetpack_newsletter_tier_id":0,"_jetpack_memberships_contains_paywalled_content":false,"_jetpack_memberships_contains_paid_content":false,"footnotes":"","jetpack_publicize_message":"\ud83d\udce2 \u00daLTIMO DIA PARA DECLARAR O IRPF 2025! \u23f0\n\n\u23f3 Prazo termina hoje (30\/05) \u00e0s 23h59!\n\ud83d\udcb0 Multa por atraso: 1% ao m\u00eas (at\u00e9 20% do imposto devido) ou R$ 165,74 m\u00ednimo.\n\n\u2705 Quem deve declarar?\nRendimentos acima de R$ 33.888\nBens acima de R$ 800 mil\nOpera\u00e7\u00f5es na bolsa acima de R$ 40 mil\n\n\ud83d\udcb8 1\u00ba lote de restitui\u00e7\u00e3o:\nR$ 11 bilh\u00f5es pagos hoje\n6,2 milh\u00f5es de pessoas beneficiadas\n\n\ud83d\udd0d Consultar restitui\u00e7\u00e3o: Site ou app da Receita Federal\n\n\ud83d\udcd6 Leia a mat\u00e9ria completa: diariodegarca.com\n\n#IRPF2025 #ImpostoDeRenda #ReceitaFederal #Finan\u00e7as #Dinheiro #Restitui\u00e7\u00e3o","jetpack_publicize_feature_enabled":true,"jetpack_social_post_already_shared":false,"jetpack_social_options":{"image_generator_settings":{"template":"highway","default_image_id":0,"enabled":false},"version":2},"_wpas_customize_per_network":false,"jetpack_post_was_ever_published":false},"categories":[38185,185853],"tags":[],"class_list":["post-3615","post","type-post","status-publish","format-standard","hentry","category-brasil","category-financas"],"jetpack_publicize_connections":[],"jetpack_featured_media_url":"","jetpack_likes_enabled":true,"jetpack_sharing_enabled":true,"jetpack_shortlink":"https:\/\/wp.me\/pgitne-Wj","jetpack-related-posts":[{"id":2646,"url":"https:\/\/diariodegarca.com\/?p=2646","url_meta":{"origin":3615,"position":0},"title":"Golpistas usam nome da Receita Federal para aplicar golpes; saiba como se proteger","author":"Di\u00e1rio de Gar\u00e7a","date":"12 de mar\u00e7o de 2025","format":false,"excerpt":"Imagem de carta falsa que est\u00e1 sendo enviada (cr\u00e9ditos da imagem: Receita Federal) Com a aproxima\u00e7\u00e3o da temporada de declara\u00e7\u00e3o do Imposto de Renda 2025, criminosos est\u00e3o se aproveitando da maior visibilidade da Receita Federal na m\u00eddia para aplicar golpes. Cartas falsas, supostamente enviadas pela Receita, t\u00eam sido utilizadas para\u2026","rel":"","context":"Em &quot;Brasil&quot;","block_context":{"text":"Brasil","link":"https:\/\/diariodegarca.com\/?cat=38185"},"img":{"alt_text":"","src":"","width":0,"height":0},"classes":[]},{"id":2832,"url":"https:\/\/diariodegarca.com\/?p=2832","url_meta":{"origin":3615,"position":1},"title":"Produtores rurais de Lup\u00e9rcio t\u00eam at\u00e9 31 de mar\u00e7o para preencher a DIPAM 2025","author":"Di\u00e1rio de Gar\u00e7a","date":"13 de fevereiro de 2025","format":false,"excerpt":"A Prefeitura Municipal de Lup\u00e9rcio iniciou o per\u00edodo de preenchimento da Declara\u00e7\u00e3o para o \u00cdndice de Participa\u00e7\u00e3o do Munic\u00edpio (DIPAM) 2025. Os produtores rurais devem entregar os tal\u00f5es de notas fiscais referentes \u00e0s vendas de produtos agropecu\u00e1rios realizadas entre janeiro e dezembro de 2024. Prazo final: 31 de mar\u00e7o de\u2026","rel":"","context":"Em &quot;Brasil&quot;","block_context":{"text":"Brasil","link":"https:\/\/diariodegarca.com\/?cat=38185"},"img":{"alt_text":"","src":"","width":0,"height":0},"classes":[]},{"id":2816,"url":"https:\/\/diariodegarca.com\/?p=2816","url_meta":{"origin":3615,"position":2},"title":"Receita Federal alerta sobre novo golpe do CPF com amea\u00e7as de multas e bloqueio de contas","author":"Di\u00e1rio de Gar\u00e7a","date":"15 de fevereiro de 2025","format":false,"excerpt":"A Receita Federal emitiu um alerta sobre um novo golpe que usa o nome do \u00f3rg\u00e3o para enganar contribuintes. Criminosos est\u00e3o enviando e-mails falsos que simulam comunica\u00e7\u00f5es oficiais, amea\u00e7ando as v\u00edtimas com supostas pend\u00eancias no CPF, bloqueio de contas banc\u00e1rias, suspens\u00e3o de documentos e at\u00e9 a perda do passaporte. O\u2026","rel":"","context":"Em &quot;Brasil&quot;","block_context":{"text":"Brasil","link":"https:\/\/diariodegarca.com\/?cat=38185"},"img":{"alt_text":"","src":"","width":0,"height":0},"classes":[]},{"id":8743,"url":"https:\/\/diariodegarca.com\/?p=8743","url_meta":{"origin":3615,"position":3},"title":"Al\u00e9m da consci\u00eancia ecol\u00f3gica: em Fern\u00e3o, sustentabilidade gera economia no IPTU","author":"Andreza Sega","date":"14 de novembro de 2025","format":false,"excerpt":"Programa \"IPTU Verde\" transforma pr\u00e1ticas ambientais em desconto direto no imposto; moradores que adotam medidas como reuso de \u00e1gua e energia solar podem reduzir em at\u00e9 25% o valor a pagar. Prazo para solicitar o benef\u00edcio em 2025 termina em 23 de dezembro. O engajamento nas causas ambientais \u00e9 uma\u2026","rel":"","context":"Em &quot;Fern\u00e3o&quot;","block_context":{"text":"Fern\u00e3o","link":"https:\/\/diariodegarca.com\/?cat=7386895"},"img":{"alt_text":"","src":"https:\/\/i0.wp.com\/diariodegarca.com\/wp-content\/uploads\/2025\/11\/contrastando-texturas-ao-ar-livre.jpg?fit=1200%2C800&ssl=1&resize=350%2C200","width":350,"height":200,"srcset":"https:\/\/i0.wp.com\/diariodegarca.com\/wp-content\/uploads\/2025\/11\/contrastando-texturas-ao-ar-livre.jpg?fit=1200%2C800&ssl=1&resize=350%2C200 1x, https:\/\/i0.wp.com\/diariodegarca.com\/wp-content\/uploads\/2025\/11\/contrastando-texturas-ao-ar-livre.jpg?fit=1200%2C800&ssl=1&resize=525%2C300 1.5x, https:\/\/i0.wp.com\/diariodegarca.com\/wp-content\/uploads\/2025\/11\/contrastando-texturas-ao-ar-livre.jpg?fit=1200%2C800&ssl=1&resize=700%2C400 2x, https:\/\/i0.wp.com\/diariodegarca.com\/wp-content\/uploads\/2025\/11\/contrastando-texturas-ao-ar-livre.jpg?fit=1200%2C800&ssl=1&resize=1050%2C600 3x"},"classes":[]},{"id":2347,"url":"https:\/\/diariodegarca.com\/?p=2347","url_meta":{"origin":3615,"position":4},"title":"Golpe do CPF: criminosos usam falsas notifica\u00e7\u00f5es da Receita Federal para aplicar golpes","author":"Di\u00e1rio de Gar\u00e7a","date":"16 de abril de 2025","format":false,"excerpt":"A Pol\u00edcia Civil de S\u00e3o Paulo alerta a popula\u00e7\u00e3o sobre um novo golpe que tem como alvo os contribuintes, utilizando mensagens falsas em nome da Receita Federal. Os criminosos enviam e-mails ou mensagens pelo WhatsApp e SMS, informando supostas pend\u00eancias no CPF e amea\u00e7ando com bloqueios e suspens\u00f5es caso o\u2026","rel":"","context":"Em &quot;Brasil&quot;","block_context":{"text":"Brasil","link":"https:\/\/diariodegarca.com\/?cat=38185"},"img":{"alt_text":"","src":"https:\/\/i0.wp.com\/blogger.googleusercontent.com\/img\/b\/R29vZ2xl\/AVvXsEhRyCK6k5Hys8MH9AGFMQg926Z8w67TEYVpCFbwY41wmht2NT1lpGaOrb8ihBMVaJsCw_jGP8rgAvnkfjU9c_Gc6uUG1Lohs-1TWEUKDInd6YWc4OF1iZAEt-E6B7zIfTf8FGNHKLX_3iRaLZyQd8FxCxxG2Ac1wDHpGzUZXY9A_rPVTgdAx229y3sZXGk\/s320\/488447721_18400051216096112_5481469552963257718_n.jpg?resize=350%2C200&ssl=1","width":350,"height":200},"classes":[]},{"id":5502,"url":"https:\/\/diariodegarca.com\/?p=5502","url_meta":{"origin":3615,"position":5},"title":"APAE de Gar\u00e7a recebe doa\u00e7\u00e3o de equipamento esportivo e refor\u00e7a import\u00e2ncia de contribui\u00e7\u00f5es sociais","author":"Di\u00e1rio de Gar\u00e7a","date":"11 de agosto de 2025","format":false,"excerpt":"Material doado por morador de Bras\u00edlia beneficia aulas de Educa\u00e7\u00e3o F\u00edsica e estimula desenvolvimento motor de assistidos; institui\u00e7\u00e3o continua aberta a doa\u00e7\u00f5es diretas e via Imposto de Renda. A APAE de Gar\u00e7a celebrou, nesta semana, a doa\u00e7\u00e3o de um saco de boxe acompanhado de luvas, feita por Wellington de Oliveira\u2026","rel":"","context":"Em &quot;Educa\u00e7\u00e3o&quot;","block_context":{"text":"Educa\u00e7\u00e3o","link":"https:\/\/diariodegarca.com\/?cat=17964"},"img":{"alt_text":"","src":"https:\/\/i0.wp.com\/diariodegarca.com\/wp-content\/uploads\/2025\/08\/530609770_122246147978214576_5378769254643720044_n.jpg?fit=600%2C270&ssl=1&resize=350%2C200","width":350,"height":200,"srcset":"https:\/\/i0.wp.com\/diariodegarca.com\/wp-content\/uploads\/2025\/08\/530609770_122246147978214576_5378769254643720044_n.jpg?fit=600%2C270&ssl=1&resize=350%2C200 1x, https:\/\/i0.wp.com\/diariodegarca.com\/wp-content\/uploads\/2025\/08\/530609770_122246147978214576_5378769254643720044_n.jpg?fit=600%2C270&ssl=1&resize=525%2C300 1.5x"},"classes":[]}],"_links":{"self":[{"href":"https:\/\/diariodegarca.com\/index.php?rest_route=\/wp\/v2\/posts\/3615","targetHints":{"allow":["GET"]}}],"collection":[{"href":"https:\/\/diariodegarca.com\/index.php?rest_route=\/wp\/v2\/posts"}],"about":[{"href":"https:\/\/diariodegarca.com\/index.php?rest_route=\/wp\/v2\/types\/post"}],"author":[{"embeddable":true,"href":"https:\/\/diariodegarca.com\/index.php?rest_route=\/wp\/v2\/users\/260896546"}],"replies":[{"embeddable":true,"href":"https:\/\/diariodegarca.com\/index.php?rest_route=%2Fwp%2Fv2%2Fcomments&post=3615"}],"version-history":[{"count":2,"href":"https:\/\/diariodegarca.com\/index.php?rest_route=\/wp\/v2\/posts\/3615\/revisions"}],"predecessor-version":[{"id":3618,"href":"https:\/\/diariodegarca.com\/index.php?rest_route=\/wp\/v2\/posts\/3615\/revisions\/3618"}],"wp:attachment":[{"href":"https:\/\/diariodegarca.com\/index.php?rest_route=%2Fwp%2Fv2%2Fmedia&parent=3615"}],"wp:term":[{"taxonomy":"category","embeddable":true,"href":"https:\/\/diariodegarca.com\/index.php?rest_route=%2Fwp%2Fv2%2Fcategories&post=3615"},{"taxonomy":"post_tag","embeddable":true,"href":"https:\/\/diariodegarca.com\/index.php?rest_route=%2Fwp%2Fv2%2Ftags&post=3615"}],"curies":[{"name":"wp","href":"https:\/\/api.w.org\/{rel}","templated":true}]}}