{"id":3633,"date":"2025-05-31T10:43:55","date_gmt":"2025-05-31T13:43:55","guid":{"rendered":"https:\/\/diariodegarca.com\/?p=3633"},"modified":"2025-07-05T20:09:30","modified_gmt":"2025-07-05T23:09:30","slug":"curso-online-forma-analistas-de-projetos-culturais","status":"publish","type":"post","link":"https:\/\/diariodegarca.com\/?p=3633","title":{"rendered":"Curso online forma analistas de projetos culturais"},"content":{"rendered":"\n<p class=\"wp-block-paragraph\"><em>Inscri\u00e7\u00f5es abertas para capacita\u00e7\u00e3o em an\u00e1lise e parecer t\u00e9cnico de iniciativas culturais<\/em><\/p>\n\n\n\n<p class=\"wp-block-paragraph\"><strong>Forma\u00e7\u00e3o visa qualificar profissionais para atuar na avalia\u00e7\u00e3o de projetos submetidos a editais p\u00fablicos<\/strong><\/p>\n\n\n\n<p class=\"wp-block-paragraph\">A&nbsp;<strong>Escult<\/strong>, plataforma de cursos online fruto de uma parceria entre o&nbsp;<strong>Instituto Federal de Goi\u00e1s (IFG)<\/strong>&nbsp;e o&nbsp;<strong>Minist\u00e9rio da Cultura (MinC)<\/strong>, est\u00e1 com inscri\u00e7\u00f5es abertas para o curso&nbsp;<strong>gratuito<\/strong>&nbsp;e&nbsp;<strong>100% online<\/strong>&nbsp;de&nbsp;<strong>Analista e Parecerista de Projetos Culturais<\/strong>.<\/p>\n\n\n\n<p class=\"wp-block-paragraph\">Com&nbsp;<strong>160 horas de carga hor\u00e1ria<\/strong>, a forma\u00e7\u00e3o tem como objetivo capacitar estudantes e profissionais da \u00e1rea cultural para atuarem na&nbsp;<strong>an\u00e1lise t\u00e9cnica e financeira<\/strong>&nbsp;de projetos submetidos a editais de fomento p\u00fablico.<\/p>\n\n\n\n<hr class=\"wp-block-separator has-alpha-channel-opacity\" \/>\n\n\n\n<h2 class=\"wp-block-heading\"><strong>O que o curso oferece?<\/strong><\/h2>\n\n\n\n<p class=\"wp-block-paragraph\">O programa aborda desde a&nbsp;<strong>introdu\u00e7\u00e3o \u00e0s pol\u00edticas culturais no Brasil<\/strong>&nbsp;at\u00e9 a&nbsp;<strong>elabora\u00e7\u00e3o de pareceres t\u00e9cnicos<\/strong>, passando por:<\/p>\n\n\n\n<ul class=\"wp-block-list\">\n<li><strong>Fun\u00e7\u00f5es do analista\/parecerista<\/strong><\/li>\n\n\n\n<li><strong>Processos seletivos para credenciamento<\/strong><\/li>\n\n\n\n<li><strong>An\u00e1lise de viabilidade e m\u00e9rito de projetos<\/strong><\/li>\n\n\n\n<li><strong>Desafios da profiss\u00e3o<\/strong><\/li>\n<\/ul>\n\n\n\n<p class=\"wp-block-paragraph\">O conte\u00fado est\u00e1 dividido em&nbsp;<strong>oito se\u00e7\u00f5es<\/strong>, incluindo materiais did\u00e1ticos, f\u00f3runs de discuss\u00e3o, videoaulas e atividades pr\u00e1ticas.<\/p>\n\n\n\n<hr class=\"wp-block-separator has-alpha-channel-opacity\" \/>\n\n\n\n<h2 class=\"wp-block-heading\"><strong>Como participar?<\/strong><\/h2>\n\n\n\n<p class=\"wp-block-paragraph\">As&nbsp;<strong>inscri\u00e7\u00f5es<\/strong>&nbsp;podem ser feitas at\u00e9&nbsp;<strong>30 de agosto de 2025<\/strong>, e o curso se estender\u00e1 at\u00e9&nbsp;<strong>30 de setembro<\/strong>. N\u00e3o h\u00e1 pr\u00e9-requisitos ou processo seletivo \u2013 basta se inscrever no site oficial.<\/p>\n\n\n\n<p class=\"wp-block-paragraph\">\ud83d\udd17&nbsp;<strong>Link para inscri\u00e7\u00f5es e mais informa\u00e7\u00f5es:<\/strong>&nbsp;<a href=\"http:\/\/escult.cultura.gov.br\/\" target=\"_blank\" rel=\"noreferrer noopener\">escult.cultura.gov.br<\/a><\/p>\n\n\n\n<hr class=\"wp-block-separator has-alpha-channel-opacity\" \/>\n\n\n\n<h2 class=\"wp-block-heading\"><strong>Certificado<\/strong><\/h2>\n\n\n\n<p class=\"wp-block-paragraph\">Os participantes que conclu\u00edrem a forma\u00e7\u00e3o receber\u00e3o um&nbsp;<strong>certificado personalizado<\/strong>, v\u00e1lido para comprovar horas complementares ou enriquecer o curr\u00edculo profissional.<\/p>\n\n\n\n<p class=\"wp-block-paragraph\">A iniciativa refor\u00e7a a import\u00e2ncia da&nbsp;<strong>qualifica\u00e7\u00e3o t\u00e9cnica<\/strong>&nbsp;no setor cultural, cada vez mais demandado em editais p\u00fablicos e privados.<\/p>\n","protected":false},"excerpt":{"rendered":"<p>Inscri\u00e7\u00f5es abertas para capacita\u00e7\u00e3o em an\u00e1lise e parecer t\u00e9cnico de iniciativas culturais Forma\u00e7\u00e3o visa qualificar profissionais para atuar na avalia\u00e7\u00e3o de projetos submetidos a editais p\u00fablicos A&nbsp;Escult, plataforma de cursos online fruto de uma parceria entre o&nbsp;Instituto Federal de Goi\u00e1s (IFG)&nbsp;e o&nbsp;Minist\u00e9rio da Cultura (MinC), est\u00e1 com inscri\u00e7\u00f5es abertas para o curso&nbsp;gratuito&nbsp;e&nbsp;100% online&nbsp;de&nbsp;Analista e Parecerista [&hellip;]<\/p>\n","protected":false},"author":260896546,"featured_media":0,"comment_status":"open","ping_status":"open","sticky":false,"template":"","format":"standard","meta":{"_crdt_document":"","_monsterinsights_skip_tracking":false,"_monsterinsights_sitenote_active":false,"_monsterinsights_sitenote_note":"","_monsterinsights_sitenote_category":0,"advanced_seo_description":"","jetpack_seo_html_title":"","jetpack_seo_noindex":false,"_jetpack_newsletter_access":"","_jetpack_dont_email_post_to_subs":false,"_jetpack_newsletter_tier_id":0,"_jetpack_memberships_contains_paywalled_content":false,"_jetpack_memberships_contains_paid_content":false,"footnotes":"","jetpack_publicize_message":"\ud83d\udce2 CURSO GRATUITO: Analista de Projetos Culturais\n\nAbertas as inscri\u00e7\u00f5es para o curso online e gratuito da Escult (IFG + MinC) que forma analistas de editais culturais!\n\n\u2705 160h de conte\u00fado\n\u2705 Certificado v\u00e1lido\n\u2705 Inscri\u00e7\u00f5es at\u00e9 30\/08\n\nAprenda a avaliar projetos, elaborar pareceres e atuar em editais de fomento \u00e0 cultura.\n\n\ud83d\udd17 Saiba mais e inscreva-se: escult.cultura.gov.br\n\ud83d\udcd6 Leia na \u00edntegra: diariodegarca.com\n\n#Cultura #Capacita\u00e7\u00e3o #EditaisCulturais #CursoGratuito #MinC #IFG","jetpack_publicize_feature_enabled":true,"jetpack_social_post_already_shared":false,"jetpack_social_options":{"image_generator_settings":{"template":"highway","default_image_id":0,"enabled":false},"version":2},"_wpas_customize_per_network":false,"jetpack_post_was_ever_published":false},"categories":[2367,36947,91066845],"tags":[781171790,781171800],"class_list":["post-3633","post","type-post","status-publish","format-standard","hentry","category-cultura","category-curso","category-online-curso","tag-cultura","tag-curso"],"jetpack_publicize_connections":[],"jetpack_featured_media_url":"","jetpack_likes_enabled":true,"jetpack_sharing_enabled":true,"jetpack_shortlink":"https:\/\/wp.me\/pgitne-WB","jetpack-related-posts":[{"id":6618,"url":"https:\/\/diariodegarca.com\/?p=6618","url_meta":{"origin":3633,"position":0},"title":"Escult abre inscri\u00e7\u00f5es para curso gratuito para formar gestores de projetos culturais","author":"Di\u00e1rio de Gar\u00e7a","date":"11 de setembro de 2025","format":false,"excerpt":"Capacita\u00e7\u00e3o de 160 horas ensina desde a concep\u00e7\u00e3o de ideias at\u00e9 a presta\u00e7\u00e3o de contas, preenchendo uma lacuna crucial no setor. A Escola Solano Trindade de Forma\u00e7\u00e3o e Qualifica\u00e7\u00e3o Art\u00edstica, T\u00e9cnica e Cultural (Escult) acaba de lan\u00e7ar um novo curso gratuito de Forma\u00e7\u00e3o Inicial e Continuada (FIC) em Gest\u00e3o de\u2026","rel":"","context":"Em &quot;Cultura&quot;","block_context":{"text":"Cultura","link":"https:\/\/diariodegarca.com\/?cat=2367"},"img":{"alt_text":"","src":"https:\/\/i0.wp.com\/diariodegarca.com\/wp-content\/uploads\/2025\/09\/c2a39c3a-ed1d-4c02-86d3-7a0bcc236834.png?fit=768%2C510&ssl=1&resize=350%2C200","width":350,"height":200,"srcset":"https:\/\/i0.wp.com\/diariodegarca.com\/wp-content\/uploads\/2025\/09\/c2a39c3a-ed1d-4c02-86d3-7a0bcc236834.png?fit=768%2C510&ssl=1&resize=350%2C200 1x, https:\/\/i0.wp.com\/diariodegarca.com\/wp-content\/uploads\/2025\/09\/c2a39c3a-ed1d-4c02-86d3-7a0bcc236834.png?fit=768%2C510&ssl=1&resize=525%2C300 1.5x, https:\/\/i0.wp.com\/diariodegarca.com\/wp-content\/uploads\/2025\/09\/c2a39c3a-ed1d-4c02-86d3-7a0bcc236834.png?fit=768%2C510&ssl=1&resize=700%2C400 2x"},"classes":[]},{"id":4202,"url":"https:\/\/diariodegarca.com\/?p=4202","url_meta":{"origin":3633,"position":1},"title":"Curso ensina artistas a transformar artesanato em projetos culturais de impacto","author":"Di\u00e1rio de Gar\u00e7a","date":"24 de junho de 2025","format":false,"excerpt":"Capacita\u00e7\u00e3o online aborda desde a cria\u00e7\u00e3o de portf\u00f3lio at\u00e9 gest\u00e3o de editais e leis de incentivo O\u00a0CULTSP PRO \u2013 Escolas de Profissionais da Cultura, programa da Secretaria da Cultura, Economia e Ind\u00fastria Criativas de S\u00e3o Paulo, est\u00e1 com inscri\u00e7\u00f5es abertas para o curso\u00a0\"Do Objeto \u00e0 Proposta: Artesanato em Projetos Culturais\".\u2026","rel":"","context":"Em &quot;Brasil&quot;","block_context":{"text":"Brasil","link":"https:\/\/diariodegarca.com\/?cat=38185"},"img":{"alt_text":"","src":"","width":0,"height":0},"classes":[]},{"id":7129,"url":"https:\/\/diariodegarca.com\/?p=7129","url_meta":{"origin":3633,"position":2},"title":"Curso gratuito e online forma gestores para projetos culturais","author":"Di\u00e1rio de Gar\u00e7a","date":"25 de setembro de 2025","format":false,"excerpt":"Com 160 horas, capacita\u00e7\u00e3o da Escola Solano Trindade (Escult) ensina desde leitura de editais at\u00e9 presta\u00e7\u00e3o de contas, visando qualificar profissionais do setor. A Escola Solano Trindade de Forma\u00e7\u00e3o e Qualifica\u00e7\u00e3o Art\u00edstica, T\u00e9cnica e Cultural (Escult) est\u00e1 com inscri\u00e7\u00f5es abertas para o curso de\u00a0Gest\u00e3o de Projetos Culturais, na modalidade Forma\u00e7\u00e3o\u2026","rel":"","context":"Em &quot;Cultura&quot;","block_context":{"text":"Cultura","link":"https:\/\/diariodegarca.com\/?cat=2367"},"img":{"alt_text":"","src":"https:\/\/i0.wp.com\/diariodegarca.com\/wp-content\/uploads\/2025\/09\/c2a39c3a-ed1d-4c02-86d3-7a0bcc236834-1.png?fit=768%2C510&ssl=1&resize=350%2C200","width":350,"height":200,"srcset":"https:\/\/i0.wp.com\/diariodegarca.com\/wp-content\/uploads\/2025\/09\/c2a39c3a-ed1d-4c02-86d3-7a0bcc236834-1.png?fit=768%2C510&ssl=1&resize=350%2C200 1x, https:\/\/i0.wp.com\/diariodegarca.com\/wp-content\/uploads\/2025\/09\/c2a39c3a-ed1d-4c02-86d3-7a0bcc236834-1.png?fit=768%2C510&ssl=1&resize=525%2C300 1.5x, https:\/\/i0.wp.com\/diariodegarca.com\/wp-content\/uploads\/2025\/09\/c2a39c3a-ed1d-4c02-86d3-7a0bcc236834-1.png?fit=768%2C510&ssl=1&resize=700%2C400 2x"},"classes":[]},{"id":3442,"url":"https:\/\/diariodegarca.com\/?p=3442","url_meta":{"origin":3633,"position":3},"title":"Agente Cultural: curso gratuitode forma\u00e7\u00e3o de profissionais para a gest\u00e3o de projetos e eventos","author":"Di\u00e1rio de Gar\u00e7a","date":"26 de maio de 2025","format":false,"excerpt":"Inscri\u00e7\u00f5es abertas at\u00e9 28 de junho; forma\u00e7\u00e3o aborda diversidade, economia criativa e planejamento estrat\u00e9gico A\u00a0Escola Solano Trindade de Forma\u00e7\u00e3o e Qualifica\u00e7\u00e3o Art\u00edstica, T\u00e9cnica e Cultural (Escult), vinculada ao Minist\u00e9rio da Cultura (MinC), est\u00e1 com inscri\u00e7\u00f5es abertas para o curso\u00a0Agente Cultural. A forma\u00e7\u00e3o,\u00a0totalmente gratuita e online, tem como objetivo capacitar estudantes\u2026","rel":"","context":"Em &quot;Cultura&quot;","block_context":{"text":"Cultura","link":"https:\/\/diariodegarca.com\/?cat=2367"},"img":{"alt_text":"","src":"","width":0,"height":0},"classes":[]},{"id":6247,"url":"https:\/\/diariodegarca.com\/?p=6247","url_meta":{"origin":3633,"position":4},"title":"Cult SP Pro oferta 10 cursos online e gratuitos para profissionais da cultura","author":"Di\u00e1rio de Gar\u00e7a","date":"1 de setembro de 2025","format":false,"excerpt":"Programa da Secretaria de Cultura de SP oferece forma\u00e7\u00f5es em \u00e1reas como \u00e1udio, ilustra\u00e7\u00e3o digital, gest\u00e3o cultural, museologia, artesanato e idiomas, com aulas a partir de setembro. A Secretaria de Cultura, Economia e Ind\u00fastria Criativas do Estado de S\u00e3o Paulo, por meio do programa\u00a0Cult SP Pro \u2013 Escolas de Profissionais\u2026","rel":"","context":"Em &quot;Cultura&quot;","block_context":{"text":"Cultura","link":"https:\/\/diariodegarca.com\/?cat=2367"},"img":{"alt_text":"","src":"https:\/\/i0.wp.com\/diariodegarca.com\/wp-content\/uploads\/2025\/09\/jovens-trabalhando-com-equipamento-de-radio-profissional.jpg?fit=1200%2C675&ssl=1&resize=350%2C200","width":350,"height":200,"srcset":"https:\/\/i0.wp.com\/diariodegarca.com\/wp-content\/uploads\/2025\/09\/jovens-trabalhando-com-equipamento-de-radio-profissional.jpg?fit=1200%2C675&ssl=1&resize=350%2C200 1x, https:\/\/i0.wp.com\/diariodegarca.com\/wp-content\/uploads\/2025\/09\/jovens-trabalhando-com-equipamento-de-radio-profissional.jpg?fit=1200%2C675&ssl=1&resize=525%2C300 1.5x, https:\/\/i0.wp.com\/diariodegarca.com\/wp-content\/uploads\/2025\/09\/jovens-trabalhando-com-equipamento-de-radio-profissional.jpg?fit=1200%2C675&ssl=1&resize=700%2C400 2x, https:\/\/i0.wp.com\/diariodegarca.com\/wp-content\/uploads\/2025\/09\/jovens-trabalhando-com-equipamento-de-radio-profissional.jpg?fit=1200%2C675&ssl=1&resize=1050%2C600 3x"},"classes":[]},{"id":7582,"url":"https:\/\/diariodegarca.com\/?p=7582","url_meta":{"origin":3633,"position":5},"title":"Minist\u00e9rio da Cultura oferta curso gratuito de Anima\u00e7\u00e3o Digital","author":"Andreza Sega","date":"9 de outubro de 2025","format":false,"excerpt":"Forma\u00e7\u00e3o on-line de 60 horas capacita para atua\u00e7\u00e3o em cinema, games, redes sociais e outras plataformas digitais; inscri\u00e7\u00f5es abertas at\u00e9 janeiro de 2026. Est\u00e3o abertas as inscri\u00e7\u00f5es para o curso livre\u00a0Anima\u00e7\u00e3o Digital, oferecido pelo Minist\u00e9rio da Cultura (MinC) por meio da Escola Solano Trindade de Forma\u00e7\u00e3o Art\u00edstica e Cultural (Escult).\u2026","rel":"","context":"Em &quot;Cultura&quot;","block_context":{"text":"Cultura","link":"https:\/\/diariodegarca.com\/?cat=2367"},"img":{"alt_text":"","src":"https:\/\/i0.wp.com\/diariodegarca.com\/wp-content\/uploads\/2025\/10\/115778f4-967b-42da-92ac-63f2bec91fc6.png?fit=768%2C510&ssl=1&resize=350%2C200","width":350,"height":200,"srcset":"https:\/\/i0.wp.com\/diariodegarca.com\/wp-content\/uploads\/2025\/10\/115778f4-967b-42da-92ac-63f2bec91fc6.png?fit=768%2C510&ssl=1&resize=350%2C200 1x, https:\/\/i0.wp.com\/diariodegarca.com\/wp-content\/uploads\/2025\/10\/115778f4-967b-42da-92ac-63f2bec91fc6.png?fit=768%2C510&ssl=1&resize=525%2C300 1.5x, https:\/\/i0.wp.com\/diariodegarca.com\/wp-content\/uploads\/2025\/10\/115778f4-967b-42da-92ac-63f2bec91fc6.png?fit=768%2C510&ssl=1&resize=700%2C400 2x"},"classes":[]}],"_links":{"self":[{"href":"https:\/\/diariodegarca.com\/index.php?rest_route=\/wp\/v2\/posts\/3633","targetHints":{"allow":["GET"]}}],"collection":[{"href":"https:\/\/diariodegarca.com\/index.php?rest_route=\/wp\/v2\/posts"}],"about":[{"href":"https:\/\/diariodegarca.com\/index.php?rest_route=\/wp\/v2\/types\/post"}],"author":[{"embeddable":true,"href":"https:\/\/diariodegarca.com\/index.php?rest_route=\/wp\/v2\/users\/260896546"}],"replies":[{"embeddable":true,"href":"https:\/\/diariodegarca.com\/index.php?rest_route=%2Fwp%2Fv2%2Fcomments&post=3633"}],"version-history":[{"count":3,"href":"https:\/\/diariodegarca.com\/index.php?rest_route=\/wp\/v2\/posts\/3633\/revisions"}],"predecessor-version":[{"id":3637,"href":"https:\/\/diariodegarca.com\/index.php?rest_route=\/wp\/v2\/posts\/3633\/revisions\/3637"}],"wp:attachment":[{"href":"https:\/\/diariodegarca.com\/index.php?rest_route=%2Fwp%2Fv2%2Fmedia&parent=3633"}],"wp:term":[{"taxonomy":"category","embeddable":true,"href":"https:\/\/diariodegarca.com\/index.php?rest_route=%2Fwp%2Fv2%2Fcategories&post=3633"},{"taxonomy":"post_tag","embeddable":true,"href":"https:\/\/diariodegarca.com\/index.php?rest_route=%2Fwp%2Fv2%2Ftags&post=3633"}],"curies":[{"name":"wp","href":"https:\/\/api.w.org\/{rel}","templated":true}]}}