{"id":3646,"date":"2025-05-31T16:36:29","date_gmt":"2025-05-31T19:36:29","guid":{"rendered":"https:\/\/diariodegarca.com\/?p=3646"},"modified":"2025-05-31T16:36:29","modified_gmt":"2025-05-31T19:36:29","slug":"forca-tatica-e-rocam-prendem-homem-procurado-por-roubo-em-marilia","status":"publish","type":"post","link":"https:\/\/diariodegarca.com\/?p=3646","title":{"rendered":"For\u00e7a T\u00e1tica e ROCAM prendem homem procurado por roubo em Mar\u00edlia"},"content":{"rendered":"\n<p class=\"wp-block-paragraph\"><em>Opera\u00e7\u00e3o conjunta na zona sul da cidade resultou na captura de indiv\u00edduo com mandado de pris\u00e3o em aberto<\/em><\/p>\n\n\n\n<p class=\"wp-block-paragraph\">Na noite de quinta-feira, 29 de maio, por volta das 19h50, uma a\u00e7\u00e3o conjunta entre as equipes da For\u00e7a T\u00e1tica e ROCAM do 9\u00ba BPM\/I resultou na pris\u00e3o de um homem procurado pela justi\u00e7a. A opera\u00e7\u00e3o ocorreu na avenida Doutor Durval de Menezes, importante via da zona sul de Mar\u00edlia.<\/p>\n\n\n\n<p class=\"wp-block-paragraph\">O indiv\u00edduo abordado durante o patrulhamento de rotina possu\u00eda mandado de pris\u00e3o em aberto pelo crime de roubo. A r\u00e1pida atua\u00e7\u00e3o das equipes especializadas impediu que o acusado continuasse em liberdade.<\/p>\n\n\n\n<p class=\"wp-block-paragraph\">Ap\u00f3s a pris\u00e3o, o homem foi conduzido \u00e0 Central de Pol\u00edcia Judici\u00e1ria (CPJ) de Mar\u00edlia, onde ficou \u00e0 disposi\u00e7\u00e3o da Justi\u00e7a.<\/p>\n","protected":false},"excerpt":{"rendered":"<p>Opera\u00e7\u00e3o conjunta na zona sul da cidade resultou na captura de indiv\u00edduo com mandado de pris\u00e3o em aberto Na noite de quinta-feira, 29 de maio, por volta das 19h50, uma a\u00e7\u00e3o conjunta entre as equipes da For\u00e7a T\u00e1tica e ROCAM do 9\u00ba BPM\/I resultou na pris\u00e3o de um homem procurado pela justi\u00e7a. A opera\u00e7\u00e3o ocorreu [&hellip;]<\/p>\n","protected":false},"author":260896546,"featured_media":3647,"comment_status":"open","ping_status":"open","sticky":false,"template":"","format":"standard","meta":{"_crdt_document":"","_monsterinsights_skip_tracking":false,"_monsterinsights_sitenote_active":false,"_monsterinsights_sitenote_note":"","_monsterinsights_sitenote_category":0,"advanced_seo_description":"","jetpack_seo_html_title":"","jetpack_seo_noindex":false,"_jetpack_newsletter_access":"","_jetpack_dont_email_post_to_subs":false,"_jetpack_newsletter_tier_id":0,"_jetpack_memberships_contains_paywalled_content":false,"_jetpack_memberships_contains_paid_content":false,"footnotes":"","jetpack_publicize_message":"\ud83d\udea8 Pris\u00e3o por roubo em Mar\u00edlia\n\nEm a\u00e7\u00e3o conjunta, For\u00e7a T\u00e1tica e ROCAM do 9\u00ba BPM\/I prenderam na noite de quinta-feira (29\/5) um homem com mandado de pris\u00e3o por roubo. A abordagem ocorreu na av. Dr. Durval de Menezes, zona sul da cidade.\n\n\ud83d\udcf2 Leia a mat\u00e9ria completa:\ndiariodegarca.com\n\n#9BPM #For\u00e7aT\u00e1tica #ROCAM #Mar\u00edliaSegura #Seguran\u00e7aP\u00fablica","jetpack_publicize_feature_enabled":true,"jetpack_social_post_already_shared":false,"jetpack_social_options":{"image_generator_settings":{"template":"highway","default_image_id":0,"enabled":false},"version":2},"_wpas_customize_per_network":false,"jetpack_post_was_ever_published":false},"categories":[683453294,21243],"tags":[],"class_list":["post-3646","post","type-post","status-publish","format-standard","has-post-thumbnail","hentry","category-marilia-cidade","category-seguranca"],"jetpack_publicize_connections":[],"jetpack_featured_media_url":"https:\/\/i0.wp.com\/diariodegarca.com\/wp-content\/uploads\/2025\/05\/502985877_18303467734246526_5566770497985067473_n.webp?fit=1080%2C1350&ssl=1","jetpack_likes_enabled":true,"jetpack_sharing_enabled":true,"jetpack_shortlink":"https:\/\/wp.me\/pgitne-WO","jetpack-related-posts":[{"id":4618,"url":"https:\/\/diariodegarca.com\/?p=4618","url_meta":{"origin":3646,"position":0},"title":"Opera\u00e7\u00f5es da PM prendem suspeitos e apreendem drogas e arma em Tup\u00e3 e Mar\u00edlia","author":"Di\u00e1rio de Gar\u00e7a","date":"11 de julho de 2025","format":false,"excerpt":"A\u00e7\u00f5es policiais resultaram em pris\u00f5es por tr\u00e1fico, furto e recepta\u00e7\u00e3o, al\u00e9m da apreens\u00e3o de entorpecentes e uma espingarda de press\u00e3o. Com abordagens estrat\u00e9gicas e uso de intelig\u00eancia policial, as equipes do 9\u00ba Batalh\u00e3o de Pol\u00edcia Militar do Interior (9\u00ba BPM) prenderam indiv\u00edduos procurados pela Justi\u00e7a e apreenderam drogas e uma\u2026","rel":"","context":"Em &quot;Mar\u00edlia&quot;","block_context":{"text":"Mar\u00edlia","link":"https:\/\/diariodegarca.com\/?cat=683453294"},"img":{"alt_text":"","src":"","width":0,"height":0},"classes":[]},{"id":6336,"url":"https:\/\/diariodegarca.com\/?p=6336","url_meta":{"origin":3646,"position":1},"title":"Opera\u00e7\u00f5es da PM em Tup\u00e3 e Mar\u00edlia resultam em quatro pris\u00f5es por crimes diversos","author":"Di\u00e1rio de Gar\u00e7a","date":"3 de setembro de 2025","format":false,"excerpt":"A\u00e7\u00f5es da For\u00e7a T\u00e1tica prenderam suspeitos por estupro de vulner\u00e1vel, tr\u00e1fico de drogas e cumpriram mandados durante a ter\u00e7a-feira. Um conjunto de opera\u00e7\u00f5es realizadas pela Pol\u00edcia Militar na \u00faltima ter\u00e7a-feira, 2 de setembro, resultou na captura de quatro indiv\u00edduos nas cidades de Mar\u00edlia e Tup\u00e3. As a\u00e7\u00f5es, executadas pelas equipes\u2026","rel":"","context":"Em &quot;Mar\u00edlia&quot;","block_context":{"text":"Mar\u00edlia","link":"https:\/\/diariodegarca.com\/?cat=683453294"},"img":{"alt_text":"","src":"https:\/\/i0.wp.com\/diariodegarca.com\/wp-content\/uploads\/2025\/08\/snapinsta.to_538731954_18313351471246526_1871743859055979954_n-1-e1762717736830.webp?fit=1080%2C716&ssl=1&resize=350%2C200","width":350,"height":200,"srcset":"https:\/\/i0.wp.com\/diariodegarca.com\/wp-content\/uploads\/2025\/08\/snapinsta.to_538731954_18313351471246526_1871743859055979954_n-1-e1762717736830.webp?fit=1080%2C716&ssl=1&resize=350%2C200 1x, https:\/\/i0.wp.com\/diariodegarca.com\/wp-content\/uploads\/2025\/08\/snapinsta.to_538731954_18313351471246526_1871743859055979954_n-1-e1762717736830.webp?fit=1080%2C716&ssl=1&resize=525%2C300 1.5x, https:\/\/i0.wp.com\/diariodegarca.com\/wp-content\/uploads\/2025\/08\/snapinsta.to_538731954_18313351471246526_1871743859055979954_n-1-e1762717736830.webp?fit=1080%2C716&ssl=1&resize=700%2C400 2x, https:\/\/i0.wp.com\/diariodegarca.com\/wp-content\/uploads\/2025\/08\/snapinsta.to_538731954_18313351471246526_1871743859055979954_n-1-e1762717736830.webp?fit=1080%2C716&ssl=1&resize=1050%2C600 3x"},"classes":[]},{"id":2808,"url":"https:\/\/diariodegarca.com\/?p=2808","url_meta":{"origin":3646,"position":2},"title":"Pol\u00edcia Militar captura mais um procurado pela Justi\u00e7a durante patrulhamento em Mar\u00edlia","author":"Di\u00e1rio de Gar\u00e7a","date":"17 de fevereiro de 2025","format":false,"excerpt":"\u00a0Na tarde de domingo, dia 16 de fevereiro, por volta das 18h, uma equipe da For\u00e7a T\u00e1tica da Pol\u00edcia Militar localizou e prendeu um homem procurado pela Justi\u00e7a, durante patrulhamento na zona sul de Mar\u00edlia. O indiv\u00edduo, cuja identidade n\u00e3o foi divulgada, estava com mandado de pris\u00e3o em aberto por\u2026","rel":"","context":"Em &quot;Brasil&quot;","block_context":{"text":"Brasil","link":"https:\/\/diariodegarca.com\/?cat=38185"},"img":{"alt_text":"","src":"","width":0,"height":0},"classes":[]},{"id":3528,"url":"https:\/\/diariodegarca.com\/?p=3528","url_meta":{"origin":3646,"position":3},"title":"Drogas e furtos na mira da PM: quatro pris\u00f5es em um s\u00f3 dia em Mar\u00edlia","author":"Di\u00e1rio de Gar\u00e7a","date":"28 de maio de 2025","format":false,"excerpt":"A\u00e7\u00f5es resultam em pris\u00f5es e apreens\u00e3o de drogas e celulares roubados A ter\u00e7a-feira, dia 27 de maio, foi agitada para o 9\u00b0 Batalh\u00e3o de Pol\u00edcia Militar do Interior resultando em pris\u00f5es por tr\u00e1fico de drogas e furto de celulares, confira: Opera\u00e7\u00e3o contra o tr\u00e1fico de drogas apreende grande quantidade de\u2026","rel":"","context":"Em &quot;Mar\u00edlia&quot;","block_context":{"text":"Mar\u00edlia","link":"https:\/\/diariodegarca.com\/?cat=683453294"},"img":{"alt_text":"","src":"https:\/\/i0.wp.com\/diariodegarca.com\/wp-content\/uploads\/2025\/05\/1-4.jpg?fit=1080%2C827&ssl=1&resize=350%2C200","width":350,"height":200,"srcset":"https:\/\/i0.wp.com\/diariodegarca.com\/wp-content\/uploads\/2025\/05\/1-4.jpg?fit=1080%2C827&ssl=1&resize=350%2C200 1x, https:\/\/i0.wp.com\/diariodegarca.com\/wp-content\/uploads\/2025\/05\/1-4.jpg?fit=1080%2C827&ssl=1&resize=525%2C300 1.5x, https:\/\/i0.wp.com\/diariodegarca.com\/wp-content\/uploads\/2025\/05\/1-4.jpg?fit=1080%2C827&ssl=1&resize=700%2C400 2x, https:\/\/i0.wp.com\/diariodegarca.com\/wp-content\/uploads\/2025\/05\/1-4.jpg?fit=1080%2C827&ssl=1&resize=1050%2C600 3x"},"classes":[]},{"id":6063,"url":"https:\/\/diariodegarca.com\/?p=6063","url_meta":{"origin":3646,"position":4},"title":"Patrulhamento de rotina em Mar\u00edlia, leva \u00e0 pris\u00e3o de condenado por roubo","author":"Di\u00e1rio de Gar\u00e7a","date":"25 de agosto de 2025","format":false,"excerpt":"Homem, que tinha mandado de pris\u00e3o de mais de quatro anos, foi localizado por equipes da For\u00e7a T\u00e1tica do na noite de domingo. Uma a\u00e7\u00e3o de patrulhamento de rotina realizada pela For\u00e7a T\u00e1tica do 9\u00ba Batalh\u00e3o de Pol\u00edcia Militar do Interior (BPM\/I) terminou com a pris\u00e3o de um homem procurado\u2026","rel":"","context":"Em &quot;Mar\u00edlia&quot;","block_context":{"text":"Mar\u00edlia","link":"https:\/\/diariodegarca.com\/?cat=683453294"},"img":{"alt_text":"","src":"https:\/\/i0.wp.com\/diariodegarca.com\/wp-content\/uploads\/2025\/08\/531576471_1211820540966016_232558562964173725_n.jpg?fit=490%2C325&ssl=1&resize=350%2C200","width":350,"height":200},"classes":[]},{"id":6294,"url":"https:\/\/diariodegarca.com\/?p=6294","url_meta":{"origin":3646,"position":5},"title":"For\u00e7a T\u00e1tica e ROCAM prendem homem procurado pela Justi\u00e7a em Mar\u00edlia","author":"Di\u00e1rio de Gar\u00e7a","date":"2 de setembro de 2025","format":false,"excerpt":"A\u00e7\u00e3o ocorreu no Jardim Marambaia, quando o indiv\u00edduo, ao notar a aproxima\u00e7\u00e3o policial, tentou entrar em uma resid\u00eancia. Um trabalho integrado e \u00e1gil das equipes especializadas da Pol\u00edcia Militar resultou na captura de mais um procurado pela Justi\u00e7a na noite de segunda-feira, 1\u00ba de setembro, no Jardim Marambaia, em Mar\u00edlia.\u2026","rel":"","context":"Em &quot;Mar\u00edlia&quot;","block_context":{"text":"Mar\u00edlia","link":"https:\/\/diariodegarca.com\/?cat=683453294"},"img":{"alt_text":"","src":"https:\/\/i0.wp.com\/diariodegarca.com\/wp-content\/uploads\/2025\/09\/snapinsta.to_540119680_18314332171246526_1378742182981464171_n-e1763127125667.jpg?fit=1080%2C754&ssl=1&resize=350%2C200","width":350,"height":200,"srcset":"https:\/\/i0.wp.com\/diariodegarca.com\/wp-content\/uploads\/2025\/09\/snapinsta.to_540119680_18314332171246526_1378742182981464171_n-e1763127125667.jpg?fit=1080%2C754&ssl=1&resize=350%2C200 1x, https:\/\/i0.wp.com\/diariodegarca.com\/wp-content\/uploads\/2025\/09\/snapinsta.to_540119680_18314332171246526_1378742182981464171_n-e1763127125667.jpg?fit=1080%2C754&ssl=1&resize=525%2C300 1.5x, https:\/\/i0.wp.com\/diariodegarca.com\/wp-content\/uploads\/2025\/09\/snapinsta.to_540119680_18314332171246526_1378742182981464171_n-e1763127125667.jpg?fit=1080%2C754&ssl=1&resize=700%2C400 2x, https:\/\/i0.wp.com\/diariodegarca.com\/wp-content\/uploads\/2025\/09\/snapinsta.to_540119680_18314332171246526_1378742182981464171_n-e1763127125667.jpg?fit=1080%2C754&ssl=1&resize=1050%2C600 3x"},"classes":[]}],"_links":{"self":[{"href":"https:\/\/diariodegarca.com\/index.php?rest_route=\/wp\/v2\/posts\/3646","targetHints":{"allow":["GET"]}}],"collection":[{"href":"https:\/\/diariodegarca.com\/index.php?rest_route=\/wp\/v2\/posts"}],"about":[{"href":"https:\/\/diariodegarca.com\/index.php?rest_route=\/wp\/v2\/types\/post"}],"author":[{"embeddable":true,"href":"https:\/\/diariodegarca.com\/index.php?rest_route=\/wp\/v2\/users\/260896546"}],"replies":[{"embeddable":true,"href":"https:\/\/diariodegarca.com\/index.php?rest_route=%2Fwp%2Fv2%2Fcomments&post=3646"}],"version-history":[{"count":2,"href":"https:\/\/diariodegarca.com\/index.php?rest_route=\/wp\/v2\/posts\/3646\/revisions"}],"predecessor-version":[{"id":3649,"href":"https:\/\/diariodegarca.com\/index.php?rest_route=\/wp\/v2\/posts\/3646\/revisions\/3649"}],"wp:featuredmedia":[{"embeddable":true,"href":"https:\/\/diariodegarca.com\/index.php?rest_route=\/wp\/v2\/media\/3647"}],"wp:attachment":[{"href":"https:\/\/diariodegarca.com\/index.php?rest_route=%2Fwp%2Fv2%2Fmedia&parent=3646"}],"wp:term":[{"taxonomy":"category","embeddable":true,"href":"https:\/\/diariodegarca.com\/index.php?rest_route=%2Fwp%2Fv2%2Fcategories&post=3646"},{"taxonomy":"post_tag","embeddable":true,"href":"https:\/\/diariodegarca.com\/index.php?rest_route=%2Fwp%2Fv2%2Ftags&post=3646"}],"curies":[{"name":"wp","href":"https:\/\/api.w.org\/{rel}","templated":true}]}}