{"id":3672,"date":"2025-06-04T11:57:23","date_gmt":"2025-06-04T14:57:23","guid":{"rendered":"https:\/\/diariodegarca.com\/?p=3672"},"modified":"2025-06-04T11:57:23","modified_gmt":"2025-06-04T14:57:23","slug":"evento-discute-caminhos-e-desafios-da-traducao-no-brasil","status":"publish","type":"post","link":"https:\/\/diariodegarca.com\/?p=3672","title":{"rendered":"Evento discute caminhos e desafios da tradu\u00e7\u00e3o no Brasil"},"content":{"rendered":"\n<p class=\"wp-block-paragraph\"><em>De 10 a 12 de junho, especialistas debatem g\u00eaneros, mercado editorial e internacionaliza\u00e7\u00e3o da literatura em evento gratuito e acess\u00edvel<\/em><\/p>\n\n\n\n<p class=\"wp-block-paragraph\">A tradu\u00e7\u00e3o liter\u00e1ria \u00e9 uma ponte entre culturas, um trabalho minucioso que exige n\u00e3o apenas dom\u00ednio lingu\u00edstico, mas sensibilidade art\u00edstica e conhecimento de mercado. Para discutir esses e outros aspectos, a&nbsp;<strong>BibliON<\/strong>&nbsp;promove, nos dias&nbsp;<strong>10, 11 e 12 de junho<\/strong>, o evento&nbsp;<strong>&#8220;Viagem Liter\u00e1ria: Os Caminhos da Tradu\u00e7\u00e3o&#8221;<\/strong>, com transmiss\u00e3o ao vivo pelo YouTube e inscri\u00e7\u00f5es gratuitas.<\/p>\n\n\n\n<h3 class=\"wp-block-heading\"><strong>G\u00eaneros liter\u00e1rios e os desafios da tradu\u00e7\u00e3o<\/strong>\u00a0(10\/06, 19h-20h30)<\/h3>\n\n\n\n<p class=\"wp-block-paragraph\">A primeira mesa re\u00fane tradutores e escritores que transitam entre diferentes g\u00eaneros, da poesia \u00e0 prosa, passando por obras te\u00f3ricas e jogos. Participam&nbsp;<strong>be rgb<\/strong>, pesquisadora e autora de obras que exploram identidades queer;&nbsp;<strong>Caetano W. Galindo<\/strong>, refer\u00eancia em tradu\u00e7\u00f5es de James Joyce e autor de estudos sobre l\u00edngua portuguesa;&nbsp;<strong>J\u00e9ssica Gubert<\/strong>, especializada em localiza\u00e7\u00e3o de jogos; e&nbsp;<strong>Mar\u00edlia Garcia<\/strong>, poeta e tradutora de nomes como Sylvia Plath. A media\u00e7\u00e3o fica por conta de&nbsp;<strong>Stephanie Borges<\/strong>, poeta e curadora liter\u00e1ria.<\/p>\n\n\n\n<h3 class=\"wp-block-heading\"><strong>A tradu\u00e7\u00e3o no mercado editorial<\/strong>\u00a0(11\/06, 19h-20h30)<\/h3>\n\n\n\n<p class=\"wp-block-paragraph\">Como as obras estrangeiras chegam ao Brasil \u2014 e como os autores brasileiros conquistam espa\u00e7o no exterior? Essa discuss\u00e3o ter\u00e1 a participa\u00e7\u00e3o de&nbsp;<strong>Lara Berruezo<\/strong>&nbsp;(HarperCollins),&nbsp;<strong>Lucia Riff<\/strong>&nbsp;(Ag\u00eancia Riff) e&nbsp;<strong>Marcelo Lotufo<\/strong>&nbsp;(UFSC), com media\u00e7\u00e3o do jornalista&nbsp;<strong>Guilherme Sobota<\/strong>&nbsp;(PublishNews). O bate-papo abordar\u00e1 desde a negocia\u00e7\u00e3o de direitos autorais at\u00e9 as estrat\u00e9gias para inserir a literatura nacional em outros mercados.<\/p>\n\n\n\n<h3 class=\"wp-block-heading\"><strong>Escritores e a experi\u00eancia de ser traduzido<\/strong>\u00a0(12\/06, 19h-20h30)<\/h3>\n\n\n\n<p class=\"wp-block-paragraph\">Ter um livro publicado em outro pa\u00eds \u00e9 um marco na carreira de qualquer autor.&nbsp;<strong>Adriana Lisboa<\/strong>,&nbsp;<strong>Itamar Vieira Jr.<\/strong>&nbsp;e&nbsp;<strong>Lubi Prates<\/strong>&nbsp;compartilham suas viv\u00eancias com tradu\u00e7\u00f5es e refletem sobre o impacto de alcan\u00e7ar leitores em diferentes l\u00ednguas. A conversa ser\u00e1 mediada por&nbsp;<strong>Julia Raiz<\/strong>, escritora e coordenadora do Plano Municipal do Livro de Curitiba.<\/p>\n\n\n\n<h3 class=\"wp-block-heading\"><strong>Inscri\u00e7\u00f5es<\/strong><\/h3>\n\n\n\n<ul class=\"wp-block-list\">\n<li><strong>Inscri\u00e7\u00f5es gratuitas<\/strong>:\u00a0<a href=\"https:\/\/biblion.org.br\/programacao\/viagem-literaria-pt3\/\" target=\"_blank\" rel=\"noreferrer noopener\">https:\/\/biblion.org.br\/programacao\/viagem-literaria-pt3\/<\/a><\/li>\n\n\n\n<li><strong>Certificado<\/strong>: 4h30 de carga hor\u00e1ria, mediante preenchimento da lista de presen\u00e7a durante a transmiss\u00e3o.<\/li>\n\n\n\n<li><strong>Acessibilidade<\/strong>: Haver\u00e1 tradu\u00e7\u00e3o em Libras.<\/li>\n<\/ul>\n","protected":false},"excerpt":{"rendered":"<p>De 10 a 12 de junho, especialistas debatem g\u00eaneros, mercado editorial e internacionaliza\u00e7\u00e3o da literatura em evento gratuito e acess\u00edvel A tradu\u00e7\u00e3o liter\u00e1ria \u00e9 uma ponte entre culturas, um trabalho minucioso que exige n\u00e3o apenas dom\u00ednio lingu\u00edstico, mas sensibilidade art\u00edstica e conhecimento de mercado. Para discutir esses e outros aspectos, a&nbsp;BibliON&nbsp;promove, nos dias&nbsp;10, 11 e [&hellip;]<\/p>\n","protected":false},"author":260896546,"featured_media":0,"comment_status":"open","ping_status":"open","sticky":false,"template":"","format":"standard","meta":{"_monsterinsights_skip_tracking":false,"advanced_seo_description":"","jetpack_seo_html_title":"","jetpack_seo_noindex":false,"jetpack_seo_schema_type":"","_jetpack_newsletter_access":"","_jetpack_dont_email_post_to_subs":false,"_jetpack_newsletter_tier_id":0,"_jetpack_memberships_contains_paywalled_content":false,"_wpcom_ai_launchpad_first_post":false,"_jetpack_feature_clip_id":0,"_jetpack_memberships_contains_paid_content":false,"footnotes":"","jetpack_publicize_message":"\ud83d\udcda Viagem Liter\u00e1ria Online: os caminhos da tradu\u00e7\u00e3o\n\nDe 10 a 12 de junho, das 19h \u00e0s 20h30, a BibliON re\u00fane tradutores, escritores e agentes liter\u00e1rios para debater os desafios e impactos da tradu\u00e7\u00e3o no Brasil.\n\n\ud83d\udd39 10\/06 \u2013 G\u00eaneros liter\u00e1rios e tradu\u00e7\u00e3o (com be rgb, Caetano W. Galindo, J\u00e9ssica Gubert e Mar\u00edlia Garcia)\n\ud83d\udd39 11\/06 \u2013 Tradu\u00e7\u00e3o no mercado editorial (com Lara Berruezo, Lucia Riff e Marcelo Lotufo)\n\ud83d\udd39 12\/06 \u2013 Escritores e a experi\u00eancia de ser traduzido (com Adriana Lisboa, Itamar Vieira Jr. e Lubi Prates)\n\n\ud83d\udccc Inscri\u00e7\u00f5es gratuitas \n\ud83c\udfa5 Transmiss\u00e3o ao vivo no YouTube\n\ud83d\udcdd Certificado de 4h30 (mediante inscri\u00e7\u00e3o antecipada e lista de presen\u00e7a)\n\n\ud83d\udcd6 Leia mais em \ud83d\udc49 diariodegarca.com\n\n#Literatura #Tradu\u00e7\u00e3o #EventoLiter\u00e1rio #BibliON #CulturaSP #Livros","jetpack_publicize_feature_enabled":true,"jetpack_social_post_already_shared":false,"jetpack_social_options":{"image_generator_settings":{"template":"highway","default_image_id":0,"enabled":false},"version":2},"_wpas_customize_per_network":false,"jetpack_post_was_ever_published":false},"categories":[2367,3719],"tags":[],"class_list":["post-3672","post","type-post","status-publish","format-standard","hentry","category-cultura","category-literatura"],"jetpack_publicize_connections":[],"jetpack_likes_enabled":true,"jetpack_sharing_enabled":true,"jetpack_shortlink":"https:\/\/wp.me\/pgitne-Xe","jetpack-related-posts":[{"id":7577,"url":"https:\/\/diariodegarca.com\/?p=7577","url_meta":{"origin":3672,"position":0},"title":"Literatura japonesa contempor\u00e2nea \u00e9 tema de palestra online com a tradutora Rita Kohl","author":"Andreza Sega","date":"9 de outubro de 2025","format":false,"excerpt":"Especialista abordar\u00e1 obras de Murakami, Yoshimoto e Murata, explorando temas como solid\u00e3o, mem\u00f3ria e o di\u00e1logo com o leitor brasileiro. Inscri\u00e7\u00f5es gratuitas. A cena liter\u00e1ria japonesa, com sua capacidade \u00fanica de mesclar o cotidiano com o fant\u00e1stico e explorar profundamente a psique humana, tem conquistado um n\u00famero crescente de leitores\u2026","rel":"","context":"Em &quot;Cultura&quot;","block_context":{"text":"Cultura","link":"https:\/\/diariodegarca.com\/?cat=2367"},"img":{"alt_text":"","src":"https:\/\/i0.wp.com\/diariodegarca.com\/wp-content\/uploads\/2025\/10\/palestrante.png?fit=1200%2C992&ssl=1&resize=350%2C200","width":350,"height":200,"srcset":"https:\/\/i0.wp.com\/diariodegarca.com\/wp-content\/uploads\/2025\/10\/palestrante.png?fit=1200%2C992&ssl=1&resize=350%2C200 1x, https:\/\/i0.wp.com\/diariodegarca.com\/wp-content\/uploads\/2025\/10\/palestrante.png?fit=1200%2C992&ssl=1&resize=525%2C300 1.5x, https:\/\/i0.wp.com\/diariodegarca.com\/wp-content\/uploads\/2025\/10\/palestrante.png?fit=1200%2C992&ssl=1&resize=700%2C400 2x, https:\/\/i0.wp.com\/diariodegarca.com\/wp-content\/uploads\/2025\/10\/palestrante.png?fit=1200%2C992&ssl=1&resize=1050%2C600 3x"},"classes":[]},{"id":2103,"url":"https:\/\/diariodegarca.com\/?p=2103","url_meta":{"origin":3672,"position":1},"title":"Djamila Ribeiro discute literatura, poder e lugar de fala em palestra online gratuita","author":"Di\u00e1rio de Gar\u00e7a","date":"14 de maio de 2025","format":false,"excerpt":"No pr\u00f3ximo dia 20 de maio, das 15h \u00e0s 16h30, a fil\u00f3sofa, escritora e ativista Djamila Ribeiro ministrar\u00e1 a palestra online \u201cQuem conta as hist\u00f3rias? Literatura, poder e lugar de fala\u201d, promovida pela BibliON, biblioteca digital da Secretaria de Cultura e Economia Criativa do Estado de S\u00e3o Paulo.\u00a0O evento, que\u2026","rel":"","context":"Em &quot;Brasil&quot;","block_context":{"text":"Brasil","link":"https:\/\/diariodegarca.com\/?cat=38185"},"img":{"alt_text":"","src":"","width":0,"height":0},"classes":[]},{"id":8483,"url":"https:\/\/diariodegarca.com\/?p=8483","url_meta":{"origin":3672,"position":2},"title":"Universo Young Adult \u00e9 tema de palestra online e gratuita com autor e roteirista Felipe Cabral","author":"Andreza Sega","date":"6 de novembro de 2025","format":false,"excerpt":"Evento promovido pela biblioteca digital BibliON vai explorar os subg\u00eaneros, personagens e a relev\u00e2ncia cultural da literatura que conquistou milh\u00f5es de leitores. A literatura Young Adult (YA), g\u00eanero que conquistou leitores de todas as idades ao abordar temas intensos e atuais com linguagem acess\u00edvel, ser\u00e1 o foco de uma palestra\u2026","rel":"","context":"Em &quot;Cultura&quot;","block_context":{"text":"Cultura","link":"https:\/\/diariodegarca.com\/?cat=2367"},"img":{"alt_text":"","src":"https:\/\/i0.wp.com\/diariodegarca.com\/wp-content\/uploads\/2025\/11\/foto-Narrativas-Young-Adult-Felipe-Cabral-e1762347333977.jpg?fit=1200%2C903&ssl=1&resize=350%2C200","width":350,"height":200,"srcset":"https:\/\/i0.wp.com\/diariodegarca.com\/wp-content\/uploads\/2025\/11\/foto-Narrativas-Young-Adult-Felipe-Cabral-e1762347333977.jpg?fit=1200%2C903&ssl=1&resize=350%2C200 1x, https:\/\/i0.wp.com\/diariodegarca.com\/wp-content\/uploads\/2025\/11\/foto-Narrativas-Young-Adult-Felipe-Cabral-e1762347333977.jpg?fit=1200%2C903&ssl=1&resize=525%2C300 1.5x, https:\/\/i0.wp.com\/diariodegarca.com\/wp-content\/uploads\/2025\/11\/foto-Narrativas-Young-Adult-Felipe-Cabral-e1762347333977.jpg?fit=1200%2C903&ssl=1&resize=700%2C400 2x, https:\/\/i0.wp.com\/diariodegarca.com\/wp-content\/uploads\/2025\/11\/foto-Narrativas-Young-Adult-Felipe-Cabral-e1762347333977.jpg?fit=1200%2C903&ssl=1&resize=1050%2C600 3x"},"classes":[]},{"id":7822,"url":"https:\/\/diariodegarca.com\/?p=7822","url_meta":{"origin":3672,"position":3},"title":"Unesp de Mar\u00edlia sedia sua primeira Feira Liter\u00e1ria com programa\u00e7\u00e3o gratuita e diversa","author":"Andreza Sega","date":"19 de outubro de 2025","format":false,"excerpt":"FLUM acontece de 20 a 24 de outubro com encontros com autores, oficinas, apresenta\u00e7\u00f5es art\u00edsticas e feira de livros, promovendo um mergulho na literatura e na cultura. A cidade de Mar\u00edlia se prepara para um evento in\u00e9dito no calend\u00e1rio cultural: a I\u00aa Feira Liter\u00e1ria da Unesp de Mar\u00edlia (FLUM). Idealizada\u2026","rel":"","context":"Em &quot;Cultura&quot;","block_context":{"text":"Cultura","link":"https:\/\/diariodegarca.com\/?cat=2367"},"img":{"alt_text":"","src":"https:\/\/i0.wp.com\/diariodegarca.com\/wp-content\/uploads\/2025\/10\/SnapInsta.to_559022118_17852756655552482_1011928393818577363_n-e1760968979571.jpg?fit=1080%2C750&ssl=1&resize=350%2C200","width":350,"height":200,"srcset":"https:\/\/i0.wp.com\/diariodegarca.com\/wp-content\/uploads\/2025\/10\/SnapInsta.to_559022118_17852756655552482_1011928393818577363_n-e1760968979571.jpg?fit=1080%2C750&ssl=1&resize=350%2C200 1x, https:\/\/i0.wp.com\/diariodegarca.com\/wp-content\/uploads\/2025\/10\/SnapInsta.to_559022118_17852756655552482_1011928393818577363_n-e1760968979571.jpg?fit=1080%2C750&ssl=1&resize=525%2C300 1.5x, https:\/\/i0.wp.com\/diariodegarca.com\/wp-content\/uploads\/2025\/10\/SnapInsta.to_559022118_17852756655552482_1011928393818577363_n-e1760968979571.jpg?fit=1080%2C750&ssl=1&resize=700%2C400 2x, https:\/\/i0.wp.com\/diariodegarca.com\/wp-content\/uploads\/2025\/10\/SnapInsta.to_559022118_17852756655552482_1011928393818577363_n-e1760968979571.jpg?fit=1080%2C750&ssl=1&resize=1050%2C600 3x"},"classes":[]},{"id":2695,"url":"https:\/\/diariodegarca.com\/?p=2695","url_meta":{"origin":3672,"position":4},"title":"BibliOn promove encontro com Edimilson de Almeida Pereira sobre poesia e literatura","author":"Di\u00e1rio de Gar\u00e7a","date":"6 de mar\u00e7o de 2025","format":false,"excerpt":"No pr\u00f3ximo dia 13 de mar\u00e7o, a BibliON promove um evento imperd\u00edvel para os amantes da literatura e da cultura.\u00a0O poeta, ensa\u00edsta e professor Edimilson de Almeida Pereira ser\u00e1 o convidado especial de uma palestra que promete mergulhar no universo da escrita po\u00e9tica e na trajet\u00f3ria de um dos nomes\u2026","rel":"","context":"Em &quot;Brasil&quot;","block_context":{"text":"Brasil","link":"https:\/\/diariodegarca.com\/?cat=38185"},"img":{"alt_text":"","src":"","width":0,"height":0},"classes":[]},{"id":4683,"url":"https:\/\/diariodegarca.com\/?p=4683","url_meta":{"origin":3672,"position":5},"title":"Oficina gratuita ensina estrat\u00e9gias de marketing para escritores","author":"Di\u00e1rio de Gar\u00e7a","date":"14 de julho de 2025","format":false,"excerpt":"Ministrada por Lilian Cardoso, especialista em divulga\u00e7\u00e3o liter\u00e1ria, atividade online abordar\u00e1 desde constru\u00e7\u00e3o de marca pessoal at\u00e9 uso de redes sociais para promo\u00e7\u00e3o de obras. A\u00a0BibliON, biblioteca digital da Cultura SP gerida pela SP Leituras, promove entre os dias\u00a021 e 25 de julho\u00a0a oficina online e gratuita\u00a0\"Marketing para Escritores\". Com\u2026","rel":"","context":"Em &quot;Cultura&quot;","block_context":{"text":"Cultura","link":"https:\/\/diariodegarca.com\/?cat=2367"},"img":{"alt_text":"","src":"","width":0,"height":0},"classes":[]}],"jetpack_featured_media_url":"","_links":{"self":[{"href":"https:\/\/diariodegarca.com\/index.php?rest_route=\/wp\/v2\/posts\/3672","targetHints":{"allow":["GET"]}}],"collection":[{"href":"https:\/\/diariodegarca.com\/index.php?rest_route=\/wp\/v2\/posts"}],"about":[{"href":"https:\/\/diariodegarca.com\/index.php?rest_route=\/wp\/v2\/types\/post"}],"author":[{"embeddable":true,"href":"https:\/\/diariodegarca.com\/index.php?rest_route=\/wp\/v2\/users\/260896546"}],"replies":[{"embeddable":true,"href":"https:\/\/diariodegarca.com\/index.php?rest_route=%2Fwp%2Fv2%2Fcomments&post=3672"}],"version-history":[{"count":3,"href":"https:\/\/diariodegarca.com\/index.php?rest_route=\/wp\/v2\/posts\/3672\/revisions"}],"predecessor-version":[{"id":3676,"href":"https:\/\/diariodegarca.com\/index.php?rest_route=\/wp\/v2\/posts\/3672\/revisions\/3676"}],"wp:attachment":[{"href":"https:\/\/diariodegarca.com\/index.php?rest_route=%2Fwp%2Fv2%2Fmedia&parent=3672"}],"wp:term":[{"taxonomy":"category","embeddable":true,"href":"https:\/\/diariodegarca.com\/index.php?rest_route=%2Fwp%2Fv2%2Fcategories&post=3672"},{"taxonomy":"post_tag","embeddable":true,"href":"https:\/\/diariodegarca.com\/index.php?rest_route=%2Fwp%2Fv2%2Ftags&post=3672"}],"curies":[{"name":"wp","href":"https:\/\/api.w.org\/{rel}","templated":true}]}}