{"id":3807,"date":"2025-06-09T12:08:46","date_gmt":"2025-06-09T15:08:46","guid":{"rendered":"https:\/\/diariodegarca.com\/?p=3807"},"modified":"2025-06-09T12:08:46","modified_gmt":"2025-06-09T15:08:46","slug":"pf-destroi-45-toneladas-de-drogas-apreendidas-em-operacoes-contra-o-trafico","status":"publish","type":"post","link":"https:\/\/diariodegarca.com\/?p=3807","title":{"rendered":"PF destr\u00f3i 4,5 toneladas de drogas apreendidas em opera\u00e7\u00f5es contra o tr\u00e1fico"},"content":{"rendered":"\n<p class=\"wp-block-paragraph\"><em>Incinera\u00e7\u00e3o de maconha e coca\u00edna em Mar\u00edlia marca avan\u00e7o no combate ao crime organizado<\/em><\/p>\n\n\n\n<p class=\"wp-block-paragraph\">Na \u00faltima quinta-feira, dia 5 de junho, a Pol\u00edcia Federal (PF) realizou a destrui\u00e7\u00e3o de aproximadamente 4,5 toneladas de drogas, incluindo maconha e coca\u00edna, em Mar\u00edlia. O material, apreendido em uma s\u00e9rie de opera\u00e7\u00f5es recentes, estava sob cust\u00f3dia da PF ap\u00f3s a\u00e7\u00f5es que resultaram em diversas pris\u00f5es em flagrante.<\/p>\n\n\n\n<p class=\"wp-block-paragraph\">A incinera\u00e7\u00e3o segura dessas subst\u00e2ncias il\u00edcitas \u00e9 parte da estrat\u00e9gia da PF para impedir que os entorpecentes retornem ao mercado, al\u00e9m de simbolizar um golpe contra as redes de tr\u00e1fico. Segundo a corpora\u00e7\u00e3o, o combate ao narcotr\u00e1fico segue como uma das prioridades da institui\u00e7\u00e3o, com opera\u00e7\u00f5es cont\u00ednuas para desarticular organiza\u00e7\u00f5es criminosas e coibir a circula\u00e7\u00e3o de drogas no pa\u00eds.<\/p>\n","protected":false},"excerpt":{"rendered":"<p>Incinera\u00e7\u00e3o de maconha e coca\u00edna em Mar\u00edlia marca avan\u00e7o no combate ao crime organizado Na \u00faltima quinta-feira, dia 5 de junho, a Pol\u00edcia Federal (PF) realizou a destrui\u00e7\u00e3o de aproximadamente 4,5 toneladas de drogas, incluindo maconha e coca\u00edna, em Mar\u00edlia. O material, apreendido em uma s\u00e9rie de opera\u00e7\u00f5es recentes, estava sob cust\u00f3dia da PF ap\u00f3s [&hellip;]<\/p>\n","protected":false},"author":260896546,"featured_media":0,"comment_status":"open","ping_status":"open","sticky":false,"template":"","format":"standard","meta":{"_crdt_document":"","_monsterinsights_skip_tracking":false,"_monsterinsights_sitenote_active":false,"_monsterinsights_sitenote_note":"","_monsterinsights_sitenote_category":0,"advanced_seo_description":"","jetpack_seo_html_title":"","jetpack_seo_noindex":false,"jetpack_post_was_ever_published":false,"_jetpack_newsletter_access":"","_jetpack_dont_email_post_to_subs":false,"_jetpack_newsletter_tier_id":0,"_jetpack_memberships_contains_paywalled_content":false,"_jetpack_memberships_contains_paid_content":false,"footnotes":"","jetpack_publicize_message":"\ud83d\udd25 Federal destr\u00f3i 4,5 toneladas de drogas\n\nNa \u00faltima quinta-feira (05\/06), a Pol\u00edcia Federal incinerou 4,5 toneladas de maconha e coca\u00edna em Mar\u00edlia. As drogas foram apreendidas em opera\u00e7\u00f5es recentes que prenderam traficantes em flagrante.\n\n\ud83d\udd17 Saiba mais: diariodegarca.com\n\n#PFNoCombate #DrogasApreendidas #Seguran\u00e7aP\u00fablica #Opera\u00e7\u00e3oPF #BrasilMaisSeguro","jetpack_publicize_feature_enabled":true,"jetpack_social_post_already_shared":false,"jetpack_social_options":{"image_generator_settings":{"template":"highway","default_image_id":0,"enabled":false},"version":2},"_wpas_customize_per_network":false},"categories":[683453294,21243],"tags":[],"class_list":["post-3807","post","type-post","status-publish","format-standard","hentry","category-marilia-cidade","category-seguranca"],"jetpack_publicize_connections":[],"jetpack_featured_media_url":"","jetpack_likes_enabled":true,"jetpack_sharing_enabled":true,"jetpack_shortlink":"https:\/\/wp.me\/pgitne-Zp","jetpack-related-posts":[{"id":3395,"url":"https:\/\/diariodegarca.com\/?p=3395","url_meta":{"origin":3807,"position":0},"title":"Pol\u00edcia Federal destr\u00f3i 1,5 tonelada de maconha apreendida em opera\u00e7\u00f5es contra o tr\u00e1fico","author":"Di\u00e1rio de Gar\u00e7a","date":"25 de maio de 2025","format":false,"excerpt":"Droga foi incinerada em Bauru ap\u00f3s apreens\u00f5es que resultaram em pris\u00f5es em flagrante Na sexta-feira, dia 23 de maio, a Pol\u00edcia Federal (PF) realizou a destrui\u00e7\u00e3o de\u00a01.500 kg de maconha\u00a0em Bauru. A droga, apreendida em opera\u00e7\u00f5es recentes contra o tr\u00e1fico, foi incinerada como parte dos procedimentos padr\u00e3o da corpora\u00e7\u00e3o para\u2026","rel":"","context":"Em &quot;Bauru&quot;","block_context":{"text":"Bauru","link":"https:\/\/diariodegarca.com\/?cat=1357691"},"img":{"alt_text":"","src":"","width":0,"height":0},"classes":[]},{"id":7598,"url":"https:\/\/diariodegarca.com\/?p=7598","url_meta":{"origin":3807,"position":1},"title":"Pol\u00edcia Federal d\u00e1 fim a 10,5 toneladas de drogas apreendidas no interior de S\u00e3o Paulo","author":"Andreza Sega","date":"9 de outubro de 2025","format":false,"excerpt":"Material, incinerado em Mar\u00edlia, foi apreendido em opera\u00e7\u00f5es realizadas no segundo semestre deste ano em 62 munic\u00edpios. A Pol\u00edcia Federal (PF) realizou, na tarde de quarta-feira, 7 de outubro, a destrui\u00e7\u00e3o de 10,5 toneladas de entorpecentes. A a\u00e7\u00e3o, que incinerou drogas de diversas esp\u00e9cies, marca o desfecho operacional de uma\u2026","rel":"","context":"Em &quot;Fiscaliza\u00e7\u00e3o&quot;","block_context":{"text":"Fiscaliza\u00e7\u00e3o","link":"https:\/\/diariodegarca.com\/?cat=1192752"},"img":{"alt_text":"","src":"https:\/\/i0.wp.com\/diariodegarca.com\/wp-content\/uploads\/2025\/10\/6cded70e-9578-424d-a7a6-98d17a01e9d6.jpeg?fit=768%2C369&ssl=1&resize=350%2C200","width":350,"height":200,"srcset":"https:\/\/i0.wp.com\/diariodegarca.com\/wp-content\/uploads\/2025\/10\/6cded70e-9578-424d-a7a6-98d17a01e9d6.jpeg?fit=768%2C369&ssl=1&resize=350%2C200 1x, https:\/\/i0.wp.com\/diariodegarca.com\/wp-content\/uploads\/2025\/10\/6cded70e-9578-424d-a7a6-98d17a01e9d6.jpeg?fit=768%2C369&ssl=1&resize=525%2C300 1.5x, https:\/\/i0.wp.com\/diariodegarca.com\/wp-content\/uploads\/2025\/10\/6cded70e-9578-424d-a7a6-98d17a01e9d6.jpeg?fit=768%2C369&ssl=1&resize=700%2C400 2x"},"classes":[]},{"id":3391,"url":"https:\/\/diariodegarca.com\/?p=3391","url_meta":{"origin":3807,"position":2},"title":"PF e Pol\u00edcia Militar Rodovi\u00e1ria apreendem 1,4 toneladas de maconha em rodovia de S\u00e3o Paulo","author":"Di\u00e1rio de Gar\u00e7a","date":"24 de maio de 2025","format":false,"excerpt":"Caminhonete abandonada com carga de drogas foi localizada ap\u00f3s tentativa de fuga do motorista; investiga\u00e7\u00f5es continuam para identificar e prender o condutor Em uma opera\u00e7\u00e3o conjunta realizada na sexta-feira, 23 de maio, a Pol\u00edcia Federal (PF) e a Pol\u00edcia Militar Rodovi\u00e1ria de S\u00e3o Paulo apreenderam cerca de 1,4 tonelada de\u2026","rel":"","context":"Em &quot;Bauru&quot;","block_context":{"text":"Bauru","link":"https:\/\/diariodegarca.com\/?cat=1357691"},"img":{"alt_text":"","src":"","width":0,"height":0},"classes":[]},{"id":3785,"url":"https:\/\/diariodegarca.com\/?p=3785","url_meta":{"origin":3807,"position":3},"title":"Mar\u00edlia: Dois presos por tr\u00e1fico e opera\u00e7\u00e3o conjunta apreende 48 kg de drogas","author":"Di\u00e1rio de Gar\u00e7a","date":"7 de junho de 2025","format":false,"excerpt":"For\u00e7a T\u00e1tica e Canil atuam em a\u00e7\u00f5es distintas, resultando na apreens\u00e3o de entorpecentes e pris\u00f5es O 9\u00ba Batalh\u00e3o de Pol\u00edcia Militar do Interior registrou duas opera\u00e7\u00f5es significativas no combate ao tr\u00e1fico de drogas em Mar\u00edlia. As a\u00e7\u00f5es, realizadas em diferentes locais da cidade, resultaram na pris\u00e3o de suspeitos e na\u2026","rel":"","context":"Em &quot;Mar\u00edlia&quot;","block_context":{"text":"Mar\u00edlia","link":"https:\/\/diariodegarca.com\/?cat=683453294"},"img":{"alt_text":"","src":"","width":0,"height":0},"classes":[]},{"id":2263,"url":"https:\/\/diariodegarca.com\/?p=2263","url_meta":{"origin":3807,"position":4},"title":"Opera\u00e7\u00e3o da PM apreende R$ 1 milh\u00e3o em drogas e desarticula ponto de distribui\u00e7\u00e3o em Mar\u00edlia","author":"Di\u00e1rio de Gar\u00e7a","date":"27 de abril de 2025","format":false,"excerpt":"Na tarde de quarta-feira, dia 23 de abril, equipes da For\u00e7a T\u00e1tica do 9\u00ba Batalh\u00e3o de Pol\u00edcia Militar do Interior deflagraram uma opera\u00e7\u00e3o que resultou na apreens\u00e3o de cerca de R$ 1 milh\u00e3o em entorpecentes e na pris\u00e3o de tr\u00eas indiv\u00edduos por tr\u00e1fico de drogas e associa\u00e7\u00e3o ao crime em\u2026","rel":"","context":"Em &quot;Brasil&quot;","block_context":{"text":"Brasil","link":"https:\/\/diariodegarca.com\/?cat=38185"},"img":{"alt_text":"","src":"","width":0,"height":0},"classes":[]},{"id":8927,"url":"https:\/\/diariodegarca.com\/?p=8927","url_meta":{"origin":3807,"position":5},"title":"Pol\u00edcia Militar apreende quase 600 por\u00e7\u00f5es de drogas e homem em Mar\u00edlia","author":"Andreza Sega","date":"23 de novembro de 2025","format":false,"excerpt":"A\u00e7\u00e3o da For\u00e7a T\u00e1tica no bairro Nova Mar\u00edlia IV resultou na captura de um homem e na apreens\u00e3o de coca\u00edna, crack, maconha e dinheiro. Uma a\u00e7\u00e3o da Pol\u00edcia Militar na madrugada de s\u00e1bado, 22 de novembro, resultou em um grande golpe contra o tr\u00e1fico de drogas em Mar\u00edlia. A Opera\u00e7\u00e3o\u2026","rel":"","context":"Em &quot;Mar\u00edlia&quot;","block_context":{"text":"Mar\u00edlia","link":"https:\/\/diariodegarca.com\/?cat=683453294"},"img":{"alt_text":"","src":"https:\/\/i0.wp.com\/diariodegarca.com\/wp-content\/uploads\/2025\/11\/SnapInsta.to_AQOExf-WAg1-k2uCy9jD6TSXnceMGjkKEMRV69wrn-PUqE3z4aN13PTQHvrIj7fXfFPOMOchXZfC30y5EsieuUlu7R9LzS6CxsnV2lg_100-rotated.jpg?fit=854%2C480&ssl=1&resize=350%2C200","width":350,"height":200,"srcset":"https:\/\/i0.wp.com\/diariodegarca.com\/wp-content\/uploads\/2025\/11\/SnapInsta.to_AQOExf-WAg1-k2uCy9jD6TSXnceMGjkKEMRV69wrn-PUqE3z4aN13PTQHvrIj7fXfFPOMOchXZfC30y5EsieuUlu7R9LzS6CxsnV2lg_100-rotated.jpg?fit=854%2C480&ssl=1&resize=350%2C200 1x, https:\/\/i0.wp.com\/diariodegarca.com\/wp-content\/uploads\/2025\/11\/SnapInsta.to_AQOExf-WAg1-k2uCy9jD6TSXnceMGjkKEMRV69wrn-PUqE3z4aN13PTQHvrIj7fXfFPOMOchXZfC30y5EsieuUlu7R9LzS6CxsnV2lg_100-rotated.jpg?fit=854%2C480&ssl=1&resize=525%2C300 1.5x, https:\/\/i0.wp.com\/diariodegarca.com\/wp-content\/uploads\/2025\/11\/SnapInsta.to_AQOExf-WAg1-k2uCy9jD6TSXnceMGjkKEMRV69wrn-PUqE3z4aN13PTQHvrIj7fXfFPOMOchXZfC30y5EsieuUlu7R9LzS6CxsnV2lg_100-rotated.jpg?fit=854%2C480&ssl=1&resize=700%2C400 2x"},"classes":[]}],"_links":{"self":[{"href":"https:\/\/diariodegarca.com\/index.php?rest_route=\/wp\/v2\/posts\/3807","targetHints":{"allow":["GET"]}}],"collection":[{"href":"https:\/\/diariodegarca.com\/index.php?rest_route=\/wp\/v2\/posts"}],"about":[{"href":"https:\/\/diariodegarca.com\/index.php?rest_route=\/wp\/v2\/types\/post"}],"author":[{"embeddable":true,"href":"https:\/\/diariodegarca.com\/index.php?rest_route=\/wp\/v2\/users\/260896546"}],"replies":[{"embeddable":true,"href":"https:\/\/diariodegarca.com\/index.php?rest_route=%2Fwp%2Fv2%2Fcomments&post=3807"}],"version-history":[{"count":3,"href":"https:\/\/diariodegarca.com\/index.php?rest_route=\/wp\/v2\/posts\/3807\/revisions"}],"predecessor-version":[{"id":3811,"href":"https:\/\/diariodegarca.com\/index.php?rest_route=\/wp\/v2\/posts\/3807\/revisions\/3811"}],"wp:attachment":[{"href":"https:\/\/diariodegarca.com\/index.php?rest_route=%2Fwp%2Fv2%2Fmedia&parent=3807"}],"wp:term":[{"taxonomy":"category","embeddable":true,"href":"https:\/\/diariodegarca.com\/index.php?rest_route=%2Fwp%2Fv2%2Fcategories&post=3807"},{"taxonomy":"post_tag","embeddable":true,"href":"https:\/\/diariodegarca.com\/index.php?rest_route=%2Fwp%2Fv2%2Ftags&post=3807"}],"curies":[{"name":"wp","href":"https:\/\/api.w.org\/{rel}","templated":true}]}}