{"id":3812,"date":"2025-06-09T12:24:43","date_gmt":"2025-06-09T15:24:43","guid":{"rendered":"https:\/\/diariodegarca.com\/?p=3812"},"modified":"2025-06-09T12:24:43","modified_gmt":"2025-06-09T15:24:43","slug":"cientista-brasileira-mariangela-hungria-vence-nobel-da-agricultura","status":"publish","type":"post","link":"https:\/\/diariodegarca.com\/?p=3812","title":{"rendered":"Cientista brasileira Mariangela Hungria vence &#8220;Nobel da Agricultura&#8221;"},"content":{"rendered":"\n<p class=\"wp-block-paragraph\"><em>Pesquisadora da Embrapa \u00e9 premiada com o World Food Prize 2025 por desenvolver tecnologias que substituem fertilizantes qu\u00edmicos por biol\u00f3gicos, aumentando produtividade e reduzindo impactos ambientais<\/em><\/p>\n\n\n\n<p class=\"wp-block-paragraph\">A cientista brasileira&nbsp;<strong>Mariangela Hungria<\/strong>, pesquisadora da&nbsp;<strong>Embrapa Soja<\/strong>, acaba de ser anunciada como a vencedora do&nbsp;<strong>World Food Prize 2025<\/strong>, considerado o&nbsp;<strong>&#8220;Nobel da Agricultura&#8221;<\/strong>. O pr\u00eamio, criado por&nbsp;<strong>Norman Borlaug<\/strong>, pioneiro da Revolu\u00e7\u00e3o Verde, ser\u00e1 entregue em&nbsp;<strong>23 de outubro<\/strong>, em&nbsp;<strong>Des Moines, nos EUA<\/strong>. A honraria celebra contribui\u00e7\u00f5es excepcionais para a seguran\u00e7a alimentar e o desenvolvimento agr\u00edcola sustent\u00e1vel.<\/p>\n\n\n\n<p class=\"wp-block-paragraph\"><strong>Tecnologias que transformam o campo<\/strong><\/p>\n\n\n\n<p class=\"wp-block-paragraph\">Com mais de&nbsp;<strong>40 anos de pesquisa<\/strong>&nbsp;em microbiologia do solo, Hungria liderou o desenvolvimento de&nbsp;<strong>inoculantes biol\u00f3gicos<\/strong>&nbsp;\u2013 microrganismos que fixam nitrog\u00eanio e promovem o crescimento de plantas, reduzindo a depend\u00eancia de fertilizantes qu\u00edmicos. Suas descobertas permitem&nbsp;<strong>aumentar a produtividade<\/strong>&nbsp;com&nbsp;<strong>custos menores<\/strong>&nbsp;e&nbsp;<strong>menos danos ao meio ambiente<\/strong>.<\/p>\n\n\n\n<p class=\"wp-block-paragraph\">Atualmente, essas tecnologias s\u00e3o aplicadas em\u00a0<strong>mais de 40 milh\u00f5es de hectares<\/strong>\u00a0no Brasil, especialmente em cultivos de soja, milho e feij\u00e3o. Estima-se que essas solu\u00e7\u00f5es evitem a emiss\u00e3o de\u00a0<strong>230 milh\u00f5es de toneladas de CO\u2082 por ano<\/strong>, um avan\u00e7o no combate \u00e0s mudan\u00e7as clim\u00e1ticas.<\/p>\n\n\n\n<figure class=\"wp-block-image size-full\"><img data-recalc-dims=\"1\" decoding=\"async\" src=\"https:\/\/i0.wp.com\/diariodegarca.com\/wp-content\/uploads\/2025\/06\/633e3cf0-2fd8-11f0-b26b-ab62c890638b.jpg.webp?w=800&#038;ssl=1\" alt=\"\" class=\"wp-image-3814\" \/><\/figure>\n\n\n\n<p class=\"wp-block-paragraph\"><strong>Impacto global<\/strong><\/p>\n\n\n\n<p class=\"wp-block-paragraph\">O trabalho de Hungria n\u00e3o s\u00f3 impulsionou a&nbsp;<strong>agricultura brasileira<\/strong>, mas tamb\u00e9m oferece um modelo para outros pa\u00edses enfrentarem desafios como a&nbsp;<strong>escassez de fertilizantes<\/strong>&nbsp;e a&nbsp;<strong>press\u00e3o por produ\u00e7\u00e3o sustent\u00e1vel<\/strong>. Segundo a organiza\u00e7\u00e3o do pr\u00eamio, suas pesquisas s\u00e3o &#8220;<strong>fundamentais para alimentar o mundo sem esgotar os recursos naturais<\/strong>&#8220;.<\/p>\n\n\n\n<p class=\"wp-block-paragraph\">A cientista, que j\u00e1 recebeu diversos pr\u00eamios nacionais, agora entra para o<em> hall da fama<\/em> de um dos mais prestigiados reconhecimentos internacionais na \u00e1rea de alimentos e agricultura.<\/p>\n","protected":false},"excerpt":{"rendered":"<p>Pesquisadora da Embrapa \u00e9 premiada com o World Food Prize 2025 por desenvolver tecnologias que substituem fertilizantes qu\u00edmicos por biol\u00f3gicos, aumentando produtividade e reduzindo impactos ambientais A cientista brasileira&nbsp;Mariangela Hungria, pesquisadora da&nbsp;Embrapa Soja, acaba de ser anunciada como a vencedora do&nbsp;World Food Prize 2025, considerado o&nbsp;&#8220;Nobel da Agricultura&#8221;. O pr\u00eamio, criado por&nbsp;Norman Borlaug, pioneiro da [&hellip;]<\/p>\n","protected":false},"author":260896546,"featured_media":0,"comment_status":"open","ping_status":"open","sticky":false,"template":"","format":"standard","meta":{"_crdt_document":"","_monsterinsights_skip_tracking":false,"_monsterinsights_sitenote_active":false,"_monsterinsights_sitenote_note":"","_monsterinsights_sitenote_category":0,"advanced_seo_description":"","jetpack_seo_html_title":"","jetpack_seo_noindex":false,"_jetpack_newsletter_access":"","_jetpack_dont_email_post_to_subs":false,"_jetpack_newsletter_tier_id":0,"_jetpack_memberships_contains_paywalled_content":false,"_jetpack_memberships_contains_paid_content":false,"footnotes":"","jetpack_publicize_message":"Cientista brasileira ganha o \"Nobel da Agricultura\"\n\nMariangela Hungria, pesquisadora da @embrapa, acaba de receber o #WorldFoodPrize2025 por desenvolver tecnologias que substituem fertilizantes qu\u00edmicos por biol\u00f3gicos, aumentando a produtividade e reduzindo impactos ambientais \ud83c\udf31\u2728\n\nSuas solu\u00e7\u00f5es j\u00e1 s\u00e3o usadas em 40 milh\u00f5es de hectares e evitam a emiss\u00e3o de 230 milh\u00f5es de toneladas de CO\u2082 por ano!\n\n\ud83d\udcd6 Leia a mat\u00e9ria completa: diariodegarca.com\n\n#AgriculturaSustent\u00e1vel #BrasilNoMundo #Inova\u00e7\u00e3oVerde #MulheresNaCi\u00eancia","jetpack_publicize_feature_enabled":true,"jetpack_social_post_already_shared":false,"jetpack_social_options":{"image_generator_settings":{"template":"highway","default_image_id":0,"enabled":false},"version":2},"_wpas_customize_per_network":false,"jetpack_post_was_ever_published":false},"categories":[3213,15243,15011],"tags":[],"class_list":["post-3812","post","type-post","status-publish","format-standard","hentry","category-ciencia","category-meio-ambiente","category-pesquisa"],"jetpack_publicize_connections":[],"jetpack_featured_media_url":"","jetpack_likes_enabled":true,"jetpack_sharing_enabled":true,"jetpack_shortlink":"https:\/\/wp.me\/pgitne-Zu","jetpack-related-posts":[{"id":5069,"url":"https:\/\/diariodegarca.com\/?p=5069","url_meta":{"origin":3812,"position":0},"title":"Pr\u00eamio Jovem Cientista 2025: inscri\u00e7\u00f5es abertas para projetos sobre mudan\u00e7as clim\u00e1ticas","author":"Di\u00e1rio de Gar\u00e7a","date":"27 de julho de 2025","format":false,"excerpt":"Com premia\u00e7\u00f5es em dinheiro, bolsas e laptops, iniciativa busca solu\u00e7\u00f5es cient\u00edficas e tecnol\u00f3gicas para enfrentar a crise clim\u00e1tica. As inscri\u00e7\u00f5es para a\u00a031\u00aa edi\u00e7\u00e3o do Pr\u00eamio Jovem Cientista\u00a0seguem abertas at\u00e9\u00a031 de julho, \u00e0s 18h (hor\u00e1rio de Bras\u00edlia). Com o tema\u00a0\u201cResposta \u00e0s Mudan\u00e7as Clim\u00e1ticas: Ci\u00eancia, Tecnologia e Inova\u00e7\u00e3o como Aliadas\u201d, a premia\u00e7\u00e3o\u2026","rel":"","context":"Em &quot;Brasil&quot;","block_context":{"text":"Brasil","link":"https:\/\/diariodegarca.com\/?cat=38185"},"img":{"alt_text":"","src":"https:\/\/i0.wp.com\/diariodegarca.com\/wp-content\/uploads\/2025\/07\/8e284a07-2b0e-4e47-9b5c-2d3d3deac27a.jpeg?fit=768%2C571&ssl=1&resize=350%2C200","width":350,"height":200,"srcset":"https:\/\/i0.wp.com\/diariodegarca.com\/wp-content\/uploads\/2025\/07\/8e284a07-2b0e-4e47-9b5c-2d3d3deac27a.jpeg?fit=768%2C571&ssl=1&resize=350%2C200 1x, https:\/\/i0.wp.com\/diariodegarca.com\/wp-content\/uploads\/2025\/07\/8e284a07-2b0e-4e47-9b5c-2d3d3deac27a.jpeg?fit=768%2C571&ssl=1&resize=525%2C300 1.5x, https:\/\/i0.wp.com\/diariodegarca.com\/wp-content\/uploads\/2025\/07\/8e284a07-2b0e-4e47-9b5c-2d3d3deac27a.jpeg?fit=768%2C571&ssl=1&resize=700%2C400 2x"},"classes":[]},{"id":2517,"url":"https:\/\/diariodegarca.com\/?p=2517","url_meta":{"origin":3812,"position":1},"title":"Brasileiro recebe &#034;Nobel do Meio Ambiente&#034; por pesquisas na Amaz\u00f4nia","author":"Di\u00e1rio de Gar\u00e7a","date":"31 de mar\u00e7o de 2025","format":false,"excerpt":"O antrop\u00f3logo e professor Eduardo Brond\u00edzio, especialista em antropologia ambiental na Universidade de Indiana, nos Estados Unidos, foi anunciado como vencedor do Pr\u00eamio Tyler 2025, uma das mais prestigiadas honrarias do mundo na \u00e1rea ambiental. Ele compartilhar\u00e1 o reconhecimento com a ecologista argentina Sandra D\u00edaz. A cerim\u00f4nia de premia\u00e7\u00e3o acontecer\u00e1\u2026","rel":"","context":"Em &quot;Brasil&quot;","block_context":{"text":"Brasil","link":"https:\/\/diariodegarca.com\/?cat=38185"},"img":{"alt_text":"","src":"https:\/\/i0.wp.com\/blogger.googleusercontent.com\/img\/b\/R29vZ2xl\/AVvXsEjp7FX4qVyJGrrEAi0LHyplS-oXBIkxFxTFc6ZzzQ6vj_2zgw1I-9hm2_OLTNdAcJBeunBZC8C27tssiFXHn4o07MmCZVJApHFRCobyMZhPtvqX968Hpjy5wLzgDgUL57YnrxXEaIfVkf4uErbQIYcJlierGRZNuly6dLp9O6ZEEtHbQTdy10eM-S7t1o4\/w400-h239\/premioeduardo.webp?resize=350%2C200&ssl=1","width":350,"height":200},"classes":[]},{"id":5844,"url":"https:\/\/diariodegarca.com\/?p=5844","url_meta":{"origin":3812,"position":2},"title":"INMET oferece curso gratuito para forma\u00e7\u00e3o de Observadores Meteorol\u00f3gicos","author":"Di\u00e1rio de Gar\u00e7a","date":"21 de agosto de 2025","format":false,"excerpt":"Capacita\u00e7\u00e3o EaD, com 20 horas de dura\u00e7\u00e3o, \u00e9 uma parceria com ENAGRO, MAPA, SDI e UnB e visa capacitar o p\u00fablico geral para uma das atividades fundamentais da ci\u00eancia atmosf\u00e9rica. O Instituto Nacional de Meteorologia (INMET) deu in\u00edcio \u00e0 terceira edi\u00e7\u00e3o do curso a dist\u00e2ncia \"Forma\u00e7\u00e3o de Observador Meteorol\u00f3gico\". A\u2026","rel":"","context":"Em &quot;Curso&quot;","block_context":{"text":"Curso","link":"https:\/\/diariodegarca.com\/?cat=36947"},"img":{"alt_text":"","src":"https:\/\/i0.wp.com\/diariodegarca.com\/wp-content\/uploads\/2025\/08\/mulher-sorridente-segurando-um-guarda-chuva-e-uma-folha.jpg?fit=1200%2C1050&ssl=1&resize=350%2C200","width":350,"height":200,"srcset":"https:\/\/i0.wp.com\/diariodegarca.com\/wp-content\/uploads\/2025\/08\/mulher-sorridente-segurando-um-guarda-chuva-e-uma-folha.jpg?fit=1200%2C1050&ssl=1&resize=350%2C200 1x, https:\/\/i0.wp.com\/diariodegarca.com\/wp-content\/uploads\/2025\/08\/mulher-sorridente-segurando-um-guarda-chuva-e-uma-folha.jpg?fit=1200%2C1050&ssl=1&resize=525%2C300 1.5x, https:\/\/i0.wp.com\/diariodegarca.com\/wp-content\/uploads\/2025\/08\/mulher-sorridente-segurando-um-guarda-chuva-e-uma-folha.jpg?fit=1200%2C1050&ssl=1&resize=700%2C400 2x, https:\/\/i0.wp.com\/diariodegarca.com\/wp-content\/uploads\/2025\/08\/mulher-sorridente-segurando-um-guarda-chuva-e-uma-folha.jpg?fit=1200%2C1050&ssl=1&resize=1050%2C600 3x"},"classes":[]},{"id":5312,"url":"https:\/\/diariodegarca.com\/?p=5312","url_meta":{"origin":3812,"position":3},"title":"Professora Renata Paschoal assume dire\u00e7\u00e3o da Fatec Gar\u00e7a","author":"Di\u00e1rio de Gar\u00e7a","date":"5 de agosto de 2025","format":false,"excerpt":"Cerim\u00f4nia de posse reuniu comunidade acad\u00eamica e destacou os desafios da nova gest\u00e3o. Na sexta-feira, dia 1\u00ba de agosto, a Faculdade de Tecnologia de Gar\u00e7a (Fatec) deu in\u00edcio a uma nova fase em sua administra\u00e7\u00e3o com a posse da professora\u00a0Renata Aparecida de Carvalho Paschoal\u00a0como diretora. A solenidade, realizada no campus\u2026","rel":"","context":"Em &quot;Educa\u00e7\u00e3o&quot;","block_context":{"text":"Educa\u00e7\u00e3o","link":"https:\/\/diariodegarca.com\/?cat=17964"},"img":{"alt_text":"","src":"https:\/\/i0.wp.com\/diariodegarca.com\/wp-content\/uploads\/2025\/08\/515501139_1181073497393795_4394711697929830972_n.jpg?fit=1200%2C1200&ssl=1&resize=350%2C200","width":350,"height":200,"srcset":"https:\/\/i0.wp.com\/diariodegarca.com\/wp-content\/uploads\/2025\/08\/515501139_1181073497393795_4394711697929830972_n.jpg?fit=1200%2C1200&ssl=1&resize=350%2C200 1x, https:\/\/i0.wp.com\/diariodegarca.com\/wp-content\/uploads\/2025\/08\/515501139_1181073497393795_4394711697929830972_n.jpg?fit=1200%2C1200&ssl=1&resize=525%2C300 1.5x, https:\/\/i0.wp.com\/diariodegarca.com\/wp-content\/uploads\/2025\/08\/515501139_1181073497393795_4394711697929830972_n.jpg?fit=1200%2C1200&ssl=1&resize=700%2C400 2x, https:\/\/i0.wp.com\/diariodegarca.com\/wp-content\/uploads\/2025\/08\/515501139_1181073497393795_4394711697929830972_n.jpg?fit=1200%2C1200&ssl=1&resize=1050%2C600 3x"},"classes":[]},{"id":2328,"url":"https:\/\/diariodegarca.com\/?p=2328","url_meta":{"origin":3812,"position":4},"title":"Pr\u00eamio Jovem Cientista 2025: inscri\u00e7\u00f5es abertas para projetos que enfrentam as mudan\u00e7as clim\u00e1ticas","author":"Di\u00e1rio de Gar\u00e7a","date":"17 de abril de 2025","format":false,"excerpt":"A 31\u00aa edi\u00e7\u00e3o do\u00a0Pr\u00eamio Jovem Cientista\u00a0est\u00e1 com as inscri\u00e7\u00f5es abertas at\u00e9\u00a031 de julho de 2025, para estudantes e pesquisadores apresentarem solu\u00e7\u00f5es inovadoras para um dos maiores desafios da atualidade:\u00a0as mudan\u00e7as clim\u00e1ticas. Com o tema\u00a0\u201cResposta \u00e0s Mudan\u00e7as Clim\u00e1ticas: Ci\u00eancia, Tecnologia e Inova\u00e7\u00e3o como Aliadas\u201d, a iniciativa busca projetos que promovam sustentabilidade,\u2026","rel":"","context":"Em &quot;Brasil&quot;","block_context":{"text":"Brasil","link":"https:\/\/diariodegarca.com\/?cat=38185"},"img":{"alt_text":"","src":"https:\/\/i0.wp.com\/blogger.googleusercontent.com\/img\/b\/R29vZ2xl\/AVvXsEjJBScyRGUj8HD9Qit1TaZsO8Kub2LoF90jtG-gG3rQXIeLR_S7eZ5IWILAghqY4hQntRCshezSgdrNvopgAGuj7_UuPccnDcludfAq9wUwVc0CPnCMzMqEyROQi4eJmUTWfyR8Z6oxtM9Kt5dJshKMgQ2SYiKzA8fvLtb2XAtw-iHFh9IjXVmUpzoutnU\/s320\/490573772_3064798047012613_5874247547180985739_n.jpg?resize=350%2C200&ssl=1","width":350,"height":200},"classes":[]},{"id":2669,"url":"https:\/\/diariodegarca.com\/?p=2669","url_meta":{"origin":3812,"position":5},"title":"INMET abre inscri\u00e7\u00f5es para curso gratuito de Observador Meteorol\u00f3gico","author":"Di\u00e1rio de Gar\u00e7a","date":"8 de mar\u00e7o de 2025","format":false,"excerpt":"O Instituto Nacional de Meteorologia (INMET), em parceria com a Escola Nacional de Gest\u00e3o Agropecu\u00e1ria (ENAGRO), o Minist\u00e9rio da Agricultura e Pecu\u00e1ria (MAPA), a Secretaria de Defesa Agropecu\u00e1ria (SDI) e a Universidade de Bras\u00edlia (UnB), abrem inscri\u00e7\u00f5es para a segunda edi\u00e7\u00e3o do curso gratuito de Observador Meteorol\u00f3gico. \ud83d\udcc5 Inscri\u00e7\u00f5es e\u2026","rel":"","context":"Em &quot;Brasil&quot;","block_context":{"text":"Brasil","link":"https:\/\/diariodegarca.com\/?cat=38185"},"img":{"alt_text":"","src":"","width":0,"height":0},"classes":[]}],"_links":{"self":[{"href":"https:\/\/diariodegarca.com\/index.php?rest_route=\/wp\/v2\/posts\/3812","targetHints":{"allow":["GET"]}}],"collection":[{"href":"https:\/\/diariodegarca.com\/index.php?rest_route=\/wp\/v2\/posts"}],"about":[{"href":"https:\/\/diariodegarca.com\/index.php?rest_route=\/wp\/v2\/types\/post"}],"author":[{"embeddable":true,"href":"https:\/\/diariodegarca.com\/index.php?rest_route=\/wp\/v2\/users\/260896546"}],"replies":[{"embeddable":true,"href":"https:\/\/diariodegarca.com\/index.php?rest_route=%2Fwp%2Fv2%2Fcomments&post=3812"}],"version-history":[{"count":2,"href":"https:\/\/diariodegarca.com\/index.php?rest_route=\/wp\/v2\/posts\/3812\/revisions"}],"predecessor-version":[{"id":3816,"href":"https:\/\/diariodegarca.com\/index.php?rest_route=\/wp\/v2\/posts\/3812\/revisions\/3816"}],"wp:attachment":[{"href":"https:\/\/diariodegarca.com\/index.php?rest_route=%2Fwp%2Fv2%2Fmedia&parent=3812"}],"wp:term":[{"taxonomy":"category","embeddable":true,"href":"https:\/\/diariodegarca.com\/index.php?rest_route=%2Fwp%2Fv2%2Fcategories&post=3812"},{"taxonomy":"post_tag","embeddable":true,"href":"https:\/\/diariodegarca.com\/index.php?rest_route=%2Fwp%2Fv2%2Ftags&post=3812"}],"curies":[{"name":"wp","href":"https:\/\/api.w.org\/{rel}","templated":true}]}}