{"id":3861,"date":"2025-06-10T22:06:05","date_gmt":"2025-06-11T01:06:05","guid":{"rendered":"https:\/\/diariodegarca.com\/?p=3861"},"modified":"2025-06-10T22:06:05","modified_gmt":"2025-06-11T01:06:05","slug":"policia-militar-desarticula-rede-de-drogas-e-prende-procurados-em-marilia-e-echapora","status":"publish","type":"post","link":"https:\/\/diariodegarca.com\/?p=3861","title":{"rendered":"Pol\u00edcia Militar desarticula rede de drogas e prende procurados em Mar\u00edlia e Echapor\u00e3"},"content":{"rendered":"\n<p class=\"wp-block-paragraph\"><em>Opera\u00e7\u00f5es da For\u00e7a T\u00e1tica resultam em apreens\u00e3o de entorpecentes, armas e captura de criminosos<\/em><\/p>\n\n\n\n<p class=\"wp-block-paragraph\">A Pol\u00edcia Militar do Estado de S\u00e3o Paulo segue atuando no combate ao crime, seja no enfrentamento ao tr\u00e1fico de drogas, na apreens\u00e3o de armas ilegais ou na captura de procurados pela justi\u00e7a. Opera\u00e7\u00f5es recentes do 9\u00ba Batalh\u00e3o de Pol\u00edcia Militar do Interior resultaram em pris\u00f5es e apreens\u00f5es significativas nas cidades de Mar\u00edlia e Echapor\u00e3.<\/p>\n\n\n\n<h3 class=\"wp-block-heading\"><strong>Casa de drogas \u00e9 desmantelada em Mar\u00edlia<\/strong><\/h3>\n\n\n\n<figure class=\"wp-block-image size-large\"><img data-recalc-dims=\"1\" decoding=\"async\" src=\"https:\/\/i0.wp.com\/diariodegarca.com\/wp-content\/uploads\/2025\/06\/whatsapp-image-2025-06-10-at-17.07.22.jpeg?w=800&#038;ssl=1\" alt=\"\" class=\"wp-image-3863\" \/><\/figure>\n\n\n\n<p class=\"wp-block-paragraph\">Na noite de domingo, 8 de junho, policiais da For\u00e7a T\u00e1tica atenderam a uma den\u00fancia an\u00f4nima e encontraram uma resid\u00eancia em Mar\u00edlia sendo utilizada para armazenamento e refino de drogas. Durante a abordagem, dois homens e um adolescente foram presos enquanto manuseavam e embalavam entorpecentes. Um dos detidos j\u00e1 era procurado pela justi\u00e7a.<\/p>\n\n\n\n<p class=\"wp-block-paragraph\">No local, foram apreendidos:<\/p>\n\n\n\n<ul class=\"wp-block-list\">\n<li>1 tijolo de coca\u00edna e 200 microtubos prontos para venda;<\/li>\n\n\n\n<li>20 por\u00e7\u00f5es de crack;<\/li>\n\n\n\n<li>88 por\u00e7\u00f5es de &#8220;Dry&#8221;;<\/li>\n\n\n\n<li>5 tijolos de maconha e 65 por\u00e7\u00f5es da droga embaladas;<\/li>\n\n\n\n<li>Materiais de apoio ao tr\u00e1fico, como pl\u00e1stico filme, balan\u00e7as digitais, facas, r\u00e1dios comunicadores e caderno de anota\u00e7\u00f5es.<\/li>\n<\/ul>\n\n\n\n<p class=\"wp-block-paragraph\">Os envolvidos foram autuados por tr\u00e1fico de drogas e associa\u00e7\u00e3o criminosa, al\u00e9m da captura do procurado.<\/p>\n\n\n\n<h3 class=\"wp-block-heading\"><strong>Porte ilegal de arma em Mar\u00edlia<\/strong><\/h3>\n\n\n\n<figure class=\"wp-block-image size-large\"><img data-recalc-dims=\"1\" decoding=\"async\" src=\"https:\/\/i0.wp.com\/diariodegarca.com\/wp-content\/uploads\/2025\/06\/whatsapp-image-2025-06-10-at-17.09.48.jpeg?w=800&#038;ssl=1\" alt=\"\" class=\"wp-image-3865\" \/><\/figure>\n\n\n\n<p class=\"wp-block-paragraph\">Na madrugada do mesmo domingo, 8 de junho, durante patrulhamento no bairro Fragata, a For\u00e7a T\u00e1tica flagrou um homem com uma pistola 9mm municiada dentro do ve\u00edculo. Apesar da arma ter registro em seu nome, o suspeito n\u00e3o possu\u00eda autoriza\u00e7\u00e3o para port\u00e1-la.<\/p>\n\n\n\n<p class=\"wp-block-paragraph\">Ele foi preso em flagrante e encaminhado \u00e0 Central de Pol\u00edcia Judici\u00e1ria, aguardando audi\u00eancia de cust\u00f3dia.<\/p>\n\n\n\n<h3 class=\"wp-block-heading\"><strong>Procurado da justi\u00e7a \u00e9 capturado em Echapor\u00e3<\/strong><\/h3>\n\n\n\n<p class=\"wp-block-paragraph\">Na tarde de segunda-feira, 9 de junho, policiais em patrulhamento preventivo no bairro Barra Funda, em Echapor\u00e3, prenderam um homem procurado pela justi\u00e7a. Ele dever\u00e1 cumprir pena de cinco anos e dez meses de reclus\u00e3o.<\/p>\n\n\n\n<p class=\"wp-block-paragraph\">As a\u00e7\u00f5es refor\u00e7am o compromisso da Pol\u00edcia Militar com a seguran\u00e7a p\u00fablica e o combate \u00e0 criminalidade na regi\u00e3o.<\/p>\n","protected":false},"excerpt":{"rendered":"<p>Opera\u00e7\u00f5es da For\u00e7a T\u00e1tica resultam em apreens\u00e3o de entorpecentes, armas e captura de criminosos A Pol\u00edcia Militar do Estado de S\u00e3o Paulo segue atuando no combate ao crime, seja no enfrentamento ao tr\u00e1fico de drogas, na apreens\u00e3o de armas ilegais ou na captura de procurados pela justi\u00e7a. Opera\u00e7\u00f5es recentes do 9\u00ba Batalh\u00e3o de Pol\u00edcia Militar [&hellip;]<\/p>\n","protected":false},"author":260896546,"featured_media":0,"comment_status":"open","ping_status":"open","sticky":false,"template":"","format":"standard","meta":{"_crdt_document":"","_monsterinsights_skip_tracking":false,"_monsterinsights_sitenote_active":false,"_monsterinsights_sitenote_note":"","_monsterinsights_sitenote_category":0,"advanced_seo_description":"","jetpack_seo_html_title":"","jetpack_seo_noindex":false,"_jetpack_newsletter_access":"","_jetpack_dont_email_post_to_subs":false,"_jetpack_newsletter_tier_id":0,"_jetpack_memberships_contains_paywalled_content":false,"_jetpack_memberships_contains_paid_content":false,"footnotes":"","jetpack_publicize_message":"\ud83d\udea8 PM desarticula rede de drogas e prende procurados em Mar\u00edlia e Echapor\u00e3 \ud83d\udea8\n\n\ud83d\udd0e For\u00e7a T\u00e1tica apreende coca\u00edna, crack, maconha, armas e prende criminosos em opera\u00e7\u00f5es \n\n\ud83d\udcf2 Leia na \u00edntegra: diariodegarca.com\n\n#PMMar\u00edlia #CombateAoCrime #PoliciaMilitarSP #Opera\u00e7\u00e3oDeSucesso #Seguran\u00e7aP\u00fablica","jetpack_publicize_feature_enabled":true,"jetpack_social_post_already_shared":false,"jetpack_social_options":{"image_generator_settings":{"template":"highway","default_image_id":0,"enabled":false},"version":2},"_wpas_customize_per_network":false,"jetpack_post_was_ever_published":false},"categories":[9098997,683453294,21243],"tags":[],"class_list":["post-3861","post","type-post","status-publish","format-standard","hentry","category-echapora","category-marilia-cidade","category-seguranca"],"jetpack_publicize_connections":[],"jetpack_featured_media_url":"","jetpack_likes_enabled":true,"jetpack_sharing_enabled":true,"jetpack_shortlink":"https:\/\/wp.me\/pgitne-10h","jetpack-related-posts":[{"id":4311,"url":"https:\/\/diariodegarca.com\/?p=4311","url_meta":{"origin":3861,"position":0},"title":"Pol\u00edcia Militar prende traficantes e captura procurado por homic\u00eddio na regi\u00e3o","author":"Di\u00e1rio de Gar\u00e7a","date":"30 de junho de 2025","format":false,"excerpt":"A\u00e7\u00f5es do 9\u00ba Batalh\u00e3o resultaram na apreens\u00e3o de drogas e na pris\u00e3o de criminosos em J\u00falio Mesquita e Mar\u00edlia Neste fim de semana, o 9\u00ba Batalh\u00e3o de Pol\u00edcia Militar do Interior registrou ocorr\u00eancias significativas em duas cidades da regi\u00e3o, demonstrando a efici\u00eancia do patrulhamento e da investiga\u00e7\u00e3o policial. J\u00falio Mesquita:\u2026","rel":"","context":"Em &quot;J\u00falio Mesquita&quot;","block_context":{"text":"J\u00falio Mesquita","link":"https:\/\/diariodegarca.com\/?cat=5925410"},"img":{"alt_text":"","src":"","width":0,"height":0},"classes":[]},{"id":8927,"url":"https:\/\/diariodegarca.com\/?p=8927","url_meta":{"origin":3861,"position":1},"title":"Pol\u00edcia Militar apreende quase 600 por\u00e7\u00f5es de drogas e homem em Mar\u00edlia","author":"Andreza Sega","date":"23 de novembro de 2025","format":false,"excerpt":"A\u00e7\u00e3o da For\u00e7a T\u00e1tica no bairro Nova Mar\u00edlia IV resultou na captura de um homem e na apreens\u00e3o de coca\u00edna, crack, maconha e dinheiro. Uma a\u00e7\u00e3o da Pol\u00edcia Militar na madrugada de s\u00e1bado, 22 de novembro, resultou em um grande golpe contra o tr\u00e1fico de drogas em Mar\u00edlia. A Opera\u00e7\u00e3o\u2026","rel":"","context":"Em &quot;Mar\u00edlia&quot;","block_context":{"text":"Mar\u00edlia","link":"https:\/\/diariodegarca.com\/?cat=683453294"},"img":{"alt_text":"","src":"https:\/\/i0.wp.com\/diariodegarca.com\/wp-content\/uploads\/2025\/11\/SnapInsta.to_AQOExf-WAg1-k2uCy9jD6TSXnceMGjkKEMRV69wrn-PUqE3z4aN13PTQHvrIj7fXfFPOMOchXZfC30y5EsieuUlu7R9LzS6CxsnV2lg_100-rotated.jpg?fit=854%2C480&ssl=1&resize=350%2C200","width":350,"height":200,"srcset":"https:\/\/i0.wp.com\/diariodegarca.com\/wp-content\/uploads\/2025\/11\/SnapInsta.to_AQOExf-WAg1-k2uCy9jD6TSXnceMGjkKEMRV69wrn-PUqE3z4aN13PTQHvrIj7fXfFPOMOchXZfC30y5EsieuUlu7R9LzS6CxsnV2lg_100-rotated.jpg?fit=854%2C480&ssl=1&resize=350%2C200 1x, https:\/\/i0.wp.com\/diariodegarca.com\/wp-content\/uploads\/2025\/11\/SnapInsta.to_AQOExf-WAg1-k2uCy9jD6TSXnceMGjkKEMRV69wrn-PUqE3z4aN13PTQHvrIj7fXfFPOMOchXZfC30y5EsieuUlu7R9LzS6CxsnV2lg_100-rotated.jpg?fit=854%2C480&ssl=1&resize=525%2C300 1.5x, https:\/\/i0.wp.com\/diariodegarca.com\/wp-content\/uploads\/2025\/11\/SnapInsta.to_AQOExf-WAg1-k2uCy9jD6TSXnceMGjkKEMRV69wrn-PUqE3z4aN13PTQHvrIj7fXfFPOMOchXZfC30y5EsieuUlu7R9LzS6CxsnV2lg_100-rotated.jpg?fit=854%2C480&ssl=1&resize=700%2C400 2x"},"classes":[]},{"id":3719,"url":"https:\/\/diariodegarca.com\/?p=3719","url_meta":{"origin":3861,"position":2},"title":"Pol\u00edcia Militar prende suspeitos de crimes graves em Gar\u00e7a e Mar\u00edlia","author":"Di\u00e1rio de Gar\u00e7a","date":"4 de junho de 2025","format":false,"excerpt":"Opera\u00e7\u00f5es do 9\u00ba BPM\/I resultam na captura de foragidos e apreens\u00e3o de drogas em a\u00e7\u00f5es distintas A Pol\u00edcia Militar do Interior, por meio do 9\u00ba Batalh\u00e3o, tem atuado de forma incisiva no combate ao crime nas cidades de sua jurisdi\u00e7\u00e3o. Com patrulhamentos ostensivos e abordagens estrat\u00e9gicas, as equipes t\u00eam garantido\u2026","rel":"","context":"Em &quot;Gar\u00e7a&quot;","block_context":{"text":"Gar\u00e7a","link":"https:\/\/diariodegarca.com\/?cat=781171664"},"img":{"alt_text":"","src":"","width":0,"height":0},"classes":[]},{"id":4618,"url":"https:\/\/diariodegarca.com\/?p=4618","url_meta":{"origin":3861,"position":3},"title":"Opera\u00e7\u00f5es da PM prendem suspeitos e apreendem drogas e arma em Tup\u00e3 e Mar\u00edlia","author":"Di\u00e1rio de Gar\u00e7a","date":"11 de julho de 2025","format":false,"excerpt":"A\u00e7\u00f5es policiais resultaram em pris\u00f5es por tr\u00e1fico, furto e recepta\u00e7\u00e3o, al\u00e9m da apreens\u00e3o de entorpecentes e uma espingarda de press\u00e3o. Com abordagens estrat\u00e9gicas e uso de intelig\u00eancia policial, as equipes do 9\u00ba Batalh\u00e3o de Pol\u00edcia Militar do Interior (9\u00ba BPM) prenderam indiv\u00edduos procurados pela Justi\u00e7a e apreenderam drogas e uma\u2026","rel":"","context":"Em &quot;Mar\u00edlia&quot;","block_context":{"text":"Mar\u00edlia","link":"https:\/\/diariodegarca.com\/?cat=683453294"},"img":{"alt_text":"","src":"","width":0,"height":0},"classes":[]},{"id":9200,"url":"https:\/\/diariodegarca.com\/?p=9200","url_meta":{"origin":3861,"position":4},"title":"Opera\u00e7\u00e3o na Raposo Tavares apreende 270 kg de coca\u00edna e fuzil em caminh\u00e3o-tanque","author":"Andreza Sega","date":"30 de novembro de 2025","format":false,"excerpt":"Motorista foi preso em flagrante durante a\u00e7\u00e3o integrada de combate ao crime organizado no interior de S\u00e3o Paulo. Uma a\u00e7\u00e3o de fiscaliza\u00e7\u00e3o rodovi\u00e1ria resultou na apreens\u00e3o de um carregamento de armas e drogas de grande porte na Rodovia Raposo Tavares, na altura do munic\u00edpio de Palmital, regi\u00e3o de Mar\u00edlia. A\u2026","rel":"","context":"Em &quot;Mar\u00edlia&quot;","block_context":{"text":"Mar\u00edlia","link":"https:\/\/diariodegarca.com\/?cat=683453294"},"img":{"alt_text":"","src":"https:\/\/i0.wp.com\/diariodegarca.com\/wp-content\/uploads\/2025\/11\/policia-federal-raposo-tavares.jpeg?fit=768%2C576&ssl=1&resize=350%2C200","width":350,"height":200,"srcset":"https:\/\/i0.wp.com\/diariodegarca.com\/wp-content\/uploads\/2025\/11\/policia-federal-raposo-tavares.jpeg?fit=768%2C576&ssl=1&resize=350%2C200 1x, https:\/\/i0.wp.com\/diariodegarca.com\/wp-content\/uploads\/2025\/11\/policia-federal-raposo-tavares.jpeg?fit=768%2C576&ssl=1&resize=525%2C300 1.5x, https:\/\/i0.wp.com\/diariodegarca.com\/wp-content\/uploads\/2025\/11\/policia-federal-raposo-tavares.jpeg?fit=768%2C576&ssl=1&resize=700%2C400 2x"},"classes":[]},{"id":3528,"url":"https:\/\/diariodegarca.com\/?p=3528","url_meta":{"origin":3861,"position":5},"title":"Drogas e furtos na mira da PM: quatro pris\u00f5es em um s\u00f3 dia em Mar\u00edlia","author":"Di\u00e1rio de Gar\u00e7a","date":"28 de maio de 2025","format":false,"excerpt":"A\u00e7\u00f5es resultam em pris\u00f5es e apreens\u00e3o de drogas e celulares roubados A ter\u00e7a-feira, dia 27 de maio, foi agitada para o 9\u00b0 Batalh\u00e3o de Pol\u00edcia Militar do Interior resultando em pris\u00f5es por tr\u00e1fico de drogas e furto de celulares, confira: Opera\u00e7\u00e3o contra o tr\u00e1fico de drogas apreende grande quantidade de\u2026","rel":"","context":"Em &quot;Mar\u00edlia&quot;","block_context":{"text":"Mar\u00edlia","link":"https:\/\/diariodegarca.com\/?cat=683453294"},"img":{"alt_text":"","src":"https:\/\/i0.wp.com\/diariodegarca.com\/wp-content\/uploads\/2025\/05\/1-4.jpg?fit=1080%2C827&ssl=1&resize=350%2C200","width":350,"height":200,"srcset":"https:\/\/i0.wp.com\/diariodegarca.com\/wp-content\/uploads\/2025\/05\/1-4.jpg?fit=1080%2C827&ssl=1&resize=350%2C200 1x, https:\/\/i0.wp.com\/diariodegarca.com\/wp-content\/uploads\/2025\/05\/1-4.jpg?fit=1080%2C827&ssl=1&resize=525%2C300 1.5x, https:\/\/i0.wp.com\/diariodegarca.com\/wp-content\/uploads\/2025\/05\/1-4.jpg?fit=1080%2C827&ssl=1&resize=700%2C400 2x, https:\/\/i0.wp.com\/diariodegarca.com\/wp-content\/uploads\/2025\/05\/1-4.jpg?fit=1080%2C827&ssl=1&resize=1050%2C600 3x"},"classes":[]}],"_links":{"self":[{"href":"https:\/\/diariodegarca.com\/index.php?rest_route=\/wp\/v2\/posts\/3861","targetHints":{"allow":["GET"]}}],"collection":[{"href":"https:\/\/diariodegarca.com\/index.php?rest_route=\/wp\/v2\/posts"}],"about":[{"href":"https:\/\/diariodegarca.com\/index.php?rest_route=\/wp\/v2\/types\/post"}],"author":[{"embeddable":true,"href":"https:\/\/diariodegarca.com\/index.php?rest_route=\/wp\/v2\/users\/260896546"}],"replies":[{"embeddable":true,"href":"https:\/\/diariodegarca.com\/index.php?rest_route=%2Fwp%2Fv2%2Fcomments&post=3861"}],"version-history":[{"count":3,"href":"https:\/\/diariodegarca.com\/index.php?rest_route=\/wp\/v2\/posts\/3861\/revisions"}],"predecessor-version":[{"id":3866,"href":"https:\/\/diariodegarca.com\/index.php?rest_route=\/wp\/v2\/posts\/3861\/revisions\/3866"}],"wp:attachment":[{"href":"https:\/\/diariodegarca.com\/index.php?rest_route=%2Fwp%2Fv2%2Fmedia&parent=3861"}],"wp:term":[{"taxonomy":"category","embeddable":true,"href":"https:\/\/diariodegarca.com\/index.php?rest_route=%2Fwp%2Fv2%2Fcategories&post=3861"},{"taxonomy":"post_tag","embeddable":true,"href":"https:\/\/diariodegarca.com\/index.php?rest_route=%2Fwp%2Fv2%2Ftags&post=3861"}],"curies":[{"name":"wp","href":"https:\/\/api.w.org\/{rel}","templated":true}]}}