{"id":3887,"date":"2025-06-12T17:29:05","date_gmt":"2025-06-12T20:29:05","guid":{"rendered":"https:\/\/diariodegarca.com\/?p=3887"},"modified":"2025-06-12T17:29:05","modified_gmt":"2025-06-12T20:29:05","slug":"biblioteca-de-marilia-divulga-agenda-cultural-de-junho","status":"publish","type":"post","link":"https:\/\/diariodegarca.com\/?p=3887","title":{"rendered":"Biblioteca de Mar\u00edlia divulga agenda cultural de junho"},"content":{"rendered":"\n<p class=\"wp-block-paragraph\"><em>Eventos gratuitos incluem exposi\u00e7\u00f5es, clubes de leitura, oficinas e celebra\u00e7\u00f5es art\u00edsticas para todas as idades.<\/em><\/p>\n\n\n\n<p class=\"wp-block-paragraph\">A\u00a0<strong>Biblioteca Municipal de Mar\u00edlia<\/strong>, vinculada a\u00a0<strong>Secretaria Municipal de Cultura<\/strong>, divulgou a programa\u00e7\u00e3o do m\u00eas de junho, com atividades que abrangem desde exposi\u00e7\u00f5es tem\u00e1ticas at\u00e9 encontros liter\u00e1rios e eventos interativos. Confira os destaques:<\/p>\n\n\n\n<hr class=\"wp-block-separator has-alpha-channel-opacity\" \/>\n\n\n\n<h3 class=\"wp-block-heading\"><strong>Exposi\u00e7\u00f5es<\/strong><\/h3>\n\n\n\n<p class=\"wp-block-paragraph\"><strong>1. &#8220;Educa\u00e7\u00e3o Ambiental&#8221; (Vitrine)<\/strong><\/p>\n\n\n\n<ul class=\"wp-block-list\">\n<li><strong>Data<\/strong>: at\u00e9 o dia 15 de junho<\/li>\n\n\n\n<li><strong>Conte\u00fado<\/strong>: Obras como\u00a0<em>&#8220;A \u00e1gua do planeta azul&#8221;<\/em>\u00a0(Fernando Carraro) e\u00a0<em>&#8220;O caso das rosas amarelas e medrosas&#8221;<\/em>\u00a0(Jorge Miguel Marinho), em celebra\u00e7\u00e3o ao Dia Nacional da Educa\u00e7\u00e3o Ambiental (03\/06) e ao Dia Mundial do Meio Ambiente (05\/06).<\/li>\n<\/ul>\n\n\n\n<p class=\"wp-block-paragraph\"><strong>2. &#8220;Pontos e N\u00f3s&#8221; (Colecionismo)<\/strong><\/p>\n\n\n\n<ul class=\"wp-block-list\">\n<li><strong>Data<\/strong>: at\u00e9 o dia 31 de junho<\/li>\n\n\n\n<li><strong>Artista<\/strong>: Denise Rossatto apresenta cestaria feita com cord\u00f5es de algod\u00e3o, unindo arte, funcionalidade e sustentabilidade.<\/li>\n<\/ul>\n\n\n\n<p class=\"wp-block-paragraph\"><strong>3. &#8220;Jean-Paul Sartre&#8221; (Sagu\u00e3o)<\/strong><\/p>\n\n\n\n<ul class=\"wp-block-list\">\n<li><strong>Data<\/strong>: de 16 at\u00e9 30 de junho.<\/li>\n\n\n\n<li><strong>Homenagem<\/strong>: Exposi\u00e7\u00e3o dedicada ao fil\u00f3sofo franc\u00eas, \u00edcone do existencialismo, em seu anivers\u00e1rio de nascimento (21\/06).<\/li>\n<\/ul>\n\n\n\n<p class=\"wp-block-paragraph\"><strong>4. &#8220;Yogando!&#8221; (Vitrine)<\/strong><\/p>\n\n\n\n<ul class=\"wp-block-list\">\n<li><strong>Data<\/strong>: de 16 at\u00e9 30 de junho.<\/li>\n\n\n\n<li><strong>Tema<\/strong>: Livros sobre yoga, como\u00a0<em>&#8220;A tradi\u00e7\u00e3o do yoga&#8221;<\/em>\u00a0(Georg Feuerstein), em alus\u00e3o ao Dia Internacional do Yoga (21\/06).<\/li>\n<\/ul>\n\n\n\n<hr class=\"wp-block-separator has-alpha-channel-opacity\" \/>\n\n\n\n<h3 class=\"wp-block-heading\"><strong>Eventos Liter\u00e1rios e Culturais<\/strong><\/h3>\n\n\n\n<p class=\"wp-block-paragraph\"><strong>1. Clube de leitura\u00a0<em>&#8220;Minha Irm\u00e3, A Serial Killer&#8221;<\/em><\/strong><\/p>\n\n\n\n<ul class=\"wp-block-list\">\n<li><strong>Data<\/strong>: S\u00e1bado, 14\/06, das 14h30 \u00e0s 16h (Piso 3).<\/li>\n\n\n\n<li><strong>Debate<\/strong>: encontros para debater obras escritas por mulheres, de cl\u00e1ssicas a contempor\u00e2neas. Nesse encontro, com a media\u00e7\u00e3o de Giovana e Let\u00edcia, ser\u00e1 debatida a obra da autora Oyinkan Braihwaite.<\/li>\n<\/ul>\n\n\n\n<p class=\"wp-block-paragraph\"><strong>2. Lan\u00e7amento do Livro\u00a0<em>&#8220;Versos de um Mundo T\u00e3o Distante&#8221;<\/em><\/strong><\/p>\n\n\n\n<ul class=\"wp-block-list\">\n<li><strong>Data<\/strong>: S\u00e1bado, 14\/06, das 16h \u00e0s 17h50 (Piso 2).<\/li>\n\n\n\n<li><strong>Autor<\/strong>: Wesley Stavarengo, escritor mariliense, apresenta colet\u00e2nea po\u00e9tica com 100 poemas sobre paix\u00e3o, saudade e esperan\u00e7a.<\/li>\n<\/ul>\n\n\n\n<p class=\"wp-block-paragraph\"><strong>3. Clube de leitura\u00a0<em>&#8220;A Inconveniente Loja de Conveni\u00eancias&#8221;<\/em><\/strong><\/p>\n\n\n\n<ul class=\"wp-block-list\">\n<li><strong>Data<\/strong>: S\u00e1bado, 14\/06, das 15h \u00e0s 16h30 (Piso 2).<\/li>\n\n\n\n<li><strong>Debate<\/strong>: encontros para debater obras livres e trocas de ideias. Nesse encontro, com a media\u00e7\u00e3o de GTayana, ser\u00e1 debatida a obra de Kim Ho Yeon.<\/li>\n<\/ul>\n\n\n\n<p class=\"wp-block-paragraph\"><strong>4. Clube de Leitura\u00a0<em>&#8220;Desculpe-me Ser T\u00e3o Poeta&#8221;<\/em><\/strong><\/p>\n\n\n\n<ul class=\"wp-block-list\">\n<li><strong>Data<\/strong>: S\u00e1bado, 28\/06, das 15h \u00e0s 17h45 (Piso 1).<\/li>\n\n\n\n<li><strong>Debate<\/strong>: encontro para debater\u00a0obras antirracistas. Nesse encontro, com media\u00e7\u00e3o de Tamiris e Viviane, ser\u00e1 debatida a obra de Bruno Lacerda.<\/li>\n<\/ul>\n\n\n\n<hr class=\"wp-block-separator has-alpha-channel-opacity\" \/>\n\n\n\n<h3 class=\"wp-block-heading\"><strong>Atividades Interativas e L\u00fadicas<\/strong><\/h3>\n\n\n\n<p class=\"wp-block-paragraph\"><strong>1. Brinquedoteca<\/strong><\/p>\n\n\n\n<ul class=\"wp-block-list\">\n<li><strong>Datas<\/strong>: S\u00e1bados, 14\/06 e 28\/06, das 16h \u00e0s 17h50 (Piso 2).<\/li>\n\n\n\n<li><strong>P\u00fablico<\/strong>: Crian\u00e7as at\u00e9 12 anos, acompanhadas por respons\u00e1veis.<\/li>\n<\/ul>\n\n\n\n<p class=\"wp-block-paragraph\"><strong>2. RPG e Board Games<\/strong><\/p>\n\n\n\n<ul class=\"wp-block-list\">\n<li><strong>Data<\/strong>: S\u00e1bado, 28\/06, das 14h \u00e0s 17h50 (Piso 2).<\/li>\n\n\n\n<li><strong>Objetivo<\/strong>: Estimular criatividade e coopera\u00e7\u00e3o em jogos de interpreta\u00e7\u00e3o.<\/li>\n<\/ul>\n\n\n\n<p class=\"wp-block-paragraph\"><strong>3. Conta\u00e7\u00e3o de Hist\u00f3rias&nbsp;<em>&#8220;Os Animais Falantes e o Tribunal do Bosque&#8221;<\/em><\/strong><\/p>\n\n\n\n<ul class=\"wp-block-list\">\n<li><strong>Data<\/strong>: S\u00e1bado, 14\/06, das 15h \u00e0s 16h (Piso 1).<\/li>\n\n\n\n<li><strong>Atividade<\/strong>: Sandra Popoff promove oficina l\u00fadica com lan\u00e7amento de e-book infantil.<\/li>\n<\/ul>\n\n\n\n<hr class=\"wp-block-separator has-alpha-channel-opacity\" \/>\n\n\n\n<h3 class=\"wp-block-heading\"><strong>Eventos especiais<\/strong><\/h3>\n\n\n\n<p class=\"wp-block-paragraph\"><strong>1. Formatura&nbsp;<em>&#8220;Terceira Idade na Era Digital&#8221;<\/em><\/strong><\/p>\n\n\n\n<ul class=\"wp-block-list\">\n<li><strong>Data<\/strong>: Quinta-feira, 26\/06, das 15h \u00e0s 17h (Piso 1).<\/li>\n\n\n\n<li><strong>Celebra\u00e7\u00e3o<\/strong>: Entrega de certificados para alunos dos cursos de inform\u00e1tica b\u00e1sica e\u00a0<em>&#8220;Androidando&#8221;<\/em>.<\/li>\n<\/ul>\n\n\n\n<p class=\"wp-block-paragraph\"><strong>2. Grava\u00e7\u00e3o do Projeto&nbsp;<em>&#8220;Sagrado Canto Feminino&#8221;<\/em><\/strong><\/p>\n\n\n\n<ul class=\"wp-block-list\">\n<li><strong>Data<\/strong>: S\u00e1bado, 14\/06, \u00e0s 11h \u00e0s 13h.<\/li>\n\n\n\n<li><strong>Atra\u00e7\u00e3o<\/strong>: Jaci Furquim e Grupo Cartola Branca homenageiam grandes mulheres da MPB.<\/li>\n<\/ul>\n\n\n\n<hr class=\"wp-block-separator has-alpha-channel-opacity\" \/>\n\n\n\n<p class=\"wp-block-paragraph\"><strong>Informa\u00e7\u00f5es Pr\u00e1ticas<\/strong><\/p>\n\n\n\n<p class=\"wp-block-paragraph\">A Biblioteca Municipal de Mar\u00edlia, est\u00e1 localizada na rua S\u00e3o Luiz, 1295, Centro. Todas as atividades possuem entrada gratuita e n\u00e3o necessitam de inscri\u00e7\u00f5es pr\u00e9vias. Mais informa\u00e7\u00f5es podem ser obtidas pelo n\u00famero (14) 3454-7434, da Biblioteca, em hor\u00e1rio comercial.<\/p>\n","protected":false},"excerpt":{"rendered":"<p>Eventos gratuitos incluem exposi\u00e7\u00f5es, clubes de leitura, oficinas e celebra\u00e7\u00f5es art\u00edsticas para todas as idades. A\u00a0Biblioteca Municipal de Mar\u00edlia, vinculada a\u00a0Secretaria Municipal de Cultura, divulgou a programa\u00e7\u00e3o do m\u00eas de junho, com atividades que abrangem desde exposi\u00e7\u00f5es tem\u00e1ticas at\u00e9 encontros liter\u00e1rios e eventos interativos. Confira os destaques: Exposi\u00e7\u00f5es 1. &#8220;Educa\u00e7\u00e3o Ambiental&#8221; (Vitrine) 2. &#8220;Pontos e [&hellip;]<\/p>\n","protected":false},"author":260896546,"featured_media":0,"comment_status":"open","ping_status":"open","sticky":false,"template":"","format":"standard","meta":{"_crdt_document":"","_monsterinsights_skip_tracking":false,"_monsterinsights_sitenote_active":false,"_monsterinsights_sitenote_note":"","_monsterinsights_sitenote_category":0,"advanced_seo_description":"","jetpack_seo_html_title":"","jetpack_seo_noindex":false,"_jetpack_newsletter_access":"","_jetpack_dont_email_post_to_subs":false,"_jetpack_newsletter_tier_id":0,"_jetpack_memberships_contains_paywalled_content":false,"_jetpack_memberships_contains_paid_content":false,"footnotes":"","jetpack_publicize_message":"\ud83d\udcda Agenda Cultural na Biblioteca de Mar\u00edlia \u2013 Junho\/2024\n\nA Biblioteca Municipal de Mar\u00edlia preparou uma programa\u00e7\u00e3o incr\u00edvel para junho! Confira os destaques:\n\n\u2728 Exposi\u00e7\u00f5es\n\ud83d\udcd6 Lan\u00e7amento liter\u00e1rio\n\ud83d\udcd6 Clubes de Leitura:\n\ud83c\udfad Atividades Interativas:\n\n\ud83d\udcf2 Quer saber mais? Acesse: diariodegarca.com\n\n#Cultura #Mar\u00edlia #Biblioteca #AgendaCultural #EventosGratuitos","jetpack_publicize_feature_enabled":true,"jetpack_social_post_already_shared":false,"jetpack_social_options":{"image_generator_settings":{"template":"highway","default_image_id":0,"enabled":false},"version":2},"_wpas_customize_per_network":false,"jetpack_post_was_ever_published":false},"categories":[2367,2366,3719,683453294],"tags":[],"class_list":["post-3887","post","type-post","status-publish","format-standard","hentry","category-cultura","category-eventos","category-literatura","category-marilia-cidade"],"jetpack_publicize_connections":[],"jetpack_featured_media_url":"","jetpack_likes_enabled":true,"jetpack_sharing_enabled":true,"jetpack_shortlink":"https:\/\/wp.me\/pgitne-10H","jetpack-related-posts":[{"id":5266,"url":"https:\/\/diariodegarca.com\/?p=5266","url_meta":{"origin":3887,"position":0},"title":"Mar\u00edlia celebra cultura em agosto com programa\u00e7\u00e3o diversa na Biblioteca","author":"Di\u00e1rio de Gar\u00e7a","date":"4 de agosto de 2025","format":false,"excerpt":"Exposi\u00e7\u00f5es, clubes de leitura, oficinas e conta\u00e7\u00f5es de hist\u00f3ria comp\u00f5em o calend\u00e1rio gratuito do m\u00eas. A Biblioteca Municipal de Mar\u00edlia preparou uma agenda cultural repleta de atividades para agosto, contemplando p\u00fablicos de todas as idades. Desde exposi\u00e7\u00f5es hist\u00f3ricas at\u00e9 oficinas criativas, a programa\u00e7\u00e3o destaca a literatura, a arte e a\u2026","rel":"","context":"Em &quot;Cultura&quot;","block_context":{"text":"Cultura","link":"https:\/\/diariodegarca.com\/?cat=2367"},"img":{"alt_text":"","src":"https:\/\/i0.wp.com\/diariodegarca.com\/wp-content\/uploads\/2025\/08\/oip.webp?fit=474%2C314&ssl=1&resize=350%2C200","width":350,"height":200},"classes":[]},{"id":2220,"url":"https:\/\/diariodegarca.com\/?p=2220","url_meta":{"origin":3887,"position":1},"title":"Cultura de Mar\u00edlia promove exposi\u00e7\u00f5es gratuitas em maio","author":"Di\u00e1rio de Gar\u00e7a","date":"2 de maio de 2025","format":false,"excerpt":"A Secretaria Municipal de Cultura de Mar\u00edlia preparou uma programa\u00e7\u00e3o especial para o m\u00eas de maio, com tr\u00eas exposi\u00e7\u00f5es gratuitas que celebram arte, literatura e maternidade. Todas as mostras acontecem na Biblioteca Municipal, localizada na Rua S\u00e3o Luiz, 1295, e s\u00e3o abertas ao p\u00fablico. Exposi\u00e7\u00e3o \"Maternidade\" Em homenagem ao Dia\u2026","rel":"","context":"Em &quot;Brasil&quot;","block_context":{"text":"Brasil","link":"https:\/\/diariodegarca.com\/?cat=38185"},"img":{"alt_text":"","src":"","width":0,"height":0},"classes":[]},{"id":8291,"url":"https:\/\/diariodegarca.com\/?p=8291","url_meta":{"origin":3887,"position":2},"title":"Mar\u00edlia inicia mapeamento de artes\u00e3os para fortalecer cena cultural local","author":"Andreza Sega","date":"31 de outubro de 2025","format":false,"excerpt":"Iniciativa da Secretaria de Cultura visa atualizar cadastro e criar uma rede integrada para divulgar feiras, exposi\u00e7\u00f5es e oportunidades no munic\u00edpio. A Secretaria de Cultura de Mar\u00edlia deu in\u00edcio a um projeto estrat\u00e9gico para mapear todos os artes\u00e3os atuantes no munic\u00edpio. O objetivo \u00e9 atualizar o cat\u00e1logo oficial de contatos,\u2026","rel":"","context":"Em &quot;Cultura&quot;","block_context":{"text":"Cultura","link":"https:\/\/diariodegarca.com\/?cat=2367"},"img":{"alt_text":"","src":"https:\/\/i0.wp.com\/diariodegarca.com\/wp-content\/uploads\/2025\/10\/mulher-de-alto-angulo-consertando-artigos-de-moda-1.jpg?fit=1200%2C800&ssl=1&resize=350%2C200","width":350,"height":200,"srcset":"https:\/\/i0.wp.com\/diariodegarca.com\/wp-content\/uploads\/2025\/10\/mulher-de-alto-angulo-consertando-artigos-de-moda-1.jpg?fit=1200%2C800&ssl=1&resize=350%2C200 1x, https:\/\/i0.wp.com\/diariodegarca.com\/wp-content\/uploads\/2025\/10\/mulher-de-alto-angulo-consertando-artigos-de-moda-1.jpg?fit=1200%2C800&ssl=1&resize=525%2C300 1.5x, https:\/\/i0.wp.com\/diariodegarca.com\/wp-content\/uploads\/2025\/10\/mulher-de-alto-angulo-consertando-artigos-de-moda-1.jpg?fit=1200%2C800&ssl=1&resize=700%2C400 2x, https:\/\/i0.wp.com\/diariodegarca.com\/wp-content\/uploads\/2025\/10\/mulher-de-alto-angulo-consertando-artigos-de-moda-1.jpg?fit=1200%2C800&ssl=1&resize=1050%2C600 3x"},"classes":[]},{"id":10172,"url":"https:\/\/diariodegarca.com\/?p=10172","url_meta":{"origin":3887,"position":3},"title":"Pontos MIS divulga cidades parceiras de 2026; Gar\u00e7a e regi\u00e3o est\u00e3o na lista","author":"Di\u00e1rio de Gar\u00e7a","date":"20 de janeiro de 2026","format":false,"excerpt":"O Programa Pontos MIS do Museu da Imagem e do Som levar\u00e1 cinema, exposi\u00e7\u00f5es e capacita\u00e7\u00f5es a v\u00e1rias cidades do interior paulista em 2026, promovendo o acesso \u00e0 cultura e \u00e0 forma\u00e7\u00e3o audiovisual.","rel":"","context":"Em &quot;Cultura&quot;","block_context":{"text":"Cultura","link":"https:\/\/diariodegarca.com\/?cat=2367"},"img":{"alt_text":"","src":"https:\/\/i0.wp.com\/diariodegarca.com\/wp-content\/uploads\/2026\/01\/pontos-mis.jpg?fit=1200%2C800&ssl=1&resize=350%2C200","width":350,"height":200,"srcset":"https:\/\/i0.wp.com\/diariodegarca.com\/wp-content\/uploads\/2026\/01\/pontos-mis.jpg?fit=1200%2C800&ssl=1&resize=350%2C200 1x, https:\/\/i0.wp.com\/diariodegarca.com\/wp-content\/uploads\/2026\/01\/pontos-mis.jpg?fit=1200%2C800&ssl=1&resize=525%2C300 1.5x, https:\/\/i0.wp.com\/diariodegarca.com\/wp-content\/uploads\/2026\/01\/pontos-mis.jpg?fit=1200%2C800&ssl=1&resize=700%2C400 2x, https:\/\/i0.wp.com\/diariodegarca.com\/wp-content\/uploads\/2026\/01\/pontos-mis.jpg?fit=1200%2C800&ssl=1&resize=1050%2C600 3x"},"classes":[]},{"id":2574,"url":"https:\/\/diariodegarca.com\/?p=2574","url_meta":{"origin":3887,"position":4},"title":"Mar\u00edlia realiza mapeamento de artistas pl\u00e1sticos para fortalecer rede cultural local","author":"Di\u00e1rio de Gar\u00e7a","date":"21 de mar\u00e7o de 2025","format":false,"excerpt":"A Secretaria de Cultura de Mar\u00edlia, por meio da Galeria de Artes, est\u00e1 promovendo um mapeamento dos artistas pl\u00e1sticos da cidade com o objetivo de atualizar o cat\u00e1logo de contatos e fortalecer a rede art\u00edstica local.\u00a0A iniciativa visa facilitar a comunica\u00e7\u00e3o sobre exposi\u00e7\u00f5es, eventos e oportunidades de colabora\u00e7\u00e3o, integrando os\u2026","rel":"","context":"Em &quot;Brasil&quot;","block_context":{"text":"Brasil","link":"https:\/\/diariodegarca.com\/?cat=38185"},"img":{"alt_text":"","src":"","width":0,"height":0},"classes":[]},{"id":3918,"url":"https:\/\/diariodegarca.com\/?p=3918","url_meta":{"origin":3887,"position":5},"title":"Contos japoneses encantam crian\u00e7as em evento cultural em Gar\u00e7a","author":"Di\u00e1rio de Gar\u00e7a","date":"13 de junho de 2025","format":false,"excerpt":"Biblioteca Municipal promove \"Hora do Conto\" especial com narrativas tradicionais do Jap\u00e3o, integrando educa\u00e7\u00e3o e celebra\u00e7\u00e3o da Festa da Cerejeira Na segunda-feira , dia 2 de junho, a Biblioteca P\u00fablica Municipal de Gar\u00e7a recebeu alunos para uma imers\u00e3o na cultura japonesa por meio da \"Hora do Conto\". A iniciativa, que\u2026","rel":"","context":"Em &quot;Cultura&quot;","block_context":{"text":"Cultura","link":"https:\/\/diariodegarca.com\/?cat=2367"},"img":{"alt_text":"","src":"https:\/\/i0.wp.com\/diariodegarca.com\/wp-content\/uploads\/2025\/06\/503603841_18031114424661507_3963424270325991086_n.jpg?fit=1200%2C1200&ssl=1&resize=350%2C200","width":350,"height":200,"srcset":"https:\/\/i0.wp.com\/diariodegarca.com\/wp-content\/uploads\/2025\/06\/503603841_18031114424661507_3963424270325991086_n.jpg?fit=1200%2C1200&ssl=1&resize=350%2C200 1x, https:\/\/i0.wp.com\/diariodegarca.com\/wp-content\/uploads\/2025\/06\/503603841_18031114424661507_3963424270325991086_n.jpg?fit=1200%2C1200&ssl=1&resize=525%2C300 1.5x, https:\/\/i0.wp.com\/diariodegarca.com\/wp-content\/uploads\/2025\/06\/503603841_18031114424661507_3963424270325991086_n.jpg?fit=1200%2C1200&ssl=1&resize=700%2C400 2x, https:\/\/i0.wp.com\/diariodegarca.com\/wp-content\/uploads\/2025\/06\/503603841_18031114424661507_3963424270325991086_n.jpg?fit=1200%2C1200&ssl=1&resize=1050%2C600 3x"},"classes":[]}],"_links":{"self":[{"href":"https:\/\/diariodegarca.com\/index.php?rest_route=\/wp\/v2\/posts\/3887","targetHints":{"allow":["GET"]}}],"collection":[{"href":"https:\/\/diariodegarca.com\/index.php?rest_route=\/wp\/v2\/posts"}],"about":[{"href":"https:\/\/diariodegarca.com\/index.php?rest_route=\/wp\/v2\/types\/post"}],"author":[{"embeddable":true,"href":"https:\/\/diariodegarca.com\/index.php?rest_route=\/wp\/v2\/users\/260896546"}],"replies":[{"embeddable":true,"href":"https:\/\/diariodegarca.com\/index.php?rest_route=%2Fwp%2Fv2%2Fcomments&post=3887"}],"version-history":[{"count":12,"href":"https:\/\/diariodegarca.com\/index.php?rest_route=\/wp\/v2\/posts\/3887\/revisions"}],"predecessor-version":[{"id":3900,"href":"https:\/\/diariodegarca.com\/index.php?rest_route=\/wp\/v2\/posts\/3887\/revisions\/3900"}],"wp:attachment":[{"href":"https:\/\/diariodegarca.com\/index.php?rest_route=%2Fwp%2Fv2%2Fmedia&parent=3887"}],"wp:term":[{"taxonomy":"category","embeddable":true,"href":"https:\/\/diariodegarca.com\/index.php?rest_route=%2Fwp%2Fv2%2Fcategories&post=3887"},{"taxonomy":"post_tag","embeddable":true,"href":"https:\/\/diariodegarca.com\/index.php?rest_route=%2Fwp%2Fv2%2Ftags&post=3887"}],"curies":[{"name":"wp","href":"https:\/\/api.w.org\/{rel}","templated":true}]}}