{"id":3966,"date":"2025-06-14T08:06:00","date_gmt":"2025-06-14T11:06:00","guid":{"rendered":"https:\/\/diariodegarca.com\/?p=3966"},"modified":"2025-06-13T17:02:45","modified_gmt":"2025-06-13T20:02:45","slug":"fatec-garca-conclui-projeto-de-climatizacao-de-laboratorio-com-apoio-de-alunos-e-empresas","status":"publish","type":"post","link":"https:\/\/diariodegarca.com\/?p=3966","title":{"rendered":"Fatec Gar\u00e7a conclui projeto de climatiza\u00e7\u00e3o de laborat\u00f3rio com apoio de alunos e empresas"},"content":{"rendered":"\n<p class=\"wp-block-paragraph\"><em>Iniciativa desenvolvida por estudantes de Gest\u00e3o Empresarial melhora infraestrutura e promove sustentabilidade na unidade<\/em><\/p>\n\n\n\n<p class=\"wp-block-paragraph\">A\u00a0<strong>Faculdade de Tecnologia de Gar\u00e7a (Fatec Gar\u00e7a)<\/strong>\u00a0celebrou em suas redes sociais oficiais a conclus\u00e3o do\u00a0<strong>projeto AIRTEC\/ARTEC<\/strong>, que viabilizou a climatiza\u00e7\u00e3o do\u00a0<strong>Laborat\u00f3rio 5<\/strong>\u00a0e a revitaliza\u00e7\u00e3o das lixeiras externas da institui\u00e7\u00e3o. A a\u00e7\u00e3o, liderada por alunos do 5\u00ba termo do curso de\u00a0<strong>Tecnologia em Gest\u00e3o Empresarial<\/strong>, demonstra o potencial do trabalho colaborativo entre academia e setor privado.<\/p>\n\n\n\n<p class=\"wp-block-paragraph\">Sob a coordena\u00e7\u00e3o do&nbsp;<strong>professor F\u00e1bio Gon\u00e7alves<\/strong>, o projeto foi desenvolvido em duas etapas, unindo planejamento, capta\u00e7\u00e3o de recursos e execu\u00e7\u00e3o. A iniciativa n\u00e3o apenas melhorou o conforto t\u00e9rmico do espa\u00e7o de aprendizagem, mas tamb\u00e9m refor\u00e7ou a import\u00e2ncia da&nbsp;<strong>gest\u00e3o de projetos<\/strong>&nbsp;na forma\u00e7\u00e3o dos estudantes.<\/p>\n\n\n\n<h3 class=\"wp-block-heading\"><strong>Alunos arrecadam recursos e firmam parcerias locais<\/strong><\/h3>\n\n\n\n<p class=\"wp-block-paragraph\">No&nbsp;<strong>segundo semestre de 2024<\/strong>, os alunos do per\u00edodo matutino deram in\u00edcio ao&nbsp;<strong>projeto AIRTEC<\/strong>, arrecadando&nbsp;<strong>R$ 1.210,00<\/strong>&nbsp;por meio de a\u00e7\u00f5es internas. O objetivo era viabilizar a climatiza\u00e7\u00e3o do laborat\u00f3rio, essencial para o bem-estar e a produtividade da comunidade acad\u00eamica.<\/p>\n\n\n\n<p class=\"wp-block-paragraph\">J\u00e1 no&nbsp;<strong>primeiro semestre de 2025<\/strong>, a iniciativa evoluiu para a fase&nbsp;<strong>ARTEC<\/strong>, com a formaliza\u00e7\u00e3o de parcerias estrat\u00e9gicas com as empresas&nbsp;<strong>Fulltime e IPEC<\/strong>. Essas colabora\u00e7\u00f5es permitiram a aquisi\u00e7\u00e3o e instala\u00e7\u00e3o do&nbsp;<strong>ar-condicionado<\/strong>, garantindo a conclus\u00e3o do projeto.<\/p>\n\n\n\n<h3 class=\"wp-block-heading\"><strong>Modelo inspira outras Fatecs<\/strong><\/h3>\n\n\n\n<p class=\"wp-block-paragraph\">Enquanto a Fatec Gar\u00e7a consolida os resultados do projeto, a iniciativa serve de&nbsp;<strong>exemplo para outras unidades do Centro Paula Souza<\/strong>. A integra\u00e7\u00e3o entre&nbsp;<strong>disciplinas acad\u00eamicas, capta\u00e7\u00e3o de recursos e responsabilidade socioambiental<\/strong>&nbsp;(com a revitaliza\u00e7\u00e3o das lixeiras) destaca como pequenas a\u00e7\u00f5es podem transformar o ambiente educacional.<\/p>\n","protected":false},"excerpt":{"rendered":"<p>Iniciativa desenvolvida por estudantes de Gest\u00e3o Empresarial melhora infraestrutura e promove sustentabilidade na unidade A\u00a0Faculdade de Tecnologia de Gar\u00e7a (Fatec Gar\u00e7a)\u00a0celebrou em suas redes sociais oficiais a conclus\u00e3o do\u00a0projeto AIRTEC\/ARTEC, que viabilizou a climatiza\u00e7\u00e3o do\u00a0Laborat\u00f3rio 5\u00a0e a revitaliza\u00e7\u00e3o das lixeiras externas da institui\u00e7\u00e3o. A a\u00e7\u00e3o, liderada por alunos do 5\u00ba termo do curso de\u00a0Tecnologia em [&hellip;]<\/p>\n","protected":false},"author":260896546,"featured_media":0,"comment_status":"open","ping_status":"open","sticky":false,"template":"","format":"standard","meta":{"_crdt_document":"","_monsterinsights_skip_tracking":false,"_monsterinsights_sitenote_active":false,"_monsterinsights_sitenote_note":"","_monsterinsights_sitenote_category":0,"advanced_seo_description":"","jetpack_seo_html_title":"","jetpack_seo_noindex":false,"jetpack_post_was_ever_published":false,"_jetpack_newsletter_access":"","_jetpack_dont_email_post_to_subs":false,"_jetpack_newsletter_tier_id":0,"_jetpack_memberships_contains_paywalled_content":false,"_jetpack_memberships_contains_paid_content":false,"footnotes":"","jetpack_publicize_message":"\ud83c\udf89 Fatec Gar\u00e7a conclui projeto de climatiza\u00e7\u00e3o de laborat\u00f3rio com apoio de alunos e empresas\n\nA #FatecGar\u00e7a concluiu o projeto AIRTEC\/ARTEC, liderado por alunos de Gest\u00e3o Empresarial, que viabilizou a climatiza\u00e7\u00e3o do Laborat\u00f3rio 5 e a revitaliza\u00e7\u00e3o das lixeiras externas. \ud83d\udca1\n\n\ud83d\udccc Como aconteceu?\n\ud83d\udd39 AIRTEC (2024): Alunos arrecadaram R$ 1.210,00.\n\ud83d\udd39 ARTEC (2025): Parcerias com Fulltime e IPEC garantiram a instala\u00e7\u00e3o do ar-condicionado.\n\n\ud83d\udcd6 Leia a mat\u00e9ria completa: diariodegarca.com\n\n#Gest\u00e3oEmpresarial #Inova\u00e7\u00e3o #Sustentabilidade #AIRTEC #CentroPaulaSouza","jetpack_publicize_feature_enabled":true,"jetpack_social_post_already_shared":false,"jetpack_social_options":{"image_generator_settings":{"template":"highway","default_image_id":0,"enabled":false},"version":2},"_wpas_customize_per_network":false},"categories":[17964,781171664],"tags":[],"class_list":["post-3966","post","type-post","status-publish","format-standard","hentry","category-educacao","category-garca-cidade"],"jetpack_publicize_connections":[],"jetpack_featured_media_url":"","jetpack_likes_enabled":true,"jetpack_sharing_enabled":true,"jetpack_shortlink":"https:\/\/wp.me\/pgitne-11Y","jetpack-related-posts":[{"id":5312,"url":"https:\/\/diariodegarca.com\/?p=5312","url_meta":{"origin":3966,"position":0},"title":"Professora Renata Paschoal assume dire\u00e7\u00e3o da Fatec Gar\u00e7a","author":"Di\u00e1rio de Gar\u00e7a","date":"5 de agosto de 2025","format":false,"excerpt":"Cerim\u00f4nia de posse reuniu comunidade acad\u00eamica e destacou os desafios da nova gest\u00e3o. Na sexta-feira, dia 1\u00ba de agosto, a Faculdade de Tecnologia de Gar\u00e7a (Fatec) deu in\u00edcio a uma nova fase em sua administra\u00e7\u00e3o com a posse da professora\u00a0Renata Aparecida de Carvalho Paschoal\u00a0como diretora. A solenidade, realizada no campus\u2026","rel":"","context":"Em &quot;Educa\u00e7\u00e3o&quot;","block_context":{"text":"Educa\u00e7\u00e3o","link":"https:\/\/diariodegarca.com\/?cat=17964"},"img":{"alt_text":"","src":"https:\/\/i0.wp.com\/diariodegarca.com\/wp-content\/uploads\/2025\/08\/515501139_1181073497393795_4394711697929830972_n.jpg?fit=1200%2C1200&ssl=1&resize=350%2C200","width":350,"height":200,"srcset":"https:\/\/i0.wp.com\/diariodegarca.com\/wp-content\/uploads\/2025\/08\/515501139_1181073497393795_4394711697929830972_n.jpg?fit=1200%2C1200&ssl=1&resize=350%2C200 1x, https:\/\/i0.wp.com\/diariodegarca.com\/wp-content\/uploads\/2025\/08\/515501139_1181073497393795_4394711697929830972_n.jpg?fit=1200%2C1200&ssl=1&resize=525%2C300 1.5x, https:\/\/i0.wp.com\/diariodegarca.com\/wp-content\/uploads\/2025\/08\/515501139_1181073497393795_4394711697929830972_n.jpg?fit=1200%2C1200&ssl=1&resize=700%2C400 2x, https:\/\/i0.wp.com\/diariodegarca.com\/wp-content\/uploads\/2025\/08\/515501139_1181073497393795_4394711697929830972_n.jpg?fit=1200%2C1200&ssl=1&resize=1050%2C600 3x"},"classes":[]},{"id":9678,"url":"https:\/\/diariodegarca.com\/?p=9678","url_meta":{"origin":3966,"position":1},"title":"FATEC Gar\u00e7a abre inscri\u00e7\u00f5es para Programa de Monitoria com bolsa mensal","author":"Andreza Sega","date":"23 de dezembro de 2025","format":false,"excerpt":"Sele\u00e7\u00e3o oferece vagas em disciplinas e em projeto de inova\u00e7\u00e3o. Candidatos precisam ter conta no Banco do Brasil e hist\u00f3rico de aprova\u00e7\u00e3o na mat\u00e9ria. Prazo vai at\u00e9 13 de fevereiro. A Fatec Gar\u00e7a est\u00e1 com inscri\u00e7\u00f5es abertas para o seu\u00a0Programa de Monitoria\u00a0do primeiro semestre de 2026. Os interessados t\u00eam at\u00e9\u2026","rel":"","context":"Em &quot;Educa\u00e7\u00e3o&quot;","block_context":{"text":"Educa\u00e7\u00e3o","link":"https:\/\/diariodegarca.com\/?cat=17964"},"img":{"alt_text":"","src":"https:\/\/i0.wp.com\/diariodegarca.com\/wp-content\/uploads\/2025\/09\/da19130ed2abc78d0db81c1f33acb07f.jpg?fit=800%2C391&ssl=1&resize=350%2C200","width":350,"height":200,"srcset":"https:\/\/i0.wp.com\/diariodegarca.com\/wp-content\/uploads\/2025\/09\/da19130ed2abc78d0db81c1f33acb07f.jpg?fit=800%2C391&ssl=1&resize=350%2C200 1x, https:\/\/i0.wp.com\/diariodegarca.com\/wp-content\/uploads\/2025\/09\/da19130ed2abc78d0db81c1f33acb07f.jpg?fit=800%2C391&ssl=1&resize=525%2C300 1.5x, https:\/\/i0.wp.com\/diariodegarca.com\/wp-content\/uploads\/2025\/09\/da19130ed2abc78d0db81c1f33acb07f.jpg?fit=800%2C391&ssl=1&resize=700%2C400 2x"},"classes":[]},{"id":7659,"url":"https:\/\/diariodegarca.com\/?p=7659","url_meta":{"origin":3966,"position":2},"title":"Fatec Gar\u00e7a abre inscri\u00e7\u00f5es para professor de banco de dados em processo seletivo","author":"Andreza Sega","date":"14 de outubro de 2025","format":false,"excerpt":"Oportunidade \u00e9 para atuar como Professor de Laborat\u00f3rio; candidatos t\u00eam at\u00e9 23 de outubro para se inscreverem via site da institui\u00e7\u00e3o. A Fatec (Faculdade de Tecnologia) de Gar\u00e7a est\u00e1 com as inscri\u00e7\u00f5es abertas para um processo seletivo simplificado destinado \u00e0 contrata\u00e7\u00e3o de um Professor de Ensino Superior. A vaga \u00e9\u2026","rel":"","context":"Em &quot;Gar\u00e7a&quot;","block_context":{"text":"Gar\u00e7a","link":"https:\/\/diariodegarca.com\/?cat=781171664"},"img":{"alt_text":"","src":"https:\/\/i0.wp.com\/diariodegarca.com\/wp-content\/uploads\/2025\/10\/executivo-posando-no-escritorio-com-um-tablet-digital.jpg?fit=1200%2C801&ssl=1&resize=350%2C200","width":350,"height":200,"srcset":"https:\/\/i0.wp.com\/diariodegarca.com\/wp-content\/uploads\/2025\/10\/executivo-posando-no-escritorio-com-um-tablet-digital.jpg?fit=1200%2C801&ssl=1&resize=350%2C200 1x, https:\/\/i0.wp.com\/diariodegarca.com\/wp-content\/uploads\/2025\/10\/executivo-posando-no-escritorio-com-um-tablet-digital.jpg?fit=1200%2C801&ssl=1&resize=525%2C300 1.5x, https:\/\/i0.wp.com\/diariodegarca.com\/wp-content\/uploads\/2025\/10\/executivo-posando-no-escritorio-com-um-tablet-digital.jpg?fit=1200%2C801&ssl=1&resize=700%2C400 2x, https:\/\/i0.wp.com\/diariodegarca.com\/wp-content\/uploads\/2025\/10\/executivo-posando-no-escritorio-com-um-tablet-digital.jpg?fit=1200%2C801&ssl=1&resize=1050%2C600 3x"},"classes":[]},{"id":3925,"url":"https:\/\/diariodegarca.com\/?p=3925","url_meta":{"origin":3966,"position":3},"title":"Fatec Gar\u00e7a e IBM SkillsBuild oferecem curso gratuito de Intelig\u00eancia Artificial","author":"Di\u00e1rio de Gar\u00e7a","date":"13 de junho de 2025","format":false,"excerpt":"Oportunidade capacita profissionais para o mercado de IA com certifica\u00e7\u00e3o digital e aulas online flex\u00edveis IBM SkillsBuild abre turma exclusiva em parceria com Fatec Gar\u00e7a A Faculdade de Tecnologia de Gar\u00e7a (Fatec) e a IBM SkillsBuild est\u00e3o com inscri\u00e7\u00f5es abertas para um programa gratuito de capacita\u00e7\u00e3o em\u00a0Intelig\u00eancia Artificial (IA). O\u2026","rel":"","context":"Em &quot;Curso&quot;","block_context":{"text":"Curso","link":"https:\/\/diariodegarca.com\/?cat=36947"},"img":{"alt_text":"","src":"https:\/\/i0.wp.com\/diariodegarca.com\/wp-content\/uploads\/2025\/06\/pessoas-de-tiro-medio-trabalhando-em-laptops.jpg?fit=1200%2C800&ssl=1&resize=350%2C200","width":350,"height":200,"srcset":"https:\/\/i0.wp.com\/diariodegarca.com\/wp-content\/uploads\/2025\/06\/pessoas-de-tiro-medio-trabalhando-em-laptops.jpg?fit=1200%2C800&ssl=1&resize=350%2C200 1x, https:\/\/i0.wp.com\/diariodegarca.com\/wp-content\/uploads\/2025\/06\/pessoas-de-tiro-medio-trabalhando-em-laptops.jpg?fit=1200%2C800&ssl=1&resize=525%2C300 1.5x, https:\/\/i0.wp.com\/diariodegarca.com\/wp-content\/uploads\/2025\/06\/pessoas-de-tiro-medio-trabalhando-em-laptops.jpg?fit=1200%2C800&ssl=1&resize=700%2C400 2x, https:\/\/i0.wp.com\/diariodegarca.com\/wp-content\/uploads\/2025\/06\/pessoas-de-tiro-medio-trabalhando-em-laptops.jpg?fit=1200%2C800&ssl=1&resize=1050%2C600 3x"},"classes":[]},{"id":7962,"url":"https:\/\/diariodegarca.com\/?p=7962","url_meta":{"origin":3966,"position":4},"title":"Fatec Gar\u00e7a promove 21\u00aa Semana de Tecnologia com congresso cient\u00edfico, competi\u00e7\u00e3o de IA e campanha solid\u00e1ria","author":"Andreza Sega","date":"23 de outubro de 2025","format":false,"excerpt":"Evento gratuito, de 28 a 31 de outubro, une palestras sobre AWS, intelig\u00eancia artificial, inova\u00e7\u00e3o e arrecada\u00e7\u00e3o de alimentos, com sorteio de Alexa Echo Dot para participantes. A Faculdade de Tecnologia de Gar\u00e7a (Fatec) realiza, entre os dias 28 e 31 de outubro, a\u00a021\u00aa Semana de Tecnologia\u00a0e o\u00a015\u00ba Congresso de\u2026","rel":"","context":"Em &quot;Educa\u00e7\u00e3o&quot;","block_context":{"text":"Educa\u00e7\u00e3o","link":"https:\/\/diariodegarca.com\/?cat=17964"},"img":{"alt_text":"","src":"https:\/\/i0.wp.com\/diariodegarca.com\/wp-content\/uploads\/2025\/10\/SnapInsta.to_566212857_1249892857178525_3694461077381244144_n.jpg?fit=1080%2C731&ssl=1&resize=350%2C200","width":350,"height":200,"srcset":"https:\/\/i0.wp.com\/diariodegarca.com\/wp-content\/uploads\/2025\/10\/SnapInsta.to_566212857_1249892857178525_3694461077381244144_n.jpg?fit=1080%2C731&ssl=1&resize=350%2C200 1x, https:\/\/i0.wp.com\/diariodegarca.com\/wp-content\/uploads\/2025\/10\/SnapInsta.to_566212857_1249892857178525_3694461077381244144_n.jpg?fit=1080%2C731&ssl=1&resize=525%2C300 1.5x, https:\/\/i0.wp.com\/diariodegarca.com\/wp-content\/uploads\/2025\/10\/SnapInsta.to_566212857_1249892857178525_3694461077381244144_n.jpg?fit=1080%2C731&ssl=1&resize=700%2C400 2x, https:\/\/i0.wp.com\/diariodegarca.com\/wp-content\/uploads\/2025\/10\/SnapInsta.to_566212857_1249892857178525_3694461077381244144_n.jpg?fit=1080%2C731&ssl=1&resize=1050%2C600 3x"},"classes":[]},{"id":7312,"url":"https:\/\/diariodegarca.com\/?p=7312","url_meta":{"origin":3966,"position":5},"title":"Fatec Gar\u00e7a abre inscri\u00e7\u00f5es para sele\u00e7\u00e3o de professores em \u00e1reas de tecnologia e gest\u00e3o","author":"Andreza Sega","date":"30 de setembro de 2025","format":false,"excerpt":"Processo seletivo simplificado oferece vagas tempor\u00e1rias para docentes em diferentes disciplinas; inscri\u00e7\u00f5es seguem at\u00e9 outubro A Faculdade de Tecnologia \u201cDep. J\u00falio Julinho Marcondes de Moura\u201d (Fatec Gar\u00e7a) est\u00e1 com inscri\u00e7\u00f5es abertas para diversos processos seletivos simplificados destinados \u00e0 contrata\u00e7\u00e3o tempor\u00e1ria de professores de ensino superior. As oportunidades contemplam disciplinas ligadas\u2026","rel":"","context":"Em &quot;Educa\u00e7\u00e3o&quot;","block_context":{"text":"Educa\u00e7\u00e3o","link":"https:\/\/diariodegarca.com\/?cat=17964"},"img":{"alt_text":"","src":"https:\/\/i0.wp.com\/diariodegarca.com\/wp-content\/uploads\/2025\/09\/da19130ed2abc78d0db81c1f33acb07f.jpg?fit=800%2C391&ssl=1&resize=350%2C200","width":350,"height":200,"srcset":"https:\/\/i0.wp.com\/diariodegarca.com\/wp-content\/uploads\/2025\/09\/da19130ed2abc78d0db81c1f33acb07f.jpg?fit=800%2C391&ssl=1&resize=350%2C200 1x, https:\/\/i0.wp.com\/diariodegarca.com\/wp-content\/uploads\/2025\/09\/da19130ed2abc78d0db81c1f33acb07f.jpg?fit=800%2C391&ssl=1&resize=525%2C300 1.5x, https:\/\/i0.wp.com\/diariodegarca.com\/wp-content\/uploads\/2025\/09\/da19130ed2abc78d0db81c1f33acb07f.jpg?fit=800%2C391&ssl=1&resize=700%2C400 2x"},"classes":[]}],"_links":{"self":[{"href":"https:\/\/diariodegarca.com\/index.php?rest_route=\/wp\/v2\/posts\/3966","targetHints":{"allow":["GET"]}}],"collection":[{"href":"https:\/\/diariodegarca.com\/index.php?rest_route=\/wp\/v2\/posts"}],"about":[{"href":"https:\/\/diariodegarca.com\/index.php?rest_route=\/wp\/v2\/types\/post"}],"author":[{"embeddable":true,"href":"https:\/\/diariodegarca.com\/index.php?rest_route=\/wp\/v2\/users\/260896546"}],"replies":[{"embeddable":true,"href":"https:\/\/diariodegarca.com\/index.php?rest_route=%2Fwp%2Fv2%2Fcomments&post=3966"}],"version-history":[{"count":4,"href":"https:\/\/diariodegarca.com\/index.php?rest_route=\/wp\/v2\/posts\/3966\/revisions"}],"predecessor-version":[{"id":3971,"href":"https:\/\/diariodegarca.com\/index.php?rest_route=\/wp\/v2\/posts\/3966\/revisions\/3971"}],"wp:attachment":[{"href":"https:\/\/diariodegarca.com\/index.php?rest_route=%2Fwp%2Fv2%2Fmedia&parent=3966"}],"wp:term":[{"taxonomy":"category","embeddable":true,"href":"https:\/\/diariodegarca.com\/index.php?rest_route=%2Fwp%2Fv2%2Fcategories&post=3966"},{"taxonomy":"post_tag","embeddable":true,"href":"https:\/\/diariodegarca.com\/index.php?rest_route=%2Fwp%2Fv2%2Ftags&post=3966"}],"curies":[{"name":"wp","href":"https:\/\/api.w.org\/{rel}","templated":true}]}}