{"id":4084,"date":"2025-06-18T15:29:50","date_gmt":"2025-06-18T18:29:50","guid":{"rendered":"https:\/\/diariodegarca.com\/?p=4084"},"modified":"2025-06-18T15:29:50","modified_gmt":"2025-06-18T18:29:50","slug":"marilia-oferece-cursos-gratuitos-com-bolsas-para-qualificacao-profissional","status":"publish","type":"post","link":"https:\/\/diariodegarca.com\/?p=4084","title":{"rendered":"Mar\u00edlia oferece cursos gratuitos com bolsas para qualifica\u00e7\u00e3o profissional"},"content":{"rendered":"\n<p class=\"wp-block-paragraph\"><em>Oportunidades em diversas \u00e1reas visam impulsionar o empreendedorismo e a inser\u00e7\u00e3o no mercado de trabalho<\/em><\/p>\n\n\n\n<p class=\"wp-block-paragraph\">A Prefeitura de Mar\u00edlia, por meio da\u00a0<strong>Secretaria Municipal do Trabalho, Turismo e Desenvolvimento Econ\u00f4mico<\/strong>, est\u00e1 com inscri\u00e7\u00f5es abertas para cursos profissionalizantes do\u00a0<strong>Senac (Servi\u00e7o Nacional de Aprendizagem Comercial)<\/strong>. As bolsas s\u00e3o\u00a0<strong>inteiramente gratuitas<\/strong>\u00a0e destinadas a moradores que atendam aos crit\u00e9rios dos programas sociais.<\/p>\n\n\n\n<h3 class=\"wp-block-heading\"><strong>Cursos dispon\u00edveis e vagas limitadas<\/strong><\/h3>\n\n\n\n<p class=\"wp-block-paragraph\">Com op\u00e7\u00f5es em diferentes setores, os cursos visam capacitar profissionais para atender \u00e0s demandas do mercado. Entre as forma\u00e7\u00f5es oferecidas est\u00e3o:<\/p>\n\n\n\n<ul class=\"wp-block-list\">\n<li><strong>Camareira em meios de hospedagem<\/strong>\u00a0(24 vagas)<\/li>\n\n\n\n<li><strong>Doceiro<\/strong>\u00a0(05 vagas)<\/li>\n\n\n\n<li><strong>Hamb\u00farguer artesanal<\/strong>\u00a0(07 vagas)<\/li>\n\n\n\n<li><strong>Condom\u00ednios \u2013 recep\u00e7\u00e3o e atendimento<\/strong>\u00a0(14 vagas)<\/li>\n\n\n\n<li><strong>Esteriliza\u00e7\u00e3o e medidas de biosseguran\u00e7a<\/strong>\u00a0(09 vagas)<\/li>\n\n\n\n<li><strong>Atendimento \u00e0 parada cardiorrespirat\u00f3ria<\/strong>\u00a0(14 vagas)<\/li>\n\n\n\n<li><strong>Pedras quentes e pindas<\/strong>\u00a0(17 vagas)<\/li>\n\n\n\n<li><strong>Assistente de atendimento e planejamento publicit\u00e1rio<\/strong>\u00a0(11 vagas)<\/li>\n\n\n\n<li><strong>Cosm\u00e9ticos \u2013 fundamentos para manipula\u00e7\u00e3o em farm\u00e1cias<\/strong>\u00a0(17 vagas)<\/li>\n\n\n\n<li><strong>No\u00e7\u00f5es de contabilidade para n\u00e3o contadores<\/strong>\u00a0(17 vagas)<\/li>\n\n\n\n<li><strong>Analista de marketing em m\u00eddias sociais<\/strong>\u00a0(17 vagas)<\/li>\n\n\n\n<li><strong>Facilita\u00e7\u00e3o gr\u00e1fica<\/strong>\u00a0(17 vagas)<\/li>\n\n\n\n<li><strong>Testes f\u00edsico-qu\u00edmicos na farm\u00e1cia com manipula\u00e7\u00e3o<\/strong>\u00a0(17 vagas)<\/li>\n\n\n\n<li><strong>Salgadeiro<\/strong>\u00a0(22 vagas)<\/li>\n\n\n\n<li><strong>Massagem indiana abhyanga<\/strong>\u00a0(17 vagas)<\/li>\n<\/ul>\n\n\n\n<h3 class=\"wp-block-heading\"><strong>Requisitos para Inscri\u00e7\u00e3o<\/strong><\/h3>\n\n\n\n<p class=\"wp-block-paragraph\">Para concorrer a uma bolsa, os interessados devem:<\/p>\n\n\n\n<ul class=\"wp-block-list\">\n<li>Ter\u00a0<strong>renda familiar de at\u00e9 dois sal\u00e1rios m\u00ednimos<\/strong>\u00a0por pessoa;<\/li>\n\n\n\n<li>Atender \u00e0\u00a0<strong>escolaridade exigida<\/strong>\u00a0para cada curso;<\/li>\n\n\n\n<li>N\u00e3o estar matriculado em outro curso do Senac como bolsista;<\/li>\n\n\n\n<li>N\u00e3o ter abandonado um curso gratuito nos \u00faltimos seis meses;<\/li>\n\n\n\n<li>Fazer no m\u00e1ximo\u00a0<strong>dois cursos simultaneamente<\/strong>.<\/li>\n<\/ul>\n\n\n\n<h3 class=\"wp-block-heading\"><strong>Como se inscrever<\/strong><\/h3>\n\n\n\n<p class=\"wp-block-paragraph\">As inscri\u00e7\u00f5es devem ser feitas pelo site oficial do&nbsp;<strong>Senac Mar\u00edlia<\/strong>, onde tamb\u00e9m est\u00e3o dispon\u00edveis informa\u00e7\u00f5es sobre datas, hor\u00e1rios e documenta\u00e7\u00e3o necess\u00e1ria:<\/p>\n\n\n\n<p class=\"wp-block-paragraph\">\ud83d\udd17&nbsp;<strong><a href=\"https:\/\/www.sp.senac.br\/senac-marilia\" target=\"_blank\" rel=\"noreferrer noopener\">https:\/\/www.sp.senac.br\/senac-marilia<\/a><\/strong><\/p>\n\n\n\n<p class=\"wp-block-paragraph\"><strong>Vagas limitadas.<\/strong><\/p>\n\n\n\n<p class=\"wp-block-paragraph\">Interessados podem tirar d\u00favidas pelo WhatsApp\u00a0<strong>(11) 4090-1030<\/strong>, telefone\u00a0<strong>(14) 3311-7700<\/strong>\u00a0ou e-mail\u00a0<strong><a href=\"https:\/\/mailto:marilia@sp.senac.br\/\" target=\"_blank\" rel=\"noreferrer noopener\">marilia@sp.senac.br<\/a><\/strong>.<\/p>\n\n\n\n<p class=\"wp-block-paragraph\"><strong>Endere\u00e7o:<\/strong>\u00a0rua Para\u00edba, 125 \u2013 Ao lado da Igreja S\u00e3o Bento.<\/p>\n","protected":false},"excerpt":{"rendered":"<p>Oportunidades em diversas \u00e1reas visam impulsionar o empreendedorismo e a inser\u00e7\u00e3o no mercado de trabalho A Prefeitura de Mar\u00edlia, por meio da\u00a0Secretaria Municipal do Trabalho, Turismo e Desenvolvimento Econ\u00f4mico, est\u00e1 com inscri\u00e7\u00f5es abertas para cursos profissionalizantes do\u00a0Senac (Servi\u00e7o Nacional de Aprendizagem Comercial). As bolsas s\u00e3o\u00a0inteiramente gratuitas\u00a0e destinadas a moradores que atendam aos crit\u00e9rios dos programas [&hellip;]<\/p>\n","protected":false},"author":260896546,"featured_media":4085,"comment_status":"open","ping_status":"open","sticky":false,"template":"","format":"standard","meta":{"_crdt_document":"","_monsterinsights_skip_tracking":false,"_monsterinsights_sitenote_active":false,"_monsterinsights_sitenote_note":"","_monsterinsights_sitenote_category":0,"advanced_seo_description":"","jetpack_seo_html_title":"","jetpack_seo_noindex":false,"_jetpack_newsletter_access":"","_jetpack_dont_email_post_to_subs":false,"_jetpack_newsletter_tier_id":0,"_jetpack_memberships_contains_paywalled_content":false,"_jetpack_memberships_contains_paid_content":false,"footnotes":"","jetpack_publicize_message":"\ud83d\udce2 Cursos profissionalizantes gratuitos em Mar\u00edlia \ud83c\udf93\n\nA Prefeitura de Mar\u00edlia, em parceria com o Senac, est\u00e1 oferecendo bolsas gratuitas em diversos cursos profissionalizantes! \ud83d\ude80\n\n\u2705 Camareira em meios de hospedagem\n\u2705 Doceiro e Salgadeiro\n\u2705 Marketing Digital\n\u2705 Massagem e Terapias\n\u2705 Atendimento e Recep\u00e7\u00e3o\n\u2705 E muito mais!\n\n\ud83d\udccc Vagas limitadas!\n\ud83d\udccc Requisitos: Renda familiar de at\u00e9 2 sal\u00e1rios m\u00ednimos.\n\n\ud83d\udcd6 Leia mais em\ndiariodegarca.com\n\n#CursosGratuitos #SenacMarilia #Qualifica\u00e7\u00e3o #Emprego #Oportunidade #Mar\u00edlia #Capacita\u00e7\u00e3oProfissional","jetpack_publicize_feature_enabled":true,"jetpack_social_post_already_shared":false,"jetpack_social_options":{"image_generator_settings":{"template":"highway","default_image_id":0,"enabled":false},"version":2},"_wpas_customize_per_network":false,"jetpack_post_was_ever_published":false},"categories":[36947,683453294],"tags":[],"class_list":["post-4084","post","type-post","status-publish","format-standard","has-post-thumbnail","hentry","category-curso","category-marilia-cidade"],"jetpack_publicize_connections":[],"jetpack_featured_media_url":"https:\/\/i0.wp.com\/diariodegarca.com\/wp-content\/uploads\/2025\/06\/6d7e3b7d01e8d4a4c4074f09cb06bab7.jpg?fit=799%2C533&ssl=1","jetpack_likes_enabled":true,"jetpack_sharing_enabled":true,"jetpack_shortlink":"https:\/\/wp.me\/pgitne-13S","jetpack-related-posts":[{"id":5819,"url":"https:\/\/diariodegarca.com\/?p=5819","url_meta":{"origin":4084,"position":0},"title":"Mar\u00edlia oferece cinco cursos gratuitos presenciais para popula\u00e7\u00e3o vulner\u00e1vel","author":"Di\u00e1rio de Gar\u00e7a","date":"20 de agosto de 2025","format":false,"excerpt":"Iniciativa busca qualificar jovens e adultos em \u00e1reas como panifica\u00e7\u00e3o, a\u00e7ougue e beleza, promovendo empreendedorismo e gera\u00e7\u00e3o de renda. Inscri\u00e7\u00f5es est\u00e3o abertas. Est\u00e3o abertas as inscri\u00e7\u00f5es para os cursos profissionalizantes gratuitos do programa \"Caminho da Capacita\u00e7\u00e3o \u2013 Transformando vidas com educa\u00e7\u00e3o e oportunidades\". A iniciativa, que utiliza carretas-escola totalmente equipadas,\u2026","rel":"","context":"Em &quot;Curso&quot;","block_context":{"text":"Curso","link":"https:\/\/diariodegarca.com\/?cat=36947"},"img":{"alt_text":"","src":"https:\/\/i0.wp.com\/diariodegarca.com\/wp-content\/uploads\/2025\/08\/close-up-de-esteticista-quadro-um-mulher-unhas-com-um-escova-em-um-salao-unha.jpg?fit=1200%2C801&ssl=1&resize=350%2C200","width":350,"height":200,"srcset":"https:\/\/i0.wp.com\/diariodegarca.com\/wp-content\/uploads\/2025\/08\/close-up-de-esteticista-quadro-um-mulher-unhas-com-um-escova-em-um-salao-unha.jpg?fit=1200%2C801&ssl=1&resize=350%2C200 1x, https:\/\/i0.wp.com\/diariodegarca.com\/wp-content\/uploads\/2025\/08\/close-up-de-esteticista-quadro-um-mulher-unhas-com-um-escova-em-um-salao-unha.jpg?fit=1200%2C801&ssl=1&resize=525%2C300 1.5x, https:\/\/i0.wp.com\/diariodegarca.com\/wp-content\/uploads\/2025\/08\/close-up-de-esteticista-quadro-um-mulher-unhas-com-um-escova-em-um-salao-unha.jpg?fit=1200%2C801&ssl=1&resize=700%2C400 2x, https:\/\/i0.wp.com\/diariodegarca.com\/wp-content\/uploads\/2025\/08\/close-up-de-esteticista-quadro-um-mulher-unhas-com-um-escova-em-um-salao-unha.jpg?fit=1200%2C801&ssl=1&resize=1050%2C600 3x"},"classes":[]},{"id":8428,"url":"https:\/\/diariodegarca.com\/?p=8428","url_meta":{"origin":4084,"position":1},"title":"Curso gratuito formar\u00e1 eletricistas de rede em Gar\u00e7a e regi\u00e3o","author":"Andreza Sega","date":"4 de novembro de 2025","format":false,"excerpt":"CPFL Paulista abre 12 vagas para qualifica\u00e7\u00e3o profissional na \u00e1rea el\u00e9trica; aulas come\u00e7am em janeiro de 2026. Moradores de Gar\u00e7a, Mar\u00edlia, Pomp\u00e9ia, Hercul\u00e2ndia e Ocau\u00e7u t\u00eam uma nova chance de se qualificar para o mercado de trabalho. A CPFL Paulista, em parceria com a Elo Energia, est\u00e1 com inscri\u00e7\u00f5es abertas\u2026","rel":"","context":"Em &quot;Curso&quot;","block_context":{"text":"Curso","link":"https:\/\/diariodegarca.com\/?cat=36947"},"img":{"alt_text":"","src":"https:\/\/i0.wp.com\/diariodegarca.com\/wp-content\/uploads\/2025\/10\/CPFL.jpg?fit=617%2C429&ssl=1&resize=350%2C200","width":350,"height":200,"srcset":"https:\/\/i0.wp.com\/diariodegarca.com\/wp-content\/uploads\/2025\/10\/CPFL.jpg?fit=617%2C429&ssl=1&resize=350%2C200 1x, https:\/\/i0.wp.com\/diariodegarca.com\/wp-content\/uploads\/2025\/10\/CPFL.jpg?fit=617%2C429&ssl=1&resize=525%2C300 1.5x"},"classes":[]},{"id":2696,"url":"https:\/\/diariodegarca.com\/?p=2696","url_meta":{"origin":4084,"position":2},"title":"CPFL Paulista abre inscri\u00e7\u00f5es para a Escola de Eletricistas","author":"Di\u00e1rio de Gar\u00e7a","date":"5 de mar\u00e7o de 2025","format":false,"excerpt":"A CPFL Paulista, em parceria com a Elo Energia, est\u00e1 com inscri\u00e7\u00f5es abertas para uma nova turma da Escola de Eletricistas de Rede de Distribui\u00e7\u00e3o El\u00e9trica. O curso \u00e9 totalmente gratuito, oferece 12 vagas e ser\u00e1 realizado no formato h\u00edbrido, com aulas presenciais em Mar\u00edlia e atividades online. As inscri\u00e7\u00f5es\u2026","rel":"","context":"Em &quot;Brasil&quot;","block_context":{"text":"Brasil","link":"https:\/\/diariodegarca.com\/?cat=38185"},"img":{"alt_text":"","src":"","width":0,"height":0},"classes":[]},{"id":2508,"url":"https:\/\/diariodegarca.com\/?p=2508","url_meta":{"origin":4084,"position":3},"title":"Mar\u00edlia oferece cursos presenciais de Inform\u00e1tica B\u00e1sica e Cuidador de Idosos","author":"Di\u00e1rio de Gar\u00e7a","date":"1 de abril de 2025","format":false,"excerpt":"O\u00a0Centro Profissionalizante Municipal de Mar\u00edlia (CEPROM), vinculado \u00e0\u00a0Prefeitura de Mar\u00edlia, abre inscri\u00e7\u00f5es para dois cursos gratuitos e presenciais a partir de hoje, ter\u00e7a-feira,\u00a01\u00ba de abril:\u00a0Inform\u00e1tica B\u00e1sica\u00a0e\u00a0Cuidador de Idosos. As vagas s\u00e3o limitadas, e as inscri\u00e7\u00f5es seguem at\u00e9\u00a011 de abril, diretamente no CEPROM.Os cursos t\u00eam dura\u00e7\u00e3o de\u00a040 horas, ser\u00e3o realizados de\u2026","rel":"","context":"Em &quot;Brasil&quot;","block_context":{"text":"Brasil","link":"https:\/\/diariodegarca.com\/?cat=38185"},"img":{"alt_text":"","src":"https:\/\/i0.wp.com\/blogger.googleusercontent.com\/img\/b\/R29vZ2xl\/AVvXsEie-EBFuaT9Fk_ehavEquKVA8XycOqhYsOCbdWRVMYY_fRaP1FRFjzWLUPg9ETrMDU8JMFgDZKbJgWhh0zf-bn4_D4txySrIAMeqf34lQzplogyzXXcI0Mf-N1ey97CnMlM1UQCmhFy893x6bxs_-e7MzHpBCUUlSOjgFgjDElYevwjgxcd6uGVGIa9i1A\/s320\/closeup-support-hands.jpg?resize=350%2C200&ssl=1","width":350,"height":200},"classes":[]},{"id":7971,"url":"https:\/\/diariodegarca.com\/?p=7971","url_meta":{"origin":4084,"position":4},"title":"Escola de Eletricistas da CPFL oferta 20 vagas em curso gratuito para as regi\u00f5es de Mar\u00edlia e Bauru","author":"Di\u00e1rio de Gar\u00e7a","date":"23 de outubro de 2025","format":false,"excerpt":"Inscri\u00e7\u00f5es para a capacita\u00e7\u00e3o profissional, que tamb\u00e9m atende moradores de Gar\u00e7a, G\u00e1lia, Mar\u00edlia e outras cidades, seguem abertas at\u00e9 6 de novembro. Forma\u00e7\u00e3o \u00e9 presencial e exige Ensino M\u00e9dio completo. A CPFL Paulista, em parceria com a ELO Energia, est\u00e1 com inscri\u00e7\u00f5es abertas para uma nova turma da \u201cEscola de\u2026","rel":"","context":"Em &quot;Arealva&quot;","block_context":{"text":"Arealva","link":"https:\/\/diariodegarca.com\/?cat=781171854"},"img":{"alt_text":"","src":"https:\/\/i0.wp.com\/diariodegarca.com\/wp-content\/uploads\/2025\/10\/CPFL.jpg?fit=617%2C429&ssl=1&resize=350%2C200","width":350,"height":200,"srcset":"https:\/\/i0.wp.com\/diariodegarca.com\/wp-content\/uploads\/2025\/10\/CPFL.jpg?fit=617%2C429&ssl=1&resize=350%2C200 1x, https:\/\/i0.wp.com\/diariodegarca.com\/wp-content\/uploads\/2025\/10\/CPFL.jpg?fit=617%2C429&ssl=1&resize=525%2C300 1.5x"},"classes":[]},{"id":2247,"url":"https:\/\/diariodegarca.com\/?p=2247","url_meta":{"origin":4084,"position":5},"title":"Oportunidades de emprego e est\u00e1gio na regi\u00e3o de Mar\u00edlia","author":"Di\u00e1rio de Gar\u00e7a","date":"29 de abril de 2025","format":false,"excerpt":"O CEPROM (Centro Profissionalizante) de Mar\u00edlia divulgou uma s\u00e9rie de vagas para profissionais e estudantes em diferentes \u00e1reas, abrangendo cidades como Mar\u00edlia, Pomp\u00e9ia, e Paul\u00f3polis. J\u00e1 a Prefeitura Municipal de Lup\u00e9rcio divulgou uma vaga de est\u00e1gio.\u00a0Confira as oportunidades dispon\u00edveis:1. Est\u00e1gio em Ensino M\u00e9dioLocal:\u00a0Mar\u00edlia - Rua Dr. Pr\u00f3spero Cec\u00edlio Coimbra, 330Entrevistas:\u00a0Ter\u00e7as\u2026","rel":"","context":"Em &quot;Brasil&quot;","block_context":{"text":"Brasil","link":"https:\/\/diariodegarca.com\/?cat=38185"},"img":{"alt_text":"","src":"https:\/\/i0.wp.com\/blogger.googleusercontent.com\/img\/b\/R29vZ2xl\/AVvXsEjuPiYXxTXBbB-T4ZY3dXq_3lTCb6XHluVYyvNc-fklZzP1S1dSqZ1jyDJQiJSmtpMwbDkkTt0DAvMhVKC4gm3sTtpcS8nX1bVtTKxKERxllBqF-Zk4zc9ZKv5WoWTD_ziypP07Iv5PDdRy6dJoaXyHxzjdvFmFX7PQCudUSIhimvQPH3rA8CjQ-uVhryk\/s320\/full-shot-men-high-five-office.jpg?resize=350%2C200&ssl=1","width":350,"height":200},"classes":[]}],"_links":{"self":[{"href":"https:\/\/diariodegarca.com\/index.php?rest_route=\/wp\/v2\/posts\/4084","targetHints":{"allow":["GET"]}}],"collection":[{"href":"https:\/\/diariodegarca.com\/index.php?rest_route=\/wp\/v2\/posts"}],"about":[{"href":"https:\/\/diariodegarca.com\/index.php?rest_route=\/wp\/v2\/types\/post"}],"author":[{"embeddable":true,"href":"https:\/\/diariodegarca.com\/index.php?rest_route=\/wp\/v2\/users\/260896546"}],"replies":[{"embeddable":true,"href":"https:\/\/diariodegarca.com\/index.php?rest_route=%2Fwp%2Fv2%2Fcomments&post=4084"}],"version-history":[{"count":3,"href":"https:\/\/diariodegarca.com\/index.php?rest_route=\/wp\/v2\/posts\/4084\/revisions"}],"predecessor-version":[{"id":4088,"href":"https:\/\/diariodegarca.com\/index.php?rest_route=\/wp\/v2\/posts\/4084\/revisions\/4088"}],"wp:featuredmedia":[{"embeddable":true,"href":"https:\/\/diariodegarca.com\/index.php?rest_route=\/wp\/v2\/media\/4085"}],"wp:attachment":[{"href":"https:\/\/diariodegarca.com\/index.php?rest_route=%2Fwp%2Fv2%2Fmedia&parent=4084"}],"wp:term":[{"taxonomy":"category","embeddable":true,"href":"https:\/\/diariodegarca.com\/index.php?rest_route=%2Fwp%2Fv2%2Fcategories&post=4084"},{"taxonomy":"post_tag","embeddable":true,"href":"https:\/\/diariodegarca.com\/index.php?rest_route=%2Fwp%2Fv2%2Ftags&post=4084"}],"curies":[{"name":"wp","href":"https:\/\/api.w.org\/{rel}","templated":true}]}}