{"id":4089,"date":"2025-06-18T15:44:43","date_gmt":"2025-06-18T18:44:43","guid":{"rendered":"https:\/\/diariodegarca.com\/?p=4089"},"modified":"2025-06-18T15:44:43","modified_gmt":"2025-06-18T18:44:43","slug":"pat-de-garca-oferece-50-vagas-de-emprego-em-diversas-areas","status":"publish","type":"post","link":"https:\/\/diariodegarca.com\/?p=4089","title":{"rendered":"PAT de Gar\u00e7a oferece 50 vagas de emprego em diversas \u00e1reas"},"content":{"rendered":"\n<p class=\"wp-block-paragraph\"><em>Oportunidades incluem desde operador de teleservi\u00e7os at\u00e9 mec\u00e2nico de motos, com sal\u00e1rios de at\u00e9 R$ 2.562,20. Inscri\u00e7\u00f5es devem ser feitas online at\u00e9 o fim de junho.<\/em><\/p>\n\n\n\n<p class=\"wp-block-paragraph\">O&nbsp;<strong>Posto de Atendimento ao Trabalhador (PAT) de Gar\u00e7a<\/strong>&nbsp;est\u00e1 com&nbsp;<strong>50 vagas abertas<\/strong>&nbsp;em setores como atendimento, administra\u00e7\u00e3o, mec\u00e2nica e costura. As oportunidades t\u00eam prazos de inscri\u00e7\u00e3o entre&nbsp;<strong>20 e 27 de junho<\/strong>, e os candidatos devem se cadastrar pelo site oficial (<a href=\"https:\/\/www.emprega.garca.sp.gov.br\/pat\" target=\"_blank\" rel=\"noreferrer noopener\">www.emprega.garca.sp.gov.br\/pat<\/a>).<\/p>\n\n\n\n<h3 class=\"wp-block-heading\">Vagas dispon\u00edveis:<\/h3>\n\n\n\n<ol start=\"1\" class=\"wp-block-list\">\n<li><strong>Operador de Teleservi\u00e7os e Atendimento<\/strong>\u00a0(30 vagas)\n<ul class=\"wp-block-list\">\n<li><strong>Sal\u00e1rio:<\/strong>\u00a0R$ 1.412,00<\/li>\n\n\n\n<li><strong>Requisitos:<\/strong>\u00a0Ensino fundamental completo, idade m\u00ednima de 18 anos e disponibilidade para turno da tarde.<\/li>\n\n\n\n<li><strong>Benef\u00edcios:<\/strong>\u00a0VA, VT, Wellhub, Wellz, day off e clube de vantagens.<\/li>\n\n\n\n<li><strong>Prazo:<\/strong>\u00a0Inscri\u00e7\u00f5es at\u00e9 20\/06.<\/li>\n<\/ul>\n<\/li>\n\n\n\n<li><strong>Auxiliar Administrativo<\/strong>\u00a0(1 vaga)\n<ul class=\"wp-block-list\">\n<li><strong>Sal\u00e1rio:<\/strong>\u00a0R$ 2.056,79<\/li>\n\n\n\n<li><strong>Requisitos:<\/strong>\u00a0Gradua\u00e7\u00e3o, experi\u00eancia na fun\u00e7\u00e3o e habilita\u00e7\u00e3o categoria A\/B.<\/li>\n\n\n\n<li><strong>Benef\u00edcios:<\/strong>\u00a0Cesta b\u00e1sica, plano Unimed e conv\u00eanio farmac\u00eautico.<\/li>\n\n\n\n<li><strong>Prazo:<\/strong>\u00a0Inscri\u00e7\u00f5es at\u00e9 20\/06.<\/li>\n<\/ul>\n<\/li>\n\n\n\n<li><strong>Est\u00e1gio em Setor Administrativo e Comercial<\/strong>\u00a0(6 vagas)\n<ul class=\"wp-block-list\">\n<li><strong>Sal\u00e1rio:<\/strong>\u00a0A combinar<\/li>\n\n\n\n<li><strong>Requisitos:<\/strong>\u00a0Cursando ensino superior ou m\u00e9dio noturno (acima de 16 anos).<\/li>\n\n\n\n<li><strong>Prazo:<\/strong>\u00a0Inscri\u00e7\u00f5es at\u00e9 23\/06.<\/li>\n<\/ul>\n<\/li>\n\n\n\n<li><strong>Motorista<\/strong>\u00a0(3 vagas)\n<ul class=\"wp-block-list\">\n<li><strong>Sal\u00e1rio:<\/strong>\u00a0R$ 2.562,20<\/li>\n\n\n\n<li><strong>Requisitos:<\/strong>\u00a0Habilita\u00e7\u00e3o D\/E, ensino fundamental e experi\u00eancia.<\/li>\n\n\n\n<li><strong>Benef\u00edcios:<\/strong>\u00a0Vale-alimenta\u00e7\u00e3o de R$ 265,00.<\/li>\n\n\n\n<li><strong>Prazo:<\/strong>\u00a0Inscri\u00e7\u00f5es at\u00e9 24\/06.<\/li>\n<\/ul>\n<\/li>\n\n\n\n<li><strong>Barista<\/strong>\u00a0(4 vagas)\n<ul class=\"wp-block-list\">\n<li><strong>Sal\u00e1rio:<\/strong>\u00a0R$ 2.035,00<\/li>\n\n\n\n<li><strong>Requisitos:<\/strong>\u00a0Experi\u00eancia e curso na \u00e1rea.<\/li>\n\n\n\n<li><strong>Benef\u00edcios:<\/strong>\u00a0Abono anual de R$ 700,00 e cesta b\u00e1sica.<\/li>\n\n\n\n<li><strong>Prazo:<\/strong>\u00a0Inscri\u00e7\u00f5es at\u00e9 24\/06.<\/li>\n<\/ul>\n<\/li>\n\n\n\n<li><strong>Costureira para Confec\u00e7\u00e3o de Camisetas<\/strong>\u00a0(2 vagas)\n<ul class=\"wp-block-list\">\n<li><strong>Sal\u00e1rio:<\/strong>\u00a0R$ 2.007,00<\/li>\n\n\n\n<li><strong>Requisitos:<\/strong>\u00a0Experi\u00eancia em m\u00e1quinas overloque e reta.<\/li>\n\n\n\n<li><strong>Hor\u00e1rio:<\/strong>\u00a0Segunda a sexta, das 7h \u00e0s 17h18.<\/li>\n\n\n\n<li><strong>Prazo:<\/strong>\u00a0Inscri\u00e7\u00f5es at\u00e9 26\/06.<\/li>\n<\/ul>\n<\/li>\n\n\n\n<li><strong>Balconista-Vendedor<\/strong>\u00a0(1 vaga)\n<ul class=\"wp-block-list\">\n<li><strong>Empresa:<\/strong>\u00a0PH Motos.<\/li>\n\n\n\n<li><strong>Sal\u00e1rio:<\/strong>\u00a0A combinar.<\/li>\n\n\n\n<li><strong>Requisitos:<\/strong>\u00a0Ensino m\u00e9dio, experi\u00eancia e habilita\u00e7\u00e3o categoria A\/B.<\/li>\n\n\n\n<li><strong>Prazo:<\/strong>\u00a0Inscri\u00e7\u00f5es at\u00e9 27\/06.<\/li>\n<\/ul>\n<\/li>\n\n\n\n<li><strong>Auxiliar de Mec\u00e2nico<\/strong>\u00a0(1 vaga)\n<ul class=\"wp-block-list\">\n<li><strong>Empresa:<\/strong>\u00a0PH Motos.<\/li>\n\n\n\n<li><strong>Sal\u00e1rio:<\/strong>\u00a0A combinar.<\/li>\n\n\n\n<li><strong>Requisitos:<\/strong>\u00a0Ensino m\u00e9dio, experi\u00eancia e habilita\u00e7\u00e3o categoria B.<\/li>\n\n\n\n<li><strong>Prazo:<\/strong>\u00a0Inscri\u00e7\u00f5es at\u00e9 27\/06.<\/li>\n<\/ul>\n<\/li>\n\n\n\n<li><strong>Mec\u00e2nico de Motos<\/strong>\u00a0(1 vaga)\n<ul class=\"wp-block-list\">\n<li><strong>Empresa:<\/strong>\u00a0PH Motos.<\/li>\n\n\n\n<li><strong>Sal\u00e1rio:<\/strong>\u00a0A combinar.<\/li>\n\n\n\n<li><strong>Requisitos:<\/strong>\u00a0Ensino m\u00e9dio, experi\u00eancia e habilita\u00e7\u00e3o categoria B.<\/li>\n\n\n\n<li><strong>Prazo:<\/strong>\u00a0Inscri\u00e7\u00f5es at\u00e9 27\/06.<\/li>\n<\/ul>\n<\/li>\n<\/ol>\n\n\n\n<h3 class=\"wp-block-heading\">Como se inscrever:<\/h3>\n\n\n\n<p class=\"wp-block-paragraph\">Os interessados devem acessar o\u00a0<a href=\"https:\/\/www.emprega.garca.sp.gov.br\/pat\" target=\"_blank\" rel=\"noreferrer noopener\">site do PAT de Gar\u00e7a<\/a>, fazer login, selecionar a vaga desejada e enviar o curr\u00edculo completo.\u00a0<\/p>\n\n\n\n<p class=\"wp-block-paragraph\"><strong>Aten\u00e7\u00e3o:<\/strong>\u00a0candidatos sem cadastro atualizado podem perder oportunidades.<\/p>\n","protected":false},"excerpt":{"rendered":"<p>Oportunidades incluem desde operador de teleservi\u00e7os at\u00e9 mec\u00e2nico de motos, com sal\u00e1rios de at\u00e9 R$ 2.562,20. Inscri\u00e7\u00f5es devem ser feitas online at\u00e9 o fim de junho. O&nbsp;Posto de Atendimento ao Trabalhador (PAT) de Gar\u00e7a&nbsp;est\u00e1 com&nbsp;50 vagas abertas&nbsp;em setores como atendimento, administra\u00e7\u00e3o, mec\u00e2nica e costura. As oportunidades t\u00eam prazos de inscri\u00e7\u00e3o entre&nbsp;20 e 27 de junho, [&hellip;]<\/p>\n","protected":false},"author":260896546,"featured_media":4090,"comment_status":"open","ping_status":"open","sticky":false,"template":"","format":"standard","meta":{"_crdt_document":"","_monsterinsights_skip_tracking":false,"_monsterinsights_sitenote_active":false,"_monsterinsights_sitenote_note":"","_monsterinsights_sitenote_category":0,"advanced_seo_description":"","jetpack_seo_html_title":"","jetpack_seo_noindex":false,"_jetpack_newsletter_access":"","_jetpack_dont_email_post_to_subs":false,"_jetpack_newsletter_tier_id":0,"_jetpack_memberships_contains_paywalled_content":false,"_jetpack_memberships_contains_paid_content":false,"footnotes":"","jetpack_publicize_message":"\ud83d\udd25 Vagas abertas em Gar\u00e7a \ud83d\udd25\n\nO PAT de Gar\u00e7a est\u00e1 com 50 oportunidades em diversas \u00e1reas! \ud83d\ude80\n\n\ud83d\udccc Principais vagas:\n\u2714\ufe0f Operador de Teleservi\u00e7os (30 vagas) - R$ 1.412,00\n\u2714\ufe0f Auxiliar Administrativo (1 vaga) - R$ 2.056,79\n\u2714\ufe0f Motorista (3 vagas) - R$ 2.562,20\n\u2714\ufe0f Barista (4 vagas) - R$ 2.035,00\n\u2714\ufe0f Mec\u00e2nico de Motos (1 vaga) - Sal\u00e1rio a combinar\n\n\ud83d\udcc6 Prazos: 20 a 27\/06\n\ud83d\udccd Inscri\u00e7\u00f5es: emprega.garca.sp.gov.br\/pat\n\n\ud83d\udcf0 Saiba mais em: diariodegarca.com\n\n#EmpregoGar\u00e7a #VagasAbertas #PATGar\u00e7a #Oportunidades #MercadoDeTrabalho","jetpack_publicize_feature_enabled":true,"jetpack_social_post_already_shared":false,"jetpack_social_options":{"image_generator_settings":{"template":"highway","default_image_id":0,"enabled":false},"version":2},"_wpas_customize_per_network":false,"jetpack_post_was_ever_published":false},"categories":[781171664,496224],"tags":[],"class_list":["post-4089","post","type-post","status-publish","format-standard","has-post-thumbnail","hentry","category-garca-cidade","category-vagas"],"jetpack_publicize_connections":[],"jetpack_featured_media_url":"https:\/\/i0.wp.com\/diariodegarca.com\/wp-content\/uploads\/2025\/06\/personal-shopper-no-escritorio-com-o-cliente.jpg?fit=6240%2C4160&ssl=1","jetpack_likes_enabled":true,"jetpack_sharing_enabled":true,"jetpack_shortlink":"https:\/\/wp.me\/pgitne-13X","jetpack-related-posts":[{"id":4000,"url":"https:\/\/diariodegarca.com\/?p=4000","url_meta":{"origin":4089,"position":0},"title":"PAT de Gar\u00e7a oferta vagas em diversas \u00e1reas; algumas encerram inscri\u00e7\u00f5es na segunda","author":"Di\u00e1rio de Gar\u00e7a","date":"15 de junho de 2025","format":false,"excerpt":"Oportunidades incluem cargos como encarregado, administrativo, operador de neg\u00f3cios, mec\u00e2nico de motos e est\u00e1gio, com sal\u00e1rios de at\u00e9 R$ 2.056,79 O\u00a0Posto de Atendimento ao Trabalhador (PAT) de Gar\u00e7a\u00a0est\u00e1 com\u00a048 vagas abertas\u00a0em setores como administra\u00e7\u00e3o, mec\u00e2nica, vendas e atendimento. As oportunidades t\u00eam prazos de inscri\u00e7\u00e3o entre\u00a016 e 24 de junho, e\u2026","rel":"","context":"Em &quot;Gar\u00e7a&quot;","block_context":{"text":"Gar\u00e7a","link":"https:\/\/diariodegarca.com\/?cat=781171664"},"img":{"alt_text":"","src":"https:\/\/i0.wp.com\/diariodegarca.com\/wp-content\/uploads\/2025\/06\/barista-branca-no-trabalho-fazendo-cafe.jpg?fit=1200%2C800&ssl=1&resize=350%2C200","width":350,"height":200,"srcset":"https:\/\/i0.wp.com\/diariodegarca.com\/wp-content\/uploads\/2025\/06\/barista-branca-no-trabalho-fazendo-cafe.jpg?fit=1200%2C800&ssl=1&resize=350%2C200 1x, https:\/\/i0.wp.com\/diariodegarca.com\/wp-content\/uploads\/2025\/06\/barista-branca-no-trabalho-fazendo-cafe.jpg?fit=1200%2C800&ssl=1&resize=525%2C300 1.5x, https:\/\/i0.wp.com\/diariodegarca.com\/wp-content\/uploads\/2025\/06\/barista-branca-no-trabalho-fazendo-cafe.jpg?fit=1200%2C800&ssl=1&resize=700%2C400 2x, https:\/\/i0.wp.com\/diariodegarca.com\/wp-content\/uploads\/2025\/06\/barista-branca-no-trabalho-fazendo-cafe.jpg?fit=1200%2C800&ssl=1&resize=1050%2C600 3x"},"classes":[]},{"id":1970,"url":"https:\/\/diariodegarca.com\/?p=1970","url_meta":{"origin":4089,"position":1},"title":"PAT de Gar\u00e7a oferece vagas em m\u00faltiplas \u00e1reas com sal\u00e1rios de at\u00e9 R$ 3,5 mil","author":"Di\u00e1rio de Gar\u00e7a","date":"20 de maio de 2025","format":false,"excerpt":"O Posto de Atendimento ao Trabalhador (PAT) de Gar\u00e7a est\u00e1 com quatro oportunidades abertas para profissionais de diferentes setores, como meio ambiente, ind\u00fastria e log\u00edstica. As vagas, com sal\u00e1rios entre R$ 1.634,50 e R$ 3.547,12, t\u00eam prazos de inscri\u00e7\u00e3o entre maio e junho de 2025. Confira os detalhes: 1. Coletor\/Buerista\u2026","rel":"","context":"Em &quot;Gar\u00e7a&quot;","block_context":{"text":"Gar\u00e7a","link":"https:\/\/diariodegarca.com\/?cat=781171664"},"img":{"alt_text":"","src":"","width":0,"height":0},"classes":[]},{"id":7827,"url":"https:\/\/diariodegarca.com\/?p=7827","url_meta":{"origin":4089,"position":2},"title":"PAT de Gar\u00e7a oferece 16 vagas de emprego com sal\u00e1rios de at\u00e9 R$ 4,4 mil","author":"Andreza Sega","date":"20 de outubro de 2025","format":false,"excerpt":"Oportunidades para motoristas, operadores de m\u00e1quinas, farmac\u00eauticos e outras profiss\u00f5es est\u00e3o com inscri\u00e7\u00f5es abertas. Candidatos devem ficar atentos aos prazos de encerramento, alguns terminam hoje. O Posto de Atendimento ao Trabalhador (PAT) de Gar\u00e7a est\u00e1 com um leque diversificado de oportunidades abertas para quem busca recoloca\u00e7\u00e3o no mercado de trabalho.\u2026","rel":"","context":"Em &quot;Gar\u00e7a&quot;","block_context":{"text":"Gar\u00e7a","link":"https:\/\/diariodegarca.com\/?cat=781171664"},"img":{"alt_text":"","src":"","width":0,"height":0},"classes":[]},{"id":7188,"url":"https:\/\/diariodegarca.com\/?p=7188","url_meta":{"origin":4089,"position":3},"title":"PAT de Gar\u00e7a oferta mais de 35 vagas de emprego com sal\u00e1rios de at\u00e9 R$ 4,4 mil","author":"Di\u00e1rio de Gar\u00e7a","date":"26 de setembro de 2025","format":false,"excerpt":"Oportunidades para diversos n\u00edveis de escolaridade incluem vagas em vendas, teleatendimento, ind\u00fastria e farm\u00e1cia; inscri\u00e7\u00f5es devem ser feitas online at\u00e9 o fim de setembro. O Posto de Atendimento ao Trabalhador (PAT) de Gar\u00e7a registrou a abertura de mais de 35 vagas de emprego em diversas \u00e1reas. As oportunidades s\u00e3o para\u2026","rel":"","context":"Em &quot;Gar\u00e7a&quot;","block_context":{"text":"Gar\u00e7a","link":"https:\/\/diariodegarca.com\/?cat=781171664"},"img":{"alt_text":"","src":"https:\/\/i0.wp.com\/diariodegarca.com\/wp-content\/uploads\/2025\/09\/farmaceutico-assistindo-um-cliente-numa-farmacia.jpg?fit=1200%2C655&ssl=1&resize=350%2C200","width":350,"height":200,"srcset":"https:\/\/i0.wp.com\/diariodegarca.com\/wp-content\/uploads\/2025\/09\/farmaceutico-assistindo-um-cliente-numa-farmacia.jpg?fit=1200%2C655&ssl=1&resize=350%2C200 1x, https:\/\/i0.wp.com\/diariodegarca.com\/wp-content\/uploads\/2025\/09\/farmaceutico-assistindo-um-cliente-numa-farmacia.jpg?fit=1200%2C655&ssl=1&resize=525%2C300 1.5x, https:\/\/i0.wp.com\/diariodegarca.com\/wp-content\/uploads\/2025\/09\/farmaceutico-assistindo-um-cliente-numa-farmacia.jpg?fit=1200%2C655&ssl=1&resize=700%2C400 2x, https:\/\/i0.wp.com\/diariodegarca.com\/wp-content\/uploads\/2025\/09\/farmaceutico-assistindo-um-cliente-numa-farmacia.jpg?fit=1200%2C655&ssl=1&resize=1050%2C600 3x"},"classes":[]},{"id":7537,"url":"https:\/\/diariodegarca.com\/?p=7537","url_meta":{"origin":4089,"position":4},"title":"PAT de Gar\u00e7a oferece 13 vagas, com sal\u00e1rios de at\u00e9 R$ 4.455,00","author":"Andreza Sega","date":"8 de outubro de 2025","format":false,"excerpt":"Vagas para n\u00edveis m\u00e9dio, t\u00e9cnico e superior est\u00e3o abertas, incluindo Farmac\u00eautico, Motorista e Fonoaudi\u00f3logo. Inscri\u00e7\u00f5es devem ser feitas online, e candidatos devem ficar atentos aos prazos de encerramento. O Posto de Atendimento ao Trabalhador (PAT) de Gar\u00e7a est\u00e1 com um leque de oportunidades abertas para quem busca recoloca\u00e7\u00e3o no mercado\u2026","rel":"","context":"Em &quot;Gar\u00e7a&quot;","block_context":{"text":"Gar\u00e7a","link":"https:\/\/diariodegarca.com\/?cat=781171664"},"img":{"alt_text":"","src":"https:\/\/i0.wp.com\/diariodegarca.com\/wp-content\/uploads\/2025\/09\/farmaceutico-assistindo-um-cliente-numa-farmacia.jpg?fit=1200%2C655&ssl=1&resize=350%2C200","width":350,"height":200,"srcset":"https:\/\/i0.wp.com\/diariodegarca.com\/wp-content\/uploads\/2025\/09\/farmaceutico-assistindo-um-cliente-numa-farmacia.jpg?fit=1200%2C655&ssl=1&resize=350%2C200 1x, https:\/\/i0.wp.com\/diariodegarca.com\/wp-content\/uploads\/2025\/09\/farmaceutico-assistindo-um-cliente-numa-farmacia.jpg?fit=1200%2C655&ssl=1&resize=525%2C300 1.5x, https:\/\/i0.wp.com\/diariodegarca.com\/wp-content\/uploads\/2025\/09\/farmaceutico-assistindo-um-cliente-numa-farmacia.jpg?fit=1200%2C655&ssl=1&resize=700%2C400 2x, https:\/\/i0.wp.com\/diariodegarca.com\/wp-content\/uploads\/2025\/09\/farmaceutico-assistindo-um-cliente-numa-farmacia.jpg?fit=1200%2C655&ssl=1&resize=1050%2C600 3x"},"classes":[]},{"id":8142,"url":"https:\/\/diariodegarca.com\/?p=8142","url_meta":{"origin":4089,"position":5},"title":"PAT de Gar\u00e7a oferece 14 vagas de emprego com sal\u00e1rios de at\u00e9 R$ 5 mil","author":"Andreza Sega","date":"28 de outubro de 2025","format":false,"excerpt":"Oportunidades para mec\u00e2nicos, t\u00e9cnicos, farmac\u00eautico e gerente comercial est\u00e3o com inscri\u00e7\u00f5es abertas. Candidatos devem ficar atentos aos prazos de encerramento. O Posto de Atendimento ao Trabalhador (PAT) de Gar\u00e7a divulgou um leque de vagas de emprego para impulsionar a recoloca\u00e7\u00e3o profissional no munic\u00edpio. S\u00e3o 14 oportunidades em diversas \u00e1reas, com\u2026","rel":"","context":"Em &quot;Gar\u00e7a&quot;","block_context":{"text":"Gar\u00e7a","link":"https:\/\/diariodegarca.com\/?cat=781171664"},"img":{"alt_text":"","src":"https:\/\/i0.wp.com\/diariodegarca.com\/wp-content\/uploads\/2025\/10\/homem-com-capacete-trabalhando-logistico.jpg?fit=1200%2C857&ssl=1&resize=350%2C200","width":350,"height":200,"srcset":"https:\/\/i0.wp.com\/diariodegarca.com\/wp-content\/uploads\/2025\/10\/homem-com-capacete-trabalhando-logistico.jpg?fit=1200%2C857&ssl=1&resize=350%2C200 1x, https:\/\/i0.wp.com\/diariodegarca.com\/wp-content\/uploads\/2025\/10\/homem-com-capacete-trabalhando-logistico.jpg?fit=1200%2C857&ssl=1&resize=525%2C300 1.5x, https:\/\/i0.wp.com\/diariodegarca.com\/wp-content\/uploads\/2025\/10\/homem-com-capacete-trabalhando-logistico.jpg?fit=1200%2C857&ssl=1&resize=700%2C400 2x, https:\/\/i0.wp.com\/diariodegarca.com\/wp-content\/uploads\/2025\/10\/homem-com-capacete-trabalhando-logistico.jpg?fit=1200%2C857&ssl=1&resize=1050%2C600 3x"},"classes":[]}],"_links":{"self":[{"href":"https:\/\/diariodegarca.com\/index.php?rest_route=\/wp\/v2\/posts\/4089","targetHints":{"allow":["GET"]}}],"collection":[{"href":"https:\/\/diariodegarca.com\/index.php?rest_route=\/wp\/v2\/posts"}],"about":[{"href":"https:\/\/diariodegarca.com\/index.php?rest_route=\/wp\/v2\/types\/post"}],"author":[{"embeddable":true,"href":"https:\/\/diariodegarca.com\/index.php?rest_route=\/wp\/v2\/users\/260896546"}],"replies":[{"embeddable":true,"href":"https:\/\/diariodegarca.com\/index.php?rest_route=%2Fwp%2Fv2%2Fcomments&post=4089"}],"version-history":[{"count":2,"href":"https:\/\/diariodegarca.com\/index.php?rest_route=\/wp\/v2\/posts\/4089\/revisions"}],"predecessor-version":[{"id":4092,"href":"https:\/\/diariodegarca.com\/index.php?rest_route=\/wp\/v2\/posts\/4089\/revisions\/4092"}],"wp:featuredmedia":[{"embeddable":true,"href":"https:\/\/diariodegarca.com\/index.php?rest_route=\/wp\/v2\/media\/4090"}],"wp:attachment":[{"href":"https:\/\/diariodegarca.com\/index.php?rest_route=%2Fwp%2Fv2%2Fmedia&parent=4089"}],"wp:term":[{"taxonomy":"category","embeddable":true,"href":"https:\/\/diariodegarca.com\/index.php?rest_route=%2Fwp%2Fv2%2Fcategories&post=4089"},{"taxonomy":"post_tag","embeddable":true,"href":"https:\/\/diariodegarca.com\/index.php?rest_route=%2Fwp%2Fv2%2Ftags&post=4089"}],"curies":[{"name":"wp","href":"https:\/\/api.w.org\/{rel}","templated":true}]}}