{"id":4149,"date":"2025-06-21T17:22:20","date_gmt":"2025-06-21T20:22:20","guid":{"rendered":"https:\/\/diariodegarca.com\/?p=4149"},"modified":"2025-06-21T17:22:20","modified_gmt":"2025-06-21T20:22:20","slug":"operacao-contra-alcoolemia-em-marilia-autua-motoristas","status":"publish","type":"post","link":"https:\/\/diariodegarca.com\/?p=4149","title":{"rendered":"Opera\u00e7\u00e3o contra alcoolemia em Mar\u00edlia autua motoristas"},"content":{"rendered":"\n<p class=\"wp-block-paragraph\"><em>A\u00e7\u00e3o conjunta entre PM e DETRAN realizou mais de 500 testes e flagrou condutores sob influ\u00eancia de \u00e1lcool<\/em><\/p>\n\n\n\n<p class=\"wp-block-paragraph\">Na sexta-feira, dia 20 de junho, o 9\u00ba Batalh\u00e3o da Pol\u00edcia Militar do Interior, em parceria com o DETRAN, realizou uma opera\u00e7\u00e3o de combate \u00e0 alcoolemia em Mar\u00edlia. A iniciativa teve como objetivo coibir a condu\u00e7\u00e3o de ve\u00edculos por motoristas embriagados, pr\u00e1tica que coloca em risco a seguran\u00e7a no tr\u00e2nsito e pode levar a acidentes graves.<\/p>\n\n\n\n<p class=\"wp-block-paragraph\">Durante a a\u00e7\u00e3o, foram feitos&nbsp;<strong>503 testes passivos<\/strong>&nbsp;com o etil\u00f4metro, resultando em&nbsp;<strong>duas autua\u00e7\u00f5es<\/strong>&nbsp;por dirigir sob influ\u00eancia de \u00e1lcool \u2013 com n\u00edveis entre&nbsp;<strong>0,13 mg\/L e 0,31 mg\/L<\/strong>&nbsp;no sangue. Al\u00e9m disso, um motorista&nbsp;<strong>recusou-se a realizar o teste<\/strong>, o que configura infra\u00e7\u00e3o grav\u00edssima conforme o C\u00f3digo de Tr\u00e2nsito Brasileiro (CTB).<\/p>\n\n\n\n<div class=\"wp-block-jetpack-slideshow aligncenter\" data-effect=\"slide\"><div class=\"wp-block-jetpack-slideshow_container swiper-container\"><ul class=\"wp-block-jetpack-slideshow_swiper-wrapper swiper-wrapper\"><li class=\"wp-block-jetpack-slideshow_slide swiper-slide\"><figure><img data-recalc-dims=\"1\" decoding=\"async\" alt=\"\" class=\"wp-block-jetpack-slideshow_image wp-image-4153\" data-id=\"4153\" src=\"https:\/\/i0.wp.com\/diariodegarca.com\/wp-content\/uploads\/2025\/06\/509421886_18305852248246526_1089820855813329327_n.webp?w=800&#038;ssl=1\" \/><\/figure><\/li><li class=\"wp-block-jetpack-slideshow_slide swiper-slide\"><figure><img data-recalc-dims=\"1\" decoding=\"async\" alt=\"\" class=\"wp-block-jetpack-slideshow_image wp-image-4154\" data-id=\"4154\" src=\"https:\/\/i0.wp.com\/diariodegarca.com\/wp-content\/uploads\/2025\/06\/509338264_18305852239246526_8692115194336772219_n.webp?w=800&#038;ssl=1\" \/><\/figure><\/li><li class=\"wp-block-jetpack-slideshow_slide swiper-slide\"><figure><img data-recalc-dims=\"1\" decoding=\"async\" alt=\"\" class=\"wp-block-jetpack-slideshow_image wp-image-4155\" data-id=\"4155\" data-aspect-ratio=\"1024 \/ 537\" src=\"https:\/\/i0.wp.com\/diariodegarca.com\/wp-content\/uploads\/2025\/06\/509848069_18305852230246526_2855510839494521218_n.webp?w=800&#038;ssl=1\" \/><\/figure><\/li><li class=\"wp-block-jetpack-slideshow_slide swiper-slide\"><figure><img data-recalc-dims=\"1\" decoding=\"async\" alt=\"\" class=\"wp-block-jetpack-slideshow_image wp-image-4156\" data-id=\"4156\" data-aspect-ratio=\"1024 \/ 537\" src=\"https:\/\/i0.wp.com\/diariodegarca.com\/wp-content\/uploads\/2025\/06\/509864992_18305852221246526_2712451301202126016_n.webp?w=800&#038;ssl=1\" \/><\/figure><\/li><li class=\"wp-block-jetpack-slideshow_slide swiper-slide\"><figure><img data-recalc-dims=\"1\" decoding=\"async\" alt=\"\" class=\"wp-block-jetpack-slideshow_image wp-image-4150\" data-id=\"4150\" src=\"https:\/\/i0.wp.com\/diariodegarca.com\/wp-content\/uploads\/2025\/06\/502326185_18305852257246526_5594310699442434686_n.webp?w=800&#038;ssl=1\" \/><\/figure><\/li><\/ul><a class=\"wp-block-jetpack-slideshow_button-prev swiper-button-prev swiper-button-white\" role=\"button\"><\/a><a class=\"wp-block-jetpack-slideshow_button-next swiper-button-next swiper-button-white\" role=\"button\"><\/a><a aria-label=\"Pause Slideshow\" class=\"wp-block-jetpack-slideshow_button-pause\" role=\"button\"><\/a><div class=\"wp-block-jetpack-slideshow_pagination swiper-pagination swiper-pagination-white\"><\/div><\/div><\/div>\n\n\n\n<p class=\"wp-block-paragraph\">A opera\u00e7\u00e3o tamb\u00e9m identificou&nbsp;<strong>um ve\u00edculo com licenciamento vencido<\/strong>&nbsp;e determinou o&nbsp;<strong>recolhimento de um autom\u00f3vel<\/strong>. A PM alerta que&nbsp;<strong>misturar \u00e1lcool e dire\u00e7\u00e3o \u00e9 crime<\/strong>&nbsp;e representa perigo n\u00e3o s\u00f3 para o condutor, mas para pedestres e outros motoristas.<\/p>\n","protected":false},"excerpt":{"rendered":"<p>A\u00e7\u00e3o conjunta entre PM e DETRAN realizou mais de 500 testes e flagrou condutores sob influ\u00eancia de \u00e1lcool Na sexta-feira, dia 20 de junho, o 9\u00ba Batalh\u00e3o da Pol\u00edcia Militar do Interior, em parceria com o DETRAN, realizou uma opera\u00e7\u00e3o de combate \u00e0 alcoolemia em Mar\u00edlia. A iniciativa teve como objetivo coibir a condu\u00e7\u00e3o de [&hellip;]<\/p>\n","protected":false},"author":260896546,"featured_media":0,"comment_status":"open","ping_status":"open","sticky":false,"template":"","format":"standard","meta":{"_crdt_document":"","_monsterinsights_skip_tracking":false,"_monsterinsights_sitenote_active":false,"_monsterinsights_sitenote_note":"","_monsterinsights_sitenote_category":0,"advanced_seo_description":"","jetpack_seo_html_title":"","jetpack_seo_noindex":false,"_jetpack_newsletter_access":"","_jetpack_dont_email_post_to_subs":false,"_jetpack_newsletter_tier_id":0,"_jetpack_memberships_contains_paywalled_content":false,"_jetpack_memberships_contains_paid_content":false,"footnotes":"","jetpack_publicize_message":"\ud83d\udea8 Opera\u00e7\u00e3o contra bebida e dire\u00e7\u00e3o em Mar\u00edlia\n\nNa sexta (20\/6), a PM e o Detran realizaram uma blitz de combate \u00e0 alcoolemia. Resultados:\n\n\u2705 503 testes realizados\n\ud83d\ude94 2 motoristas autuados por \u00e1lcool\n\ud83d\udeab 1 recusa ao teste do baf\u00f4metro\n\ud83d\udccc 1 ve\u00edculo recolhido\n\n\ud83d\udcd6 Leia mais em diariodegarca.com\n\n#policiamilitarsp #DetranSP #Seguran\u00e7aNoTr\u00e2nsito #Mar\u00edlia","jetpack_publicize_feature_enabled":true,"jetpack_social_post_already_shared":false,"jetpack_social_options":{"image_generator_settings":{"template":"highway","default_image_id":0,"enabled":false},"version":2},"_wpas_customize_per_network":false,"jetpack_post_was_ever_published":false},"categories":[1192752,683453294,211001],"tags":[],"class_list":["post-4149","post","type-post","status-publish","format-standard","hentry","category-fiscalizacao","category-marilia-cidade","category-transito"],"jetpack_publicize_connections":[],"jetpack_featured_media_url":"","jetpack_likes_enabled":true,"jetpack_sharing_enabled":true,"jetpack_shortlink":"https:\/\/wp.me\/pgitne-14V","jetpack-related-posts":[{"id":6743,"url":"https:\/\/diariodegarca.com\/?p=6743","url_meta":{"origin":4149,"position":0},"title":"Opera\u00e7\u00e3o conjunta em Tup\u00e3 flagra 11 motoristas por embriaguez ao volante","author":"Di\u00e1rio de Gar\u00e7a","date":"14 de setembro de 2025","format":false,"excerpt":"Fiscaliza\u00e7\u00e3o integrada entre Detran, PM e Pol\u00edcia Civil realizou quase 700 testes e vistorias, resultando em ve\u00edculos recolhidos e autua\u00e7\u00f5es por dirigir sob influ\u00eancia de \u00e1lcool. Na \u00faltima sexta-feira, 12 de setembro, as ruas de Tup\u00e3 foram alvo de uma a\u00e7\u00e3o de fiscaliza\u00e7\u00e3o de tr\u00e2nsito em grande escala. A \"Opera\u00e7\u00e3o\u2026","rel":"","context":"Em &quot;Seguran\u00e7a&quot;","block_context":{"text":"Seguran\u00e7a","link":"https:\/\/diariodegarca.com\/?cat=21243"},"img":{"alt_text":"","src":"https:\/\/i0.wp.com\/diariodegarca.com\/wp-content\/uploads\/2025\/09\/SnapInsta.to_548738805_18315528595246526_2687624814651757600_n.webp?fit=900%2C1200&ssl=1&resize=350%2C200","width":350,"height":200,"srcset":"https:\/\/i0.wp.com\/diariodegarca.com\/wp-content\/uploads\/2025\/09\/SnapInsta.to_548738805_18315528595246526_2687624814651757600_n.webp?fit=900%2C1200&ssl=1&resize=350%2C200 1x, https:\/\/i0.wp.com\/diariodegarca.com\/wp-content\/uploads\/2025\/09\/SnapInsta.to_548738805_18315528595246526_2687624814651757600_n.webp?fit=900%2C1200&ssl=1&resize=525%2C300 1.5x, https:\/\/i0.wp.com\/diariodegarca.com\/wp-content\/uploads\/2025\/09\/SnapInsta.to_548738805_18315528595246526_2687624814651757600_n.webp?fit=900%2C1200&ssl=1&resize=700%2C400 2x"},"classes":[]},{"id":2461,"url":"https:\/\/diariodegarca.com\/?p=2461","url_meta":{"origin":4149,"position":1},"title":"Opera\u00e7\u00e3o Dire\u00e7\u00e3o Segura em Tup\u00e3 autua 46 condutores e recolhe 9 ve\u00edculos","author":"Di\u00e1rio de Gar\u00e7a","date":"5 de abril de 2025","format":false,"excerpt":"Na \u00faltima sexta-feira, dia 4 de abril, o 9\u00ba Batalh\u00e3o de Pol\u00edcia Militar do Interior (PM-SP), em conjunto com a Pol\u00edcia Civil e o Departamento Estadual de Tr\u00e2nsito (Detran-SP), realizou a Opera\u00e7\u00e3o Dire\u00e7\u00e3o Segura e a Opera\u00e7\u00e3o Dire\u00e7\u00e3o Segura Integrada (ODSI) em Tup\u00e3. A a\u00e7\u00e3o visou fiscalizar o cumprimento das\u2026","rel":"","context":"Em &quot;Brasil&quot;","block_context":{"text":"Brasil","link":"https:\/\/diariodegarca.com\/?cat=38185"},"img":{"alt_text":"","src":"","width":0,"height":0},"classes":[]},{"id":6470,"url":"https:\/\/diariodegarca.com\/?p=6470","url_meta":{"origin":4149,"position":2},"title":"Opera\u00e7\u00e3o &#8220;Cavalo de A\u00e7o&#8221; fiscaliza mais de 400 motocicletas e recolhe ve\u00edculos em Mar\u00edlia","author":"Di\u00e1rio de Gar\u00e7a","date":"6 de setembro de 2025","format":false,"excerpt":"A\u00e7\u00e3o conjunta da PM e do Detran-SP na Via Expressa registrou dezenas de autua\u00e7\u00f5es, incluindo recusa ao teste do baf\u00f4metro e falta de documenta\u00e7\u00e3o. Em uma a\u00e7\u00e3o conjunta de fiscaliza\u00e7\u00e3o de tr\u00e2nsito realizada na \u00faltima sexta-feira, 5 de setembro, a Pol\u00edcia Militar e o Departamento Estadual de Tr\u00e2nsito de S\u00e3o\u2026","rel":"","context":"Em &quot;Mar\u00edlia&quot;","block_context":{"text":"Mar\u00edlia","link":"https:\/\/diariodegarca.com\/?cat=683453294"},"img":{"alt_text":"","src":"https:\/\/i0.wp.com\/diariodegarca.com\/wp-content\/uploads\/2025\/08\/snapinsta.to_538731954_18313351471246526_1871743859055979954_n-1-e1762717736830.webp?fit=1080%2C716&ssl=1&resize=350%2C200","width":350,"height":200,"srcset":"https:\/\/i0.wp.com\/diariodegarca.com\/wp-content\/uploads\/2025\/08\/snapinsta.to_538731954_18313351471246526_1871743859055979954_n-1-e1762717736830.webp?fit=1080%2C716&ssl=1&resize=350%2C200 1x, https:\/\/i0.wp.com\/diariodegarca.com\/wp-content\/uploads\/2025\/08\/snapinsta.to_538731954_18313351471246526_1871743859055979954_n-1-e1762717736830.webp?fit=1080%2C716&ssl=1&resize=525%2C300 1.5x, https:\/\/i0.wp.com\/diariodegarca.com\/wp-content\/uploads\/2025\/08\/snapinsta.to_538731954_18313351471246526_1871743859055979954_n-1-e1762717736830.webp?fit=1080%2C716&ssl=1&resize=700%2C400 2x, https:\/\/i0.wp.com\/diariodegarca.com\/wp-content\/uploads\/2025\/08\/snapinsta.to_538731954_18313351471246526_1871743859055979954_n-1-e1762717736830.webp?fit=1080%2C716&ssl=1&resize=1050%2C600 3x"},"classes":[]},{"id":4787,"url":"https:\/\/diariodegarca.com\/?p=4787","url_meta":{"origin":4149,"position":3},"title":"Opera\u00e7\u00e3o Dire\u00e7\u00e3o Segura em Bastos autua motoristas por embriaguez e falta de habilita\u00e7\u00e3o","author":"Di\u00e1rio de Gar\u00e7a","date":"17 de julho de 2025","format":false,"excerpt":"A\u00e7\u00e3o conjunta da PM e do Detran realizou 272 testes de alcoolemia e registrou recusas, CNH irregular e ve\u00edculos fora da conformidade. Na \u00faltima quarta-feira, dia 16 de julho, a Pol\u00edcia Militar, em conjunto com o Departamento de Tr\u00e2nsito (Detran), realizou a\u00a0Opera\u00e7\u00e3o Dire\u00e7\u00e3o Segura\u00a0em Bastos. A iniciativa, que teve como\u2026","rel":"","context":"Em &quot;Tr\u00e2nsito&quot;","block_context":{"text":"Tr\u00e2nsito","link":"https:\/\/diariodegarca.com\/?cat=211001"},"img":{"alt_text":"","src":"https:\/\/i0.wp.com\/diariodegarca.com\/wp-content\/uploads\/2025\/07\/quarta-feira-16-a-policia-militar-em-parceria-com-o-detran-realizou-a-operacao-direcao-seg.webp?fit=1080%2C1080&ssl=1&resize=350%2C200","width":350,"height":200,"srcset":"https:\/\/i0.wp.com\/diariodegarca.com\/wp-content\/uploads\/2025\/07\/quarta-feira-16-a-policia-militar-em-parceria-com-o-detran-realizou-a-operacao-direcao-seg.webp?fit=1080%2C1080&ssl=1&resize=350%2C200 1x, https:\/\/i0.wp.com\/diariodegarca.com\/wp-content\/uploads\/2025\/07\/quarta-feira-16-a-policia-militar-em-parceria-com-o-detran-realizou-a-operacao-direcao-seg.webp?fit=1080%2C1080&ssl=1&resize=525%2C300 1.5x, https:\/\/i0.wp.com\/diariodegarca.com\/wp-content\/uploads\/2025\/07\/quarta-feira-16-a-policia-militar-em-parceria-com-o-detran-realizou-a-operacao-direcao-seg.webp?fit=1080%2C1080&ssl=1&resize=700%2C400 2x, https:\/\/i0.wp.com\/diariodegarca.com\/wp-content\/uploads\/2025\/07\/quarta-feira-16-a-policia-militar-em-parceria-com-o-detran-realizou-a-operacao-direcao-seg.webp?fit=1080%2C1080&ssl=1&resize=1050%2C600 3x"},"classes":[]},{"id":2375,"url":"https:\/\/diariodegarca.com\/?p=2375","url_meta":{"origin":4149,"position":4},"title":"Opera\u00e7\u00e3o Dire\u00e7\u00e3o Segura em Mar\u00edlia fiscaliza mais de 1,2 mil condutores","author":"Di\u00e1rio de Gar\u00e7a","date":"14 de abril de 2025","format":false,"excerpt":"No s\u00e1bado, dia 12 de abril, uma a\u00e7\u00e3o integrada entre a Pol\u00edcia Militar, Pol\u00edcia Civil e o Detran realizou a\u00a0Opera\u00e7\u00e3o Dire\u00e7\u00e3o Segura\u00a0em\u00a0Mar\u00edlia, com o objetivo de coibir infra\u00e7\u00f5es de tr\u00e2nsito e garantir a seguran\u00e7a nas vias.\u00a0Durante a fiscaliza\u00e7\u00e3o,\u00a01.253 pr\u00e9-testes\u00a0foram aplicados para verifica\u00e7\u00e3o de poss\u00edvel embriaguez ao volante.Dos\u00a042 condutores\u00a0abordados para exames\u2026","rel":"","context":"Em &quot;Brasil&quot;","block_context":{"text":"Brasil","link":"https:\/\/diariodegarca.com\/?cat=38185"},"img":{"alt_text":"","src":"https:\/\/i0.wp.com\/blogger.googleusercontent.com\/img\/b\/R29vZ2xl\/AVvXsEjcJ071ZIHgIpNTwkW7klVV9ygM9gYJ80tLOQ8qWCBOLK6OI2Jc5fDcPobUYdE5hOk5nP-QxLGO3cbGmv9-3cv7bGpBCASsiZRM6vLwZlkIMyKgF6bPt2my5JyxL-NBB13KpqGdCH5z8QlFH_oBFkGhIoZYYF7D-VAIO7c6RrJlxl5yMzMQEwiPe2kmY84\/s320\/WhatsApp%20Image%202025-04-14%20at%2009.11.47.jpeg?resize=350%2C200&ssl=1","width":350,"height":200},"classes":[]},{"id":8559,"url":"https:\/\/diariodegarca.com\/?p=8559","url_meta":{"origin":4149,"position":5},"title":"Opera\u00e7\u00e3o de tr\u00e2nsito em Mar\u00edlia apreende 11 ve\u00edculos e aplica 57 multas em uma noite","author":"Andreza Sega","date":"8 de novembro de 2025","format":false,"excerpt":"A\u00e7\u00e3o integrada entre PM, Pol\u00edcia Civil e Detran-SP fiscalizou mais de 1.100 condutores; 18 pessoas se recusaram a fazer o teste do baf\u00f4metro. Uma for\u00e7a-tarefa envolvendo policiais militares do 9\u00ba Batalh\u00e3o, Pol\u00edcia Civil e agentes do Detran-SP realizou uma opera\u00e7\u00e3o de fiscaliza\u00e7\u00e3o na noite de sexta-feira, 7 de novembro, em\u2026","rel":"","context":"Em &quot;Mar\u00edlia&quot;","block_context":{"text":"Mar\u00edlia","link":"https:\/\/diariodegarca.com\/?cat=683453294"},"img":{"alt_text":"","src":"https:\/\/i0.wp.com\/diariodegarca.com\/wp-content\/uploads\/2025\/11\/WhatsApp-Image-2025-11-08-at-14.15.02-1-e1762635675438.jpeg?fit=1200%2C792&ssl=1&resize=350%2C200","width":350,"height":200,"srcset":"https:\/\/i0.wp.com\/diariodegarca.com\/wp-content\/uploads\/2025\/11\/WhatsApp-Image-2025-11-08-at-14.15.02-1-e1762635675438.jpeg?fit=1200%2C792&ssl=1&resize=350%2C200 1x, https:\/\/i0.wp.com\/diariodegarca.com\/wp-content\/uploads\/2025\/11\/WhatsApp-Image-2025-11-08-at-14.15.02-1-e1762635675438.jpeg?fit=1200%2C792&ssl=1&resize=525%2C300 1.5x, https:\/\/i0.wp.com\/diariodegarca.com\/wp-content\/uploads\/2025\/11\/WhatsApp-Image-2025-11-08-at-14.15.02-1-e1762635675438.jpeg?fit=1200%2C792&ssl=1&resize=700%2C400 2x, https:\/\/i0.wp.com\/diariodegarca.com\/wp-content\/uploads\/2025\/11\/WhatsApp-Image-2025-11-08-at-14.15.02-1-e1762635675438.jpeg?fit=1200%2C792&ssl=1&resize=1050%2C600 3x"},"classes":[]}],"_links":{"self":[{"href":"https:\/\/diariodegarca.com\/index.php?rest_route=\/wp\/v2\/posts\/4149","targetHints":{"allow":["GET"]}}],"collection":[{"href":"https:\/\/diariodegarca.com\/index.php?rest_route=\/wp\/v2\/posts"}],"about":[{"href":"https:\/\/diariodegarca.com\/index.php?rest_route=\/wp\/v2\/types\/post"}],"author":[{"embeddable":true,"href":"https:\/\/diariodegarca.com\/index.php?rest_route=\/wp\/v2\/users\/260896546"}],"replies":[{"embeddable":true,"href":"https:\/\/diariodegarca.com\/index.php?rest_route=%2Fwp%2Fv2%2Fcomments&post=4149"}],"version-history":[{"count":4,"href":"https:\/\/diariodegarca.com\/index.php?rest_route=\/wp\/v2\/posts\/4149\/revisions"}],"predecessor-version":[{"id":4158,"href":"https:\/\/diariodegarca.com\/index.php?rest_route=\/wp\/v2\/posts\/4149\/revisions\/4158"}],"wp:attachment":[{"href":"https:\/\/diariodegarca.com\/index.php?rest_route=%2Fwp%2Fv2%2Fmedia&parent=4149"}],"wp:term":[{"taxonomy":"category","embeddable":true,"href":"https:\/\/diariodegarca.com\/index.php?rest_route=%2Fwp%2Fv2%2Fcategories&post=4149"},{"taxonomy":"post_tag","embeddable":true,"href":"https:\/\/diariodegarca.com\/index.php?rest_route=%2Fwp%2Fv2%2Ftags&post=4149"}],"curies":[{"name":"wp","href":"https:\/\/api.w.org\/{rel}","templated":true}]}}