{"id":4223,"date":"2025-06-24T16:01:50","date_gmt":"2025-06-24T19:01:50","guid":{"rendered":"https:\/\/diariodegarca.com\/?p=4223"},"modified":"2025-06-24T16:18:13","modified_gmt":"2025-06-24T19:18:13","slug":"gatinhos-buscam-lares-amorosos-em-alvaro-de-carvalho","status":"publish","type":"post","link":"https:\/\/diariodegarca.com\/?p=4223","title":{"rendered":"Gatinhos buscam lares amorosos em \u00c1lvaro de Carvalho"},"content":{"rendered":"\n<p class=\"wp-block-paragraph\"><em>Grupo de ado\u00e7\u00e3o facilita encontro entre animais resgatados e futuros tutores na regi\u00e3o de Gar\u00e7a<\/em><\/p>\n\n\n\n<p class=\"wp-block-paragraph\">Julia Bonato, membro do grupo\u00a0<em>&#8220;<strong><a href=\"https:\/\/www.facebook.com\/groups\/1182976621712442\">Animais perdidos ou para ado\u00e7\u00e3o &#8211; Gar\u00e7a<\/a><\/strong>&#8220;<\/em>, compartilhou uma oportunidade para quem deseja adotar um felino. <strong>Seis gatinhos<\/strong> saud\u00e1veis \u2014 cinco f\u00eameas e um macho \u2014 aguardam por fam\u00edlias respons\u00e1veis em \u00c1lvaro de Carvalho, munic\u00edpio vizinho a Gar\u00e7a. Os animais, descritos como d\u00f3ceis e acostumados ao carinho, t\u00eam idades variadas: quatro deles possuem seis meses (tr\u00eas f\u00eameas e um macho), enquanto os outros dois s\u00e3o filhotes de dois meses (ambas f\u00eameas).<\/p>\n\n\n\n<figure class=\"wp-block-gallery has-nested-images columns-default is-cropped wp-block-gallery-1 is-layout-flex wp-block-gallery-is-layout-flex\">\n<figure class=\"wp-block-image size-large\"><img data-recalc-dims=\"1\" decoding=\"async\" data-id=\"4230\" src=\"https:\/\/i0.wp.com\/diariodegarca.com\/wp-content\/uploads\/2025\/06\/513504602_2718495741680536_3504739718494083233_n.jpg?w=800&#038;ssl=1\" alt=\"\" class=\"wp-image-4230\" \/><figcaption class=\"wp-element-caption\">Filhote, f\u00eamea com 2 meses<\/figcaption><\/figure>\n\n\n\n<figure class=\"wp-block-image size-large\"><img data-recalc-dims=\"1\" decoding=\"async\" data-id=\"4231\" src=\"https:\/\/i0.wp.com\/diariodegarca.com\/wp-content\/uploads\/2025\/06\/512696509_2718495865013857_6970804582311094442_n.jpg?w=800&#038;ssl=1\" alt=\"\" class=\"wp-image-4231\" \/><figcaption class=\"wp-element-caption\">Filhote, f\u00eamea com 2 meses<\/figcaption><\/figure>\n\n\n\n<figure class=\"wp-block-image size-large\"><img data-recalc-dims=\"1\" decoding=\"async\" data-id=\"4232\" src=\"https:\/\/i0.wp.com\/diariodegarca.com\/wp-content\/uploads\/2025\/06\/513091362_2718495585013885_5090934194267410633_n.jpg?w=800&#038;ssl=1\" alt=\"\" class=\"wp-image-4232\" \/><figcaption class=\"wp-element-caption\">Filhote, f\u00eamea com 6 meses<\/figcaption><\/figure>\n\n\n\n<figure class=\"wp-block-image size-large\"><img data-recalc-dims=\"1\" decoding=\"async\" data-id=\"4233\" src=\"https:\/\/i0.wp.com\/diariodegarca.com\/wp-content\/uploads\/2025\/06\/510984474_2718495481680562_4451829472879639150_n.jpg?w=800&#038;ssl=1\" alt=\"\" class=\"wp-image-4233\" \/><figcaption class=\"wp-element-caption\">Filhote, macho com 6 meses<\/figcaption><\/figure>\n\n\n\n<figure class=\"wp-block-image size-large\"><img data-recalc-dims=\"1\" decoding=\"async\" data-id=\"4234\" src=\"https:\/\/i0.wp.com\/diariodegarca.com\/wp-content\/uploads\/2025\/06\/511010082_2718495351680575_6874865570351706903_n.jpg?w=800&#038;ssl=1\" alt=\"\" class=\"wp-image-4234\" \/><figcaption class=\"wp-element-caption\">Filhote, f\u00eamea com 6 meses<\/figcaption><\/figure>\n\n\n\n<figure class=\"wp-block-image size-large\"><img data-recalc-dims=\"1\" decoding=\"async\" data-id=\"4235\" src=\"https:\/\/i0.wp.com\/diariodegarca.com\/wp-content\/uploads\/2025\/06\/513489279_2718495235013920_8797150208124474006_n.jpg?w=800&#038;ssl=1\" alt=\"\" class=\"wp-image-4235\" \/><figcaption class=\"wp-element-caption\">Filhote, f\u00eamea com 6 meses<\/figcaption><\/figure>\n<\/figure>\n\n\n\n<p class=\"wp-block-paragraph\">Os felinos j\u00e1 est\u00e3o adaptados a h\u00e1bitos dom\u00e9sticos, como o uso de caixa de areia e alimenta\u00e7\u00e3o com ra\u00e7\u00e3o. Suas pelagens chamam a aten\u00e7\u00e3o: a maioria das f\u00eameas \u00e9 tricolor (branco, preto e caramelo), exceto as mais novas, sendo uma preta e branca e a outra branco e cinza rajado. O macho, por sua vez, tem pelos brancos e alaranjados. Todos os filhotes possuem textura de pelos macia e alguns com caudas bem peludas.<\/p>\n\n\n\n<p class=\"wp-block-paragraph\">As respons\u00e1veis pelo grupo destacam a ado\u00e7\u00e3o consciente:\u00a0<em>&#8220;Adotantes devem garantir um lar seguro, com muito amor e responsabilidade, inclusive fazendo a castra\u00e7\u00e3o do animal adotado assim que atingir a idade necess\u00e1ria para o procedimento. Al\u00e9m disso, os adotantes devem garantir a seguran\u00e7a do animal e mant\u00ea-lo longe das ruas e seus perigos&#8221;<\/em>. <\/p>\n\n\n\n<p class=\"wp-block-paragraph\">Interessados podem entrar em contato com a J\u00falia pelo telefone\u00a0<strong>(14) 99838-3959<\/strong>. A entrega \u00e9 poss\u00edvel em cidades pr\u00f3ximas. <\/p>\n\n\n\n<h2 class=\"wp-block-heading\">Mais animais dispon\u00edveis<\/h2>\n\n\n\n<p class=\"wp-block-paragraph\">O grupo\u00a0<em>&#8220;Animais perdidos ou para ado\u00e7\u00e3o &#8211; Gar\u00e7a&#8221;<\/em>\u00a0e o site\u00a0<a href=\"http:\/\/adoteumanimalgarca.com\/\" target=\"_blank\" rel=\"noreferrer noopener\">adoteumanimalgarca.com<\/a>\u00a0funcionam como intermedi\u00e1rios, conectando animais resgatados a potenciais adotantes. H\u00e1 v\u00e1rios c\u00e3es e gatos, de v\u00e1rias idades e pelagens, dispon\u00edveis para ado\u00e7\u00e3o atualmente. Quem sabe seu novo companheiro n\u00e3o est\u00e1 esperando por voc\u00ea?<\/p>\n\n\n\n<p class=\"wp-block-paragraph\"><\/p>\n","protected":false},"excerpt":{"rendered":"<p>Grupo de ado\u00e7\u00e3o facilita encontro entre animais resgatados e futuros tutores na regi\u00e3o de Gar\u00e7a Julia Bonato, membro do grupo\u00a0&#8220;Animais perdidos ou para ado\u00e7\u00e3o &#8211; Gar\u00e7a&#8220;, compartilhou uma oportunidade para quem deseja adotar um felino. Seis gatinhos saud\u00e1veis \u2014 cinco f\u00eameas e um macho \u2014 aguardam por fam\u00edlias respons\u00e1veis em \u00c1lvaro de Carvalho, munic\u00edpio vizinho [&hellip;]<\/p>\n","protected":false},"author":260896546,"featured_media":4228,"comment_status":"open","ping_status":"open","sticky":false,"template":"","format":"standard","meta":{"_monsterinsights_skip_tracking":false,"advanced_seo_description":"","jetpack_seo_html_title":"","jetpack_seo_noindex":false,"jetpack_seo_schema_type":"","_jetpack_newsletter_access":"","_jetpack_dont_email_post_to_subs":false,"_jetpack_newsletter_tier_id":0,"_jetpack_memberships_contains_paywalled_content":false,"_wpcom_ai_launchpad_first_post":false,"_jetpack_feature_clip_id":0,"_jetpack_memberships_contains_paid_content":false,"footnotes":"","jetpack_publicize_message":"\ud83d\udc31 Gatinhos buscam lares amorosos em \u00c1lvaro de Carvalho \ud83c\udfe1\ud83d\udc96\n\nSeis gatinhos saud\u00e1veis (5 f\u00eameas e 1 macho) est\u00e3o prontos para ado\u00e7\u00e3o. Todos d\u00f3ceis, acostumados com carinho e j\u00e1 adaptados a h\u00e1bitos dom\u00e9sticos. \ud83d\udc3e\n\n\ud83d\udccd Dispon\u00edveis em \u00c1lvaro de Carvalho (entrega em cidades pr\u00f3ximas)\n\ud83d\udcde Contato: (14) 99838-3959 (Julia)\n\nPelagens encantadoras: tricolores, preto e branco, e at\u00e9 um macho laranja e branco! \ud83c\udfa8\n\n\u2728 Ado\u00e7\u00e3o respons\u00e1vel: Lar seguro, castra\u00e7\u00e3o e muito amor!\n\n\ud83d\udd0d Conhe\u00e7a mais animais para ado\u00e7\u00e3o em adoteumanimalgarca.com ou leia a mat\u00e9ria completa em diariodegarca.com\n\n#Ado\u00e7\u00e3oRespons\u00e1vel #GatosParaAdo\u00e7\u00e3o #\u00c1lvaroDeCarvalho #AdoteUmGatinho #Gar\u00e7aSP #CausaAnimal @ajudeumanimal.garcasp","jetpack_publicize_feature_enabled":true,"jetpack_social_post_already_shared":false,"jetpack_social_options":{"image_generator_settings":{"template":"highway","default_image_id":0,"enabled":false},"version":2},"_wpas_customize_per_network":false,"jetpack_post_was_ever_published":false},"categories":[29815376,26891317],"tags":[],"class_list":["post-4223","post","type-post","status-publish","format-standard","has-post-thumbnail","hentry","category-alvaro-de-carvalho","category-causa-animal"],"jetpack_publicize_connections":[],"jetpack_likes_enabled":true,"jetpack_sharing_enabled":true,"jetpack_shortlink":"https:\/\/wp.me\/pgitne-167","jetpack-related-posts":[{"id":2806,"url":"https:\/\/diariodegarca.com\/?p=2806","url_meta":{"origin":4223,"position":0},"title":"No dia do Gato, Adote um Miau: transforme vidas com um gesto de amor","author":"Di\u00e1rio de Gar\u00e7a","date":"17 de fevereiro de 2025","format":false,"excerpt":"Hoje, 17 de fevereiro, celebramos o Dia do Gato, uma data perfeita para refletir sobre o bem-estar dos felinos e incentivar a ado\u00e7\u00e3o respons\u00e1vel. No Brasil, cerca de 10 milh\u00f5es de gatos vivem em situa\u00e7\u00e3o de abandono, segundo a OMS. Muitos desses animais esperam apenas uma chance para oferecer amor\u2026","rel":"","context":"Em &quot;Brasil&quot;","block_context":{"text":"Brasil","link":"https:\/\/diariodegarca.com\/?cat=38185"},"img":{"alt_text":"","src":"","width":0,"height":0},"classes":[]},{"id":2122,"url":"https:\/\/diariodegarca.com\/?p=2122","url_meta":{"origin":4223,"position":1},"title":"C\u00e3es e gatos est\u00e3o dispon\u00edveis para ado\u00e7\u00e3o respons\u00e1vel em Gar\u00e7a","author":"Di\u00e1rio de Gar\u00e7a","date":"13 de maio de 2025","format":false,"excerpt":"Em um esfor\u00e7o volunt\u00e1rio para proteger e garantir o bem-estar dos animais no munic\u00edpio de Gar\u00e7a, o projeto\u00a0\"Adote Um Animal Gar\u00e7a\"\u00a0tem se destacado como uma iniciativa fundamental para conectar animais resgatados e futuros tutores.\u00a0Desde sua cria\u00e7\u00e3o, em mar\u00e7o deste ano,\u00a022 gatos e 17 cachorros\u00a0j\u00e1 encontraram lares amorosos, com a ajuda\u2026","rel":"","context":"Em &quot;Brasil&quot;","block_context":{"text":"Brasil","link":"https:\/\/diariodegarca.com\/?cat=38185"},"img":{"alt_text":"","src":"https:\/\/i0.wp.com\/blogger.googleusercontent.com\/img\/b\/R29vZ2xl\/AVvXsEhXI0RpF5aExwhzmr82sm3zX5FflDlsItblePJaeScbFSlDuYOvr3ZZbQ2FWaeAEjcvf0xOYiKHUqsC_av2GegOro4l7v-gLvvzzk328be93NMREvRiLGeP6t1-QOoEUr1JYkThJnCK_vIgF7xJa3reK3rId88CKHFaKHlRCrV6_RyT2NOxwpV2kb0B4LU\/s320\/gato.jpg?resize=350%2C200&ssl=1","width":350,"height":200},"classes":[]},{"id":2847,"url":"https:\/\/diariodegarca.com\/?p=2847","url_meta":{"origin":4223,"position":2},"title":"Gatinhos dispon\u00edveis para ado\u00e7\u00e3o respons\u00e1vel \ud83d\udc3e","author":"Di\u00e1rio de Gar\u00e7a","date":"12 de fevereiro de 2025","format":false,"excerpt":"Na pr\u00f3xima segunda-feira, dia 17 de fevereiro, \u00e9 comemorado o Dia Mundial do Gato \ud83d\udc31, uma data especial para celebrar esses felinos que conquistam cora\u00e7\u00f5es com sua personalidade \u00fanica, charme e carinho.\u00a0Embora conhecidos pela sua independ\u00eancia, os gatos tamb\u00e9m s\u00e3o extremamente d\u00f3ceis e apegados aos seus tutores, desmistificando a ideia\u2026","rel":"","context":"Em &quot;Brasil&quot;","block_context":{"text":"Brasil","link":"https:\/\/diariodegarca.com\/?cat=38185"},"img":{"alt_text":"","src":"","width":0,"height":0},"classes":[]},{"id":2763,"url":"https:\/\/diariodegarca.com\/?p=2763","url_meta":{"origin":4223,"position":3},"title":"Gatinhos resgatados buscam um lar amoroso","author":"Di\u00e1rio de Gar\u00e7a","date":"23 de fevereiro de 2025","format":false,"excerpt":"O abandono de animais \u00e9 uma realidade cruel, mas, para esses pequenos guerreiros, um novo cap\u00edtulo pode come\u00e7ar agora.\u00a0Encontrados ainda rec\u00e9m-nascidos, descartados dentro de uma sacola como se fossem lixo, esses filhotes desafiaram as probabilidades e lutaram pela vida. Gra\u00e7as ao cuidado e dedica\u00e7\u00e3o de pessoas comprometidas com o bem-estar\u2026","rel":"","context":"Em &quot;Brasil&quot;","block_context":{"text":"Brasil","link":"https:\/\/diariodegarca.com\/?cat=38185"},"img":{"alt_text":"","src":"","width":0,"height":0},"classes":[]},{"id":2697,"url":"https:\/\/diariodegarca.com\/?p=2697","url_meta":{"origin":4223,"position":4},"title":"Quatro filhotes abandonados precisam de um lar respons\u00e1vel","author":"Di\u00e1rio de Gar\u00e7a","date":"5 de mar\u00e7o de 2025","format":false,"excerpt":"No dia 28 de fevereiro, a Funda\u00e7\u00e3o EcoBrasil foi surpreendida por um ato de abandono: quatro gatinhos foram deixados no port\u00e3o da institui\u00e7\u00e3o, sem qualquer cuidado ou explica\u00e7\u00e3o. Apesar da situa\u00e7\u00e3o delicada, a equipe agiu rapidamente e constatou que os filhotes, embora muito jovens, est\u00e3o saud\u00e1veis. Agora, ap\u00f3s os primeiros\u2026","rel":"","context":"Em &quot;Brasil&quot;","block_context":{"text":"Brasil","link":"https:\/\/diariodegarca.com\/?cat=38185"},"img":{"alt_text":"","src":"","width":0,"height":0},"classes":[]},{"id":2295,"url":"https:\/\/diariodegarca.com\/?p=2295","url_meta":{"origin":4223,"position":5},"title":"Cachorrinha busca um lar ou ajuda para custear hotel pet","author":"Di\u00e1rio de Gar\u00e7a","date":"20 de abril de 2025","format":false,"excerpt":"Uma cachorrinha filhote, que possu\u00eda uma fam\u00edlia, mas foi cruelmente abandonada, passou dias sob uma lixeira, dependendo da bondade de um morador que lhe oferecia comida todas as noites. Apesar da desnutri\u00e7\u00e3o e dos riscos das ruas \u2013 como atropelamentos e doen\u00e7as \u2013, a pequena mant\u00e9m um temperamento d\u00f3cil e\u2026","rel":"","context":"Em &quot;Brasil&quot;","block_context":{"text":"Brasil","link":"https:\/\/diariodegarca.com\/?cat=38185"},"img":{"alt_text":"","src":"https:\/\/i0.wp.com\/blogger.googleusercontent.com\/img\/b\/R29vZ2xl\/AVvXsEgEpKGjhGyh8GV9x1pt6SGhKYEjVKxnvrWpxUULsJvDu55d9c16y0iQnVp3Rq5726hK30cGWuTh2pDntdTYM8zmKC5IYjLqGkXNC7bSpqZocFJHTVz_Vh-fIHM_J2jMwBci7kgLU77BUGo1KFA4oXUGup8MP0HaVawViHZGcdglLkw9VtF_Ugx1mKjZwL0\/s320\/1745154651013110-0.jpg?resize=350%2C200&ssl=1","width":350,"height":200},"classes":[]}],"jetpack_featured_media_url":"https:\/\/i0.wp.com\/diariodegarca.com\/wp-content\/uploads\/2025\/06\/design-sem-nome-2.png?fit=1404%2C980&ssl=1","_links":{"self":[{"href":"https:\/\/diariodegarca.com\/index.php?rest_route=\/wp\/v2\/posts\/4223","targetHints":{"allow":["GET"]}}],"collection":[{"href":"https:\/\/diariodegarca.com\/index.php?rest_route=\/wp\/v2\/posts"}],"about":[{"href":"https:\/\/diariodegarca.com\/index.php?rest_route=\/wp\/v2\/types\/post"}],"author":[{"embeddable":true,"href":"https:\/\/diariodegarca.com\/index.php?rest_route=\/wp\/v2\/users\/260896546"}],"replies":[{"embeddable":true,"href":"https:\/\/diariodegarca.com\/index.php?rest_route=%2Fwp%2Fv2%2Fcomments&post=4223"}],"version-history":[{"count":6,"href":"https:\/\/diariodegarca.com\/index.php?rest_route=\/wp\/v2\/posts\/4223\/revisions"}],"predecessor-version":[{"id":4238,"href":"https:\/\/diariodegarca.com\/index.php?rest_route=\/wp\/v2\/posts\/4223\/revisions\/4238"}],"wp:featuredmedia":[{"embeddable":true,"href":"https:\/\/diariodegarca.com\/index.php?rest_route=\/wp\/v2\/media\/4228"}],"wp:attachment":[{"href":"https:\/\/diariodegarca.com\/index.php?rest_route=%2Fwp%2Fv2%2Fmedia&parent=4223"}],"wp:term":[{"taxonomy":"category","embeddable":true,"href":"https:\/\/diariodegarca.com\/index.php?rest_route=%2Fwp%2Fv2%2Fcategories&post=4223"},{"taxonomy":"post_tag","embeddable":true,"href":"https:\/\/diariodegarca.com\/index.php?rest_route=%2Fwp%2Fv2%2Ftags&post=4223"}],"curies":[{"name":"wp","href":"https:\/\/api.w.org\/{rel}","templated":true}]}}