{"id":4239,"date":"2025-06-25T14:01:01","date_gmt":"2025-06-25T17:01:01","guid":{"rendered":"https:\/\/diariodegarca.com\/?p=4239"},"modified":"2025-06-25T14:01:01","modified_gmt":"2025-06-25T17:01:01","slug":"campanha-de-vacinacao-contra-brucelose-em-sao-paulo-se-encerra-em-30-de-junho","status":"publish","type":"post","link":"https:\/\/diariodegarca.com\/?p=4239","title":{"rendered":"Campanha de vacina\u00e7\u00e3o contra brucelose em S\u00e3o Paulo se encerra em 30 de junho"},"content":{"rendered":"\n<p class=\"wp-block-paragraph\"><em>Produtores devem imunizar f\u00eameas bovinas e bubalinas de 3 a 8 meses para evitar restri\u00e7\u00f5es \u00e0 movimenta\u00e7\u00e3o do rebanho<\/em><\/p>\n\n\n\n<p class=\"wp-block-paragraph\">A Coordenadoria de Defesa Agropecu\u00e1ria (CDA), vinculada \u00e0 Secretaria de Agricultura e Abastecimento do Estado de S\u00e3o Paulo, alerta os produtores rurais sobre o encerramento do primeiro per\u00edodo da campanha de vacina\u00e7\u00e3o contra a Brucelose. A partir da pr\u00f3xima segunda-feira,\u00a0<strong>30 de junho<\/strong>, propriedades que n\u00e3o cumprirem a imuniza\u00e7\u00e3o ter\u00e3o a movimenta\u00e7\u00e3o de bov\u00eddeos suspensa at\u00e9 regulariza\u00e7\u00e3o.<\/p>\n\n\n\n<p class=\"wp-block-paragraph\">A medida segue as determina\u00e7\u00f5es da&nbsp;<strong>Resolu\u00e7\u00e3o SAA n\u00ba 78\/24<\/strong>&nbsp;e das&nbsp;<strong>Portarias 33\/24 e 34\/24<\/strong>, que estabelecem a vacina\u00e7\u00e3o obrigat\u00f3ria durante todo o ano. O foco s\u00e3o f\u00eameas bovinas e bubalinas com idade entre&nbsp;<strong>3 e 8 meses<\/strong>, grupo mais vulner\u00e1vel \u00e0 doen\u00e7a.<\/p>\n\n\n\n<p class=\"wp-block-paragraph\"><strong>Consequ\u00eancias do Descumprimento<\/strong><br>A CDA refor\u00e7a que a n\u00e3o vacina\u00e7\u00e3o dentro do prazo acarretar\u00e1 em:<\/p>\n\n\n\n<ul class=\"wp-block-list\">\n<li><strong>Bloqueio da emiss\u00e3o de Guias de Tr\u00e2nsito Animal (GTA)<\/strong>\u00a0para a propriedade;<\/li>\n\n\n\n<li><strong>Restri\u00e7\u00e3o de venda e transporte<\/strong>\u00a0de animais at\u00e9 a regulariza\u00e7\u00e3o.<\/li>\n<\/ul>\n\n\n\n<p class=\"wp-block-paragraph\">A suspens\u00e3o s\u00f3 ser\u00e1 revertida ap\u00f3s a vacina\u00e7\u00e3o ser comprovada nas unidades da Defesa Agropecu\u00e1ria.<\/p>\n\n\n\n<p class=\"wp-block-paragraph\"><strong>Sobre a Brucelose<\/strong><br>Doen\u00e7a bacteriana que causa abortos em f\u00eameas e infertilidade em machos, a Brucelose impacta a produtividade e gera preju\u00edzos econ\u00f4micos. A vacina\u00e7\u00e3o \u00e9 a principal forma de controle.<\/p>\n","protected":false},"excerpt":{"rendered":"<p>Produtores devem imunizar f\u00eameas bovinas e bubalinas de 3 a 8 meses para evitar restri\u00e7\u00f5es \u00e0 movimenta\u00e7\u00e3o do rebanho A Coordenadoria de Defesa Agropecu\u00e1ria (CDA), vinculada \u00e0 Secretaria de Agricultura e Abastecimento do Estado de S\u00e3o Paulo, alerta os produtores rurais sobre o encerramento do primeiro per\u00edodo da campanha de vacina\u00e7\u00e3o contra a Brucelose. A [&hellip;]<\/p>\n","protected":false},"author":260896546,"featured_media":0,"comment_status":"open","ping_status":"open","sticky":false,"template":"","format":"standard","meta":{"_crdt_document":"","_monsterinsights_skip_tracking":false,"_monsterinsights_sitenote_active":false,"_monsterinsights_sitenote_note":"","_monsterinsights_sitenote_category":0,"advanced_seo_description":"","jetpack_seo_html_title":"","jetpack_seo_noindex":false,"_jetpack_newsletter_access":"","_jetpack_dont_email_post_to_subs":false,"_jetpack_newsletter_tier_id":0,"_jetpack_memberships_contains_paywalled_content":false,"_jetpack_memberships_contains_paid_content":false,"footnotes":"","jetpack_publicize_message":"\ud83d\udce2 Vacina\u00e7\u00e3o contra Brucelose encerra em 30\/06\n\nAten\u00e7\u00e3o, pecuaristas! \ud83d\udc04\ud83d\udc89 O prazo para vacinar f\u00eameas bovinas e bubalinas (3 a 8 meses) contra a Brucelose termina segunda-feira (30\/06). Quem n\u00e3o cumprir ter\u00e1 a movimenta\u00e7\u00e3o do rebanho bloqueada at\u00e9 regularizar.\n\n\u2714\ufe0f Evite multas e preju\u00edzos!\n\u2714\ufe0f Vacine agora e garanta a sanidade do seu rebanho.\n\n\ud83d\udccc Saiba mais: diariodegarca.com\n\n#DefesaAgropecu\u00e1riaSP #SanidadeAnimal #Brucelose #Pecu\u00e1riaSP #AgriculturaSP @defesaagropecuariasp","jetpack_publicize_feature_enabled":true,"jetpack_social_post_already_shared":false,"jetpack_social_options":{"image_generator_settings":{"template":"highway","default_image_id":0,"enabled":false},"version":2},"_wpas_customize_per_network":false,"jetpack_post_was_ever_published":false},"categories":[38185,1268075],"tags":[],"class_list":["post-4239","post","type-post","status-publish","format-standard","hentry","category-brasil","category-pecuaria"],"jetpack_publicize_connections":[],"jetpack_featured_media_url":"","jetpack_likes_enabled":true,"jetpack_sharing_enabled":true,"jetpack_shortlink":"https:\/\/wp.me\/pgitne-16n","jetpack-related-posts":[{"id":4385,"url":"https:\/\/diariodegarca.com\/?p=4385","url_meta":{"origin":4239,"position":0},"title":"Segunda etapa da campanha contra a Brucelose come\u00e7a no Estado de S\u00e3o Paulo","author":"Di\u00e1rio de Gar\u00e7a","date":"2 de julho de 2025","format":false,"excerpt":"Vacina\u00e7\u00e3o obrigat\u00f3ria vai at\u00e9 31 de dezembro e abrange f\u00eameas bovinas e bubalinas de 3 a 8 meses de idade Teve in\u00edcio nesta ter\u00e7a-feira, 1\u00ba de julho, a segunda etapa da campanha de vacina\u00e7\u00e3o contra a Brucelose no Estado de S\u00e3o Paulo. A a\u00e7\u00e3o segue at\u00e9 31 de dezembro de\u2026","rel":"","context":"Em &quot;Pecu\u00e1ria&quot;","block_context":{"text":"Pecu\u00e1ria","link":"https:\/\/diariodegarca.com\/?cat=1268075"},"img":{"alt_text":"","src":"https:\/\/i0.wp.com\/diariodegarca.com\/wp-content\/uploads\/2025\/07\/1751372717aitplu3wguzpugomcvazwa8lpnyztjgfl9s9em7c.jpeg?fit=700%2C466&ssl=1&resize=350%2C200","width":350,"height":200,"srcset":"https:\/\/i0.wp.com\/diariodegarca.com\/wp-content\/uploads\/2025\/07\/1751372717aitplu3wguzpugomcvazwa8lpnyztjgfl9s9em7c.jpeg?fit=700%2C466&ssl=1&resize=350%2C200 1x, https:\/\/i0.wp.com\/diariodegarca.com\/wp-content\/uploads\/2025\/07\/1751372717aitplu3wguzpugomcvazwa8lpnyztjgfl9s9em7c.jpeg?fit=700%2C466&ssl=1&resize=525%2C300 1.5x, https:\/\/i0.wp.com\/diariodegarca.com\/wp-content\/uploads\/2025\/07\/1751372717aitplu3wguzpugomcvazwa8lpnyztjgfl9s9em7c.jpeg?fit=700%2C466&ssl=1&resize=700%2C400 2x"},"classes":[]},{"id":3349,"url":"https:\/\/diariodegarca.com\/?p=3349","url_meta":{"origin":4239,"position":1},"title":"Vacina\u00e7\u00e3o antirr\u00e1bica no Jardim Sol Nascente, em Gar\u00e7a, neste s\u00e1bado","author":"Di\u00e1rio de Gar\u00e7a","date":"23 de maio de 2025","format":false,"excerpt":"Neste s\u00e1bado,\u00a024 de maio, a regi\u00e3o oeste de\u00a0Gar\u00e7a\u00a0recebe mais uma\u00a0a\u00e7\u00e3o de vacina\u00e7\u00e3o antirr\u00e1bica, desta vez no\u00a0Centro Comunit\u00e1rio do Jardim Sol Nascente, das\u00a014h \u00e0s 17h. Ser\u00e3o disponibilizadas\u00a0150 doses\u00a0para c\u00e3es e gatos, refor\u00e7ando a preven\u00e7\u00e3o contra essa doen\u00e7a grave e fatal. Por que vacinar? A\u00a0raiva\u00a0\u00e9 uma\u00a0zoonose\u00a0que afeta tanto animais quanto humanos, com\u2026","rel":"","context":"Em &quot;Causa animal&quot;","block_context":{"text":"Causa animal","link":"https:\/\/diariodegarca.com\/?cat=26891317"},"img":{"alt_text":"","src":"","width":0,"height":0},"classes":[]},{"id":6919,"url":"https:\/\/diariodegarca.com\/?p=6919","url_meta":{"origin":4239,"position":2},"title":"Vacina\u00e7\u00e3o antirr\u00e1bica no Labien\u00f3polis, em Gar\u00e7a, neste s\u00e1bado","author":"Di\u00e1rio de Gar\u00e7a","date":"19 de setembro de 2025","format":false,"excerpt":"Vacina\u00e7\u00e3o acontece ao lado da USF do bairro, leve seu animal na coleira ou caixa de transporte. Neste s\u00e1bado,\u00a024 de setembro, o bairro Labien\u00f3polis\u00a0recebe uma\u00a0a\u00e7\u00e3o de vacina\u00e7\u00e3o antirr\u00e1bica, com posto volante localizado ao lado da Unidade de Sa\u00fade da Fam\u00edlia Jurandir Ubirajara Guimar\u00e3es, conhecida popularmente como USF Labien\u00f3polis, que est\u00e1\u2026","rel":"","context":"Em &quot;Causa animal&quot;","block_context":{"text":"Causa animal","link":"https:\/\/diariodegarca.com\/?cat=26891317"},"img":{"alt_text":"","src":"https:\/\/i0.wp.com\/diariodegarca.com\/wp-content\/uploads\/2025\/09\/vista-frontal-de-veterinaria-injetando-cachorrinho-na-parede-amarela.jpg?fit=1200%2C801&ssl=1&resize=350%2C200","width":350,"height":200,"srcset":"https:\/\/i0.wp.com\/diariodegarca.com\/wp-content\/uploads\/2025\/09\/vista-frontal-de-veterinaria-injetando-cachorrinho-na-parede-amarela.jpg?fit=1200%2C801&ssl=1&resize=350%2C200 1x, https:\/\/i0.wp.com\/diariodegarca.com\/wp-content\/uploads\/2025\/09\/vista-frontal-de-veterinaria-injetando-cachorrinho-na-parede-amarela.jpg?fit=1200%2C801&ssl=1&resize=525%2C300 1.5x, https:\/\/i0.wp.com\/diariodegarca.com\/wp-content\/uploads\/2025\/09\/vista-frontal-de-veterinaria-injetando-cachorrinho-na-parede-amarela.jpg?fit=1200%2C801&ssl=1&resize=700%2C400 2x, https:\/\/i0.wp.com\/diariodegarca.com\/wp-content\/uploads\/2025\/09\/vista-frontal-de-veterinaria-injetando-cachorrinho-na-parede-amarela.jpg?fit=1200%2C801&ssl=1&resize=1050%2C600 3x"},"classes":[]},{"id":5752,"url":"https:\/\/diariodegarca.com\/?p=5752","url_meta":{"origin":4239,"position":3},"title":"Vacina antirr\u00e1bica em gel para morcegos pode revolucionar controle da raiva","author":"Di\u00e1rio de Gar\u00e7a","date":"19 de agosto de 2025","format":false,"excerpt":"Pesquisa da Universidade do Wisconsin testa m\u00e9todo que utiliza o comportamento social dos morcegos-vampiros para distribuir a vacina em col\u00f4nias silvestres Um estudo pioneiro da\u00a0Universidade do Wisconsin, nos Estados Unidos, pode transformar a forma como a raiva \u00e9 controlada em morcegos, animais que atuam como principais transmissores da doen\u00e7a para\u2026","rel":"","context":"Em &quot;Causa animal&quot;","block_context":{"text":"Causa animal","link":"https:\/\/diariodegarca.com\/?cat=26891317"},"img":{"alt_text":"","src":"https:\/\/i0.wp.com\/diariodegarca.com\/wp-content\/uploads\/2025\/08\/fb9b92892a2ec4e2b0bcf17adde997e96c843b6b_300-200cropped.jpg?fit=300%2C200&ssl=1&resize=350%2C200","width":350,"height":200},"classes":[]},{"id":2271,"url":"https:\/\/diariodegarca.com\/?p=2271","url_meta":{"origin":4239,"position":4},"title":"Vacina\u00e7\u00e3o antirr\u00e1bica em Jafa nesse final de semana","author":"Di\u00e1rio de Gar\u00e7a","date":"25 de abril de 2025","format":false,"excerpt":"Jafa ter\u00e1\u00a0a\u00e7\u00e3o de vacina\u00e7\u00e3o antirr\u00e1bica para c\u00e3es e gatos nesse final de semana, s\u00e1bado, das 14h \u00e0s 17h, na Unidade de Sa\u00fade da Fam\u00edlia (USF) do Distrito.A iniciativa tem o objetivo de proteger n\u00e3o apenas os animais, mas tamb\u00e9m a popula\u00e7\u00e3o, j\u00e1 que a raiva \u00e9 uma zoonose grave, com\u2026","rel":"","context":"Em &quot;Brasil&quot;","block_context":{"text":"Brasil","link":"https:\/\/diariodegarca.com\/?cat=38185"},"img":{"alt_text":"","src":"https:\/\/i0.wp.com\/blogger.googleusercontent.com\/img\/b\/R29vZ2xl\/AVvXsEjksF8ymtidHffsFeQIBPnQB0uTVH-gH3dNW9yXk959ZzRWr488o1m8jqxSFQWvuvz3hU-3H2_aDH6W1uB9s-xVjpoma-Xqo7dSW9a_YO7TpH8ves-wk9p0HpZ_w9GvWD8MNiTDJi22ymKCiapW3R45FSsOoEzMJQldIBYWwiDrsWv0_Os4KRzygcn5cG0\/s320\/cat-is-being-given-injection.jpg?resize=350%2C200&ssl=1","width":350,"height":200},"classes":[]},{"id":4328,"url":"https:\/\/diariodegarca.com\/?p=4328","url_meta":{"origin":4239,"position":5},"title":"Julho Amarelo: m\u00eas de conscientiza\u00e7\u00e3o sobre hepatites virais","author":"Di\u00e1rio de Gar\u00e7a","date":"1 de julho de 2025","format":false,"excerpt":"Campanha alerta para a import\u00e2ncia do diagn\u00f3stico precoce e da preven\u00e7\u00e3o de doen\u00e7as que evoluem sem sintomas O\u00a0Julho Amarelo\u00a0\u00e9 uma campanha dedicada \u00e0 conscientiza\u00e7\u00e3o sobre as\u00a0hepatites virais\u00a0e outras\u00a0doen\u00e7as silenciosas, que muitas vezes evoluem sem apresentar sintomas at\u00e9 est\u00e1gios avan\u00e7ados. A iniciativa busca\u00a0informar a popula\u00e7\u00e3o sobre preven\u00e7\u00e3o, diagn\u00f3stico e tratamento, reduzindo\u2026","rel":"","context":"Em &quot;Campanha mensal&quot;","block_context":{"text":"Campanha mensal","link":"https:\/\/diariodegarca.com\/?cat=582590134"},"img":{"alt_text":"","src":"https:\/\/i0.wp.com\/diariodegarca.com\/wp-content\/uploads\/2025\/07\/paciente-contando-ao-medico-sobre-sua-dor-e-problemas-de-saude-durante-visita-ao-hospital-jovem-mulher-reclamando-de-dor-nas-costas-ou-nos-rins-enquanto-esta-sentada-na-cama-de-exame-no-.jpg?fit=1200%2C800&ssl=1&resize=350%2C200","width":350,"height":200,"srcset":"https:\/\/i0.wp.com\/diariodegarca.com\/wp-content\/uploads\/2025\/07\/paciente-contando-ao-medico-sobre-sua-dor-e-problemas-de-saude-durante-visita-ao-hospital-jovem-mulher-reclamando-de-dor-nas-costas-ou-nos-rins-enquanto-esta-sentada-na-cama-de-exame-no-.jpg?fit=1200%2C800&ssl=1&resize=350%2C200 1x, https:\/\/i0.wp.com\/diariodegarca.com\/wp-content\/uploads\/2025\/07\/paciente-contando-ao-medico-sobre-sua-dor-e-problemas-de-saude-durante-visita-ao-hospital-jovem-mulher-reclamando-de-dor-nas-costas-ou-nos-rins-enquanto-esta-sentada-na-cama-de-exame-no-.jpg?fit=1200%2C800&ssl=1&resize=525%2C300 1.5x, https:\/\/i0.wp.com\/diariodegarca.com\/wp-content\/uploads\/2025\/07\/paciente-contando-ao-medico-sobre-sua-dor-e-problemas-de-saude-durante-visita-ao-hospital-jovem-mulher-reclamando-de-dor-nas-costas-ou-nos-rins-enquanto-esta-sentada-na-cama-de-exame-no-.jpg?fit=1200%2C800&ssl=1&resize=700%2C400 2x, https:\/\/i0.wp.com\/diariodegarca.com\/wp-content\/uploads\/2025\/07\/paciente-contando-ao-medico-sobre-sua-dor-e-problemas-de-saude-durante-visita-ao-hospital-jovem-mulher-reclamando-de-dor-nas-costas-ou-nos-rins-enquanto-esta-sentada-na-cama-de-exame-no-.jpg?fit=1200%2C800&ssl=1&resize=1050%2C600 3x"},"classes":[]}],"_links":{"self":[{"href":"https:\/\/diariodegarca.com\/index.php?rest_route=\/wp\/v2\/posts\/4239","targetHints":{"allow":["GET"]}}],"collection":[{"href":"https:\/\/diariodegarca.com\/index.php?rest_route=\/wp\/v2\/posts"}],"about":[{"href":"https:\/\/diariodegarca.com\/index.php?rest_route=\/wp\/v2\/types\/post"}],"author":[{"embeddable":true,"href":"https:\/\/diariodegarca.com\/index.php?rest_route=\/wp\/v2\/users\/260896546"}],"replies":[{"embeddable":true,"href":"https:\/\/diariodegarca.com\/index.php?rest_route=%2Fwp%2Fv2%2Fcomments&post=4239"}],"version-history":[{"count":3,"href":"https:\/\/diariodegarca.com\/index.php?rest_route=\/wp\/v2\/posts\/4239\/revisions"}],"predecessor-version":[{"id":4243,"href":"https:\/\/diariodegarca.com\/index.php?rest_route=\/wp\/v2\/posts\/4239\/revisions\/4243"}],"wp:attachment":[{"href":"https:\/\/diariodegarca.com\/index.php?rest_route=%2Fwp%2Fv2%2Fmedia&parent=4239"}],"wp:term":[{"taxonomy":"category","embeddable":true,"href":"https:\/\/diariodegarca.com\/index.php?rest_route=%2Fwp%2Fv2%2Fcategories&post=4239"},{"taxonomy":"post_tag","embeddable":true,"href":"https:\/\/diariodegarca.com\/index.php?rest_route=%2Fwp%2Fv2%2Ftags&post=4239"}],"curies":[{"name":"wp","href":"https:\/\/api.w.org\/{rel}","templated":true}]}}