{"id":4282,"date":"2025-06-27T15:15:40","date_gmt":"2025-06-27T18:15:40","guid":{"rendered":"https:\/\/diariodegarca.com\/?p=4282"},"modified":"2025-06-27T15:16:11","modified_gmt":"2025-06-27T18:16:11","slug":"concurso-silvio-romero-2025-premia-pesquisas-sobre-cultura-popular-e-folclore-brasileiro","status":"publish","type":"post","link":"https:\/\/diariodegarca.com\/?p=4282","title":{"rendered":"Concurso S\u00edlvio Romero 2025 premia pesquisas sobre cultura popular e folclore brasileiro"},"content":{"rendered":"\n<p class=\"wp-block-paragraph\"><em><em>Iniciativa do Iphan busca fomentar estudos in\u00e9ditos sobre tradi\u00e7\u00f5es culturais do pa\u00eds<\/em><\/em><\/p>\n\n\n\n<p class=\"wp-block-paragraph\">O&nbsp;<strong>Centro Nacional de Folclore e Cultura Popular (CNFCP\/Iphan)<\/strong>&nbsp;abriu as inscri\u00e7\u00f5es para a edi\u00e7\u00e3o 2025 do&nbsp;<strong>Concurso S\u00edlvio Romero de Monografias sobre Folclore e Cultura Popular<\/strong>. As inscri\u00e7\u00f5es, gratuitas e exclusivamente online, v\u00e3o at\u00e9&nbsp;<strong>27 de julho<\/strong>&nbsp;e devem ser realizadas por meio da plataforma&nbsp;<strong>gov.br<\/strong>.<\/p>\n\n\n\n<p class=\"wp-block-paragraph\"><strong>Premia\u00e7\u00e3o<\/strong><br>Os tr\u00eas melhores trabalhos receber\u00e3o premia\u00e7\u00f5es em dinheiro, isentas de impostos:<\/p>\n\n\n\n<ul class=\"wp-block-list\">\n<li><strong>1\u00ba lugar<\/strong>: R$ 25 mil<\/li>\n\n\n\n<li><strong>2\u00ba lugar<\/strong>: R$ 20 mil<\/li>\n\n\n\n<li><strong>3\u00ba lugar<\/strong>: R$ 15 mil<\/li>\n<\/ul>\n\n\n\n<p class=\"wp-block-paragraph\">Al\u00e9m disso, at\u00e9 tr\u00eas men\u00e7\u00f5es honrosas poder\u00e3o ser concedidas pela Comiss\u00e3o Especial de Sele\u00e7\u00e3o.<\/p>\n\n\n\n<p class=\"wp-block-paragraph\"><strong>Quem pode participar?<\/strong><br>Pessoas f\u00edsicas,&nbsp;<strong>brasileiras natas, naturalizadas ou estrangeiras residentes no Brasil<\/strong>, sem exig\u00eancia de forma\u00e7\u00e3o acad\u00eamica pr\u00e9via. Os trabalhos devem ser&nbsp;<strong>in\u00e9ditos<\/strong>, com tem\u00e1tica voltada ao folclore e \u00e0 cultura popular, escritos em portugu\u00eas e submetidos em formato&nbsp;<strong>PDF<\/strong>, sob pseud\u00f4nimo.<\/p>\n\n\n\n<p class=\"wp-block-paragraph\"><strong>Crit\u00e9rios de avalia\u00e7\u00e3o<\/strong><br>As monografias ser\u00e3o julgadas por especialistas com base em:<\/p>\n\n\n\n<ul class=\"wp-block-list\">\n<li>Originalidade e contribui\u00e7\u00e3o te\u00f3rica<\/li>\n\n\n\n<li>Consist\u00eancia argumentativa<\/li>\n\n\n\n<li>Dom\u00ednio de bibliografia especializada<\/li>\n\n\n\n<li>Qualidade da pesquisa de campo ou bibliogr\u00e1fica<\/li>\n<\/ul>\n\n\n\n<p class=\"wp-block-paragraph\"><strong>Cronograma<\/strong><\/p>\n\n\n\n<ul class=\"wp-block-list\">\n<li><strong>Inscri\u00e7\u00f5es<\/strong>: 26 de junho a 27 de julho<\/li>\n\n\n\n<li><strong>Resultado preliminar<\/strong>: 28 de novembro<\/li>\n\n\n\n<li><strong>Per\u00edodo de recursos<\/strong>: 1\u00ba a 3 de dezembro<\/li>\n\n\n\n<li><strong>Resultado final<\/strong>: 5 de dezembro<\/li>\n<\/ul>\n\n\n\n<p class=\"wp-block-paragraph\">Os vencedores ter\u00e3o seus trabalhos disponibilizados para consulta na&nbsp;<strong>Biblioteca Amadeu Amaral (CNFCP)<\/strong>&nbsp;e ser\u00e3o convidados a participar de rodas de conversa promovidas pelo Iphan.<\/p>\n\n\n\n<p class=\"wp-block-paragraph\"><strong>Links importantes<\/strong><\/p>\n\n\n\n<ul class=\"wp-block-list\">\n<li><a href=\"https:\/\/www.gov.br\/iphan\/pt-br\/unidades-especiais\/centro-nacional-de-folclore-e-cultura-popular\/sei_iphan-6428920-edital-silvio-romero-2025.pdf\" target=\"_blank\" rel=\"noreferrer noopener\">Edital completo<\/a><\/li>\n\n\n\n<li><a href=\"https:\/\/inscricoes.iphan.gov.br\/login\" target=\"_blank\" rel=\"noreferrer noopener\">Formul\u00e1rio de inscri\u00e7\u00e3o<\/a><\/li>\n<\/ul>\n\n\n\n<p class=\"wp-block-paragraph\"><strong>D\u00favidas<\/strong><\/p>\n\n\n\n<ul class=\"wp-block-list\">\n<li>E-mail:\u00a0<strong><a href=\"https:\/\/mailto:concurso.cnfcp@iphan.gov.br\/\" target=\"_blank\" rel=\"noreferrer noopener\">concurso.cnfcp@iphan.gov.br<\/a><\/strong><\/li>\n\n\n\n<li>Telefones:\u00a0<strong>(21) 3032-6022 \/ (21) 3032-6021<\/strong><\/li>\n\n\n\n<li>Atendimento presencial:\u00a0<strong>Rua do Catete, 179 \u2013 Catete, Rio de Janeiro\/RJ<\/strong><\/li>\n<\/ul>\n","protected":false},"excerpt":{"rendered":"<p>Iniciativa do Iphan busca fomentar estudos in\u00e9ditos sobre tradi\u00e7\u00f5es culturais do pa\u00eds O&nbsp;Centro Nacional de Folclore e Cultura Popular (CNFCP\/Iphan)&nbsp;abriu as inscri\u00e7\u00f5es para a edi\u00e7\u00e3o 2025 do&nbsp;Concurso S\u00edlvio Romero de Monografias sobre Folclore e Cultura Popular. As inscri\u00e7\u00f5es, gratuitas e exclusivamente online, v\u00e3o at\u00e9&nbsp;27 de julho&nbsp;e devem ser realizadas por meio da plataforma&nbsp;gov.br. Premia\u00e7\u00e3oOs tr\u00eas [&hellip;]<\/p>\n","protected":false},"author":260896546,"featured_media":0,"comment_status":"open","ping_status":"open","sticky":false,"template":"","format":"standard","meta":{"_crdt_document":"","_monsterinsights_skip_tracking":false,"_monsterinsights_sitenote_active":false,"_monsterinsights_sitenote_note":"","_monsterinsights_sitenote_category":0,"advanced_seo_description":"","jetpack_seo_html_title":"","jetpack_seo_noindex":false,"_jetpack_newsletter_access":"","_jetpack_dont_email_post_to_subs":false,"_jetpack_newsletter_tier_id":0,"_jetpack_memberships_contains_paywalled_content":false,"_jetpack_memberships_contains_paid_content":false,"footnotes":"","jetpack_publicize_message":"\ud83c\udf89 Concurso S\u00edlvio Romero 2025 est\u00e1 com inscri\u00e7\u00f5es abertas!\n\nO IPHAN est\u00e1 premiando as melhores pesquisas sobre cultura popular e folclore brasileiro com:\n\ud83e\udd47 R$ 25 mil | \ud83e\udd48 R$ 20 mil | \ud83e\udd49 R$ 15 mil (+ men\u00e7\u00f5es honrosas)\n\n\ud83d\udcc5 Inscri\u00e7\u00f5es at\u00e9 27\/07\n\ud83d\udd17 Link na bio para edital e inscri\u00e7\u00e3o\n\n\u270d\ufe0f Podem participar: brasileiros natos, naturalizados ou estrangeiros residentes no Brasil.\n\n\ud83d\udccc Mais detalhes em: diariodegarca.com\n\n#ConcursoS\u00edlvioRomero #CulturaPopular #Folclore #EditaisCulturais #IPHAN","jetpack_publicize_feature_enabled":true,"jetpack_social_post_already_shared":false,"jetpack_social_options":{"image_generator_settings":{"template":"highway","default_image_id":0,"enabled":false},"version":2},"_wpas_customize_per_network":false,"jetpack_post_was_ever_published":false},"categories":[38185,100622,2367],"tags":[],"class_list":["post-4282","post","type-post","status-publish","format-standard","hentry","category-brasil","category-concurso","category-cultura"],"jetpack_publicize_connections":[],"jetpack_featured_media_url":"","jetpack_likes_enabled":true,"jetpack_sharing_enabled":true,"jetpack_shortlink":"https:\/\/wp.me\/pgitne-174","jetpack-related-posts":[{"id":2383,"url":"https:\/\/diariodegarca.com\/?p=2383","url_meta":{"origin":4282,"position":0},"title":"Iphan relan\u00e7a Revista do Patrim\u00f4nio com chamada para artigos acad\u00eamicos e t\u00e9cnicos","author":"Di\u00e1rio de Gar\u00e7a","date":"12 de abril de 2025","format":false,"excerpt":"\u00a0O Instituto do Patrim\u00f4nio Hist\u00f3rico e Art\u00edstico Nacional (Iphan) anuncia o retorno da\u00a0Revista do Patrim\u00f4nio, uma das mais tradicionais publica\u00e7\u00f5es brasileiras dedicadas \u00e0 preserva\u00e7\u00e3o cultural, ap\u00f3s seis anos de interrup\u00e7\u00e3o. O lan\u00e7amento das novas diretrizes e chamadas para submiss\u00f5es ocorrer\u00e1 em\u00a014 de abril, \u00e0s 14h, em transmiss\u00e3o ao vivo pelo\u00a0canal\u2026","rel":"","context":"Em &quot;Brasil&quot;","block_context":{"text":"Brasil","link":"https:\/\/diariodegarca.com\/?cat=38185"},"img":{"alt_text":"","src":"https:\/\/i0.wp.com\/blogger.googleusercontent.com\/img\/b\/R29vZ2xl\/AVvXsEhdifc_L_z_CYdV6FcAEM6t7ybCx6ndaYxmBY64gYeNBsWe1OubUGIHhkAUZGJhdTLYCjpKmHxLySLCaZ0Ad-jGBaw0pd2JMR9lwe0jL-5XFujbAwjHDVq7yFostQajC67jblfhkVHoW_UUYYLT6r8wIksfbVV0b55CgYCjtKxX9W9vP17zhYsvlwh7ttc\/s320\/5dc35084-5434-44ed-ad71-9e7670a9bea9.jpeg?resize=350%2C200&ssl=1","width":350,"height":200},"classes":[]},{"id":7109,"url":"https:\/\/diariodegarca.com\/?p=7109","url_meta":{"origin":4282,"position":1},"title":"Gar\u00e7a recebe sess\u00e3o gratuita de cinema com a &#8220;Turma do Folclore&#8221;","author":"Di\u00e1rio de Gar\u00e7a","date":"25 de setembro de 2025","format":false,"excerpt":"Produ\u00e7\u00e3o audiovisual infantil usa o folclore brasileiro para explicar de forma l\u00fadica os Objetivos de Desenvolvimento Sustent\u00e1vel da ONU. A Secretaria de Cultura de Gar\u00e7a (Secult), em parceria com o programa Pontos MIS e a Tocha Play, promove uma sess\u00e3o gratuita de cinema no pr\u00f3ximo dia 30 de setembro, ter\u00e7a-feira.\u2026","rel":"","context":"Em &quot;Cinema&quot;","block_context":{"text":"Cinema","link":"https:\/\/diariodegarca.com\/?cat=597"},"img":{"alt_text":"","src":"https:\/\/i0.wp.com\/diariodegarca.com\/wp-content\/uploads\/2025\/08\/main_turma_folclore_desenho_animado_cinema_bh-e1767735844103.jpg?fit=742%2C448&ssl=1&resize=350%2C200","width":350,"height":200,"srcset":"https:\/\/i0.wp.com\/diariodegarca.com\/wp-content\/uploads\/2025\/08\/main_turma_folclore_desenho_animado_cinema_bh-e1767735844103.jpg?fit=742%2C448&ssl=1&resize=350%2C200 1x, https:\/\/i0.wp.com\/diariodegarca.com\/wp-content\/uploads\/2025\/08\/main_turma_folclore_desenho_animado_cinema_bh-e1767735844103.jpg?fit=742%2C448&ssl=1&resize=525%2C300 1.5x, https:\/\/i0.wp.com\/diariodegarca.com\/wp-content\/uploads\/2025\/08\/main_turma_folclore_desenho_animado_cinema_bh-e1767735844103.jpg?fit=742%2C448&ssl=1&resize=700%2C400 2x"},"classes":[]},{"id":5884,"url":"https:\/\/diariodegarca.com\/?p=5884","url_meta":{"origin":4282,"position":2},"title":"Gar\u00e7a exibe anima\u00e7\u00e3o &#8220;Turma do Folclore&#8221; na Biblioteca","author":"Di\u00e1rio de Gar\u00e7a","date":"21 de agosto de 2025","format":false,"excerpt":"Pontos MIS trar\u00e1 cinema de qualidade \u00e0 cidade com exibi\u00e7\u00f5es na quinta-feira (21), \u00e0s 9h e 13h30, na Audiovideoteca. Pontos MIS em parceria com a plataforma Tocha Play, promove na pr\u00f3xima quinta-feira, 21 de agosto, duas sess\u00f5es gratuitas de cinema em Gar\u00e7a. A atra\u00e7\u00e3o do dia ser\u00e1 o filme\u00a0Turma do\u2026","rel":"","context":"Em &quot;Cinema&quot;","block_context":{"text":"Cinema","link":"https:\/\/diariodegarca.com\/?cat=597"},"img":{"alt_text":"","src":"https:\/\/i0.wp.com\/diariodegarca.com\/wp-content\/uploads\/2025\/08\/main_turma_folclore_desenho_animado_cinema_bh-e1767735844103.jpg?fit=742%2C448&ssl=1&resize=350%2C200","width":350,"height":200,"srcset":"https:\/\/i0.wp.com\/diariodegarca.com\/wp-content\/uploads\/2025\/08\/main_turma_folclore_desenho_animado_cinema_bh-e1767735844103.jpg?fit=742%2C448&ssl=1&resize=350%2C200 1x, https:\/\/i0.wp.com\/diariodegarca.com\/wp-content\/uploads\/2025\/08\/main_turma_folclore_desenho_animado_cinema_bh-e1767735844103.jpg?fit=742%2C448&ssl=1&resize=525%2C300 1.5x, https:\/\/i0.wp.com\/diariodegarca.com\/wp-content\/uploads\/2025\/08\/main_turma_folclore_desenho_animado_cinema_bh-e1767735844103.jpg?fit=742%2C448&ssl=1&resize=700%2C400 2x"},"classes":[]},{"id":5518,"url":"https:\/\/diariodegarca.com\/?p=5518","url_meta":{"origin":4282,"position":3},"title":"Iphan lan\u00e7a Biblioteca Digital com rico acervo sobre Patrim\u00f4nio Cultural Brasileiro","author":"Di\u00e1rio de Gar\u00e7a","date":"11 de agosto de 2025","format":false,"excerpt":"Plataforma gratuita re\u00fane documentos hist\u00f3ricos, publica\u00e7\u00f5es e estudos especializados, democratizando o acesso \u00e0 mem\u00f3ria nacional. O\u00a0Instituto do Patrim\u00f4nio Hist\u00f3rico e Art\u00edstico Nacional (Iphan)\u00a0deu um passo importante na democratiza\u00e7\u00e3o do conhecimento com o lan\u00e7amento da sua\u00a0Biblioteca Digital, dispon\u00edvel em\u00a0bibliotecadigital.iphan.gov.br. A plataforma, apresentada oficialmente na\u00a0quinta-feira, 7 de agosto, re\u00fane um vasto acervo\u2026","rel":"","context":"Em &quot;Cultura&quot;","block_context":{"text":"Cultura","link":"https:\/\/diariodegarca.com\/?cat=2367"},"img":{"alt_text":"","src":"https:\/\/i0.wp.com\/diariodegarca.com\/wp-content\/uploads\/2025\/08\/42eee0b0-2b38-40ed-8a0e-bf2658dd23d9.png?fit=768%2C333&ssl=1&resize=350%2C200","width":350,"height":200,"srcset":"https:\/\/i0.wp.com\/diariodegarca.com\/wp-content\/uploads\/2025\/08\/42eee0b0-2b38-40ed-8a0e-bf2658dd23d9.png?fit=768%2C333&ssl=1&resize=350%2C200 1x, https:\/\/i0.wp.com\/diariodegarca.com\/wp-content\/uploads\/2025\/08\/42eee0b0-2b38-40ed-8a0e-bf2658dd23d9.png?fit=768%2C333&ssl=1&resize=525%2C300 1.5x, https:\/\/i0.wp.com\/diariodegarca.com\/wp-content\/uploads\/2025\/08\/42eee0b0-2b38-40ed-8a0e-bf2658dd23d9.png?fit=768%2C333&ssl=1&resize=700%2C400 2x"},"classes":[]},{"id":9130,"url":"https:\/\/diariodegarca.com\/?p=9130","url_meta":{"origin":4282,"position":4},"title":"G\u00e1lia lan\u00e7a concurso de Decora\u00e7\u00e3o Natalina com premia\u00e7\u00e3o em dinheiro","author":"Andreza Sega","date":"27 de novembro de 2025","format":false,"excerpt":"Iniciativa \"Natal na Minha Rua - Luzes que Unem\" incentiva a criatividade dos moradores e promove a uni\u00e3o atrav\u00e9s da ilumina\u00e7\u00e3o festiva; inscri\u00e7\u00f5es v\u00e3o at\u00e9 10 de dezembro. A cidade de G\u00e1lia se prepara para ganhar contornos especiais neste final de ano com o lan\u00e7amento do concurso \"Natal na Minha\u2026","rel":"","context":"Em &quot;Cultura&quot;","block_context":{"text":"Cultura","link":"https:\/\/diariodegarca.com\/?cat=2367"},"img":{"alt_text":"","src":"https:\/\/i0.wp.com\/diariodegarca.com\/wp-content\/uploads\/2025\/11\/decoracao-de-natal-com-lampadas-coloridas.jpg?fit=1200%2C803&ssl=1&resize=350%2C200","width":350,"height":200,"srcset":"https:\/\/i0.wp.com\/diariodegarca.com\/wp-content\/uploads\/2025\/11\/decoracao-de-natal-com-lampadas-coloridas.jpg?fit=1200%2C803&ssl=1&resize=350%2C200 1x, https:\/\/i0.wp.com\/diariodegarca.com\/wp-content\/uploads\/2025\/11\/decoracao-de-natal-com-lampadas-coloridas.jpg?fit=1200%2C803&ssl=1&resize=525%2C300 1.5x, https:\/\/i0.wp.com\/diariodegarca.com\/wp-content\/uploads\/2025\/11\/decoracao-de-natal-com-lampadas-coloridas.jpg?fit=1200%2C803&ssl=1&resize=700%2C400 2x, https:\/\/i0.wp.com\/diariodegarca.com\/wp-content\/uploads\/2025\/11\/decoracao-de-natal-com-lampadas-coloridas.jpg?fit=1200%2C803&ssl=1&resize=1050%2C600 3x"},"classes":[]},{"id":2813,"url":"https:\/\/diariodegarca.com\/?p=2813","url_meta":{"origin":4282,"position":5},"title":"Pr\u00eamio Sesc de Literatura 2025 abre inscri\u00e7\u00f5es para novos talentos da escrita","author":"Di\u00e1rio de Gar\u00e7a","date":"16 de fevereiro de 2025","format":false,"excerpt":"As inscri\u00e7\u00f5es para o Pr\u00eamio Sesc de Literatura 2025 est\u00e3o abertas a partir desta segunda-feira, 10 de fevereiro. Considerado uma das principais portas de entrada para escritores estreantes, o concurso contempla as categorias romance, conto e poesia. Os vencedores ter\u00e3o suas obras publicadas pela Editora Senac Rio e receber\u00e3o um\u2026","rel":"","context":"Em &quot;Brasil&quot;","block_context":{"text":"Brasil","link":"https:\/\/diariodegarca.com\/?cat=38185"},"img":{"alt_text":"","src":"","width":0,"height":0},"classes":[]}],"_links":{"self":[{"href":"https:\/\/diariodegarca.com\/index.php?rest_route=\/wp\/v2\/posts\/4282","targetHints":{"allow":["GET"]}}],"collection":[{"href":"https:\/\/diariodegarca.com\/index.php?rest_route=\/wp\/v2\/posts"}],"about":[{"href":"https:\/\/diariodegarca.com\/index.php?rest_route=\/wp\/v2\/types\/post"}],"author":[{"embeddable":true,"href":"https:\/\/diariodegarca.com\/index.php?rest_route=\/wp\/v2\/users\/260896546"}],"replies":[{"embeddable":true,"href":"https:\/\/diariodegarca.com\/index.php?rest_route=%2Fwp%2Fv2%2Fcomments&post=4282"}],"version-history":[{"count":2,"href":"https:\/\/diariodegarca.com\/index.php?rest_route=\/wp\/v2\/posts\/4282\/revisions"}],"predecessor-version":[{"id":4285,"href":"https:\/\/diariodegarca.com\/index.php?rest_route=\/wp\/v2\/posts\/4282\/revisions\/4285"}],"wp:attachment":[{"href":"https:\/\/diariodegarca.com\/index.php?rest_route=%2Fwp%2Fv2%2Fmedia&parent=4282"}],"wp:term":[{"taxonomy":"category","embeddable":true,"href":"https:\/\/diariodegarca.com\/index.php?rest_route=%2Fwp%2Fv2%2Fcategories&post=4282"},{"taxonomy":"post_tag","embeddable":true,"href":"https:\/\/diariodegarca.com\/index.php?rest_route=%2Fwp%2Fv2%2Ftags&post=4282"}],"curies":[{"name":"wp","href":"https:\/\/api.w.org\/{rel}","templated":true}]}}