{"id":4322,"date":"2025-07-01T14:32:00","date_gmt":"2025-07-01T17:32:00","guid":{"rendered":"https:\/\/diariodegarca.com\/?p=4322"},"modified":"2025-07-05T20:09:29","modified_gmt":"2025-07-05T23:09:29","slug":"aula-gratuita-explora-a-ironia-e-os-dramas-em-a-mao-e-a-luva-de-machado-de-assis","status":"publish","type":"post","link":"https:\/\/diariodegarca.com\/?p=4322","title":{"rendered":"Aula gratuita explora a ironia e os dramas em\u00a0A M\u00e3o e a Luva, de Machado de Assis"},"content":{"rendered":"\n<p class=\"wp-block-paragraph\"><em>Evento on-line acontece nesta ter\u00e7a-feira, dia 1\u00ba de julho, e \u00e9 aberto tanto para f\u00e3s do autor quanto para quem deseja conhec\u00ea-lo<\/em><\/p>\n\n\n\n<p class=\"wp-block-paragraph\">A professora\u00a0<strong>L\u00edvila Maciel<\/strong>, do\u00a0<strong>Instituto Concriar<\/strong>, de Bras\u00edlia, ministrar\u00e1 uma\u00a0<strong>aula especial<\/strong>\u00a0nesta ter\u00e7a-feira, dia 1\u00ba de julho, \u00e0s 19h, sobre o romance\u00a0<em>A M\u00e3o e a Luva<\/em>, de\u00a0<strong>Machado de Assis<\/strong>. A atividade, promovida pelo\u00a0<strong>Clube de Leitura BDB<\/strong>, aprofundar\u00e1 as discuss\u00f5es realizadas no encontro presencial de 24 de junho na\u00a0<strong>Biblioteca Demonstrativa<\/strong>, destacando a\u00a0<strong>ironia do narrador<\/strong>\u00a0e os\u00a0<strong>dramas de personagens<\/strong>\u00a0na obra.<\/p>\n\n\n\n<figure class=\"wp-block-gallery has-nested-images columns-default is-cropped wp-block-gallery-1 is-layout-flex wp-block-gallery-is-layout-flex\">\n<figure class=\"wp-block-image size-large\"><img data-recalc-dims=\"1\" decoding=\"async\" data-id=\"4323\" src=\"https:\/\/i0.wp.com\/diariodegarca.com\/wp-content\/uploads\/2025\/07\/1a4a9431-328e-4250-bd36-a46afd6f81fc.jpeg?w=800&#038;ssl=1\" alt=\"\" class=\"wp-image-4323\" \/><\/figure>\n<\/figure>\n\n\n\n<h3 class=\"wp-block-heading\"><strong>Para quem \u00e9 a aula?<\/strong><\/h3>\n\n\n\n<p class=\"wp-block-paragraph\">A aula \u00e9 destinada tanto a&nbsp;<strong>admiradores de Machado de Assis<\/strong>&nbsp;quanto a quem ainda n\u00e3o conhece sua literatura e deseja se aproximar do autor. Com linguagem acess\u00edvel e an\u00e1lise cr\u00edtica, a professora L\u00edvila Maciel promete tornar a experi\u00eancia rica para todos os p\u00fablicos.<\/p>\n\n\n\n<h3 class=\"wp-block-heading\"><strong>Sobre&nbsp;<em>A M\u00e3o e a Luva<\/em><\/strong><\/h3>\n\n\n\n<p class=\"wp-block-paragraph\">Publicado em&nbsp;<strong>1874<\/strong>,&nbsp;<em>A M\u00e3o e a Luva<\/em>&nbsp;\u00e9 um dos primeiros romances de Machado de Assis e j\u00e1 apresenta tra\u00e7os do estilo que o consagraria. A obra narra a hist\u00f3ria de&nbsp;<strong>Guiomar<\/strong>, uma jovem ambiciosa que precisa escolher entre o amor e a ascens\u00e3o social, em um enredo repleto de&nbsp;<strong>ironia fina<\/strong>&nbsp;e&nbsp;<strong>cr\u00edtica \u00e0s conven\u00e7\u00f5es da \u00e9poca<\/strong>.<\/p>\n\n\n\n<h3 class=\"wp-block-heading\"><strong>Sobre Machado de Assis<\/strong><\/h3>\n\n\n\n<p class=\"wp-block-paragraph\">Considerado o maior nome da literatura brasileira,&nbsp;<strong>Machado de Assis<\/strong>&nbsp;(1839-1908) foi escritor, poeta, cronista e fundador da Academia Brasileira de Letras. Sua obra, marcada por&nbsp;<strong>profundidade psicol\u00f3gica<\/strong>&nbsp;e&nbsp;<strong>humor \u00e1cido<\/strong>, atravessa s\u00e9culos e continua atual.&nbsp;<em>A M\u00e3o e a Luva<\/em>&nbsp;\u00e9 uma \u00f3tima porta de entrada para seu universo liter\u00e1rio.<\/p>\n\n\n\n<h3 class=\"wp-block-heading\"><strong>Como participar?<\/strong><\/h3>\n\n\n\n<p class=\"wp-block-paragraph\">A aula ser\u00e1 transmitida gratuitamente pela plataforma&nbsp;<strong>Jitsi Meet<\/strong>. Para receber o link de acesso, os interessados devem se inscrever previamente pelo formul\u00e1rio:<br>\ud83d\udd17&nbsp;<strong><a href=\"https:\/\/forms.gle\/CPBuWr6GKQHTZvyT8\" target=\"_blank\" rel=\"noreferrer noopener\">Inscreva-se aqui<\/a><\/strong><\/p>\n\n\n\n<p class=\"wp-block-paragraph\"><strong>Data:<\/strong>&nbsp;1\u00ba de julho de 2025<br><strong>Hor\u00e1rio:<\/strong>&nbsp;19h (hor\u00e1rio de Bras\u00edlia)<\/p>\n\n\n\n<p class=\"wp-block-paragraph\"><\/p>\n","protected":false},"excerpt":{"rendered":"<p>Evento on-line acontece nesta ter\u00e7a-feira, dia 1\u00ba de julho, e \u00e9 aberto tanto para f\u00e3s do autor quanto para quem deseja conhec\u00ea-lo A professora\u00a0L\u00edvila Maciel, do\u00a0Instituto Concriar, de Bras\u00edlia, ministrar\u00e1 uma\u00a0aula especial\u00a0nesta ter\u00e7a-feira, dia 1\u00ba de julho, \u00e0s 19h, sobre o romance\u00a0A M\u00e3o e a Luva, de\u00a0Machado de Assis. A atividade, promovida pelo\u00a0Clube de Leitura [&hellip;]<\/p>\n","protected":false},"author":260896546,"featured_media":0,"comment_status":"open","ping_status":"open","sticky":false,"template":"","format":"standard","meta":{"_crdt_document":"","_monsterinsights_skip_tracking":false,"_monsterinsights_sitenote_active":false,"_monsterinsights_sitenote_note":"","_monsterinsights_sitenote_category":0,"advanced_seo_description":"","jetpack_seo_html_title":"","jetpack_seo_noindex":false,"_jetpack_newsletter_access":"","_jetpack_dont_email_post_to_subs":false,"_jetpack_newsletter_tier_id":0,"_jetpack_memberships_contains_paywalled_content":false,"_jetpack_memberships_contains_paid_content":false,"footnotes":"","jetpack_publicize_message":"\ud83d\udcda Aula GRATUITA sobre Machado de Assis HOJE!\n\nDescubra a ironia e os dramas de A M\u00e3o e a Luva com a professora L\u00edvila Maciel (@institutoconcriar).\n\n\u23f0 Hoje, 1\u00ba\/7, \u00e0s 19h\n\ud83d\udd17 Inscri\u00e7\u00e3o: forms.gle\/CPBuWr6GKQHTZvyT8\n\ud83d\udccc Plataforma: Jitsi Meet\n\nPara f\u00e3s de Machado ou quem quer conhec\u00ea-lo!\n\n\u270d\ufe0f Saiba mais: diariodegarca.com\n\n#MachadoDeAssis #LiteraturaBrasileira #ClubeDeLeitura #AulaOnline #Cultura","jetpack_publicize_feature_enabled":true,"jetpack_social_post_already_shared":false,"jetpack_social_options":{"image_generator_settings":{"template":"highway","default_image_id":0,"enabled":false},"version":2},"_wpas_customize_per_network":false,"jetpack_post_was_ever_published":false},"categories":[2367,36947,3719,91066845],"tags":[],"class_list":["post-4322","post","type-post","status-publish","format-standard","hentry","category-cultura","category-curso","category-literatura","category-online-curso"],"jetpack_publicize_connections":[],"jetpack_featured_media_url":"","jetpack_likes_enabled":true,"jetpack_sharing_enabled":true,"jetpack_shortlink":"https:\/\/wp.me\/pgitne-17I","jetpack-related-posts":[{"id":4317,"url":"https:\/\/diariodegarca.com\/?p=4317","url_meta":{"origin":4322,"position":0},"title":"Curso B\u00e1sico de Libras online: inscri\u00e7\u00f5es abertas no dia 1\u00ba de julho","author":"Di\u00e1rio de Gar\u00e7a","date":"30 de junho de 2025","format":false,"excerpt":"Aulas online e gratuitas com professores surdos; vagas limitadas para todo o pa\u00eds A\u00a0Secretaria de Estado dos Direitos da Pessoa com Defici\u00eancia (SEDPcD), por meio da\u00a0Escola da Inclus\u00e3o, abrir\u00e1 nesta\u00a0ter\u00e7a-feira, dia 1\u00ba de julho, \u00e0s\u00a010h, as inscri\u00e7\u00f5es para o\u00a0Curso B\u00e1sico de Libras. Com\u00a070 vagas por turma, a forma\u00e7\u00e3o \u00e9\u00a0gratuita, online\u2026","rel":"","context":"Em &quot;Curso&quot;","block_context":{"text":"Curso","link":"https:\/\/diariodegarca.com\/?cat=36947"},"img":{"alt_text":"","src":"","width":0,"height":0},"classes":[]},{"id":4805,"url":"https:\/\/diariodegarca.com\/?p=4805","url_meta":{"origin":4322,"position":1},"title":"Inscri\u00e7\u00f5es para curso gratuito de Italiano B\u00e1sico I na modalidade on-line","author":"Di\u00e1rio de Gar\u00e7a","date":"18 de julho de 2025","format":false,"excerpt":"IFSULDEMINAS oferece curso com 20 vagas dispon\u00edveis, aulas s\u00edncronas ocorrem \u00e0s ter\u00e7as e quintas-feiras, no per\u00edodo da noite. Sele\u00e7\u00e3o ser\u00e1 por sorteio. O Instituto Federal de Educa\u00e7\u00e3o, Ci\u00eancia e Tecnologia do Sul de Minas Gerais (IFSULDEMINAS) est\u00e1 com inscri\u00e7\u00f5es abertas para o curso de\u00a0Italiano B\u00e1sico I, na modalidade Educa\u00e7\u00e3o a\u2026","rel":"","context":"Em &quot;Curso&quot;","block_context":{"text":"Curso","link":"https:\/\/diariodegarca.com\/?cat=36947"},"img":{"alt_text":"","src":"https:\/\/i0.wp.com\/diariodegarca.com\/wp-content\/uploads\/2025\/07\/feliz-estudante-universitario-hispanico-usando-um-laptop-para-licao-de-casa-na-biblioteca-da-escola.jpg?fit=1200%2C800&ssl=1&resize=350%2C200","width":350,"height":200,"srcset":"https:\/\/i0.wp.com\/diariodegarca.com\/wp-content\/uploads\/2025\/07\/feliz-estudante-universitario-hispanico-usando-um-laptop-para-licao-de-casa-na-biblioteca-da-escola.jpg?fit=1200%2C800&ssl=1&resize=350%2C200 1x, https:\/\/i0.wp.com\/diariodegarca.com\/wp-content\/uploads\/2025\/07\/feliz-estudante-universitario-hispanico-usando-um-laptop-para-licao-de-casa-na-biblioteca-da-escola.jpg?fit=1200%2C800&ssl=1&resize=525%2C300 1.5x, https:\/\/i0.wp.com\/diariodegarca.com\/wp-content\/uploads\/2025\/07\/feliz-estudante-universitario-hispanico-usando-um-laptop-para-licao-de-casa-na-biblioteca-da-escola.jpg?fit=1200%2C800&ssl=1&resize=700%2C400 2x, https:\/\/i0.wp.com\/diariodegarca.com\/wp-content\/uploads\/2025\/07\/feliz-estudante-universitario-hispanico-usando-um-laptop-para-licao-de-casa-na-biblioteca-da-escola.jpg?fit=1200%2C800&ssl=1&resize=1050%2C600 3x"},"classes":[]},{"id":5075,"url":"https:\/\/diariodegarca.com\/?p=5075","url_meta":{"origin":4322,"position":2},"title":"Centro Paula Souza oferece cursos gratuitos de l\u00edngua e cultura coreana para alunos de ETECs e FATECs","author":"Di\u00e1rio de Gar\u00e7a","date":"27 de julho de 2025","format":false,"excerpt":"Inscri\u00e7\u00f5es est\u00e3o abertas at\u00e9 31 de julho para turmas virtuais s\u00edncronas com in\u00edcio em agosto; vagas s\u00e3o limitadas e incluem material did\u00e1tico e certificado. A Assessoria de Rela\u00e7\u00f5es Internacionais (ARInter) do Centro Paula Souza (CEETEPS), em parceria com o Centro de Educa\u00e7\u00e3o Coreana em S\u00e3o Paulo (CECSP), est\u00e1 com inscri\u00e7\u00f5es\u2026","rel":"","context":"Em &quot;Curso&quot;","block_context":{"text":"Curso","link":"https:\/\/diariodegarca.com\/?cat=36947"},"img":{"alt_text":"","src":"https:\/\/i0.wp.com\/diariodegarca.com\/wp-content\/uploads\/2025\/07\/feliz-grupo-de-estudantes-multietnicas-estudando.jpg?fit=1200%2C801&ssl=1&resize=350%2C200","width":350,"height":200,"srcset":"https:\/\/i0.wp.com\/diariodegarca.com\/wp-content\/uploads\/2025\/07\/feliz-grupo-de-estudantes-multietnicas-estudando.jpg?fit=1200%2C801&ssl=1&resize=350%2C200 1x, https:\/\/i0.wp.com\/diariodegarca.com\/wp-content\/uploads\/2025\/07\/feliz-grupo-de-estudantes-multietnicas-estudando.jpg?fit=1200%2C801&ssl=1&resize=525%2C300 1.5x, https:\/\/i0.wp.com\/diariodegarca.com\/wp-content\/uploads\/2025\/07\/feliz-grupo-de-estudantes-multietnicas-estudando.jpg?fit=1200%2C801&ssl=1&resize=700%2C400 2x, https:\/\/i0.wp.com\/diariodegarca.com\/wp-content\/uploads\/2025\/07\/feliz-grupo-de-estudantes-multietnicas-estudando.jpg?fit=1200%2C801&ssl=1&resize=1050%2C600 3x"},"classes":[]},{"id":6252,"url":"https:\/\/diariodegarca.com\/?p=6252","url_meta":{"origin":4322,"position":3},"title":"Estado promove curso gratuito e online de libras com professores surdos","author":"Di\u00e1rio de Gar\u00e7a","date":"1 de setembro de 2025","format":false,"excerpt":"Inscri\u00e7\u00f5es para as oito turmas do programa da Escola da Inclus\u00e3o acontecem na ter\u00e7a, \u00e0s 10h. A Secretaria de Estado dos Direitos da Pessoa com Defici\u00eancia de S\u00e3o Paulo (SEDPcD) abre, a partir das 10h desta ter\u00e7a-feira, 2 de setembro, as inscri\u00e7\u00f5es para uma nova edi\u00e7\u00e3o do Curso B\u00e1sico de\u2026","rel":"","context":"Em &quot;Curso&quot;","block_context":{"text":"Curso","link":"https:\/\/diariodegarca.com\/?cat=36947"},"img":{"alt_text":"","src":"https:\/\/i0.wp.com\/diariodegarca.com\/wp-content\/uploads\/2025\/09\/sala-de-aula-virtual-e-espaco-de-estudo.jpg?fit=1200%2C799&ssl=1&resize=350%2C200","width":350,"height":200,"srcset":"https:\/\/i0.wp.com\/diariodegarca.com\/wp-content\/uploads\/2025\/09\/sala-de-aula-virtual-e-espaco-de-estudo.jpg?fit=1200%2C799&ssl=1&resize=350%2C200 1x, https:\/\/i0.wp.com\/diariodegarca.com\/wp-content\/uploads\/2025\/09\/sala-de-aula-virtual-e-espaco-de-estudo.jpg?fit=1200%2C799&ssl=1&resize=525%2C300 1.5x, https:\/\/i0.wp.com\/diariodegarca.com\/wp-content\/uploads\/2025\/09\/sala-de-aula-virtual-e-espaco-de-estudo.jpg?fit=1200%2C799&ssl=1&resize=700%2C400 2x, https:\/\/i0.wp.com\/diariodegarca.com\/wp-content\/uploads\/2025\/09\/sala-de-aula-virtual-e-espaco-de-estudo.jpg?fit=1200%2C799&ssl=1&resize=1050%2C600 3x"},"classes":[]},{"id":3401,"url":"https:\/\/diariodegarca.com\/?p=3401","url_meta":{"origin":4322,"position":4},"title":"&#8220;O Grande Momento&#8221;: cl\u00e1ssico do cinema brasileiro em debate no Pontos MIS online","author":"Di\u00e1rio de Gar\u00e7a","date":"25 de maio de 2025","format":false,"excerpt":"O filme est\u00e1 dispon\u00edvel at\u00e9 \u00e0s 19h de hoje e o bate-papo acontece na segunda-feira. O\u00a0Cineclube Pontos MIS, iniciativa que promove exibi\u00e7\u00f5es de filmes seguidas de debates com especialistas, traz em sua programa\u00e7\u00e3o de maio o aclamado longa\u00a0\"O Grande Momento\" (1958), obra ic\u00f4nica do cinema nacional. A sess\u00e3o online ser\u00e1\u2026","rel":"","context":"Em &quot;Cultura&quot;","block_context":{"text":"Cultura","link":"https:\/\/diariodegarca.com\/?cat=2367"},"img":{"alt_text":"","src":"","width":0,"height":0},"classes":[]},{"id":5497,"url":"https:\/\/diariodegarca.com\/?p=5497","url_meta":{"origin":4322,"position":5},"title":"&#8220;O Vendedor de Sonhos&#8221;: filme nacional sobre reden\u00e7\u00e3o com exibi\u00e7\u00e3o gratuita em Gar\u00e7a","author":"Di\u00e1rio de Gar\u00e7a","date":"11 de agosto de 2025","format":false,"excerpt":"Drama brasileiro com tem\u00e1tica humanista ter\u00e1 exibi\u00e7\u00e3o gratuita nesta ter\u00e7a-feira na Biblioteca Municipal Nesta ter\u00e7a-feira, 12 de agosto, a\u00a0Secretaria da Cultura de Gar\u00e7a, em parceria com o\u00a0Museu da Imagem e do Som (Pontos MIS), promove a exibi\u00e7\u00e3o gratuita do filme nacional\u00a0\"O Vendedor de Sonhos\"\u00a0(2016). A sess\u00e3o acontece \u00e0s\u00a014h\u00a0na\u00a0audiovideoteca da Biblioteca\u2026","rel":"","context":"Em &quot;Cinema&quot;","block_context":{"text":"Cinema","link":"https:\/\/diariodegarca.com\/?cat=597"},"img":{"alt_text":"","src":"https:\/\/i0.wp.com\/diariodegarca.com\/wp-content\/uploads\/2025\/08\/460043.jpg-r_1920_1080-f_jpg-q_x-xxyxx.jpg.jpg?fit=1200%2C784&ssl=1&resize=350%2C200","width":350,"height":200,"srcset":"https:\/\/i0.wp.com\/diariodegarca.com\/wp-content\/uploads\/2025\/08\/460043.jpg-r_1920_1080-f_jpg-q_x-xxyxx.jpg.jpg?fit=1200%2C784&ssl=1&resize=350%2C200 1x, https:\/\/i0.wp.com\/diariodegarca.com\/wp-content\/uploads\/2025\/08\/460043.jpg-r_1920_1080-f_jpg-q_x-xxyxx.jpg.jpg?fit=1200%2C784&ssl=1&resize=525%2C300 1.5x, https:\/\/i0.wp.com\/diariodegarca.com\/wp-content\/uploads\/2025\/08\/460043.jpg-r_1920_1080-f_jpg-q_x-xxyxx.jpg.jpg?fit=1200%2C784&ssl=1&resize=700%2C400 2x, https:\/\/i0.wp.com\/diariodegarca.com\/wp-content\/uploads\/2025\/08\/460043.jpg-r_1920_1080-f_jpg-q_x-xxyxx.jpg.jpg?fit=1200%2C784&ssl=1&resize=1050%2C600 3x"},"classes":[]}],"_links":{"self":[{"href":"https:\/\/diariodegarca.com\/index.php?rest_route=\/wp\/v2\/posts\/4322","targetHints":{"allow":["GET"]}}],"collection":[{"href":"https:\/\/diariodegarca.com\/index.php?rest_route=\/wp\/v2\/posts"}],"about":[{"href":"https:\/\/diariodegarca.com\/index.php?rest_route=\/wp\/v2\/types\/post"}],"author":[{"embeddable":true,"href":"https:\/\/diariodegarca.com\/index.php?rest_route=\/wp\/v2\/users\/260896546"}],"replies":[{"embeddable":true,"href":"https:\/\/diariodegarca.com\/index.php?rest_route=%2Fwp%2Fv2%2Fcomments&post=4322"}],"version-history":[{"count":4,"href":"https:\/\/diariodegarca.com\/index.php?rest_route=\/wp\/v2\/posts\/4322\/revisions"}],"predecessor-version":[{"id":4327,"href":"https:\/\/diariodegarca.com\/index.php?rest_route=\/wp\/v2\/posts\/4322\/revisions\/4327"}],"wp:attachment":[{"href":"https:\/\/diariodegarca.com\/index.php?rest_route=%2Fwp%2Fv2%2Fmedia&parent=4322"}],"wp:term":[{"taxonomy":"category","embeddable":true,"href":"https:\/\/diariodegarca.com\/index.php?rest_route=%2Fwp%2Fv2%2Fcategories&post=4322"},{"taxonomy":"post_tag","embeddable":true,"href":"https:\/\/diariodegarca.com\/index.php?rest_route=%2Fwp%2Fv2%2Ftags&post=4322"}],"curies":[{"name":"wp","href":"https:\/\/api.w.org\/{rel}","templated":true}]}}