{"id":4366,"date":"2025-07-02T11:51:43","date_gmt":"2025-07-02T14:51:43","guid":{"rendered":"https:\/\/diariodegarca.com\/?p=4366"},"modified":"2025-07-05T20:09:29","modified_gmt":"2025-07-05T23:09:29","slug":"univesp-disponibiliza-mais-de-500-mil-vagas-gratuitas-em-cursos-on-line-de-capacitacao-profissional","status":"publish","type":"post","link":"https:\/\/diariodegarca.com\/?p=4366","title":{"rendered":"Univesp disponibiliza mais de 500 mil vagas gratuitas em cursos on-line de capacita\u00e7\u00e3o profissional"},"content":{"rendered":"\n<p class=\"wp-block-paragraph\"><em>Programa Oportunidade J\u00e1 oferece forma\u00e7\u00e3o nas \u00e1reas de tecnologia, turismo, voluntariado, soft skills e muito mais; vagas s\u00e3o acess\u00edveis a todos os interessados<\/em><\/p>\n\n\n\n<p class=\"wp-block-paragraph\">A Universidade Virtual do Estado de S\u00e3o Paulo (Univesp) deu in\u00edcio \u00e0 segunda edi\u00e7\u00e3o do <em>Programa Oportunidade J\u00e1<\/em>, iniciativa que oferece <strong>mais de 500 mil vagas gratuitas<\/strong> em <strong>45 cursos on-line<\/strong>, workshops e treinamentos voltados \u00e0 capacita\u00e7\u00e3o profissional. A a\u00e7\u00e3o \u00e9 aberta a vestibulandos, estudantes ou qualquer pessoa interessada em desenvolver compet\u00eancias para o mercado de trabalho. O acesso \u00e0s oportunidades pode ser feito por meio do site oficial: <a class=\"\" href=\"https:\/\/apps.univesp.br\/oportunidade-ja\">https:\/\/apps.univesp.br\/oportunidade-ja<\/a>.<\/p>\n\n\n\n<p class=\"wp-block-paragraph\">O programa \u00e9 fruto de parceria entre a Univesp, empresas privadas, Organiza\u00e7\u00f5es da Sociedade Civil (OSCs) e \u00f3rg\u00e3os p\u00fablicos do Estado de S\u00e3o Paulo. A primeira edi\u00e7\u00e3o, realizada em 2024, registrou 370 mil vagas \u2014 n\u00famero superado com folga neste ano.<\/p>\n\n\n\n<hr class=\"wp-block-separator has-alpha-channel-opacity\" \/>\n\n\n\n<h3 class=\"wp-block-heading\">Capacita\u00e7\u00e3o em \u00e1reas estrat\u00e9gicas<\/h3>\n\n\n\n<p class=\"wp-block-paragraph\">As vagas contemplam \u00e1reas de grande demanda no mercado atual, como <strong>intelig\u00eancia artificial, programa\u00e7\u00e3o, seguran\u00e7a da informa\u00e7\u00e3o, turismo, voluntariado, gest\u00e3o de processos, tecnologia da informa\u00e7\u00e3o e soft skills<\/strong>. Uma das novidades deste ano s\u00e3o <strong>cursos exclusivos para mulheres na \u00e1rea de tecnologia<\/strong>, fortalecendo a inclus\u00e3o e a diversidade no setor.<\/p>\n\n\n\n<p class=\"wp-block-paragraph\">Entre os cursos dispon\u00edveis est\u00e3o:<\/p>\n\n\n\n<ul class=\"wp-block-list\">\n<li><em>IA aplicada ao mercado de trabalho<\/em> (3,3h)<\/li>\n\n\n\n<li><em>Fundamentos de IA com IBM Skillsbuild<\/em> (10h)<\/li>\n\n\n\n<li><em>English for IT 1 e 2<\/em> (50h cada)<\/li>\n\n\n\n<li><em>Fundamentos de Python 1 e 2<\/em> (30h e 40h)<\/li>\n\n\n\n<li><em>AWS re\/Start + Desenvolvimento em IA<\/em> (260h)<\/li>\n\n\n\n<li><em>Cloud com Intelig\u00eancia Artificial<\/em> (51h)<\/li>\n\n\n\n<li><em>Introdu\u00e7\u00e3o \u00e0 Ciberseguran\u00e7a<\/em> (6h)<\/li>\n\n\n\n<li><em>Forma\u00e7\u00e3o White Belt Six Sigma<\/em> (2h)<\/li>\n\n\n\n<li><em>Curso AI para Educadores<\/em> (3,5h)<\/li>\n\n\n\n<li><em>PrograMaria Sprints<\/em> com foco em dados e processos<\/li>\n<\/ul>\n\n\n\n<p class=\"wp-block-paragraph\">A lista completa dos cursos pode ser acessada diretamente no portal do programa:<br>\ud83d\udd17 <a class=\"\" href=\"https:\/\/apps.univesp.br\/oportunidade-ja\">https:\/\/apps.univesp.br\/oportunidade-ja<\/a><\/p>\n\n\n\n<hr class=\"wp-block-separator has-alpha-channel-opacity\" \/>\n\n\n\n<h3 class=\"wp-block-heading\">Institui\u00e7\u00f5es habilitadas e parcerias<\/h3>\n\n\n\n<p class=\"wp-block-paragraph\">Nove institui\u00e7\u00f5es p\u00fablicas e privadas foram habilitadas no edital de Chamamento P\u00fablico aberto entre abril e junho. Elas s\u00e3o respons\u00e1veis por disponibilizar as forma\u00e7\u00f5es no site da Univesp, que \u00e9 vinculada \u00e0 Secretaria de Ci\u00eancia, Tecnologia e Inova\u00e7\u00e3o (SCTI) do Estado de S\u00e3o Paulo.<\/p>\n\n\n\n<p class=\"wp-block-paragraph\">O programa tamb\u00e9m integra iniciativas da <strong>Secretaria de Turismo<\/strong>, como os cursos <em>ValorizaSP<\/em> e <em>Academia do Turismo<\/em>, e da <strong>Secretaria dos Direitos da Pessoa com Defici\u00eancia<\/strong>, como o curso de <em>Introdu\u00e7\u00e3o \u00e0 Libras<\/em> e <em>Lideran\u00e7a e Empoderamento Feminino<\/em>.<\/p>\n\n\n\n<hr class=\"wp-block-separator has-alpha-channel-opacity\" \/>\n\n\n\n<h3 class=\"wp-block-heading\">Democratiza\u00e7\u00e3o do ensino superior e t\u00e9cnico<\/h3>\n\n\n\n<p class=\"wp-block-paragraph\">Fundada em 2012, a <strong>Univesp<\/strong> \u00e9 uma universidade p\u00fablica exclusivamente de educa\u00e7\u00e3o a dist\u00e2ncia. Atualmente, conta com mais de <strong>70 mil alunos<\/strong> e oferece cursos de gradua\u00e7\u00e3o e p\u00f3s-gradua\u00e7\u00e3o em \u00e1reas como <strong>Engenharia, Pedagogia, Letras, Administra\u00e7\u00e3o, Ci\u00eancia de Dados e TI<\/strong>. A institui\u00e7\u00e3o mant\u00e9m parcerias acad\u00eamicas com USP, Unesp, Unicamp e Centro Paula Souza.<\/p>\n\n\n\n<p class=\"wp-block-paragraph\">Em 2025, a Univesp est\u00e1 presente em <strong>382 munic\u00edpios paulistas<\/strong> com <strong>440 polos<\/strong>, abrangendo cerca de <strong>59% do territ\u00f3rio do estado<\/strong>.<\/p>\n\n\n\n<hr class=\"wp-block-separator has-alpha-channel-opacity\" \/>\n\n\n\n<h3 class=\"wp-block-heading\">Forma\u00e7\u00e3o acess\u00edvel, flex\u00edvel e gratuita<\/h3>\n\n\n\n<p class=\"wp-block-paragraph\">Com videoaulas, materiais did\u00e1ticos digitais e f\u00f3runs virtuais, os cursos do <em>Oportunidade J\u00e1<\/em> s\u00e3o pensados para atender perfis diversos de alunos \u2014 desde iniciantes at\u00e9 profissionais em busca de atualiza\u00e7\u00e3o. H\u00e1 forma\u00e7\u00f5es com carga hor\u00e1ria a partir de <strong>2 horas<\/strong>, o que garante maior flexibilidade para quem precisa conciliar os estudos com outras atividades.<\/p>\n\n\n\n<p class=\"wp-block-paragraph\">Segundo a Univesp, a proposta \u00e9 oferecer, em um \u00fanico portal, <strong>acesso democr\u00e1tico a capacita\u00e7\u00e3o profissional gratuita<\/strong>, conectando os interessados a <strong>chances reais de qualifica\u00e7\u00e3o e empregabilidade<\/strong>.<\/p>\n\n\n\n<hr class=\"wp-block-separator has-alpha-channel-opacity\" \/>\n\n\n\n<p class=\"wp-block-paragraph\">\ud83d\udcf2 Saiba mais e inscreva-se:<br>\ud83d\udd17 <a class=\"\" href=\"https:\/\/apps.univesp.br\/oportunidade-ja\">https:\/\/apps.univesp.br\/oportunidade-ja<\/a><\/p>\n","protected":false},"excerpt":{"rendered":"<p>Programa Oportunidade J\u00e1 oferece forma\u00e7\u00e3o nas \u00e1reas de tecnologia, turismo, voluntariado, soft skills e muito mais; vagas s\u00e3o acess\u00edveis a todos os interessados A Universidade Virtual do Estado de S\u00e3o Paulo (Univesp) deu in\u00edcio \u00e0 segunda edi\u00e7\u00e3o do Programa Oportunidade J\u00e1, iniciativa que oferece mais de 500 mil vagas gratuitas em 45 cursos on-line, workshops [&hellip;]<\/p>\n","protected":false},"author":260896546,"featured_media":0,"comment_status":"open","ping_status":"open","sticky":false,"template":"","format":"standard","meta":{"_crdt_document":"","_monsterinsights_skip_tracking":false,"_monsterinsights_sitenote_active":false,"_monsterinsights_sitenote_note":"","_monsterinsights_sitenote_category":0,"advanced_seo_description":"","jetpack_seo_html_title":"","jetpack_seo_noindex":false,"_jetpack_newsletter_access":"","_jetpack_dont_email_post_to_subs":false,"_jetpack_newsletter_tier_id":0,"_jetpack_memberships_contains_paywalled_content":false,"_jetpack_memberships_contains_paid_content":false,"footnotes":"","jetpack_publicize_message":"\ud83d\udea8 Mais de 500 mil vagas em cursos on-line gratuitos\n\nA Univesp lan\u00e7ou a 2\u00aa edi\u00e7\u00e3o do Programa Oportunidade J\u00e1, com capacita\u00e7\u00f5es em \u00e1reas como IA, programa\u00e7\u00e3o, soft skills, turismo, voluntariado e muito mais. As forma\u00e7\u00f5es s\u00e3o totalmente gratuitas e acess\u00edveis a qualquer interessado, com carga hor\u00e1ria flex\u00edvel e certificado.\n\n\ud83d\udd17 Leia todos os detalhes em diariodegarca.com\n\n#univesp #oportunidadeja #cursosgratuitos #capacita\u00e7\u00e3o #educacaoadistancia #diariodegarca","jetpack_publicize_feature_enabled":true,"jetpack_social_post_already_shared":false,"jetpack_social_options":{"image_generator_settings":{"template":"highway","default_image_id":0,"enabled":false},"version":2},"_wpas_customize_per_network":false,"jetpack_post_was_ever_published":false},"categories":[36947,17964,7442,91066845,758],"tags":[],"class_list":["post-4366","post","type-post","status-publish","format-standard","hentry","category-curso","category-educacao","category-empreendedorismo","category-online-curso","category-tecnologia"],"jetpack_publicize_connections":[],"jetpack_featured_media_url":"","jetpack_likes_enabled":true,"jetpack_sharing_enabled":true,"jetpack_shortlink":"https:\/\/wp.me\/pgitne-18q","jetpack-related-posts":[{"id":2907,"url":"https:\/\/diariodegarca.com\/?p=2907","url_meta":{"origin":4366,"position":0},"title":"Inscri\u00e7\u00f5es para o Vestibular 2025 da Univesp come\u00e7am nesta quinta-feira","author":"Di\u00e1rio de Gar\u00e7a","date":"3 de fevereiro de 2025","format":false,"excerpt":"A Universidade Virtual do Estado de S\u00e3o Paulo (Univesp) abrir\u00e1, nesta quinta-feira, dia 6 de fevereiro, as inscri\u00e7\u00f5es para o Vestibular 2025. Com mais de 22 mil vagas dispon\u00edveis, distribu\u00eddas em 432 polos em todo o Estado de S\u00e3o Paulo \u2014 incluindo capital, interior e litoral \u2014, a institui\u00e7\u00e3o reafirma\u2026","rel":"","context":"Em &quot;Brasil&quot;","block_context":{"text":"Brasil","link":"https:\/\/diariodegarca.com\/?cat=38185"},"img":{"alt_text":"","src":"","width":0,"height":0},"classes":[]},{"id":2603,"url":"https:\/\/diariodegarca.com\/?p=2603","url_meta":{"origin":4366,"position":1},"title":"Curso gratuito de Introdu\u00e7\u00e3o \u00e0 Libras com aulas gravadas abre inscri\u00e7\u00f5es amanh\u00e3","author":"Di\u00e1rio de Gar\u00e7a","date":"18 de mar\u00e7o de 2025","format":false,"excerpt":"A Secretaria de Estado dos Direitos da Pessoa com Defici\u00eancia (SEDPcD), em parceria com a Universidade Virtual do Estado de S\u00e3o Paulo (Univesp), abre inscri\u00e7\u00f5es nesta quarta-feira, 19 de mar\u00e7o, para o curso \u201cIntrodu\u00e7\u00e3o \u00e0 Libras\u201d. Com 1,5 mil vagas dispon\u00edveis, as aulas ser\u00e3o oferecidas de forma gratuita e on-line,\u2026","rel":"","context":"Em &quot;Brasil&quot;","block_context":{"text":"Brasil","link":"https:\/\/diariodegarca.com\/?cat=38185"},"img":{"alt_text":"","src":"","width":0,"height":0},"classes":[]},{"id":4044,"url":"https:\/\/diariodegarca.com\/?p=4044","url_meta":{"origin":4366,"position":2},"title":"Curso gratuito de &#8220;Introdu\u00e7\u00e3o \u00e0 Libras&#8221; abre inscri\u00e7\u00f5es para 1,5 mil vagas amanh\u00e3","author":"Di\u00e1rio de Gar\u00e7a","date":"17 de junho de 2025","format":false,"excerpt":"Aulas online, ministradas por professores surdos, s\u00e3o abertas a todo o Brasil; inscri\u00e7\u00f5es costumam se esgotar rapidamente A\u00a0Secretaria de Estado dos Direitos da Pessoa com Defici\u00eancia de S\u00e3o Paulo (SEDPcD), em parceria com a\u00a0Universidade Virtual do Estado de S\u00e3o Paulo (Univesp), abre nesta quarta-feira, dia 18 de junho, as inscri\u00e7\u00f5es\u2026","rel":"","context":"Em &quot;Curso&quot;","block_context":{"text":"Curso","link":"https:\/\/diariodegarca.com\/?cat=36947"},"img":{"alt_text":"","src":"","width":0,"height":0},"classes":[]},{"id":4757,"url":"https:\/\/diariodegarca.com\/?p=4757","url_meta":{"origin":4366,"position":3},"title":"Inscri\u00e7\u00f5es abertas para curso gratuito de introdu\u00e7\u00e3o \u00e0 libras","author":"Di\u00e1rio de Gar\u00e7a","date":"17 de julho de 2025","format":false,"excerpt":"Aulas on-line, gravadas e flex\u00edveis fazem parte da iniciativa \"Escola da Inclus\u00e3o\", em parceria com a Univesp. Se voc\u00ea j\u00e1 quis aprender Libras para se comunicar com amigos, familiares ou at\u00e9 para aplicar no trabalho, essa \u00e9 a chance. A\u00a0Secretaria dos Direitos da Pessoa com Defici\u00eancia do Estado de S\u00e3o\u2026","rel":"","context":"Em &quot;Curso&quot;","block_context":{"text":"Curso","link":"https:\/\/diariodegarca.com\/?cat=36947"},"img":{"alt_text":"","src":"https:\/\/i0.wp.com\/diariodegarca.com\/wp-content\/uploads\/2025\/07\/mulheres-sorridentes-conversando-a-mesa-usando-linguagem-de-sinais.jpg?fit=1200%2C675&ssl=1&resize=350%2C200","width":350,"height":200,"srcset":"https:\/\/i0.wp.com\/diariodegarca.com\/wp-content\/uploads\/2025\/07\/mulheres-sorridentes-conversando-a-mesa-usando-linguagem-de-sinais.jpg?fit=1200%2C675&ssl=1&resize=350%2C200 1x, https:\/\/i0.wp.com\/diariodegarca.com\/wp-content\/uploads\/2025\/07\/mulheres-sorridentes-conversando-a-mesa-usando-linguagem-de-sinais.jpg?fit=1200%2C675&ssl=1&resize=525%2C300 1.5x, https:\/\/i0.wp.com\/diariodegarca.com\/wp-content\/uploads\/2025\/07\/mulheres-sorridentes-conversando-a-mesa-usando-linguagem-de-sinais.jpg?fit=1200%2C675&ssl=1&resize=700%2C400 2x, https:\/\/i0.wp.com\/diariodegarca.com\/wp-content\/uploads\/2025\/07\/mulheres-sorridentes-conversando-a-mesa-usando-linguagem-de-sinais.jpg?fit=1200%2C675&ssl=1&resize=1050%2C600 3x"},"classes":[]},{"id":3363,"url":"https:\/\/diariodegarca.com\/?p=3363","url_meta":{"origin":4366,"position":4},"title":"Univesp oferta novas trilhas online em tecnologia","author":"Di\u00e1rio de Gar\u00e7a","date":"24 de maio de 2025","format":false,"excerpt":"Programa oferece 17 op\u00e7\u00f5es de cursos gratuitos, online e com certifica\u00e7\u00e3o, incluindo novidades em testes de software e modelagem 3D. A parceria entre a\u00a0Universidade Virtual do Estado de S\u00e3o Paulo (Univesp)\u00a0e o\u00a0Instituto ELDORADO\u00a0acaba de ganhar refor\u00e7o com a libera\u00e7\u00e3o de duas novas trilhas de aprendizagem:\u00a0\"Processos de Testes de Software\"\u00a0e\u00a0\"Modelagem para\u2026","rel":"","context":"Em &quot;Curso&quot;","block_context":{"text":"Curso","link":"https:\/\/diariodegarca.com\/?cat=36947"},"img":{"alt_text":"","src":"","width":0,"height":0},"classes":[]},{"id":2799,"url":"https:\/\/diariodegarca.com\/?p=2799","url_meta":{"origin":4366,"position":5},"title":"Inscri\u00e7\u00f5es para curso gratuito de Libras on-line","author":"Di\u00e1rio de Gar\u00e7a","date":"18 de fevereiro de 2025","format":false,"excerpt":"A Secretaria de Estado dos Direitos da Pessoa com Defici\u00eancia (SEDPcD) inicia, na ter\u00e7a-feira, dia 18 de fevereiro, \u00e0s 10h, as inscri\u00e7\u00f5es para o curso \"Introdu\u00e7\u00e3o \u00e0 Libras\". A iniciativa, realizada em parceria com a Universidade Virtual do Estado de S\u00e3o Paulo (Univesp), disponibiliza 1.500 vagas para aulas on-line e\u2026","rel":"","context":"Em &quot;Brasil&quot;","block_context":{"text":"Brasil","link":"https:\/\/diariodegarca.com\/?cat=38185"},"img":{"alt_text":"","src":"","width":0,"height":0},"classes":[]}],"_links":{"self":[{"href":"https:\/\/diariodegarca.com\/index.php?rest_route=\/wp\/v2\/posts\/4366","targetHints":{"allow":["GET"]}}],"collection":[{"href":"https:\/\/diariodegarca.com\/index.php?rest_route=\/wp\/v2\/posts"}],"about":[{"href":"https:\/\/diariodegarca.com\/index.php?rest_route=\/wp\/v2\/types\/post"}],"author":[{"embeddable":true,"href":"https:\/\/diariodegarca.com\/index.php?rest_route=\/wp\/v2\/users\/260896546"}],"replies":[{"embeddable":true,"href":"https:\/\/diariodegarca.com\/index.php?rest_route=%2Fwp%2Fv2%2Fcomments&post=4366"}],"version-history":[{"count":2,"href":"https:\/\/diariodegarca.com\/index.php?rest_route=\/wp\/v2\/posts\/4366\/revisions"}],"predecessor-version":[{"id":4369,"href":"https:\/\/diariodegarca.com\/index.php?rest_route=\/wp\/v2\/posts\/4366\/revisions\/4369"}],"wp:attachment":[{"href":"https:\/\/diariodegarca.com\/index.php?rest_route=%2Fwp%2Fv2%2Fmedia&parent=4366"}],"wp:term":[{"taxonomy":"category","embeddable":true,"href":"https:\/\/diariodegarca.com\/index.php?rest_route=%2Fwp%2Fv2%2Fcategories&post=4366"},{"taxonomy":"post_tag","embeddable":true,"href":"https:\/\/diariodegarca.com\/index.php?rest_route=%2Fwp%2Fv2%2Ftags&post=4366"}],"curies":[{"name":"wp","href":"https:\/\/api.w.org\/{rel}","templated":true}]}}