{"id":4403,"date":"2025-07-03T15:53:17","date_gmt":"2025-07-03T18:53:17","guid":{"rendered":"https:\/\/diariodegarca.com\/?p=4403"},"modified":"2025-07-05T20:09:29","modified_gmt":"2025-07-05T23:09:29","slug":"senar-oferece-curso-gratuito-de-sensoriamento-remoto-e-mapeamento-com-drones-para-o-agronegocio","status":"publish","type":"post","link":"https:\/\/diariodegarca.com\/?p=4403","title":{"rendered":"SENAR oferece curso gratuito de &#8220;Sensoriamento remoto e mapeamento com drones&#8221; para o agroneg\u00f3cio"},"content":{"rendered":"\n<p class=\"wp-block-paragraph\"><em>Capacita\u00e7\u00e3o online e gratuita ensina produtores e trabalhadores rurais a utilizar drones para otimizar a gest\u00e3o agr\u00edcola.<\/em><\/p>\n\n\n\n<p class=\"wp-block-paragraph\">O Servi\u00e7o Nacional de Aprendizagem Rural (SENAR) est\u00e1 com inscri\u00e7\u00f5es abertas para o curso&nbsp;<em>&#8220;Sensoriamento Remoto B\u00e1sico e Mapeamento com Drones&#8221;<\/em>, uma oportunidade para profissionais do agro dominarem ferramentas modernas de monitoramento de culturas. Com carga hor\u00e1ria de 12 horas e 100% online, o treinamento capacita participantes a coletar e interpretar dados precisos, melhorando a tomada de decis\u00e3o no campo.<\/p>\n\n\n\n<h3 class=\"wp-block-heading\"><strong>Sobre o curso:<\/strong><\/h3>\n\n\n\n<p class=\"wp-block-paragraph\">Voltado a produtores rurais, trabalhadores do setor e seus familiares, al\u00e9m de prestadores de servi\u00e7os, o curso exige apenas que o aluno tenha mais de 18 anos. N\u00e3o h\u00e1 tutoria, mas o material did\u00e1tico inclui apostilas em PDF, atividades interativas e suporte t\u00e9cnico.<\/p>\n\n\n\n<h3 class=\"wp-block-heading\"><strong>Conte\u00fado<\/strong><\/h3>\n\n\n\n<p class=\"wp-block-paragraph\">Os inscritos aprender\u00e3o:<\/p>\n\n\n\n<ul class=\"wp-block-list\">\n<li>Sele\u00e7\u00e3o e opera\u00e7\u00e3o de drones para mapeamento.<\/li>\n\n\n\n<li>Processamento e an\u00e1lise de dados agr\u00edcolas.<\/li>\n\n\n\n<li>Aplica\u00e7\u00f5es pr\u00e1ticas no monitoramento de lavouras.<\/li>\n<\/ul>\n\n\n\n<p class=\"wp-block-paragraph\">Ao concluir as atividades e a pesquisa de satisfa\u00e7\u00e3o, os participantes recebem&nbsp;<strong>certificado de participa\u00e7\u00e3o<\/strong>, v\u00e1lido para comprovar a qualifica\u00e7\u00e3o.<\/p>\n\n\n\n<h3 class=\"wp-block-heading\"><strong>Inscri\u00e7\u00f5es<\/strong><\/h3>\n\n\n\n<p class=\"wp-block-paragraph\">As aulas t\u00eam in\u00edcio imediato, e as inscri\u00e7\u00f5es s\u00e3o gratuitas no&nbsp;<a href=\"https:\/\/ead.senar.org.br\/cursos\/sensoriamento-remoto-basico-e-mapeamento-com-drones\" target=\"_blank\" rel=\"noreferrer noopener\">portal do SENAR<\/a>. \u00c9 necess\u00e1rio ter acesso \u00e0 internet e atender aos requisitos t\u00e9cnicos, como navegadores atualizados e JavaScript ativado.<\/p>\n","protected":false},"excerpt":{"rendered":"<p>Capacita\u00e7\u00e3o online e gratuita ensina produtores e trabalhadores rurais a utilizar drones para otimizar a gest\u00e3o agr\u00edcola. O Servi\u00e7o Nacional de Aprendizagem Rural (SENAR) est\u00e1 com inscri\u00e7\u00f5es abertas para o curso&nbsp;&#8220;Sensoriamento Remoto B\u00e1sico e Mapeamento com Drones&#8221;, uma oportunidade para profissionais do agro dominarem ferramentas modernas de monitoramento de culturas. Com carga hor\u00e1ria de 12 [&hellip;]<\/p>\n","protected":false},"author":260896546,"featured_media":0,"comment_status":"open","ping_status":"open","sticky":false,"template":"","format":"standard","meta":{"_crdt_document":"","_monsterinsights_skip_tracking":false,"_monsterinsights_sitenote_active":false,"_monsterinsights_sitenote_note":"","_monsterinsights_sitenote_category":0,"advanced_seo_description":"","jetpack_seo_html_title":"","jetpack_seo_noindex":false,"_jetpack_newsletter_access":"","_jetpack_dont_email_post_to_subs":false,"_jetpack_newsletter_tier_id":0,"_jetpack_memberships_contains_paywalled_content":false,"_jetpack_memberships_contains_paid_content":false,"footnotes":"","jetpack_publicize_message":"\ud83d\ude9c SENAR lan\u00e7a curso gratuito sobre drones para agricultura de precis\u00e3o\n\nProdutores e trabalhadores rurais agora podem se capacitar em sensoriamento remoto e mapeamento com drones em um curso 100% online oferecido pelo SENAR. Com carga hor\u00e1ria de 12 horas, a forma\u00e7\u00e3o ensina desde a opera\u00e7\u00e3o de drones at\u00e9 a an\u00e1lise de dados para melhorar a gest\u00e3o agr\u00edcola.\n\n\ud83d\udd17 Saiba mais em diariodegarca.com\n\n#AgriculturaDigital #Capacita\u00e7\u00e3oProfissional #TecnologiaNoCampo #SENAR","jetpack_publicize_feature_enabled":true,"jetpack_social_post_already_shared":false,"jetpack_social_options":{"image_generator_settings":{"template":"highway","default_image_id":0,"enabled":false},"version":2},"_wpas_customize_per_network":false,"jetpack_post_was_ever_published":false},"categories":[34615,36947,91066845,758],"tags":[],"class_list":["post-4403","post","type-post","status-publish","format-standard","hentry","category-agricultura","category-curso","category-online-curso","category-tecnologia"],"jetpack_publicize_connections":[],"jetpack_featured_media_url":"","jetpack_likes_enabled":true,"jetpack_sharing_enabled":true,"jetpack_shortlink":"https:\/\/wp.me\/pgitne-191","jetpack-related-posts":[{"id":10059,"url":"https:\/\/diariodegarca.com\/?p=10059","url_meta":{"origin":4403,"position":0},"title":"Sindicato Rural de Gar\u00e7a oferece curso de seguran\u00e7a no uso de agrot\u00f3xicos","author":"Di\u00e1rio de Gar\u00e7a","date":"15 de janeiro de 2026","format":false,"excerpt":"Capacita\u00e7\u00e3o para trabalhadores rurais busca reduzir acidentes e promover a sa\u00fade no campo, com certifica\u00e7\u00e3o conforme norma NR 31.7. Produtores rurais, funcion\u00e1rios e trabalhadores do setor agropecu\u00e1rio t\u00eam uma oportunidade para se capacitar em uma das \u00e1reas mais sens\u00edveis da atividade no campo. O Sindicato Rural de Gar\u00e7a, em parceria\u2026","rel":"","context":"Em &quot;Curso&quot;","block_context":{"text":"Curso","link":"https:\/\/diariodegarca.com\/?cat=36947"},"img":{"alt_text":"","src":"https:\/\/i0.wp.com\/diariodegarca.com\/wp-content\/uploads\/2026\/01\/portrait-female-gardener-holding-sprayer-greenhouse.jpg?fit=1200%2C800&ssl=1&resize=350%2C200","width":350,"height":200,"srcset":"https:\/\/i0.wp.com\/diariodegarca.com\/wp-content\/uploads\/2026\/01\/portrait-female-gardener-holding-sprayer-greenhouse.jpg?fit=1200%2C800&ssl=1&resize=350%2C200 1x, https:\/\/i0.wp.com\/diariodegarca.com\/wp-content\/uploads\/2026\/01\/portrait-female-gardener-holding-sprayer-greenhouse.jpg?fit=1200%2C800&ssl=1&resize=525%2C300 1.5x, https:\/\/i0.wp.com\/diariodegarca.com\/wp-content\/uploads\/2026\/01\/portrait-female-gardener-holding-sprayer-greenhouse.jpg?fit=1200%2C800&ssl=1&resize=700%2C400 2x, https:\/\/i0.wp.com\/diariodegarca.com\/wp-content\/uploads\/2026\/01\/portrait-female-gardener-holding-sprayer-greenhouse.jpg?fit=1200%2C800&ssl=1&resize=1050%2C600 3x"},"classes":[]},{"id":2556,"url":"https:\/\/diariodegarca.com\/?p=2556","url_meta":{"origin":4403,"position":1},"title":"Curso do SENAR ensina como aplicar ESG no agroneg\u00f3cio com sustentabilidade e governan\u00e7a","author":"Di\u00e1rio de Gar\u00e7a","date":"24 de mar\u00e7o de 2025","format":false,"excerpt":"O Servi\u00e7o Nacional de Aprendizagem Rural (SENAR) est\u00e1 com inscri\u00e7\u00f5es abertas para o curso \"Pr\u00e1ticas ESG no Meio Rural\", que capacita produtores e trabalhadores do campo a implementarem estrat\u00e9gias sustent\u00e1veis em seus neg\u00f3cios. Com 40 horas de conte\u00fado online e gratuito, o programa aborda os tr\u00eas pilares da Agenda ESG\u2026","rel":"","context":"Em &quot;Brasil&quot;","block_context":{"text":"Brasil","link":"https:\/\/diariodegarca.com\/?cat=38185"},"img":{"alt_text":"","src":"","width":0,"height":0},"classes":[]},{"id":7057,"url":"https:\/\/diariodegarca.com\/?p=7057","url_meta":{"origin":4403,"position":2},"title":"Curso gratuito e presencial para profissionais da cafeicultura no Sindicato Rural de Gar\u00e7a","author":"Di\u00e1rio de Gar\u00e7a","date":"23 de setembro de 2025","format":false,"excerpt":"Capacita\u00e7\u00e3o em \"Opera\u00e7\u00e3o e Manuten\u00e7\u00e3o de Lavador e Secador de Caf\u00e9\" visa aumentar a efici\u00eancia e a qualidade do produto final, com inscri\u00e7\u00f5es abertas para os dias 23 e 24 de outubro. Produtores rurais e funcion\u00e1rios envolvidos na cadeia do caf\u00e9 t\u00eam uma oportunidade de se qualificar gratuitamente. O Sindicato\u2026","rel":"","context":"Em &quot;Agricultura&quot;","block_context":{"text":"Agricultura","link":"https:\/\/diariodegarca.com\/?cat=34615"},"img":{"alt_text":"","src":"https:\/\/i0.wp.com\/diariodegarca.com\/wp-content\/uploads\/2025\/09\/vista-superior-de-graos-torrados-de-cafe-e-garconete-preparando-cafe.jpg?fit=1200%2C798&ssl=1&resize=350%2C200","width":350,"height":200,"srcset":"https:\/\/i0.wp.com\/diariodegarca.com\/wp-content\/uploads\/2025\/09\/vista-superior-de-graos-torrados-de-cafe-e-garconete-preparando-cafe.jpg?fit=1200%2C798&ssl=1&resize=350%2C200 1x, https:\/\/i0.wp.com\/diariodegarca.com\/wp-content\/uploads\/2025\/09\/vista-superior-de-graos-torrados-de-cafe-e-garconete-preparando-cafe.jpg?fit=1200%2C798&ssl=1&resize=525%2C300 1.5x, https:\/\/i0.wp.com\/diariodegarca.com\/wp-content\/uploads\/2025\/09\/vista-superior-de-graos-torrados-de-cafe-e-garconete-preparando-cafe.jpg?fit=1200%2C798&ssl=1&resize=700%2C400 2x, https:\/\/i0.wp.com\/diariodegarca.com\/wp-content\/uploads\/2025\/09\/vista-superior-de-graos-torrados-de-cafe-e-garconete-preparando-cafe.jpg?fit=1200%2C798&ssl=1&resize=1050%2C600 3x"},"classes":[]},{"id":7546,"url":"https:\/\/diariodegarca.com\/?p=7546","url_meta":{"origin":4403,"position":3},"title":"Curso gratuito e presencial para profissionais da cafeicultura no Sindicato Rural de Gar\u00e7a","author":"Di\u00e1rio de Gar\u00e7a","date":"8 de outubro de 2025","format":false,"excerpt":"Capacita\u00e7\u00e3o em \"Opera\u00e7\u00e3o e Manuten\u00e7\u00e3o de Lavador e Secador de Caf\u00e9\" visa aumentar a efici\u00eancia e a qualidade do produto final, com inscri\u00e7\u00f5es abertas para os dias 23 e 24 de outubro. Produtores rurais e funcion\u00e1rios envolvidos na cadeia do caf\u00e9 t\u00eam uma oportunidade de se qualificar gratuitamente. O Sindicato\u2026","rel":"","context":"Em &quot;Agricultura&quot;","block_context":{"text":"Agricultura","link":"https:\/\/diariodegarca.com\/?cat=34615"},"img":{"alt_text":"","src":"https:\/\/i0.wp.com\/diariodegarca.com\/wp-content\/uploads\/2025\/10\/graos-de-cafe-escuros-em-uma-tigela-sobre-uma-mesa-marrom.jpg?fit=853%2C1200&ssl=1&resize=350%2C200","width":350,"height":200,"srcset":"https:\/\/i0.wp.com\/diariodegarca.com\/wp-content\/uploads\/2025\/10\/graos-de-cafe-escuros-em-uma-tigela-sobre-uma-mesa-marrom.jpg?fit=853%2C1200&ssl=1&resize=350%2C200 1x, https:\/\/i0.wp.com\/diariodegarca.com\/wp-content\/uploads\/2025\/10\/graos-de-cafe-escuros-em-uma-tigela-sobre-uma-mesa-marrom.jpg?fit=853%2C1200&ssl=1&resize=525%2C300 1.5x, https:\/\/i0.wp.com\/diariodegarca.com\/wp-content\/uploads\/2025\/10\/graos-de-cafe-escuros-em-uma-tigela-sobre-uma-mesa-marrom.jpg?fit=853%2C1200&ssl=1&resize=700%2C400 2x"},"classes":[]},{"id":6027,"url":"https:\/\/diariodegarca.com\/?p=6027","url_meta":{"origin":4403,"position":4},"title":"Curso gratuito e presencial de opera\u00e7\u00e3o de tratores em Gar\u00e7a","author":"Di\u00e1rio de Gar\u00e7a","date":"24 de agosto de 2025","format":false,"excerpt":"Capacita\u00e7\u00e3o voltada para produtores e trabalhadores rurais, com alimenta\u00e7\u00e3o inclusa, e que combina aulas te\u00f3ricas e pr\u00e1ticas. O Sindicato Rural de Gar\u00e7a, em parceria com o Servi\u00e7o Nacional de Aprendizagem Rural (Senar), est\u00e1 com inscri\u00e7\u00f5es abertas para um curso essencial para o agroneg\u00f3cio local: Opera\u00e7\u00e3o e Manuten\u00e7\u00e3o de Tratores Agr\u00edcolas.\u2026","rel":"","context":"Em &quot;Agricultura&quot;","block_context":{"text":"Agricultura","link":"https:\/\/diariodegarca.com\/?cat=34615"},"img":{"alt_text":"","src":"https:\/\/i0.wp.com\/diariodegarca.com\/wp-content\/uploads\/2025\/08\/jovem-agricultor-cuidando-de-seu-negocio.jpg?fit=1200%2C806&ssl=1&resize=350%2C200","width":350,"height":200,"srcset":"https:\/\/i0.wp.com\/diariodegarca.com\/wp-content\/uploads\/2025\/08\/jovem-agricultor-cuidando-de-seu-negocio.jpg?fit=1200%2C806&ssl=1&resize=350%2C200 1x, https:\/\/i0.wp.com\/diariodegarca.com\/wp-content\/uploads\/2025\/08\/jovem-agricultor-cuidando-de-seu-negocio.jpg?fit=1200%2C806&ssl=1&resize=525%2C300 1.5x, https:\/\/i0.wp.com\/diariodegarca.com\/wp-content\/uploads\/2025\/08\/jovem-agricultor-cuidando-de-seu-negocio.jpg?fit=1200%2C806&ssl=1&resize=700%2C400 2x, https:\/\/i0.wp.com\/diariodegarca.com\/wp-content\/uploads\/2025\/08\/jovem-agricultor-cuidando-de-seu-negocio.jpg?fit=1200%2C806&ssl=1&resize=1050%2C600 3x"},"classes":[]},{"id":10063,"url":"https:\/\/diariodegarca.com\/?p=10063","url_meta":{"origin":4403,"position":5},"title":"Curso gratuito de tratores com inscri\u00e7\u00f5es abertas em Gar\u00e7a","author":"Di\u00e1rio de Gar\u00e7a","date":"16 de janeiro de 2026","format":false,"excerpt":"Capacita\u00e7\u00e3o do SENAR e Sindicato Rural acontece entre 9 e 13 de fevereiro, com aulas te\u00f3ricas e pr\u00e1ticas, e visa reduzir acidentes no campo. Um dos equipamentos mais essenciais e potentes da agricultura moderna ser\u00e1 o foco de uma qualifica\u00e7\u00e3o profissional gratuita em Gar\u00e7a. O Sindicato Rural, em parceria com\u2026","rel":"","context":"Em &quot;Agricultura&quot;","block_context":{"text":"Agricultura","link":"https:\/\/diariodegarca.com\/?cat=34615"},"img":{"alt_text":"","src":"https:\/\/i0.wp.com\/diariodegarca.com\/wp-content\/uploads\/2026\/01\/combine-machine-service-mechanic-repairing-motor-outdoors.jpg?fit=1200%2C801&ssl=1&resize=350%2C200","width":350,"height":200,"srcset":"https:\/\/i0.wp.com\/diariodegarca.com\/wp-content\/uploads\/2026\/01\/combine-machine-service-mechanic-repairing-motor-outdoors.jpg?fit=1200%2C801&ssl=1&resize=350%2C200 1x, https:\/\/i0.wp.com\/diariodegarca.com\/wp-content\/uploads\/2026\/01\/combine-machine-service-mechanic-repairing-motor-outdoors.jpg?fit=1200%2C801&ssl=1&resize=525%2C300 1.5x, https:\/\/i0.wp.com\/diariodegarca.com\/wp-content\/uploads\/2026\/01\/combine-machine-service-mechanic-repairing-motor-outdoors.jpg?fit=1200%2C801&ssl=1&resize=700%2C400 2x, https:\/\/i0.wp.com\/diariodegarca.com\/wp-content\/uploads\/2026\/01\/combine-machine-service-mechanic-repairing-motor-outdoors.jpg?fit=1200%2C801&ssl=1&resize=1050%2C600 3x"},"classes":[]}],"_links":{"self":[{"href":"https:\/\/diariodegarca.com\/index.php?rest_route=\/wp\/v2\/posts\/4403","targetHints":{"allow":["GET"]}}],"collection":[{"href":"https:\/\/diariodegarca.com\/index.php?rest_route=\/wp\/v2\/posts"}],"about":[{"href":"https:\/\/diariodegarca.com\/index.php?rest_route=\/wp\/v2\/types\/post"}],"author":[{"embeddable":true,"href":"https:\/\/diariodegarca.com\/index.php?rest_route=\/wp\/v2\/users\/260896546"}],"replies":[{"embeddable":true,"href":"https:\/\/diariodegarca.com\/index.php?rest_route=%2Fwp%2Fv2%2Fcomments&post=4403"}],"version-history":[{"count":3,"href":"https:\/\/diariodegarca.com\/index.php?rest_route=\/wp\/v2\/posts\/4403\/revisions"}],"predecessor-version":[{"id":4407,"href":"https:\/\/diariodegarca.com\/index.php?rest_route=\/wp\/v2\/posts\/4403\/revisions\/4407"}],"wp:attachment":[{"href":"https:\/\/diariodegarca.com\/index.php?rest_route=%2Fwp%2Fv2%2Fmedia&parent=4403"}],"wp:term":[{"taxonomy":"category","embeddable":true,"href":"https:\/\/diariodegarca.com\/index.php?rest_route=%2Fwp%2Fv2%2Fcategories&post=4403"},{"taxonomy":"post_tag","embeddable":true,"href":"https:\/\/diariodegarca.com\/index.php?rest_route=%2Fwp%2Fv2%2Ftags&post=4403"}],"curies":[{"name":"wp","href":"https:\/\/api.w.org\/{rel}","templated":true}]}}