{"id":4445,"date":"2025-07-04T15:03:31","date_gmt":"2025-07-04T18:03:31","guid":{"rendered":"https:\/\/diariodegarca.com\/?p=4445"},"modified":"2025-07-04T15:03:31","modified_gmt":"2025-07-04T18:03:31","slug":"vera-cruz-com-oportunidades-de-emprego-no-setor-industrial","status":"publish","type":"post","link":"https:\/\/diariodegarca.com\/?p=4445","title":{"rendered":"Vera Cruz com oportunidades de emprego no setor industrial"},"content":{"rendered":"\n<p class=\"wp-block-paragraph\"><em>Programa Emprega Vera Cruz facilita conex\u00e3o entre candidatos e empresa multinacional<\/em><\/p>\n\n\n\n<p class=\"wp-block-paragraph\">A&nbsp;<strong>UNIPR\u00d3<\/strong>, multinacional especializada em selantes e adesivos, est\u00e1 com&nbsp;<strong>novas vagas abertas<\/strong>&nbsp;em sua unidade de&nbsp;<strong>Vera Cruz<\/strong>. As oportunidades s\u00e3o intermediadas pelo&nbsp;<strong>Emprega Vera Cruz<\/strong>, programa da Prefeitura que agiliza a contrata\u00e7\u00e3o de talentos locais.<\/p>\n\n\n\n<p class=\"wp-block-paragraph\">Os interessados devem enviar curr\u00edculo para&nbsp;<strong><a href=\"https:\/\/mailto:administrativo@uniprosf.com.br\/\" target=\"_blank\" rel=\"noreferrer noopener\">administrativo@uniprosf.com.br<\/a><\/strong>&nbsp;e se preparar para processos seletivos nas \u00e1reas de produ\u00e7\u00e3o e log\u00edstica.<\/p>\n\n\n\n<hr class=\"wp-block-separator has-alpha-channel-opacity\" \/>\n\n\n\n<h2 class=\"wp-block-heading\"><strong>Vagas dispon\u00edveis e requisitos<\/strong><\/h2>\n\n\n\n<p class=\"wp-block-paragraph\">A empresa busca profissionais para atuar no&nbsp;<strong>setor industrial<\/strong>, com destaque para:<\/p>\n\n\n\n<ul class=\"wp-block-list\">\n<li><strong>Auxiliar de Produ\u00e7\u00e3o<\/strong>\u00a0(Ensino M\u00e9dio completo e experi\u00eancia na \u00e1rea \u2013 prefer\u00eancia por candidatos do sexo masculino)<\/li>\n\n\n\n<li><strong>Auxiliar de Envase de Produto<\/strong><\/li>\n\n\n\n<li><strong>Auxiliar de Rotulagem<\/strong><\/li>\n\n\n\n<li><strong>Auxiliar de Manipula\u00e7\u00e3o<\/strong><\/li>\n\n\n\n<li><strong>Auxiliar de Produ\u00e7\u00e3o Industrial<\/strong><\/li>\n<\/ul>\n\n\n\n<p class=\"wp-block-paragraph\">As fun\u00e7\u00f5es envolvem atividades como&nbsp;<strong>envase, rotulagem, pesagem de insumos, montagem de paletes e limpeza de equipamentos<\/strong>.<\/p>\n\n\n\n<hr class=\"wp-block-separator has-alpha-channel-opacity\" \/>\n\n\n\n<h2 class=\"wp-block-heading\"><strong>Como se candidatar?<\/strong><\/h2>\n\n\n\n<p class=\"wp-block-paragraph\">Os interessados devem enviar curr\u00edculo para:<br>\ud83d\udce7&nbsp;<strong><a href=\"https:\/\/mailto:administrativo@uniprosf.com.br\/\" target=\"_blank\" rel=\"noreferrer noopener\">administrativo@uniprosf.com.br<\/a><\/strong><\/p>\n","protected":false},"excerpt":{"rendered":"<p>Programa Emprega Vera Cruz facilita conex\u00e3o entre candidatos e empresa multinacional A&nbsp;UNIPR\u00d3, multinacional especializada em selantes e adesivos, est\u00e1 com&nbsp;novas vagas abertas&nbsp;em sua unidade de&nbsp;Vera Cruz. As oportunidades s\u00e3o intermediadas pelo&nbsp;Emprega Vera Cruz, programa da Prefeitura que agiliza a contrata\u00e7\u00e3o de talentos locais. Os interessados devem enviar curr\u00edculo para&nbsp;administrativo@uniprosf.com.br&nbsp;e se preparar para processos seletivos nas [&hellip;]<\/p>\n","protected":false},"author":260896546,"featured_media":4448,"comment_status":"open","ping_status":"open","sticky":false,"template":"","format":"standard","meta":{"_crdt_document":"","_monsterinsights_skip_tracking":false,"_monsterinsights_sitenote_active":false,"_monsterinsights_sitenote_note":"","_monsterinsights_sitenote_category":0,"advanced_seo_description":"","jetpack_seo_html_title":"","jetpack_seo_noindex":false,"_jetpack_newsletter_access":"","_jetpack_dont_email_post_to_subs":false,"_jetpack_newsletter_tier_id":0,"_jetpack_memberships_contains_paywalled_content":false,"_jetpack_memberships_contains_paid_content":false,"footnotes":"","jetpack_publicize_message":"\ud83d\udce2 Vagas abertas em Vera Cruz\n\nA UNIPR\u00d3, multinacional de selantes e adesivos, est\u00e1 contratando para o setor industrial! \ud83c\udfed\n\n\u2705 Vagas:\n* Auxiliar de Produ\u00e7\u00e3o\n* Auxiliar de Envase\n* Auxiliar de Rotulagem\n* Auxiliar de Manipula\u00e7\u00e3o\n\n\ud83d\udccc Requisitos: Ensino M\u00e9dio + experi\u00eancia (algumas vagas com prefer\u00eancia para homens).\n\n\ud83d\udce9 Envie seu curr\u00edculo: administrativo@uniprosf.com.br\n\n\ud83d\udd17 Saiba mais: diariodegarca.com\n\n#Vagas #Emprego #VeraCruz #Oportunidade #Contrata\u00e7\u00e3o ","jetpack_publicize_feature_enabled":true,"jetpack_social_post_already_shared":false,"jetpack_social_options":{"image_generator_settings":{"template":"highway","default_image_id":0,"enabled":false},"version":2},"_wpas_customize_per_network":false,"jetpack_post_was_ever_published":false},"categories":[496224,963369],"tags":[],"class_list":["post-4445","post","type-post","status-publish","format-standard","has-post-thumbnail","hentry","category-vagas","category-vera-cruz"],"jetpack_publicize_connections":[],"jetpack_featured_media_url":"https:\/\/i0.wp.com\/diariodegarca.com\/wp-content\/uploads\/2025\/07\/homem-trabalhando-com-equipamento-de-seguranca.jpg?fit=6048%2C4024&ssl=1","jetpack_likes_enabled":true,"jetpack_sharing_enabled":true,"jetpack_shortlink":"https:\/\/wp.me\/pgitne-19H","jetpack-related-posts":[{"id":6713,"url":"https:\/\/diariodegarca.com\/?p=6713","url_meta":{"origin":4445,"position":0},"title":"Vera Cruz lan\u00e7a plataforma digital &#8220;Emprega +&#8221; para conectar candidatos a empresas","author":"Di\u00e1rio de Gar\u00e7a","date":"13 de setembro de 2025","format":false,"excerpt":"Modelo similar ao de outras cidades da regi\u00e3o, site do PAT municipal permite cadastro de curr\u00edculos e vagas para impulsionar o mercado de trabalho local. A cidade de Vera Cruz deu um passo significativo para modernizar a intermedia\u00e7\u00e3o de m\u00e3o de obra no munic\u00edpio. Na \u00faltima sexta-feira, 12 de setembro,\u2026","rel":"","context":"Em &quot;Tecnologia&quot;","block_context":{"text":"Tecnologia","link":"https:\/\/diariodegarca.com\/?cat=758"},"img":{"alt_text":"","src":"https:\/\/i0.wp.com\/diariodegarca.com\/wp-content\/uploads\/2025\/09\/f1d2b2304c85c633316372f9bfdaa883.jpg?fit=800%2C565&ssl=1&resize=350%2C200","width":350,"height":200,"srcset":"https:\/\/i0.wp.com\/diariodegarca.com\/wp-content\/uploads\/2025\/09\/f1d2b2304c85c633316372f9bfdaa883.jpg?fit=800%2C565&ssl=1&resize=350%2C200 1x, https:\/\/i0.wp.com\/diariodegarca.com\/wp-content\/uploads\/2025\/09\/f1d2b2304c85c633316372f9bfdaa883.jpg?fit=800%2C565&ssl=1&resize=525%2C300 1.5x, https:\/\/i0.wp.com\/diariodegarca.com\/wp-content\/uploads\/2025\/09\/f1d2b2304c85c633316372f9bfdaa883.jpg?fit=800%2C565&ssl=1&resize=700%2C400 2x"},"classes":[]},{"id":7650,"url":"https:\/\/diariodegarca.com\/?p=7650","url_meta":{"origin":4445,"position":1},"title":"PAT Vera Cruz oferta vagas em diferentes \u00e1reas; saiba como se candidatar","author":"Andreza Sega","date":"13 de outubro de 2025","format":false,"excerpt":"Oportunidades nas empresas Eixo SP e Unipro Selantes e Adesivos contemplam desde servi\u00e7os gerais at\u00e9 cargos de gest\u00e3o e especializa\u00e7\u00e3o t\u00e9cnica. O programa Emprega Vera Cruz abriu novas vagas de trabalho em parceria com empresas instaladas na regi\u00e3o. As oportunidades s\u00e3o voltadas para moradores do munic\u00edpio e abrangem diferentes n\u00edveis\u2026","rel":"","context":"Em &quot;Vagas&quot;","block_context":{"text":"Vagas","link":"https:\/\/diariodegarca.com\/?cat=496224"},"img":{"alt_text":"","src":"https:\/\/i0.wp.com\/diariodegarca.com\/wp-content\/uploads\/2025\/09\/f1d2b2304c85c633316372f9bfdaa883.jpg?fit=800%2C565&ssl=1&resize=350%2C200","width":350,"height":200,"srcset":"https:\/\/i0.wp.com\/diariodegarca.com\/wp-content\/uploads\/2025\/09\/f1d2b2304c85c633316372f9bfdaa883.jpg?fit=800%2C565&ssl=1&resize=350%2C200 1x, https:\/\/i0.wp.com\/diariodegarca.com\/wp-content\/uploads\/2025\/09\/f1d2b2304c85c633316372f9bfdaa883.jpg?fit=800%2C565&ssl=1&resize=525%2C300 1.5x, https:\/\/i0.wp.com\/diariodegarca.com\/wp-content\/uploads\/2025\/09\/f1d2b2304c85c633316372f9bfdaa883.jpg?fit=800%2C565&ssl=1&resize=700%2C400 2x"},"classes":[]},{"id":2842,"url":"https:\/\/diariodegarca.com\/?p=2842","url_meta":{"origin":4445,"position":2},"title":"Bracell abre vagas de emprego em tr\u00eas cidades da regi\u00e3o","author":"Di\u00e1rio de Gar\u00e7a","date":"12 de fevereiro de 2025","format":false,"excerpt":"A Bracell, empresa refer\u00eancia no setor de celulose e papel, anunciou novas oportunidades de emprego em tr\u00eas munic\u00edpios da regi\u00e3o: \u00c1lvaro de Carvalho, Gar\u00e7a e Vera Cruz. As vagas s\u00e3o para as fun\u00e7\u00f5es de Auxiliar de Servi\u00e7os Gerais Campo (Trabalhador Florestal) e Mec\u00e2nico(a). Os contratados ter\u00e3o acesso a diversos benef\u00edcios,\u2026","rel":"","context":"Em &quot;Brasil&quot;","block_context":{"text":"Brasil","link":"https:\/\/diariodegarca.com\/?cat=38185"},"img":{"alt_text":"","src":"","width":0,"height":0},"classes":[]},{"id":5094,"url":"https:\/\/diariodegarca.com\/?p=5094","url_meta":{"origin":4445,"position":3},"title":"DHL\/Mercado Livre realiza mutir\u00e3o de empregos em Mar\u00edlia","author":"Di\u00e1rio de Gar\u00e7a","date":"28 de julho de 2025","format":false,"excerpt":"Evento oferece vagas para auxiliar log\u00edstico, inclusive para PCDs, com sele\u00e7\u00e3o no Teatro Municipal de Mar\u00edlia. Nesta ter\u00e7a-feira, dia 29 de julho, Mar\u00edlia recebe um mutir\u00e3o de empregos promovido pela DHL\/Mercado Livre, uma das maiores empresas de log\u00edstica do mundo. O evento, realizado com apoio da Prefeitura, acontecer\u00e1 no Teatro\u2026","rel":"","context":"Em &quot;Mar\u00edlia&quot;","block_context":{"text":"Mar\u00edlia","link":"https:\/\/diariodegarca.com\/?cat=683453294"},"img":{"alt_text":"","src":"https:\/\/i0.wp.com\/diariodegarca.com\/wp-content\/uploads\/2025\/07\/25-07-reuniao-mercado-livre2.jpg?fit=1024%2C768&ssl=1&resize=350%2C200","width":350,"height":200,"srcset":"https:\/\/i0.wp.com\/diariodegarca.com\/wp-content\/uploads\/2025\/07\/25-07-reuniao-mercado-livre2.jpg?fit=1024%2C768&ssl=1&resize=350%2C200 1x, https:\/\/i0.wp.com\/diariodegarca.com\/wp-content\/uploads\/2025\/07\/25-07-reuniao-mercado-livre2.jpg?fit=1024%2C768&ssl=1&resize=525%2C300 1.5x, https:\/\/i0.wp.com\/diariodegarca.com\/wp-content\/uploads\/2025\/07\/25-07-reuniao-mercado-livre2.jpg?fit=1024%2C768&ssl=1&resize=700%2C400 2x"},"classes":[]},{"id":5729,"url":"https:\/\/diariodegarca.com\/?p=5729","url_meta":{"origin":4445,"position":4},"title":"Gar\u00e7a, Vera Cruz e Mar\u00edlia oferecem oportunidades de emprego em v\u00e1rias \u00e1reas","author":"Di\u00e1rio de Gar\u00e7a","date":"17 de agosto de 2025","format":false,"excerpt":"Empresas das regi\u00f5es buscam profissionais para \u00e1reas como vendas, p\u00f3s-venda, administra\u00e7\u00e3o e servi\u00e7os gerais; confira os detalhes e como se candidatar. Gar\u00e7a 1. Auxiliar de Vendas na Henlau Qu\u00edmicaA Henlau Qu\u00edmica est\u00e1 com vaga para\u00a0Auxiliar de Vendas\u00a0em regime CLT, com jornada de segunda a sexta-feira em hor\u00e1rio comercial. Entre as\u2026","rel":"","context":"Em &quot;Est\u00e1gio&quot;","block_context":{"text":"Est\u00e1gio","link":"https:\/\/diariodegarca.com\/?cat=64915"},"img":{"alt_text":"","src":"https:\/\/i0.wp.com\/diariodegarca.com\/wp-content\/uploads\/2025\/08\/felizes-colegas-de-trabalho-apertando-as-maos-apos-apresentacao-de-negocios-no-escritorio.jpg?fit=1200%2C800&ssl=1&resize=350%2C200","width":350,"height":200,"srcset":"https:\/\/i0.wp.com\/diariodegarca.com\/wp-content\/uploads\/2025\/08\/felizes-colegas-de-trabalho-apertando-as-maos-apos-apresentacao-de-negocios-no-escritorio.jpg?fit=1200%2C800&ssl=1&resize=350%2C200 1x, https:\/\/i0.wp.com\/diariodegarca.com\/wp-content\/uploads\/2025\/08\/felizes-colegas-de-trabalho-apertando-as-maos-apos-apresentacao-de-negocios-no-escritorio.jpg?fit=1200%2C800&ssl=1&resize=525%2C300 1.5x, https:\/\/i0.wp.com\/diariodegarca.com\/wp-content\/uploads\/2025\/08\/felizes-colegas-de-trabalho-apertando-as-maos-apos-apresentacao-de-negocios-no-escritorio.jpg?fit=1200%2C800&ssl=1&resize=700%2C400 2x, https:\/\/i0.wp.com\/diariodegarca.com\/wp-content\/uploads\/2025\/08\/felizes-colegas-de-trabalho-apertando-as-maos-apos-apresentacao-de-negocios-no-escritorio.jpg?fit=1200%2C800&ssl=1&resize=1050%2C600 3x"},"classes":[]},{"id":5613,"url":"https:\/\/diariodegarca.com\/?p=5613","url_meta":{"origin":4445,"position":5},"title":"Alvinl\u00e2ndia, Fern\u00e3o e Vera Cruz oferecem curso gratuito de &#8220;Banho e Tosa&#8221;","author":"Di\u00e1rio de Gar\u00e7a","date":"15 de agosto de 2025","format":false,"excerpt":"Iniciativa do Fundo Social de SP qualifica pessoas e gera novas oportunidades no mercado pet em ambas as cidades. As cidades de Alvinl\u00e2ndia, Fern\u00e3o e\u00a0Vera Cruz\u00a0est\u00e3o com inscri\u00e7\u00f5es abertas para o\u00a0curso gratuito de Banho e Tosa \u2013 Pet de Pequeno e M\u00e9dio Porte, uma parceria entre as prefeituras municipais e\u2026","rel":"","context":"Em &quot;Alvinl\u00e2ndia&quot;","block_context":{"text":"Alvinl\u00e2ndia","link":"https:\/\/diariodegarca.com\/?cat=32102633"},"img":{"alt_text":"","src":"https:\/\/i0.wp.com\/diariodegarca.com\/wp-content\/uploads\/2025\/08\/yorkshire-terrier-recebendo-procedimento-no-salao-de-beleza-jovem-mulher-de-camiseta-branca-aparando-um-cachorrinho-yorkshire-terrier-filhote-cortando-o-cabelo-com-uma-maquina-de-barbear.jpg?fit=1200%2C800&ssl=1&resize=350%2C200","width":350,"height":200,"srcset":"https:\/\/i0.wp.com\/diariodegarca.com\/wp-content\/uploads\/2025\/08\/yorkshire-terrier-recebendo-procedimento-no-salao-de-beleza-jovem-mulher-de-camiseta-branca-aparando-um-cachorrinho-yorkshire-terrier-filhote-cortando-o-cabelo-com-uma-maquina-de-barbear.jpg?fit=1200%2C800&ssl=1&resize=350%2C200 1x, https:\/\/i0.wp.com\/diariodegarca.com\/wp-content\/uploads\/2025\/08\/yorkshire-terrier-recebendo-procedimento-no-salao-de-beleza-jovem-mulher-de-camiseta-branca-aparando-um-cachorrinho-yorkshire-terrier-filhote-cortando-o-cabelo-com-uma-maquina-de-barbear.jpg?fit=1200%2C800&ssl=1&resize=525%2C300 1.5x, https:\/\/i0.wp.com\/diariodegarca.com\/wp-content\/uploads\/2025\/08\/yorkshire-terrier-recebendo-procedimento-no-salao-de-beleza-jovem-mulher-de-camiseta-branca-aparando-um-cachorrinho-yorkshire-terrier-filhote-cortando-o-cabelo-com-uma-maquina-de-barbear.jpg?fit=1200%2C800&ssl=1&resize=700%2C400 2x, https:\/\/i0.wp.com\/diariodegarca.com\/wp-content\/uploads\/2025\/08\/yorkshire-terrier-recebendo-procedimento-no-salao-de-beleza-jovem-mulher-de-camiseta-branca-aparando-um-cachorrinho-yorkshire-terrier-filhote-cortando-o-cabelo-com-uma-maquina-de-barbear.jpg?fit=1200%2C800&ssl=1&resize=1050%2C600 3x"},"classes":[]}],"_links":{"self":[{"href":"https:\/\/diariodegarca.com\/index.php?rest_route=\/wp\/v2\/posts\/4445","targetHints":{"allow":["GET"]}}],"collection":[{"href":"https:\/\/diariodegarca.com\/index.php?rest_route=\/wp\/v2\/posts"}],"about":[{"href":"https:\/\/diariodegarca.com\/index.php?rest_route=\/wp\/v2\/types\/post"}],"author":[{"embeddable":true,"href":"https:\/\/diariodegarca.com\/index.php?rest_route=\/wp\/v2\/users\/260896546"}],"replies":[{"embeddable":true,"href":"https:\/\/diariodegarca.com\/index.php?rest_route=%2Fwp%2Fv2%2Fcomments&post=4445"}],"version-history":[{"count":3,"href":"https:\/\/diariodegarca.com\/index.php?rest_route=\/wp\/v2\/posts\/4445\/revisions"}],"predecessor-version":[{"id":4450,"href":"https:\/\/diariodegarca.com\/index.php?rest_route=\/wp\/v2\/posts\/4445\/revisions\/4450"}],"wp:featuredmedia":[{"embeddable":true,"href":"https:\/\/diariodegarca.com\/index.php?rest_route=\/wp\/v2\/media\/4448"}],"wp:attachment":[{"href":"https:\/\/diariodegarca.com\/index.php?rest_route=%2Fwp%2Fv2%2Fmedia&parent=4445"}],"wp:term":[{"taxonomy":"category","embeddable":true,"href":"https:\/\/diariodegarca.com\/index.php?rest_route=%2Fwp%2Fv2%2Fcategories&post=4445"},{"taxonomy":"post_tag","embeddable":true,"href":"https:\/\/diariodegarca.com\/index.php?rest_route=%2Fwp%2Fv2%2Ftags&post=4445"}],"curies":[{"name":"wp","href":"https:\/\/api.w.org\/{rel}","templated":true}]}}