{"id":4555,"date":"2025-07-08T18:14:36","date_gmt":"2025-07-08T21:14:36","guid":{"rendered":"https:\/\/diariodegarca.com\/?p=4555"},"modified":"2025-07-08T18:14:36","modified_gmt":"2025-07-08T21:14:36","slug":"pirajui-abre-matriculas-para-eja-no-2o-semestre","status":"publish","type":"post","link":"https:\/\/diariodegarca.com\/?p=4555","title":{"rendered":"Piraju\u00ed abre matr\u00edculas para EJA no 2\u00ba semestre"},"content":{"rendered":"\n<p class=\"wp-block-paragraph\"><em>Oportunidade no 2\u00ba semestre para quem deseja retomar os estudos; veja como se inscrever com documentos simples.<\/em><\/p>\n\n\n\n<p class=\"wp-block-paragraph\">A Prefeitura de Piraju\u00ed, em parceria com a Funda\u00e7\u00e3o 29 de Mar\u00e7o, est\u00e1 com matr\u00edculas abertas para o 2\u00ba semestre da Educa\u00e7\u00e3o para Jovens e Adultos (EJA) &#8211; Ensino Fundamental (a partir de 15 anos) e M\u00e9dio (a partir de 18 anos). Al\u00e9m da EJA, a iniciativa inclui cursos profissionalizantes oferecidos pela UNIVESP, ampliando as oportunidades de qualifica\u00e7\u00e3o.<\/p>\n\n\n\n<p class=\"wp-block-paragraph\">Os interessados devem comparecer ao pr\u00e9dio da EMEF Olavo Bilac, localizado na Pra\u00e7a Dr. Rocha Braga, 155, no Centro, portando c\u00f3pias simples do RG, CPF e documentos escolares (como hist\u00f3rico ou declara\u00e7\u00e3o de escolaridade, se houver).<\/p>\n\n\n\n<p class=\"wp-block-paragraph\">Os interessados devem comparecer ao pr\u00e9dio da EMEF Olavo Bilac, localizado na Pra\u00e7a Dr. Rocha Braga, 155, no Centro, portando c\u00f3pias simples do RG, CPF e documentos escolares (como hist\u00f3rico ou declara\u00e7\u00e3o de escolaridade, se houver).<\/p>\n\n\n\n<p class=\"wp-block-paragraph\">Informa\u00e7\u00f5es adicionais podem ser obtidas pelo telefone (14) 3584-4881.<\/p>\n","protected":false},"excerpt":{"rendered":"<p>Oportunidade no 2\u00ba semestre para quem deseja retomar os estudos; veja como se inscrever com documentos simples. A Prefeitura de Piraju\u00ed, em parceria com a Funda\u00e7\u00e3o 29 de Mar\u00e7o, est\u00e1 com matr\u00edculas abertas para o 2\u00ba semestre da Educa\u00e7\u00e3o para Jovens e Adultos (EJA) &#8211; Ensino Fundamental (a partir de 15 anos) e M\u00e9dio (a [&hellip;]<\/p>\n","protected":false},"author":260896546,"featured_media":4556,"comment_status":"open","ping_status":"open","sticky":false,"template":"","format":"standard","meta":{"_crdt_document":"","_monsterinsights_skip_tracking":false,"_monsterinsights_sitenote_active":false,"_monsterinsights_sitenote_note":"","_monsterinsights_sitenote_category":0,"advanced_seo_description":"","jetpack_seo_html_title":"","jetpack_seo_noindex":false,"_jetpack_newsletter_access":"","_jetpack_dont_email_post_to_subs":false,"_jetpack_newsletter_tier_id":0,"_jetpack_memberships_contains_paywalled_content":false,"_jetpack_memberships_contains_paid_content":false,"footnotes":"","jetpack_publicize_message":"\ud83d\udce2 Volte a estudar em Piraju\u00ed!\n\nSe voc\u00ea n\u00e3o concluiu o Fundamental (15+ anos) ou o M\u00e9dio (18+ anos), esta \u00e9 sua chance no 2\u00ba semestre.\n\n\ud83d\udccd Inscri\u00e7\u00f5es em EMEF Olavo Bilac (Pra\u00e7a Dr. Rocha Braga, 155)\n\ud83d\udcc4 Documentos: c\u00f3pias do RG, CPF e hist\u00f3rico escolar\n\ud83d\udcde Informa\u00e7\u00f5es: (14) 3584-4881\n\nTransforme seu futuro pela educa\u00e7\u00e3o! \ud83d\udcda\u2728\n\n\ud83d\udd17 Leia mais em diariodegarca.com\n\n#VolteaEstudar #Educa\u00e7\u00e3oParaTodos #Piraju\u00ed","jetpack_publicize_feature_enabled":true,"jetpack_social_post_already_shared":false,"jetpack_social_options":{"image_generator_settings":{"template":"highway","default_image_id":0,"enabled":false},"version":2},"_wpas_customize_per_network":false,"jetpack_post_was_ever_published":false},"categories":[17964,9145932],"tags":[],"class_list":["post-4555","post","type-post","status-publish","format-standard","has-post-thumbnail","hentry","category-educacao","category-pirajui"],"jetpack_publicize_connections":[],"jetpack_featured_media_url":"https:\/\/i0.wp.com\/diariodegarca.com\/wp-content\/uploads\/2025\/07\/vista-lateral-idosos-aprendendo-juntos.jpg?fit=7900%2C5266&ssl=1","jetpack_likes_enabled":true,"jetpack_sharing_enabled":true,"jetpack_shortlink":"https:\/\/wp.me\/pgitne-1bt","jetpack-related-posts":[{"id":9535,"url":"https:\/\/diariodegarca.com\/?p=9535","url_meta":{"origin":4555,"position":0},"title":"G\u00e1lia abre inscri\u00e7\u00f5es para processo seletivo de bolsa universit\u00e1ria","author":"Di\u00e1rio de Gar\u00e7a","date":"15 de dezembro de 2025","format":false,"excerpt":"Estudantes de gradua\u00e7\u00e3o t\u00eam de 15 a 18 de dezembro para se inscrever. Ser\u00e3o ofertadas quatro vagas, com sele\u00e7\u00e3o por prova de conhecimentos gerais do Ensino M\u00e9dio. A Secretaria Municipal de Educa\u00e7\u00e3o de G\u00e1lia, no interior de S\u00e3o Paulo, publicou na sexta-feira, 12 de dezembro, o edital de abertura do\u2026","rel":"","context":"Em &quot;Educa\u00e7\u00e3o&quot;","block_context":{"text":"Educa\u00e7\u00e3o","link":"https:\/\/diariodegarca.com\/?cat=17964"},"img":{"alt_text":"","src":"https:\/\/i0.wp.com\/diariodegarca.com\/wp-content\/uploads\/2025\/12\/amigos-sorridentes-posando-junto-com-livros.jpg?fit=1200%2C960&ssl=1&resize=350%2C200","width":350,"height":200,"srcset":"https:\/\/i0.wp.com\/diariodegarca.com\/wp-content\/uploads\/2025\/12\/amigos-sorridentes-posando-junto-com-livros.jpg?fit=1200%2C960&ssl=1&resize=350%2C200 1x, https:\/\/i0.wp.com\/diariodegarca.com\/wp-content\/uploads\/2025\/12\/amigos-sorridentes-posando-junto-com-livros.jpg?fit=1200%2C960&ssl=1&resize=525%2C300 1.5x, https:\/\/i0.wp.com\/diariodegarca.com\/wp-content\/uploads\/2025\/12\/amigos-sorridentes-posando-junto-com-livros.jpg?fit=1200%2C960&ssl=1&resize=700%2C400 2x, https:\/\/i0.wp.com\/diariodegarca.com\/wp-content\/uploads\/2025\/12\/amigos-sorridentes-posando-junto-com-livros.jpg?fit=1200%2C960&ssl=1&resize=1050%2C600 3x"},"classes":[]},{"id":3591,"url":"https:\/\/diariodegarca.com\/?p=3591","url_meta":{"origin":4555,"position":1},"title":"Mar\u00edlia abre processo seletivo para estagi\u00e1rios em diversas \u00e1reas","author":"Di\u00e1rio de Gar\u00e7a","date":"30 de maio de 2025","format":false,"excerpt":"Inscri\u00e7\u00f5es devem ser realizadas entre 3 e 23 de junho de 2025; bolsas variam de R$ 600 a R$ 1.000 A Prefeitura Municipal de Mar\u00edlia, em parceria com o Centro de Integra\u00e7\u00e3o Empresa-Escola (CIEE), divulgou o\u00a0Edital n\u00ba 01\/2025\u00a0para forma\u00e7\u00e3o de cadastro reserva de estagi\u00e1rios em diversas \u00e1reas. O processo seletivo\u2026","rel":"","context":"Em &quot;Est\u00e1gio&quot;","block_context":{"text":"Est\u00e1gio","link":"https:\/\/diariodegarca.com\/?cat=64915"},"img":{"alt_text":"","src":"","width":0,"height":0},"classes":[]},{"id":3558,"url":"https:\/\/diariodegarca.com\/?p=3558","url_meta":{"origin":4555,"position":2},"title":"Prefeitura de Vera Cruz abre inscri\u00e7\u00f5es para processo seletivo de estagi\u00e1rios","author":"Di\u00e1rio de Gar\u00e7a","date":"29 de maio de 2025","format":false,"excerpt":"Cadastro reserva oferece oportunidades em 14 cursos de n\u00edvel superior e t\u00e9cnico; bolsas variam de R$ 540 a R$ 650 mensais. A\u00a0Prefeitura do Munic\u00edpio de Vera Cruz-SP, em parceria com o\u00a0CIEE (Centro de Integra\u00e7\u00e3o Empresa-Escola), divulgou o\u00a0Edital n\u00ba 01\/2025\u00a0para forma\u00e7\u00e3o de cadastro reserva de estagi\u00e1rios. As inscri\u00e7\u00f5es est\u00e3o abertas de\u00a027\u2026","rel":"","context":"Em &quot;Est\u00e1gio&quot;","block_context":{"text":"Est\u00e1gio","link":"https:\/\/diariodegarca.com\/?cat=64915"},"img":{"alt_text":"","src":"","width":0,"height":0},"classes":[]},{"id":7121,"url":"https:\/\/diariodegarca.com\/?p=7121","url_meta":{"origin":4555,"position":3},"title":"INSS abre 2.500 vagas de est\u00e1gio em todo o Brasil","author":"Di\u00e1rio de Gar\u00e7a","date":"25 de setembro de 2025","format":false,"excerpt":"Processo seletivo oferece oportunidades para estudantes de n\u00edvel m\u00e9dio, t\u00e9cnico e superior, com bolsas de at\u00e9 R$ 1.125,69 e reserva de vagas para PCDs e candidatos negros. Estudantes de n\u00edvel m\u00e9dio, t\u00e9cnico e superior de todo o pa\u00eds t\u00eam at\u00e9\u00a021 de outubro\u00a0para se candidatarem \u00e0s vagas de est\u00e1gio do Instituto\u2026","rel":"","context":"Em &quot;Educa\u00e7\u00e3o&quot;","block_context":{"text":"Educa\u00e7\u00e3o","link":"https:\/\/diariodegarca.com\/?cat=17964"},"img":{"alt_text":"","src":"https:\/\/i0.wp.com\/diariodegarca.com\/wp-content\/uploads\/2025\/09\/c35d4440-6934-4b4d-ab6d-9a95ca7df148.jpeg?fit=768%2C578&ssl=1&resize=350%2C200","width":350,"height":200,"srcset":"https:\/\/i0.wp.com\/diariodegarca.com\/wp-content\/uploads\/2025\/09\/c35d4440-6934-4b4d-ab6d-9a95ca7df148.jpeg?fit=768%2C578&ssl=1&resize=350%2C200 1x, https:\/\/i0.wp.com\/diariodegarca.com\/wp-content\/uploads\/2025\/09\/c35d4440-6934-4b4d-ab6d-9a95ca7df148.jpeg?fit=768%2C578&ssl=1&resize=525%2C300 1.5x, https:\/\/i0.wp.com\/diariodegarca.com\/wp-content\/uploads\/2025\/09\/c35d4440-6934-4b4d-ab6d-9a95ca7df148.jpeg?fit=768%2C578&ssl=1&resize=700%2C400 2x"},"classes":[]},{"id":6587,"url":"https:\/\/diariodegarca.com\/?p=6587","url_meta":{"origin":4555,"position":4},"title":"Ocau\u00e7u abre inscri\u00e7\u00f5es para vagas de est\u00e1gio em diversos n\u00edveis","author":"Di\u00e1rio de Gar\u00e7a","date":"10 de setembro de 2025","format":false,"excerpt":"Processo seletivo oferece oportunidades para ensino m\u00e9dio, t\u00e9cnico e superior; inscri\u00e7\u00f5es e provas s\u00e3o online at\u00e9 23 de setembro. A Prefeitura Municipal de Ocau\u00e7u, em parceria com o Centro de Integra\u00e7\u00e3o Empresa-Escola (CIEE), publicou o Edital n\u00ba 01\/2025, abrindo inscri\u00e7\u00f5es para a forma\u00e7\u00e3o de cadastro reserva de estagi\u00e1rios em diversas\u2026","rel":"","context":"Em &quot;Est\u00e1gio&quot;","block_context":{"text":"Est\u00e1gio","link":"https:\/\/diariodegarca.com\/?cat=64915"},"img":{"alt_text":"","src":"https:\/\/i0.wp.com\/diariodegarca.com\/wp-content\/uploads\/2025\/09\/pessoas-de-tiro-medio-com-papelada.jpg?fit=1200%2C800&ssl=1&resize=350%2C200","width":350,"height":200,"srcset":"https:\/\/i0.wp.com\/diariodegarca.com\/wp-content\/uploads\/2025\/09\/pessoas-de-tiro-medio-com-papelada.jpg?fit=1200%2C800&ssl=1&resize=350%2C200 1x, https:\/\/i0.wp.com\/diariodegarca.com\/wp-content\/uploads\/2025\/09\/pessoas-de-tiro-medio-com-papelada.jpg?fit=1200%2C800&ssl=1&resize=525%2C300 1.5x, https:\/\/i0.wp.com\/diariodegarca.com\/wp-content\/uploads\/2025\/09\/pessoas-de-tiro-medio-com-papelada.jpg?fit=1200%2C800&ssl=1&resize=700%2C400 2x, https:\/\/i0.wp.com\/diariodegarca.com\/wp-content\/uploads\/2025\/09\/pessoas-de-tiro-medio-com-papelada.jpg?fit=1200%2C800&ssl=1&resize=1050%2C600 3x"},"classes":[]},{"id":10057,"url":"https:\/\/diariodegarca.com\/?p=10057","url_meta":{"origin":4555,"position":5},"title":"Vera Cruz abre para cadastro e recadastro para Aux\u00edlio Transporte","author":"Di\u00e1rio de Gar\u00e7a","date":"13 de janeiro de 2026","format":false,"excerpt":"Universit\u00e1rios e alunos de cursos t\u00e9cnicos que se deslocam para Mar\u00edlia e Gar\u00e7a devem apresentar documenta\u00e7\u00e3o at\u00e9 30 de janeiroA Prefeitura de Vera Cruz, por meio da Diretoria Municipal de Educa\u00e7\u00e3o, abriu o per\u00edodo de cadastro e recadastro do Aux\u00edlio Bolsa Transporte, destinado a estudantes do ensino superior, t\u00e9cnico e\u2026","rel":"","context":"Em &quot;Educa\u00e7\u00e3o&quot;","block_context":{"text":"Educa\u00e7\u00e3o","link":"https:\/\/diariodegarca.com\/?cat=17964"},"img":{"alt_text":"","src":"https:\/\/i0.wp.com\/diariodegarca.com\/wp-content\/uploads\/2026\/01\/540700acc3fbeeb0e09531b80966ed44.jpg?fit=800%2C418&ssl=1&resize=350%2C200","width":350,"height":200,"srcset":"https:\/\/i0.wp.com\/diariodegarca.com\/wp-content\/uploads\/2026\/01\/540700acc3fbeeb0e09531b80966ed44.jpg?fit=800%2C418&ssl=1&resize=350%2C200 1x, https:\/\/i0.wp.com\/diariodegarca.com\/wp-content\/uploads\/2026\/01\/540700acc3fbeeb0e09531b80966ed44.jpg?fit=800%2C418&ssl=1&resize=525%2C300 1.5x, https:\/\/i0.wp.com\/diariodegarca.com\/wp-content\/uploads\/2026\/01\/540700acc3fbeeb0e09531b80966ed44.jpg?fit=800%2C418&ssl=1&resize=700%2C400 2x"},"classes":[]}],"_links":{"self":[{"href":"https:\/\/diariodegarca.com\/index.php?rest_route=\/wp\/v2\/posts\/4555","targetHints":{"allow":["GET"]}}],"collection":[{"href":"https:\/\/diariodegarca.com\/index.php?rest_route=\/wp\/v2\/posts"}],"about":[{"href":"https:\/\/diariodegarca.com\/index.php?rest_route=\/wp\/v2\/types\/post"}],"author":[{"embeddable":true,"href":"https:\/\/diariodegarca.com\/index.php?rest_route=\/wp\/v2\/users\/260896546"}],"replies":[{"embeddable":true,"href":"https:\/\/diariodegarca.com\/index.php?rest_route=%2Fwp%2Fv2%2Fcomments&post=4555"}],"version-history":[{"count":5,"href":"https:\/\/diariodegarca.com\/index.php?rest_route=\/wp\/v2\/posts\/4555\/revisions"}],"predecessor-version":[{"id":4561,"href":"https:\/\/diariodegarca.com\/index.php?rest_route=\/wp\/v2\/posts\/4555\/revisions\/4561"}],"wp:featuredmedia":[{"embeddable":true,"href":"https:\/\/diariodegarca.com\/index.php?rest_route=\/wp\/v2\/media\/4556"}],"wp:attachment":[{"href":"https:\/\/diariodegarca.com\/index.php?rest_route=%2Fwp%2Fv2%2Fmedia&parent=4555"}],"wp:term":[{"taxonomy":"category","embeddable":true,"href":"https:\/\/diariodegarca.com\/index.php?rest_route=%2Fwp%2Fv2%2Fcategories&post=4555"},{"taxonomy":"post_tag","embeddable":true,"href":"https:\/\/diariodegarca.com\/index.php?rest_route=%2Fwp%2Fv2%2Ftags&post=4555"}],"curies":[{"name":"wp","href":"https:\/\/api.w.org\/{rel}","templated":true}]}}