{"id":4662,"date":"2025-07-14T10:47:16","date_gmt":"2025-07-14T13:47:16","guid":{"rendered":"https:\/\/diariodegarca.com\/?p=4662"},"modified":"2025-07-14T10:47:16","modified_gmt":"2025-07-14T13:47:16","slug":"produtores-de-citros-tem-ate-amanha-para-enviar-relatorio-sobre-cancro-e-greening","status":"publish","type":"post","link":"https:\/\/diariodegarca.com\/?p=4662","title":{"rendered":"Produtores de citros t\u00eam at\u00e9 amanh\u00e3 para enviar relat\u00f3rio sobre cancro e greening"},"content":{"rendered":"\n<p class=\"wp-block-paragraph\"><em>Declara\u00e7\u00e3o trimestral no sistema GEDAVE \u00e9 obrigat\u00f3ria e auxilia no combate a pragas que amea\u00e7am a citricultura paulista.<\/em><\/p>\n\n\n\n<p class=\"wp-block-paragraph\">A Defesa Agropecu\u00e1ria da Secretaria de Agricultura e Abastecimento do Estado de S\u00e3o Paulo (SAA) alerta os produtores de citros sobre o prazo final para envio do\u00a0<strong>Relat\u00f3rio Cancro\/Greening<\/strong>, que vence\u00a0<strong>amanh\u00e3, 15 de julho<\/strong>. <\/p>\n\n\n\n<p class=\"wp-block-paragraph\">O documento deve ser preenchido no\u00a0<strong>sistema GEDAVE<\/strong>\u00a0(Gest\u00e3o de Defesa Animal e Vegetal) e deve conter os resultados das vistorias realizadas entre\u00a0<strong>1\u00ba de janeiro e 30 de junho de 2025<\/strong>\u00a0em todas as plantas c\u00edtricas da propriedade.<\/p>\n\n\n\n<p class=\"wp-block-paragraph\">O relat\u00f3rio trimestral \u00e9 fundamental para monitorar a incid\u00eancia do&nbsp;<strong>cancro c\u00edtrico<\/strong>&nbsp;e do&nbsp;<strong>HLB\/Greening<\/strong>, duas das principais doen\u00e7as que afetam a citricultura no estado. A entrega de dados precisos permite que a Defesa Agropecu\u00e1ria identifique focos das pragas, direcione a\u00e7\u00f5es de fiscaliza\u00e7\u00e3o e elabore pol\u00edticas p\u00fablicas mais eficientes para conter sua dissemina\u00e7\u00e3o.<\/p>\n\n\n\n<p class=\"wp-block-paragraph\">A falta de envio do relat\u00f3rio pode acarretar penalidades aos produtores, uma vez que o controle fitossanit\u00e1rio \u00e9 essencial para preservar a sa\u00fade dos pomares e garantir a competitividade da citricultura paulista, setor vital para a economia agr\u00edcola do estado.<\/p>\n","protected":false},"excerpt":{"rendered":"<p>Declara\u00e7\u00e3o trimestral no sistema GEDAVE \u00e9 obrigat\u00f3ria e auxilia no combate a pragas que amea\u00e7am a citricultura paulista. A Defesa Agropecu\u00e1ria da Secretaria de Agricultura e Abastecimento do Estado de S\u00e3o Paulo (SAA) alerta os produtores de citros sobre o prazo final para envio do\u00a0Relat\u00f3rio Cancro\/Greening, que vence\u00a0amanh\u00e3, 15 de julho. O documento deve ser [&hellip;]<\/p>\n","protected":false},"author":260896546,"featured_media":0,"comment_status":"open","ping_status":"open","sticky":false,"template":"","format":"standard","meta":{"_crdt_document":"","_monsterinsights_skip_tracking":false,"_monsterinsights_sitenote_active":false,"_monsterinsights_sitenote_note":"","_monsterinsights_sitenote_category":0,"advanced_seo_description":"","jetpack_seo_html_title":"","jetpack_seo_noindex":false,"_jetpack_newsletter_access":"","_jetpack_dont_email_post_to_subs":false,"_jetpack_newsletter_tier_id":0,"_jetpack_memberships_contains_paywalled_content":false,"_jetpack_memberships_contains_paid_content":false,"footnotes":"","jetpack_publicize_message":"\ud83d\udce2 Aten\u00e7\u00e3o, produtores de citros!\n\nO prazo para envio do Relat\u00f3rio Cancro\/Greening termina amanh\u00e3 (15\/07). O documento, obrigat\u00f3rio, deve ser preenchido no sistema GEDAVE com os dados das vistorias realizadas no primeiro semestre de 2025.\n\n\u2705 Por que enviar?\n\nAjuda no combate ao cancro c\u00edtrico e HLB\/Greening;\n\nPermite a\u00e7\u00f5es mais eficientes de fiscaliza\u00e7\u00e3o;\n\nEvita penalidades.\n\n\ud83d\udcf2 Acesse o sistema e garanta sua declara\u00e7\u00e3o em dia! Mais informa\u00e7\u00f5es em diariodegarca.com.\n\n#DefesaAgropecu\u00e1riaSP #Citricultura #SanidadeVegetal #AgriculturaSP @agriculturasp","jetpack_publicize_feature_enabled":true,"jetpack_social_post_already_shared":false,"jetpack_social_options":{"image_generator_settings":{"template":"highway","default_image_id":0,"enabled":false},"version":2},"_wpas_customize_per_network":false,"jetpack_post_was_ever_published":false},"categories":[34615],"tags":[],"class_list":["post-4662","post","type-post","status-publish","format-standard","hentry","category-agricultura"],"jetpack_publicize_connections":[],"jetpack_featured_media_url":"","jetpack_likes_enabled":true,"jetpack_sharing_enabled":true,"jetpack_shortlink":"https:\/\/wp.me\/pgitne-1dc","jetpack-related-posts":[{"id":3996,"url":"https:\/\/diariodegarca.com\/?p=3996","url_meta":{"origin":4662,"position":0},"title":"Produtores de citros de SP devem entregar relat\u00f3rio Cancro\/Greening at\u00e9 15 de julho","author":"Di\u00e1rio de Gar\u00e7a","date":"15 de junho de 2025","format":false,"excerpt":"Declara\u00e7\u00e3o no sistema GEDAVE ajuda no mapeamento de pragas e direcionamento de a\u00e7\u00f5es sanit\u00e1rias A Coordenadoria de Defesa Agropecu\u00e1ria (CDA), vinculada \u00e0 Secretaria de Agricultura e Abastecimento do Estado de S\u00e3o Paulo (SAA), publicou em suas redes sociais um refor\u00e7o aos citricultores sobre a import\u00e2ncia do envio do relat\u00f3rio Cancro\/Greening\u2026","rel":"","context":"Em &quot;Agricultura&quot;","block_context":{"text":"Agricultura","link":"https:\/\/diariodegarca.com\/?cat=34615"},"img":{"alt_text":"","src":"","width":0,"height":0},"classes":[]},{"id":4385,"url":"https:\/\/diariodegarca.com\/?p=4385","url_meta":{"origin":4662,"position":1},"title":"Segunda etapa da campanha contra a Brucelose come\u00e7a no Estado de S\u00e3o Paulo","author":"Di\u00e1rio de Gar\u00e7a","date":"2 de julho de 2025","format":false,"excerpt":"Vacina\u00e7\u00e3o obrigat\u00f3ria vai at\u00e9 31 de dezembro e abrange f\u00eameas bovinas e bubalinas de 3 a 8 meses de idade Teve in\u00edcio nesta ter\u00e7a-feira, 1\u00ba de julho, a segunda etapa da campanha de vacina\u00e7\u00e3o contra a Brucelose no Estado de S\u00e3o Paulo. A a\u00e7\u00e3o segue at\u00e9 31 de dezembro de\u2026","rel":"","context":"Em &quot;Pecu\u00e1ria&quot;","block_context":{"text":"Pecu\u00e1ria","link":"https:\/\/diariodegarca.com\/?cat=1268075"},"img":{"alt_text":"","src":"https:\/\/i0.wp.com\/diariodegarca.com\/wp-content\/uploads\/2025\/07\/1751372717aitplu3wguzpugomcvazwa8lpnyztjgfl9s9em7c.jpeg?fit=700%2C466&ssl=1&resize=350%2C200","width":350,"height":200,"srcset":"https:\/\/i0.wp.com\/diariodegarca.com\/wp-content\/uploads\/2025\/07\/1751372717aitplu3wguzpugomcvazwa8lpnyztjgfl9s9em7c.jpeg?fit=700%2C466&ssl=1&resize=350%2C200 1x, https:\/\/i0.wp.com\/diariodegarca.com\/wp-content\/uploads\/2025\/07\/1751372717aitplu3wguzpugomcvazwa8lpnyztjgfl9s9em7c.jpeg?fit=700%2C466&ssl=1&resize=525%2C300 1.5x, https:\/\/i0.wp.com\/diariodegarca.com\/wp-content\/uploads\/2025\/07\/1751372717aitplu3wguzpugomcvazwa8lpnyztjgfl9s9em7c.jpeg?fit=700%2C466&ssl=1&resize=700%2C400 2x"},"classes":[]},{"id":2241,"url":"https:\/\/diariodegarca.com\/?p=2241","url_meta":{"origin":4662,"position":2},"title":"S\u00e3o Paulo inicia Campanha de Atualiza\u00e7\u00e3o de Rebanhos a partir de 1\u00ba de maio","author":"Di\u00e1rio de Gar\u00e7a","date":"29 de abril de 2025","format":false,"excerpt":"A partir desta quinta-feira (1\u00ba de maio), os produtores rurais paulistas devem atualizar seus rebanhos no sistema de\u00a0Gest\u00e3o de Defesa Animal e Vegetal (GEDAVE), conforme determina\u00e7\u00e3o da\u00a0Coordenadoria de Defesa Agropecu\u00e1ria (CDA), vinculada \u00e0\u00a0Secretaria de Agricultura e Abastecimento do Estado de S\u00e3o Paulo (SAA). A medida, obrigat\u00f3ria, marca a\u00a0terceira edi\u00e7\u00e3o da\u2026","rel":"","context":"Em &quot;Brasil&quot;","block_context":{"text":"Brasil","link":"https:\/\/diariodegarca.com\/?cat=38185"},"img":{"alt_text":"","src":"https:\/\/i0.wp.com\/blogger.googleusercontent.com\/img\/b\/R29vZ2xl\/AVvXsEiHSRdCPh0oEZC20cf52Ji9FCMrPGX6II3Tah4eczITY3BwiqvA3h3Axs6uiml21mCjtmmFzLPuZP8dj6WdEMF7N5RXTTyZqaHZ3A7O0dBPqmoOPDl52M8-L74WVnTI3D_JYikH6ojj9RHPQEuG2-wPGaZRr7nRUkPfCxYoU2gzslWE45UxUoUYZ6XAJl0\/s320\/hens-factory-chicken-cages.jpg?resize=350%2C200&ssl=1","width":350,"height":200},"classes":[]},{"id":3832,"url":"https:\/\/diariodegarca.com\/?p=3832","url_meta":{"origin":4662,"position":3},"title":"SP capacita veterin\u00e1rios para diagn\u00f3stico de mormo em equ\u00eddeos com treinamento gratuito","author":"Di\u00e1rio de Gar\u00e7a","date":"9 de junho de 2025","format":false,"excerpt":"Curso online abordar\u00e1 uso de aplicativos para coleta e envio de amostras, fortalecendo a sanidade animal no estado A\u00a0Coordenadoria de Defesa Agropecu\u00e1ria (CDA), vinculada \u00e0 Secretaria de Agricultura e Abastecimento do Estado de S\u00e3o Paulo (SAA), promove no dia\u00a010 de junho\u00a0um treinamento gratuito para m\u00e9dicos-veterin\u00e1rios sobre o uso das plataformas\u00a0Resenha\u2026","rel":"","context":"Em &quot;Agricultura&quot;","block_context":{"text":"Agricultura","link":"https:\/\/diariodegarca.com\/?cat=34615"},"img":{"alt_text":"","src":"","width":0,"height":0},"classes":[]},{"id":5906,"url":"https:\/\/diariodegarca.com\/?p=5906","url_meta":{"origin":4662,"position":4},"title":"Minist\u00e9rio da Agricultura investiga \u00f3bitos de animais ligados a lotes espec\u00edficos de vacina contra clostridiose","author":"Di\u00e1rio de Gar\u00e7a","date":"22 de agosto de 2025","format":false,"excerpt":"Ap\u00f3s notifica\u00e7\u00e3o de quase 200 mortes no Piau\u00ed, Mapa determina apreens\u00e3o e recolhimento de dois lotes da vacina Excell 10. Investiga\u00e7\u00e3o deve se estender por 60 dias para confirmar a rela\u00e7\u00e3o causal. O Minist\u00e9rio da Agricultura e Pecu\u00e1ria (Mapa) est\u00e1 investigando a morte de 199 animais no estado do Piau\u00ed\u2026","rel":"","context":"Em &quot;Brasil&quot;","block_context":{"text":"Brasil","link":"https:\/\/diariodegarca.com\/?cat=38185"},"img":{"alt_text":"","src":"https:\/\/i0.wp.com\/diariodegarca.com\/wp-content\/uploads\/2025\/08\/estilo-de-vida-rural-com-ovelhas.jpg?fit=1200%2C800&ssl=1&resize=350%2C200","width":350,"height":200,"srcset":"https:\/\/i0.wp.com\/diariodegarca.com\/wp-content\/uploads\/2025\/08\/estilo-de-vida-rural-com-ovelhas.jpg?fit=1200%2C800&ssl=1&resize=350%2C200 1x, https:\/\/i0.wp.com\/diariodegarca.com\/wp-content\/uploads\/2025\/08\/estilo-de-vida-rural-com-ovelhas.jpg?fit=1200%2C800&ssl=1&resize=525%2C300 1.5x, https:\/\/i0.wp.com\/diariodegarca.com\/wp-content\/uploads\/2025\/08\/estilo-de-vida-rural-com-ovelhas.jpg?fit=1200%2C800&ssl=1&resize=700%2C400 2x, https:\/\/i0.wp.com\/diariodegarca.com\/wp-content\/uploads\/2025\/08\/estilo-de-vida-rural-com-ovelhas.jpg?fit=1200%2C800&ssl=1&resize=1050%2C600 3x"},"classes":[]},{"id":5977,"url":"https:\/\/diariodegarca.com\/?p=5977","url_meta":{"origin":4662,"position":5},"title":"Defesa Agropecu\u00e1ria de SP alerta sobre surto de raiva e orienta produtores sobre medidas urgentes","author":"Di\u00e1rio de Gar\u00e7a","date":"23 de agosto de 2025","format":false,"excerpt":"Campanha nas redes sociais da institui\u00e7\u00e3o detalha sinais cl\u00ednicos da doen\u00e7a em herb\u00edvoros, procedimentos em caso de mordedura por morcegos e a import\u00e2ncia de notificar as autoridades sanit\u00e1rias para conter o avan\u00e7o da zoonose. A Coordenadoria de Defesa Agropecu\u00e1ria do Estado de S\u00e3o Paulo, \u00f3rg\u00e3o vinculado \u00e0 Secretaria de Agricultura\u2026","rel":"","context":"Em &quot;Agricultura&quot;","block_context":{"text":"Agricultura","link":"https:\/\/diariodegarca.com\/?cat=34615"},"img":{"alt_text":"","src":"https:\/\/i0.wp.com\/diariodegarca.com\/wp-content\/uploads\/2025\/08\/close-de-um-morcego-adormecido-envolto-em-suas-asas.jpg?fit=1200%2C800&ssl=1&resize=350%2C200","width":350,"height":200,"srcset":"https:\/\/i0.wp.com\/diariodegarca.com\/wp-content\/uploads\/2025\/08\/close-de-um-morcego-adormecido-envolto-em-suas-asas.jpg?fit=1200%2C800&ssl=1&resize=350%2C200 1x, https:\/\/i0.wp.com\/diariodegarca.com\/wp-content\/uploads\/2025\/08\/close-de-um-morcego-adormecido-envolto-em-suas-asas.jpg?fit=1200%2C800&ssl=1&resize=525%2C300 1.5x, https:\/\/i0.wp.com\/diariodegarca.com\/wp-content\/uploads\/2025\/08\/close-de-um-morcego-adormecido-envolto-em-suas-asas.jpg?fit=1200%2C800&ssl=1&resize=700%2C400 2x, https:\/\/i0.wp.com\/diariodegarca.com\/wp-content\/uploads\/2025\/08\/close-de-um-morcego-adormecido-envolto-em-suas-asas.jpg?fit=1200%2C800&ssl=1&resize=1050%2C600 3x"},"classes":[]}],"_links":{"self":[{"href":"https:\/\/diariodegarca.com\/index.php?rest_route=\/wp\/v2\/posts\/4662","targetHints":{"allow":["GET"]}}],"collection":[{"href":"https:\/\/diariodegarca.com\/index.php?rest_route=\/wp\/v2\/posts"}],"about":[{"href":"https:\/\/diariodegarca.com\/index.php?rest_route=\/wp\/v2\/types\/post"}],"author":[{"embeddable":true,"href":"https:\/\/diariodegarca.com\/index.php?rest_route=\/wp\/v2\/users\/260896546"}],"replies":[{"embeddable":true,"href":"https:\/\/diariodegarca.com\/index.php?rest_route=%2Fwp%2Fv2%2Fcomments&post=4662"}],"version-history":[{"count":2,"href":"https:\/\/diariodegarca.com\/index.php?rest_route=\/wp\/v2\/posts\/4662\/revisions"}],"predecessor-version":[{"id":4665,"href":"https:\/\/diariodegarca.com\/index.php?rest_route=\/wp\/v2\/posts\/4662\/revisions\/4665"}],"wp:attachment":[{"href":"https:\/\/diariodegarca.com\/index.php?rest_route=%2Fwp%2Fv2%2Fmedia&parent=4662"}],"wp:term":[{"taxonomy":"category","embeddable":true,"href":"https:\/\/diariodegarca.com\/index.php?rest_route=%2Fwp%2Fv2%2Fcategories&post=4662"},{"taxonomy":"post_tag","embeddable":true,"href":"https:\/\/diariodegarca.com\/index.php?rest_route=%2Fwp%2Fv2%2Ftags&post=4662"}],"curies":[{"name":"wp","href":"https:\/\/api.w.org\/{rel}","templated":true}]}}