{"id":4666,"date":"2025-07-14T14:25:09","date_gmt":"2025-07-14T17:25:09","guid":{"rendered":"https:\/\/diariodegarca.com\/?p=4666"},"modified":"2025-07-14T14:25:09","modified_gmt":"2025-07-14T17:25:09","slug":"fatec-abre-inscricoes-para-programas-de-mobilidade-virtual-internacional","status":"publish","type":"post","link":"https:\/\/diariodegarca.com\/?p=4666","title":{"rendered":"Fatec abre inscri\u00e7\u00f5es para programas de mobilidade virtual internacional"},"content":{"rendered":"\n<p class=\"wp-block-paragraph\"><em>Estudantes podem cursar disciplinas em institui\u00e7\u00f5es estrangeiras sem sair de casa; prazo vai at\u00e9 8 de agosto<\/em><\/p>\n\n\n\n<p class=\"wp-block-paragraph\">A Assessoria de Rela\u00e7\u00f5es Internacionais (ARInter) do Centro Estadual de Educa\u00e7\u00e3o Tecnol\u00f3gica Paula Souza (CEETEPS) divulgou o Edital ARI n\u00ba 32\/2025, abrindo inscri\u00e7\u00f5es para o&nbsp;<strong>Programa de Mobilidade Virtual<\/strong>&nbsp;no segundo semestre de 2025. Os programas&nbsp;<strong>INILATmov+<\/strong>&nbsp;e&nbsp;<strong>eMOVIES<\/strong>&nbsp;oferecem aos alunos da Fatec a oportunidade de cursar disciplinas em institui\u00e7\u00f5es de ensino superior (IES) de seis pa\u00edses latino-americanos e outras associadas, sem necessidade de deslocamento f\u00edsico.<\/p>\n\n\n\n<h4 class=\"wp-block-heading\"><strong>Como funciona a mobilidade virtual?<\/strong><\/h4>\n\n\n\n<p class=\"wp-block-paragraph\">Os programas permitem que os estudantes realizem componentes curriculares de forma remota em IES estrangeiras, promovendo interc\u00e2mbio acad\u00eamico, desenvolvimento de compet\u00eancias culturais e pr\u00e1tica de idiomas. As atividades podem ser s\u00edncronas ou ass\u00edncronas, conforme a institui\u00e7\u00e3o de destino.<\/p>\n\n\n\n<h4 class=\"wp-block-heading\"><strong>Requisitos para participa\u00e7\u00e3o<\/strong><\/h4>\n\n\n\n<p class=\"wp-block-paragraph\">Podem se inscrever alunos regularmente matriculados do&nbsp;<strong>1\u00ba ao 5\u00ba semestre<\/strong>&nbsp;dos cursos Fatec (presencial ou EaD), com:<\/p>\n\n\n\n<ul class=\"wp-block-list\">\n<li>Idade m\u00ednima de 18 anos;<\/li>\n\n\n\n<li>Resid\u00eancia no Brasil;<\/li>\n\n\n\n<li>Conhecimento do idioma exigido pela IES escolhida (comprova\u00e7\u00e3o de profici\u00eancia, se solicitado).<\/li>\n<\/ul>\n\n\n\n<h4 class=\"wp-block-heading\"><strong>Cursos e institui\u00e7\u00f5es participantes<\/strong><\/h4>\n\n\n\n<ul class=\"wp-block-list\">\n<li><strong>INILATmov+<\/strong>: Oferecido por redes de institui\u00e7\u00f5es da Argentina, Brasil, Chile, Col\u00f4mbia, M\u00e9xico e Peru.\u00a0<a href=\"https:\/\/www.learnchile.cl\/INILATmov\/\" target=\"_blank\" rel=\"noreferrer noopener\">Confira a lista de cursos aqui<\/a>.<\/li>\n\n\n\n<li><strong>eMOVIES<\/strong>: Organizado pela Organiza\u00e7\u00e3o Universit\u00e1ria Interamericana (OUI), com op\u00e7\u00f5es em diversas \u00e1reas.\u00a0<a href=\"https:\/\/emovies.oui-iohe.org\/\" target=\"_blank\" rel=\"noreferrer noopener\">Veja as disciplinas dispon\u00edveis<\/a>.<\/li>\n<\/ul>\n\n\n\n<h4 class=\"wp-block-heading\"><strong>Como se inscrever<\/strong><\/h4>\n\n\n\n<p class=\"wp-block-paragraph\">As inscri\u00e7\u00f5es v\u00e3o at\u00e9&nbsp;<strong>8 de agosto de 2025<\/strong>&nbsp;e devem ser feitas em duas etapas:<\/p>\n\n\n\n<ol start=\"1\" class=\"wp-block-list\">\n<li><strong>Sistema ARInter<\/strong>: Preenchimento de dados b\u00e1sicos no\u00a0<a href=\"https:\/\/editaisarinter.cps.sp.gov.br\/form2.aspx\" target=\"_blank\" rel=\"noreferrer noopener\">formul\u00e1rio online<\/a>.<\/li>\n\n\n\n<li><strong>Formul\u00e1rio espec\u00edfico<\/strong>: Envio de documenta\u00e7\u00e3o (RG, hist\u00f3rico acad\u00eamico e foto) e sele\u00e7\u00e3o da disciplina desejada via\u00a0<a href=\"https:\/\/bit.ly\/mobilidadevirtual_cps\" target=\"_blank\" rel=\"noreferrer noopener\">Formul\u00e1rio de Mobilidade Virtual<\/a>.<\/li>\n<\/ol>\n\n\n\n<h4 class=\"wp-block-heading\"><strong>Cronograma e sele\u00e7\u00e3o<\/strong><\/h4>\n\n\n\n<ul class=\"wp-block-list\">\n<li>O processo \u00e9 em\u00a0<strong>fluxo cont\u00ednuo<\/strong>, com an\u00e1lise das candidaturas conforme a ordem de inscri\u00e7\u00e3o.<\/li>\n\n\n\n<li>A aprova\u00e7\u00e3o final depende da IES estrangeira, que pode solicitar documentos adicionais.<\/li>\n<\/ul>\n\n\n\n<h4 class=\"wp-block-heading\"><strong>D\u00favidas<\/strong><\/h4>\n\n\n\n<p class=\"wp-block-paragraph\">Informa\u00e7\u00f5es complementares est\u00e3o dispon\u00edveis no&nbsp;<a href=\"https:\/\/bit.ly\/duvidas_mobilidadevirtual\" target=\"_blank\" rel=\"noreferrer noopener\">formul\u00e1rio de esclarecimentos<\/a>&nbsp;ou no&nbsp;<a href=\"https:\/\/arinter.cps.sp.gov.br\/editais-abertos\/\" target=\"_blank\" rel=\"noreferrer noopener\">site da ARInter<\/a>.<\/p>\n","protected":false},"excerpt":{"rendered":"<p>Estudantes podem cursar disciplinas em institui\u00e7\u00f5es estrangeiras sem sair de casa; prazo vai at\u00e9 8 de agosto A Assessoria de Rela\u00e7\u00f5es Internacionais (ARInter) do Centro Estadual de Educa\u00e7\u00e3o Tecnol\u00f3gica Paula Souza (CEETEPS) divulgou o Edital ARI n\u00ba 32\/2025, abrindo inscri\u00e7\u00f5es para o&nbsp;Programa de Mobilidade Virtual&nbsp;no segundo semestre de 2025. Os programas&nbsp;INILATmov+&nbsp;e&nbsp;eMOVIES&nbsp;oferecem aos alunos da Fatec [&hellip;]<\/p>\n","protected":false},"author":260896546,"featured_media":0,"comment_status":"open","ping_status":"open","sticky":false,"template":"","format":"standard","meta":{"_crdt_document":"","_monsterinsights_skip_tracking":false,"_monsterinsights_sitenote_active":false,"_monsterinsights_sitenote_note":"","_monsterinsights_sitenote_category":0,"advanced_seo_description":"","jetpack_seo_html_title":"","jetpack_seo_noindex":false,"_jetpack_newsletter_access":"","_jetpack_dont_email_post_to_subs":false,"_jetpack_newsletter_tier_id":0,"_jetpack_memberships_contains_paywalled_content":false,"_jetpack_memberships_contains_paid_content":false,"footnotes":"","jetpack_publicize_message":"\ud83d\udce2 Inscri\u00e7\u00f5es abertas para interc\u00e2mbio virtual da Fatec\n\nEstudantes podem cursar disciplinas em universidades de 6 pa\u00edses sem sair de casa.\n\n\u2705 Requisitos:\nMatr\u00edcula do 1\u00ba ao 5\u00ba semestre;\n18+ anos e resid\u00eancia no Brasil.\n\n\ud83c\udf0e Programas:\nINILATmov+ (Am\u00e9rica Latina)\neMOVIES (OUI)\n\n\ud83d\udcc5 Prazo: At\u00e9 8\/08\/2025\n\ud83d\udd17 Edital e inscri\u00e7\u00f5es: arinter.cps.sp.gov.br\n\nLeia a mat\u00e9ria completa em: diariodegarca.com\n\n#Fatec #MobilidadeVirtual #Interc\u00e2mbio #Educa\u00e7\u00e3oInternacional @arintercps","jetpack_publicize_feature_enabled":true,"jetpack_social_post_already_shared":false,"jetpack_social_options":{"image_generator_settings":{"template":"highway","default_image_id":0,"enabled":false},"version":2},"_wpas_customize_per_network":false,"jetpack_post_was_ever_published":false},"categories":[36947,17964,91066845],"tags":[],"class_list":["post-4666","post","type-post","status-publish","format-standard","hentry","category-curso","category-educacao","category-online-curso"],"jetpack_publicize_connections":[],"jetpack_featured_media_url":"","jetpack_likes_enabled":true,"jetpack_sharing_enabled":true,"jetpack_shortlink":"https:\/\/wp.me\/pgitne-1dg","jetpack-related-posts":[{"id":7312,"url":"https:\/\/diariodegarca.com\/?p=7312","url_meta":{"origin":4666,"position":0},"title":"Fatec Gar\u00e7a abre inscri\u00e7\u00f5es para sele\u00e7\u00e3o de professores em \u00e1reas de tecnologia e gest\u00e3o","author":"Andreza Sega","date":"30 de setembro de 2025","format":false,"excerpt":"Processo seletivo simplificado oferece vagas tempor\u00e1rias para docentes em diferentes disciplinas; inscri\u00e7\u00f5es seguem at\u00e9 outubro A Faculdade de Tecnologia \u201cDep. J\u00falio Julinho Marcondes de Moura\u201d (Fatec Gar\u00e7a) est\u00e1 com inscri\u00e7\u00f5es abertas para diversos processos seletivos simplificados destinados \u00e0 contrata\u00e7\u00e3o tempor\u00e1ria de professores de ensino superior. As oportunidades contemplam disciplinas ligadas\u2026","rel":"","context":"Em &quot;Educa\u00e7\u00e3o&quot;","block_context":{"text":"Educa\u00e7\u00e3o","link":"https:\/\/diariodegarca.com\/?cat=17964"},"img":{"alt_text":"","src":"https:\/\/i0.wp.com\/diariodegarca.com\/wp-content\/uploads\/2025\/09\/da19130ed2abc78d0db81c1f33acb07f.jpg?fit=800%2C391&ssl=1&resize=350%2C200","width":350,"height":200,"srcset":"https:\/\/i0.wp.com\/diariodegarca.com\/wp-content\/uploads\/2025\/09\/da19130ed2abc78d0db81c1f33acb07f.jpg?fit=800%2C391&ssl=1&resize=350%2C200 1x, https:\/\/i0.wp.com\/diariodegarca.com\/wp-content\/uploads\/2025\/09\/da19130ed2abc78d0db81c1f33acb07f.jpg?fit=800%2C391&ssl=1&resize=525%2C300 1.5x, https:\/\/i0.wp.com\/diariodegarca.com\/wp-content\/uploads\/2025\/09\/da19130ed2abc78d0db81c1f33acb07f.jpg?fit=800%2C391&ssl=1&resize=700%2C400 2x"},"classes":[]},{"id":3925,"url":"https:\/\/diariodegarca.com\/?p=3925","url_meta":{"origin":4666,"position":1},"title":"Fatec Gar\u00e7a e IBM SkillsBuild oferecem curso gratuito de Intelig\u00eancia Artificial","author":"Di\u00e1rio de Gar\u00e7a","date":"13 de junho de 2025","format":false,"excerpt":"Oportunidade capacita profissionais para o mercado de IA com certifica\u00e7\u00e3o digital e aulas online flex\u00edveis IBM SkillsBuild abre turma exclusiva em parceria com Fatec Gar\u00e7a A Faculdade de Tecnologia de Gar\u00e7a (Fatec) e a IBM SkillsBuild est\u00e3o com inscri\u00e7\u00f5es abertas para um programa gratuito de capacita\u00e7\u00e3o em\u00a0Intelig\u00eancia Artificial (IA). O\u2026","rel":"","context":"Em &quot;Curso&quot;","block_context":{"text":"Curso","link":"https:\/\/diariodegarca.com\/?cat=36947"},"img":{"alt_text":"","src":"https:\/\/i0.wp.com\/diariodegarca.com\/wp-content\/uploads\/2025\/06\/pessoas-de-tiro-medio-trabalhando-em-laptops.jpg?fit=1200%2C800&ssl=1&resize=350%2C200","width":350,"height":200,"srcset":"https:\/\/i0.wp.com\/diariodegarca.com\/wp-content\/uploads\/2025\/06\/pessoas-de-tiro-medio-trabalhando-em-laptops.jpg?fit=1200%2C800&ssl=1&resize=350%2C200 1x, https:\/\/i0.wp.com\/diariodegarca.com\/wp-content\/uploads\/2025\/06\/pessoas-de-tiro-medio-trabalhando-em-laptops.jpg?fit=1200%2C800&ssl=1&resize=525%2C300 1.5x, https:\/\/i0.wp.com\/diariodegarca.com\/wp-content\/uploads\/2025\/06\/pessoas-de-tiro-medio-trabalhando-em-laptops.jpg?fit=1200%2C800&ssl=1&resize=700%2C400 2x, https:\/\/i0.wp.com\/diariodegarca.com\/wp-content\/uploads\/2025\/06\/pessoas-de-tiro-medio-trabalhando-em-laptops.jpg?fit=1200%2C800&ssl=1&resize=1050%2C600 3x"},"classes":[]},{"id":9866,"url":"https:\/\/diariodegarca.com\/?p=9866","url_meta":{"origin":4666,"position":2},"title":"Gar\u00e7a abre inscri\u00e7\u00f5es do aux\u00edlio transporte para estudantes de ensino t\u00e9cnico e superior","author":"Di\u00e1rio de Gar\u00e7a","date":"7 de janeiro de 2026","format":false,"excerpt":"Secretaria de Desenvolvimento Econ\u00f4mico e Turismo (SEDETUR) publica dois editais com regras distintas para estudantes que estudam no munic\u00edpio e para os que precisam se deslocar para Mar\u00edlia. Inscri\u00e7\u00f5es presenciais, com agendamento obrigat\u00f3rio, v\u00e3o de 12 a 23 de janeiro. A Prefeitura de Gar\u00e7a, por meio da Secretaria de Desenvolvimento\u2026","rel":"","context":"Em &quot;Educa\u00e7\u00e3o&quot;","block_context":{"text":"Educa\u00e7\u00e3o","link":"https:\/\/diariodegarca.com\/?cat=17964"},"img":{"alt_text":"","src":"https:\/\/i0.wp.com\/diariodegarca.com\/wp-content\/uploads\/2025\/12\/retrato-de-feliz-par-jovem-estudar-ficar-junto-contra-vermelho-azul.jpg?fit=1200%2C800&ssl=1&resize=350%2C200","width":350,"height":200,"srcset":"https:\/\/i0.wp.com\/diariodegarca.com\/wp-content\/uploads\/2025\/12\/retrato-de-feliz-par-jovem-estudar-ficar-junto-contra-vermelho-azul.jpg?fit=1200%2C800&ssl=1&resize=350%2C200 1x, https:\/\/i0.wp.com\/diariodegarca.com\/wp-content\/uploads\/2025\/12\/retrato-de-feliz-par-jovem-estudar-ficar-junto-contra-vermelho-azul.jpg?fit=1200%2C800&ssl=1&resize=525%2C300 1.5x, https:\/\/i0.wp.com\/diariodegarca.com\/wp-content\/uploads\/2025\/12\/retrato-de-feliz-par-jovem-estudar-ficar-junto-contra-vermelho-azul.jpg?fit=1200%2C800&ssl=1&resize=700%2C400 2x, https:\/\/i0.wp.com\/diariodegarca.com\/wp-content\/uploads\/2025\/12\/retrato-de-feliz-par-jovem-estudar-ficar-junto-contra-vermelho-azul.jpg?fit=1200%2C800&ssl=1&resize=1050%2C600 3x"},"classes":[]},{"id":9678,"url":"https:\/\/diariodegarca.com\/?p=9678","url_meta":{"origin":4666,"position":3},"title":"FATEC Gar\u00e7a abre inscri\u00e7\u00f5es para Programa de Monitoria com bolsa mensal","author":"Andreza Sega","date":"23 de dezembro de 2025","format":false,"excerpt":"Sele\u00e7\u00e3o oferece vagas em disciplinas e em projeto de inova\u00e7\u00e3o. Candidatos precisam ter conta no Banco do Brasil e hist\u00f3rico de aprova\u00e7\u00e3o na mat\u00e9ria. Prazo vai at\u00e9 13 de fevereiro. A Fatec Gar\u00e7a est\u00e1 com inscri\u00e7\u00f5es abertas para o seu\u00a0Programa de Monitoria\u00a0do primeiro semestre de 2026. Os interessados t\u00eam at\u00e9\u2026","rel":"","context":"Em &quot;Educa\u00e7\u00e3o&quot;","block_context":{"text":"Educa\u00e7\u00e3o","link":"https:\/\/diariodegarca.com\/?cat=17964"},"img":{"alt_text":"","src":"https:\/\/i0.wp.com\/diariodegarca.com\/wp-content\/uploads\/2025\/09\/da19130ed2abc78d0db81c1f33acb07f.jpg?fit=800%2C391&ssl=1&resize=350%2C200","width":350,"height":200,"srcset":"https:\/\/i0.wp.com\/diariodegarca.com\/wp-content\/uploads\/2025\/09\/da19130ed2abc78d0db81c1f33acb07f.jpg?fit=800%2C391&ssl=1&resize=350%2C200 1x, https:\/\/i0.wp.com\/diariodegarca.com\/wp-content\/uploads\/2025\/09\/da19130ed2abc78d0db81c1f33acb07f.jpg?fit=800%2C391&ssl=1&resize=525%2C300 1.5x, https:\/\/i0.wp.com\/diariodegarca.com\/wp-content\/uploads\/2025\/09\/da19130ed2abc78d0db81c1f33acb07f.jpg?fit=800%2C391&ssl=1&resize=700%2C400 2x"},"classes":[]},{"id":7659,"url":"https:\/\/diariodegarca.com\/?p=7659","url_meta":{"origin":4666,"position":4},"title":"Fatec Gar\u00e7a abre inscri\u00e7\u00f5es para professor de banco de dados em processo seletivo","author":"Andreza Sega","date":"14 de outubro de 2025","format":false,"excerpt":"Oportunidade \u00e9 para atuar como Professor de Laborat\u00f3rio; candidatos t\u00eam at\u00e9 23 de outubro para se inscreverem via site da institui\u00e7\u00e3o. A Fatec (Faculdade de Tecnologia) de Gar\u00e7a est\u00e1 com as inscri\u00e7\u00f5es abertas para um processo seletivo simplificado destinado \u00e0 contrata\u00e7\u00e3o de um Professor de Ensino Superior. A vaga \u00e9\u2026","rel":"","context":"Em &quot;Gar\u00e7a&quot;","block_context":{"text":"Gar\u00e7a","link":"https:\/\/diariodegarca.com\/?cat=781171664"},"img":{"alt_text":"","src":"https:\/\/i0.wp.com\/diariodegarca.com\/wp-content\/uploads\/2025\/10\/executivo-posando-no-escritorio-com-um-tablet-digital.jpg?fit=1200%2C801&ssl=1&resize=350%2C200","width":350,"height":200,"srcset":"https:\/\/i0.wp.com\/diariodegarca.com\/wp-content\/uploads\/2025\/10\/executivo-posando-no-escritorio-com-um-tablet-digital.jpg?fit=1200%2C801&ssl=1&resize=350%2C200 1x, https:\/\/i0.wp.com\/diariodegarca.com\/wp-content\/uploads\/2025\/10\/executivo-posando-no-escritorio-com-um-tablet-digital.jpg?fit=1200%2C801&ssl=1&resize=525%2C300 1.5x, https:\/\/i0.wp.com\/diariodegarca.com\/wp-content\/uploads\/2025\/10\/executivo-posando-no-escritorio-com-um-tablet-digital.jpg?fit=1200%2C801&ssl=1&resize=700%2C400 2x, https:\/\/i0.wp.com\/diariodegarca.com\/wp-content\/uploads\/2025\/10\/executivo-posando-no-escritorio-com-um-tablet-digital.jpg?fit=1200%2C801&ssl=1&resize=1050%2C600 3x"},"classes":[]},{"id":5632,"url":"https:\/\/diariodegarca.com\/?p=5632","url_meta":{"origin":4666,"position":5},"title":"Fatec divulga calend\u00e1rio do Vestibular 2026 para o 1\u00ba semestre","author":"Di\u00e1rio de Gar\u00e7a","date":"14 de agosto de 2025","format":false,"excerpt":"Processo seletivo oferece cursos gratuitos e de qualidade; inscri\u00e7\u00f5es come\u00e7am em setembro. A Faculdade de Tecnologia do Estado de S\u00e3o Paulo (Fatec) divulgou o calend\u00e1rio oficial do Vestibular para o primeiro semestre de 2026. O processo seletivo, que oferece cursos superiores gratuitos e de qualidade, presenciais e a dist\u00e2ncia, ter\u00e1\u2026","rel":"","context":"Em &quot;Educa\u00e7\u00e3o&quot;","block_context":{"text":"Educa\u00e7\u00e3o","link":"https:\/\/diariodegarca.com\/?cat=17964"},"img":{"alt_text":"","src":"https:\/\/i0.wp.com\/diariodegarca.com\/wp-content\/uploads\/2025\/08\/retrato-de-mulher-jovem-pulando-e-segurando-livros-e1755223672141.jpg?fit=1200%2C1008&ssl=1&resize=350%2C200","width":350,"height":200,"srcset":"https:\/\/i0.wp.com\/diariodegarca.com\/wp-content\/uploads\/2025\/08\/retrato-de-mulher-jovem-pulando-e-segurando-livros-e1755223672141.jpg?fit=1200%2C1008&ssl=1&resize=350%2C200 1x, https:\/\/i0.wp.com\/diariodegarca.com\/wp-content\/uploads\/2025\/08\/retrato-de-mulher-jovem-pulando-e-segurando-livros-e1755223672141.jpg?fit=1200%2C1008&ssl=1&resize=525%2C300 1.5x, https:\/\/i0.wp.com\/diariodegarca.com\/wp-content\/uploads\/2025\/08\/retrato-de-mulher-jovem-pulando-e-segurando-livros-e1755223672141.jpg?fit=1200%2C1008&ssl=1&resize=700%2C400 2x, https:\/\/i0.wp.com\/diariodegarca.com\/wp-content\/uploads\/2025\/08\/retrato-de-mulher-jovem-pulando-e-segurando-livros-e1755223672141.jpg?fit=1200%2C1008&ssl=1&resize=1050%2C600 3x"},"classes":[]}],"_links":{"self":[{"href":"https:\/\/diariodegarca.com\/index.php?rest_route=\/wp\/v2\/posts\/4666","targetHints":{"allow":["GET"]}}],"collection":[{"href":"https:\/\/diariodegarca.com\/index.php?rest_route=\/wp\/v2\/posts"}],"about":[{"href":"https:\/\/diariodegarca.com\/index.php?rest_route=\/wp\/v2\/types\/post"}],"author":[{"embeddable":true,"href":"https:\/\/diariodegarca.com\/index.php?rest_route=\/wp\/v2\/users\/260896546"}],"replies":[{"embeddable":true,"href":"https:\/\/diariodegarca.com\/index.php?rest_route=%2Fwp%2Fv2%2Fcomments&post=4666"}],"version-history":[{"count":2,"href":"https:\/\/diariodegarca.com\/index.php?rest_route=\/wp\/v2\/posts\/4666\/revisions"}],"predecessor-version":[{"id":4669,"href":"https:\/\/diariodegarca.com\/index.php?rest_route=\/wp\/v2\/posts\/4666\/revisions\/4669"}],"wp:attachment":[{"href":"https:\/\/diariodegarca.com\/index.php?rest_route=%2Fwp%2Fv2%2Fmedia&parent=4666"}],"wp:term":[{"taxonomy":"category","embeddable":true,"href":"https:\/\/diariodegarca.com\/index.php?rest_route=%2Fwp%2Fv2%2Fcategories&post=4666"},{"taxonomy":"post_tag","embeddable":true,"href":"https:\/\/diariodegarca.com\/index.php?rest_route=%2Fwp%2Fv2%2Ftags&post=4666"}],"curies":[{"name":"wp","href":"https:\/\/api.w.org\/{rel}","templated":true}]}}