{"id":4696,"date":"2025-07-15T23:49:39","date_gmt":"2025-07-16T02:49:39","guid":{"rendered":"https:\/\/diariodegarca.com\/?p=4696"},"modified":"2025-07-15T23:49:39","modified_gmt":"2025-07-16T02:49:39","slug":"procon-sp-multa-itau-consignado-em-r-58-milhoes-por-descontos-indevidos","status":"publish","type":"post","link":"https:\/\/diariodegarca.com\/?p=4696","title":{"rendered":"Procon-SP multa Ita\u00fa Consignado em R$ 5,8 milh\u00f5es por descontos indevidos"},"content":{"rendered":"\n<p class=\"wp-block-paragraph\"><em>Institui\u00e7\u00e3o n\u00e3o comprovou legalidade nas autoriza\u00e7\u00f5es para descontos diretos em contas de consumidores, violando o C\u00f3digo de Defesa do Consumidor.<\/em><\/p>\n\n\n\n<p class=\"wp-block-paragraph\">O Procon-SP multou o Banco Ita\u00fa Consignado S\/A em R$ 5.842.228,84 ap\u00f3s constatar descontos indevidos em benef\u00edcios previdenci\u00e1rios de consumidores. A autarquia identificou que a institui\u00e7\u00e3o realizou d\u00e9bitos diretos em contas correntes sem comprova\u00e7\u00e3o de autoriza\u00e7\u00e3o v\u00e1lida, configurando viola\u00e7\u00e3o ao C\u00f3digo de Defesa do Consumidor (CDC).<\/p>\n\n\n\n<p class=\"wp-block-paragraph\">As irregularidades vieram \u00e0 tona por meio de reclama\u00e7\u00f5es de clientes, que relataram a realiza\u00e7\u00e3o de empr\u00e9stimos consignados sem consentimento. Durante a apura\u00e7\u00e3o, o Ita\u00fa n\u00e3o conseguiu apresentar documentos que comprovassem a regularidade das autoriza\u00e7\u00f5es, indicando poss\u00edveis fraudes nos contratos. Como resultado, consumidores tiveram seus benef\u00edcios previdenci\u00e1rios descontados irregularmente.<\/p>\n\n\n\n<p class=\"wp-block-paragraph\">O valor da multa foi calculado com base no porte econ\u00f4mico do banco e na gravidade da infra\u00e7\u00e3o, conforme determina o CDC. O Ita\u00fa Consignado tem direito a recorrer da decis\u00e3o.<\/p>\n\n\n\n<p class=\"wp-block-paragraph\">Consumidores que foram lesados devem fazer sua reclama\u00e7\u00e3o em uma das unidades do Procon ou por meio do site da institui\u00e7\u00e3o.<\/p>\n","protected":false},"excerpt":{"rendered":"<p>Institui\u00e7\u00e3o n\u00e3o comprovou legalidade nas autoriza\u00e7\u00f5es para descontos diretos em contas de consumidores, violando o C\u00f3digo de Defesa do Consumidor. O Procon-SP multou o Banco Ita\u00fa Consignado S\/A em R$ 5.842.228,84 ap\u00f3s constatar descontos indevidos em benef\u00edcios previdenci\u00e1rios de consumidores. A autarquia identificou que a institui\u00e7\u00e3o realizou d\u00e9bitos diretos em contas correntes sem comprova\u00e7\u00e3o de [&hellip;]<\/p>\n","protected":false},"author":260896546,"featured_media":0,"comment_status":"open","ping_status":"open","sticky":false,"template":"","format":"standard","meta":{"_crdt_document":"","_monsterinsights_skip_tracking":false,"_monsterinsights_sitenote_active":false,"_monsterinsights_sitenote_note":"","_monsterinsights_sitenote_category":0,"advanced_seo_description":"","jetpack_seo_html_title":"","jetpack_seo_noindex":false,"_jetpack_newsletter_access":"","_jetpack_dont_email_post_to_subs":false,"_jetpack_newsletter_tier_id":0,"_jetpack_memberships_contains_paywalled_content":false,"_jetpack_memberships_contains_paid_content":false,"footnotes":"","jetpack_publicize_message":"\ud83d\udea8 Procon-SP multa Ita\u00fa Consignado em R$ 5,8 mi por descontos indevidos\n\nO banco foi penalizado ap\u00f3s n\u00e3o comprovar autoriza\u00e7\u00f5es leg\u00edtimas para descontos em benef\u00edcios previdenci\u00e1rios de clientes. Reclama\u00e7\u00f5es apontaram empr\u00e9stimos consignados sem consentimento, caracterizando viola\u00e7\u00e3o ao CDC.\n\n\ud83d\udccc Valor da multa: R$ 5.842.228,84\n\ud83d\udccc Empresa pode recorrer\n\n\ud83d\udd0d Leia a mat\u00e9ria completa em diariodegarca.com \n\n#DireitoDoConsumidor #ProconSP","jetpack_publicize_feature_enabled":true,"jetpack_social_post_already_shared":false,"jetpack_social_options":{"image_generator_settings":{"template":"highway","default_image_id":0,"enabled":false},"version":2},"_wpas_customize_per_network":false,"jetpack_post_was_ever_published":false},"categories":[1192752],"tags":[],"class_list":["post-4696","post","type-post","status-publish","format-standard","hentry","category-fiscalizacao"],"jetpack_publicize_connections":[],"jetpack_featured_media_url":"","jetpack_likes_enabled":true,"jetpack_sharing_enabled":true,"jetpack_shortlink":"https:\/\/wp.me\/pgitne-1dK","jetpack-related-posts":[{"id":4261,"url":"https:\/\/diariodegarca.com\/?p=4261","url_meta":{"origin":4696,"position":0},"title":"Banco Pan \u00e9 multado em R$ 13 milh\u00f5es por descontos indevidos e cl\u00e1usulas abusivas","author":"Di\u00e1rio de Gar\u00e7a","date":"25 de junho de 2025","format":false,"excerpt":"Procon-SP identificou cobran\u00e7as n\u00e3o autorizadas de empr\u00e9stimos consignados e termos de uso que violam direitos do consumidor O Banco Pan foi autuado pelo Procon-SP no valor de\u00a0R$ 13.522.436,17\u00a0por descontos n\u00e3o autorizados em contas correntes de clientes e por incluir\u00a0cl\u00e1usulas abusivas\u00a0em seus Termos de Uso. A penalidade, aplicada com base no\u00a0C\u00f3digo\u2026","rel":"","context":"Em &quot;Finan\u00e7as&quot;","block_context":{"text":"Finan\u00e7as","link":"https:\/\/diariodegarca.com\/?cat=185853"},"img":{"alt_text":"","src":"https:\/\/i0.wp.com\/diariodegarca.com\/wp-content\/uploads\/2025\/06\/banco-e1631551631520.webp?fit=1024%2C675&ssl=1&resize=350%2C200","width":350,"height":200,"srcset":"https:\/\/i0.wp.com\/diariodegarca.com\/wp-content\/uploads\/2025\/06\/banco-e1631551631520.webp?fit=1024%2C675&ssl=1&resize=350%2C200 1x, https:\/\/i0.wp.com\/diariodegarca.com\/wp-content\/uploads\/2025\/06\/banco-e1631551631520.webp?fit=1024%2C675&ssl=1&resize=525%2C300 1.5x, https:\/\/i0.wp.com\/diariodegarca.com\/wp-content\/uploads\/2025\/06\/banco-e1631551631520.webp?fit=1024%2C675&ssl=1&resize=700%2C400 2x"},"classes":[]},{"id":5297,"url":"https:\/\/diariodegarca.com\/?p=5297","url_meta":{"origin":4696,"position":1},"title":"Procon-SP ouve consumidores 60+ sobre desafios no mercado digital e pr\u00e1ticas abusivas","author":"Di\u00e1rio de Gar\u00e7a","date":"5 de agosto de 2025","format":false,"excerpt":"Question\u00e1rio online busca mapear problemas como descontos indevidos no INSS, empr\u00e9stimos n\u00e3o contratados e dificuldades com e-commerce; participa\u00e7\u00e3o vai at\u00e9 29 de agosto. A Funda\u00e7\u00e3o Procon-SP est\u00e1 realizando uma consulta p\u00fablica voltada exclusivamente para consumidores com 60 anos ou mais. O objetivo \u00e9 identificar os principais obst\u00e1culos enfrentados por essa\u2026","rel":"","context":"Em &quot;Finan\u00e7as&quot;","block_context":{"text":"Finan\u00e7as","link":"https:\/\/diariodegarca.com\/?cat=185853"},"img":{"alt_text":"","src":"https:\/\/i0.wp.com\/diariodegarca.com\/wp-content\/uploads\/2025\/08\/aproxime-se-da-pessoa-senior-enquanto-aprende.jpg?fit=1200%2C800&ssl=1&resize=350%2C200","width":350,"height":200,"srcset":"https:\/\/i0.wp.com\/diariodegarca.com\/wp-content\/uploads\/2025\/08\/aproxime-se-da-pessoa-senior-enquanto-aprende.jpg?fit=1200%2C800&ssl=1&resize=350%2C200 1x, https:\/\/i0.wp.com\/diariodegarca.com\/wp-content\/uploads\/2025\/08\/aproxime-se-da-pessoa-senior-enquanto-aprende.jpg?fit=1200%2C800&ssl=1&resize=525%2C300 1.5x, https:\/\/i0.wp.com\/diariodegarca.com\/wp-content\/uploads\/2025\/08\/aproxime-se-da-pessoa-senior-enquanto-aprende.jpg?fit=1200%2C800&ssl=1&resize=700%2C400 2x, https:\/\/i0.wp.com\/diariodegarca.com\/wp-content\/uploads\/2025\/08\/aproxime-se-da-pessoa-senior-enquanto-aprende.jpg?fit=1200%2C800&ssl=1&resize=1050%2C600 3x"},"classes":[]},{"id":10111,"url":"https:\/\/diariodegarca.com\/?p=10111","url_meta":{"origin":4696,"position":2},"title":"Procon-SP multa Betano por cl\u00e1usulas abusivas\u00a0em contratos","author":"Di\u00e1rio de Gar\u00e7a","date":"18 de janeiro de 2026","format":false,"excerpt":"O Procon-SP multou a Betano em R$ 300 mil por cl\u00e1usulas abusivas em termos de uso, violando o C\u00f3digo de Defesa do Consumidor, e lan\u00e7ou sistema de autoexclus\u00e3o para proteger apostadores.","rel":"","context":"Em &quot;Brasil&quot;","block_context":{"text":"Brasil","link":"https:\/\/diariodegarca.com\/?cat=38185"},"img":{"alt_text":"","src":"https:\/\/i0.wp.com\/diariodegarca.com\/wp-content\/uploads\/2026\/01\/excited-handsome-man-keeps-fist-holds-phone-looking-up-isolated-purple-wall.jpg?fit=1200%2C840&ssl=1&resize=350%2C200","width":350,"height":200,"srcset":"https:\/\/i0.wp.com\/diariodegarca.com\/wp-content\/uploads\/2026\/01\/excited-handsome-man-keeps-fist-holds-phone-looking-up-isolated-purple-wall.jpg?fit=1200%2C840&ssl=1&resize=350%2C200 1x, https:\/\/i0.wp.com\/diariodegarca.com\/wp-content\/uploads\/2026\/01\/excited-handsome-man-keeps-fist-holds-phone-looking-up-isolated-purple-wall.jpg?fit=1200%2C840&ssl=1&resize=525%2C300 1.5x, https:\/\/i0.wp.com\/diariodegarca.com\/wp-content\/uploads\/2026\/01\/excited-handsome-man-keeps-fist-holds-phone-looking-up-isolated-purple-wall.jpg?fit=1200%2C840&ssl=1&resize=700%2C400 2x, https:\/\/i0.wp.com\/diariodegarca.com\/wp-content\/uploads\/2026\/01\/excited-handsome-man-keeps-fist-holds-phone-looking-up-isolated-purple-wall.jpg?fit=1200%2C840&ssl=1&resize=1050%2C600 3x"},"classes":[]},{"id":2052,"url":"https:\/\/diariodegarca.com\/?p=2052","url_meta":{"origin":4696,"position":3},"title":"INSS passa a exigir biometria para empr\u00e9stimos consignados","author":"Di\u00e1rio de Gar\u00e7a","date":"19 de maio de 2025","format":false,"excerpt":"A partir do pr\u00f3ximo\u00a0dia 23, aposentados e pensionistas que desejarem contratar empr\u00e9stimos consignados ter\u00e3o que passar por\u00a0identifica\u00e7\u00e3o biom\u00e9trica\u00a0para autorizar o desconto direto em seus benef\u00edcios. A medida, anunciada pelo\u00a0Instituto Nacional do Seguro Social (INSS), busca aumentar a seguran\u00e7a e reduzir fraudes no sistema. A decis\u00e3o foi publicada no\u00a0Di\u00e1rio Oficial da\u2026","rel":"","context":"Em &quot;Brasil&quot;","block_context":{"text":"Brasil","link":"https:\/\/diariodegarca.com\/?cat=38185"},"img":{"alt_text":"","src":"https:\/\/i0.wp.com\/diariodegarca.com\/wp-content\/uploads\/2025\/05\/20231102_131441-1.jpg?fit=1170%2C700&ssl=1&resize=350%2C200","width":350,"height":200,"srcset":"https:\/\/i0.wp.com\/diariodegarca.com\/wp-content\/uploads\/2025\/05\/20231102_131441-1.jpg?fit=1170%2C700&ssl=1&resize=350%2C200 1x, https:\/\/i0.wp.com\/diariodegarca.com\/wp-content\/uploads\/2025\/05\/20231102_131441-1.jpg?fit=1170%2C700&ssl=1&resize=525%2C300 1.5x, https:\/\/i0.wp.com\/diariodegarca.com\/wp-content\/uploads\/2025\/05\/20231102_131441-1.jpg?fit=1170%2C700&ssl=1&resize=700%2C400 2x, https:\/\/i0.wp.com\/diariodegarca.com\/wp-content\/uploads\/2025\/05\/20231102_131441-1.jpg?fit=1170%2C700&ssl=1&resize=1050%2C600 3x"},"classes":[]},{"id":2449,"url":"https:\/\/diariodegarca.com\/?p=2449","url_meta":{"origin":4696,"position":4},"title":"Procon-SP multa Banco Pan por descumprir cadastro &#034;N\u00e3o Me Ligue&#034;","author":"Di\u00e1rio de Gar\u00e7a","date":"7 de abril de 2025","format":false,"excerpt":"A Funda\u00e7\u00e3o Procon-SP aplicou uma multa de R$ 13,5 milh\u00f5es ao Banco Pan por desrespeitar o cadastro \"N\u00e3o Me Ligue\", mecanismo que protege consumidores de liga\u00e7\u00f5es indesejadas de telemarketing. A penalidade, divulgada em 7 de abril de 2025, refor\u00e7a a obrigatoriedade de empresas interromperem contatos ap\u00f3s 30 dias da inscri\u00e7\u00e3o\u2026","rel":"","context":"Em &quot;Brasil&quot;","block_context":{"text":"Brasil","link":"https:\/\/diariodegarca.com\/?cat=38185"},"img":{"alt_text":"","src":"","width":0,"height":0},"classes":[]},{"id":10219,"url":"https:\/\/diariodegarca.com\/?p=10219","url_meta":{"origin":4696,"position":5},"title":"Procon-SP oferece palestra online sobre os riscos e direitos em jogos de aposta","author":"Di\u00e1rio de Gar\u00e7a","date":"24 de janeiro de 2026","format":false,"excerpt":"A palestra online \"Jogos e Apostas\", promovida pela Funda\u00e7\u00e3o Procon-SP em 26 de fevereiro, orientar\u00e1 consumidores sobre riscos do mercado de apostas e direitos previstos no C\u00f3digo de Defesa do Consumidor.","rel":"","context":"Em &quot;Curso&quot;","block_context":{"text":"Curso","link":"https:\/\/diariodegarca.com\/?cat=36947"},"img":{"alt_text":"","src":"https:\/\/i0.wp.com\/diariodegarca.com\/wp-content\/uploads\/2025\/12\/emocoes-reais-durante-partida-de-futebol-na-tv.jpg?fit=1200%2C764&ssl=1&resize=350%2C200","width":350,"height":200,"srcset":"https:\/\/i0.wp.com\/diariodegarca.com\/wp-content\/uploads\/2025\/12\/emocoes-reais-durante-partida-de-futebol-na-tv.jpg?fit=1200%2C764&ssl=1&resize=350%2C200 1x, https:\/\/i0.wp.com\/diariodegarca.com\/wp-content\/uploads\/2025\/12\/emocoes-reais-durante-partida-de-futebol-na-tv.jpg?fit=1200%2C764&ssl=1&resize=525%2C300 1.5x, https:\/\/i0.wp.com\/diariodegarca.com\/wp-content\/uploads\/2025\/12\/emocoes-reais-durante-partida-de-futebol-na-tv.jpg?fit=1200%2C764&ssl=1&resize=700%2C400 2x, https:\/\/i0.wp.com\/diariodegarca.com\/wp-content\/uploads\/2025\/12\/emocoes-reais-durante-partida-de-futebol-na-tv.jpg?fit=1200%2C764&ssl=1&resize=1050%2C600 3x"},"classes":[]}],"_links":{"self":[{"href":"https:\/\/diariodegarca.com\/index.php?rest_route=\/wp\/v2\/posts\/4696","targetHints":{"allow":["GET"]}}],"collection":[{"href":"https:\/\/diariodegarca.com\/index.php?rest_route=\/wp\/v2\/posts"}],"about":[{"href":"https:\/\/diariodegarca.com\/index.php?rest_route=\/wp\/v2\/types\/post"}],"author":[{"embeddable":true,"href":"https:\/\/diariodegarca.com\/index.php?rest_route=\/wp\/v2\/users\/260896546"}],"replies":[{"embeddable":true,"href":"https:\/\/diariodegarca.com\/index.php?rest_route=%2Fwp%2Fv2%2Fcomments&post=4696"}],"version-history":[{"count":3,"href":"https:\/\/diariodegarca.com\/index.php?rest_route=\/wp\/v2\/posts\/4696\/revisions"}],"predecessor-version":[{"id":4700,"href":"https:\/\/diariodegarca.com\/index.php?rest_route=\/wp\/v2\/posts\/4696\/revisions\/4700"}],"wp:attachment":[{"href":"https:\/\/diariodegarca.com\/index.php?rest_route=%2Fwp%2Fv2%2Fmedia&parent=4696"}],"wp:term":[{"taxonomy":"category","embeddable":true,"href":"https:\/\/diariodegarca.com\/index.php?rest_route=%2Fwp%2Fv2%2Fcategories&post=4696"},{"taxonomy":"post_tag","embeddable":true,"href":"https:\/\/diariodegarca.com\/index.php?rest_route=%2Fwp%2Fv2%2Ftags&post=4696"}],"curies":[{"name":"wp","href":"https:\/\/api.w.org\/{rel}","templated":true}]}}