{"id":4701,"date":"2025-07-16T00:04:21","date_gmt":"2025-07-16T03:04:21","guid":{"rendered":"https:\/\/diariodegarca.com\/?p=4701"},"modified":"2025-07-16T00:04:21","modified_gmt":"2025-07-16T03:04:21","slug":"curso-gratuito-de-jardinagem-em-lucianopolis","status":"publish","type":"post","link":"https:\/\/diariodegarca.com\/?p=4701","title":{"rendered":"Curso gratuito de jardinagem em Lucian\u00f3polis"},"content":{"rendered":"\n<p class=\"wp-block-paragraph\"><em>Prefeitura e SENAR oferecem forma\u00e7\u00e3o com aulas pr\u00e1ticas e certifica\u00e7\u00e3o; inscri\u00e7\u00f5es est\u00e3o abertas no CRAS.<\/em><\/p>\n\n\n\n<p class=\"wp-block-paragraph\">De 22 a 25 de julho, o Servi\u00e7o Nacional de Aprendizagem Rural (SENAR), em parceria com a Prefeitura de Lucian\u00f3polis, promove um&nbsp;<strong>curso gratuito de jardinagem<\/strong>&nbsp;voltado para quem deseja aprender t\u00e9cnicas profissionais e transformar o conhecimento em renda. As aulas acontecer\u00e3o no&nbsp;<strong>CRAS do munic\u00edpio<\/strong>, das 8h \u00e0s 16h, com vagas limitadas.<\/p>\n\n\n\n<p class=\"wp-block-paragraph\">O curso, que integra o programa de qualifica\u00e7\u00e3o profissional do SENAR, abordar\u00e1 desde no\u00e7\u00f5es b\u00e1sicas de\u00a0<strong>preparo do solo, plantio, aduba\u00e7\u00e3o e poda<\/strong>\u00a0at\u00e9 dicas de manuten\u00e7\u00e3o de jardins residenciais e comerciais. <\/p>\n\n\n\n<p class=\"wp-block-paragraph\">Os participantes ter\u00e3o acesso a aulas\u00a0<strong>te\u00f3ricas e pr\u00e1ticas<\/strong>, recebendo orienta\u00e7\u00f5es sobre ferramentas adequadas, combate a pragas e aproveitamento de espa\u00e7os verdes.<\/p>\n\n\n\n<p class=\"wp-block-paragraph\"><strong>Oportunidade para diversificar renda<\/strong><br>Segundo o SENAR, a capacita\u00e7\u00e3o \u00e9 uma forma de&nbsp;<strong>gerar novas fontes de renda<\/strong>&nbsp;para os alunos, especialmente em cidades do interior, onde a demanda por servi\u00e7os de jardinagem tem crescido. Ao final, os concluintes receber\u00e3o um&nbsp;<strong>certificado reconhecido nacionalmente<\/strong>, que pode abrir portas no mercado de trabalho ou mesmo incentivar o empreendedorismo.<\/p>\n\n\n\n<p class=\"wp-block-paragraph\"><strong>Como se inscrever<\/strong><br>As inscri\u00e7\u00f5es devem ser feitas presencialmente no\u00a0<strong>CRAS de Lucian\u00f3polis<\/strong>, localizado na\u00a0<strong>rua Santa Luzia, 650, Centro<\/strong>, informa\u00e7\u00f5es podem ser adquiridas presencialmente ou pelo telefone\u00a0<strong>(14) 3286-1314<\/strong>. O atendimento ocorre de segunda-feira, das 8h \u00e0s 12h e das 13h \u00e0s 21h, e de ter\u00e7a a sexta, das 8h \u00e0s 12h e das 13h \u00e0s 17h.<\/p>\n","protected":false},"excerpt":{"rendered":"<p>Prefeitura e SENAR oferecem forma\u00e7\u00e3o com aulas pr\u00e1ticas e certifica\u00e7\u00e3o; inscri\u00e7\u00f5es est\u00e3o abertas no CRAS. De 22 a 25 de julho, o Servi\u00e7o Nacional de Aprendizagem Rural (SENAR), em parceria com a Prefeitura de Lucian\u00f3polis, promove um&nbsp;curso gratuito de jardinagem&nbsp;voltado para quem deseja aprender t\u00e9cnicas profissionais e transformar o conhecimento em renda. As aulas acontecer\u00e3o [&hellip;]<\/p>\n","protected":false},"author":260896546,"featured_media":0,"comment_status":"open","ping_status":"open","sticky":false,"template":"","format":"standard","meta":{"_crdt_document":"","_monsterinsights_skip_tracking":false,"_monsterinsights_sitenote_active":false,"_monsterinsights_sitenote_note":"","_monsterinsights_sitenote_category":0,"advanced_seo_description":"","jetpack_seo_html_title":"","jetpack_seo_noindex":false,"_jetpack_newsletter_access":"","_jetpack_dont_email_post_to_subs":false,"_jetpack_newsletter_tier_id":0,"_jetpack_memberships_contains_paywalled_content":false,"_jetpack_memberships_contains_paid_content":false,"footnotes":"","jetpack_publicize_message":"\ud83c\udf31 Curso gratuito de jardinagem em Lucian\u00f3polis\n\nDe 22 a 25\/07, o SENAR e a Prefeitura oferecem forma\u00e7\u00e3o com t\u00e9cnicas de plantio, poda e manuten\u00e7\u00e3o de jardins. Aulas pr\u00e1ticas + certificado!\n\n\ud83d\udccc Local: CRAS Lucian\u00f3polis\n\ud83d\udcde Informa\u00e7\u00f5es: (14) 3286-1314\n\u23f3 Vagas limitadas!\n\n\u270d\ufe0f Saiba mais em diariodegarca.com! \n\n#Capacita\u00e7\u00e3o #SENAR #Lucian\u00f3polis","jetpack_publicize_feature_enabled":true,"jetpack_social_post_already_shared":false,"jetpack_social_options":{"image_generator_settings":{"template":"highway","default_image_id":0,"enabled":false},"version":2},"_wpas_customize_per_network":false,"jetpack_post_was_ever_published":false},"categories":[36947,75546814,115166],"tags":[],"class_list":["post-4701","post","type-post","status-publish","format-standard","hentry","category-curso","category-lucianopolis","category-presencial"],"jetpack_publicize_connections":[],"jetpack_featured_media_url":"","jetpack_likes_enabled":true,"jetpack_sharing_enabled":true,"jetpack_shortlink":"https:\/\/wp.me\/pgitne-1dP","jetpack-related-posts":[{"id":8465,"url":"https:\/\/diariodegarca.com\/?p=8465","url_meta":{"origin":4701,"position":0},"title":"Curso gratuito de Jardinagem com vagas abertas em Lucian\u00f3polis","author":"Andreza Sega","date":"5 de novembro de 2025","format":false,"excerpt":"Iniciativa capacita para o cuidado com plantas e manuten\u00e7\u00e3o de jardins, promovendo a valoriza\u00e7\u00e3o de espa\u00e7os verdes e o desenvolvimento de habilidades pr\u00e1ticas. Quem possui interesse em trabalhar com plantas, flores e na cria\u00e7\u00e3o de ambientes naturais mais bonitos e saud\u00e1veis tem uma oportunidade de qualifica\u00e7\u00e3o \u00e0 disposi\u00e7\u00e3o. A Prefeitura\u2026","rel":"","context":"Em &quot;Curso&quot;","block_context":{"text":"Curso","link":"https:\/\/diariodegarca.com\/?cat=36947"},"img":{"alt_text":"","src":"https:\/\/i0.wp.com\/diariodegarca.com\/wp-content\/uploads\/2025\/10\/retrato-ao-ar-livre-de-uma-jovem-atraente-barbudo-homem-hispanico-em-camiseta-azul-e-luvas-trabalhando-no-jardim-com-ferramentas-folhas-de-corte-rega-de-plantas-vida-rural.jpg?fit=1200%2C800&ssl=1&resize=350%2C200","width":350,"height":200,"srcset":"https:\/\/i0.wp.com\/diariodegarca.com\/wp-content\/uploads\/2025\/10\/retrato-ao-ar-livre-de-uma-jovem-atraente-barbudo-homem-hispanico-em-camiseta-azul-e-luvas-trabalhando-no-jardim-com-ferramentas-folhas-de-corte-rega-de-plantas-vida-rural.jpg?fit=1200%2C800&ssl=1&resize=350%2C200 1x, https:\/\/i0.wp.com\/diariodegarca.com\/wp-content\/uploads\/2025\/10\/retrato-ao-ar-livre-de-uma-jovem-atraente-barbudo-homem-hispanico-em-camiseta-azul-e-luvas-trabalhando-no-jardim-com-ferramentas-folhas-de-corte-rega-de-plantas-vida-rural.jpg?fit=1200%2C800&ssl=1&resize=525%2C300 1.5x, https:\/\/i0.wp.com\/diariodegarca.com\/wp-content\/uploads\/2025\/10\/retrato-ao-ar-livre-de-uma-jovem-atraente-barbudo-homem-hispanico-em-camiseta-azul-e-luvas-trabalhando-no-jardim-com-ferramentas-folhas-de-corte-rega-de-plantas-vida-rural.jpg?fit=1200%2C800&ssl=1&resize=700%2C400 2x, https:\/\/i0.wp.com\/diariodegarca.com\/wp-content\/uploads\/2025\/10\/retrato-ao-ar-livre-de-uma-jovem-atraente-barbudo-homem-hispanico-em-camiseta-azul-e-luvas-trabalhando-no-jardim-com-ferramentas-folhas-de-corte-rega-de-plantas-vida-rural.jpg?fit=1200%2C800&ssl=1&resize=1050%2C600 3x"},"classes":[]},{"id":6583,"url":"https:\/\/diariodegarca.com\/?p=6583","url_meta":{"origin":4701,"position":1},"title":"Lucian\u00f3polis ofertam curso gratuito de Artesanato com Mat\u00e9ria-Prima Mista","author":"Di\u00e1rio de Gar\u00e7a","date":"10 de setembro de 2025","format":false,"excerpt":"Capacita\u00e7\u00e3o visa fomentar o empreendedorismo e a gera\u00e7\u00e3o de renda atrav\u00e9s de t\u00e9cnicas artesanais. Inscri\u00e7\u00f5es devem ser feitas presencialmente no CRAS. A popula\u00e7\u00e3o de Lucian\u00f3polis tem uma oportunidade de aprender t\u00e9cnicas artesanais e se qualificar para o mercado de trabalho ou para o empreendedorismo. O Servi\u00e7o Nacional de Aprendizagem Rural\u2026","rel":"","context":"Em &quot;Brasil&quot;","block_context":{"text":"Brasil","link":"https:\/\/diariodegarca.com\/?cat=38185"},"img":{"alt_text":"","src":"https:\/\/i0.wp.com\/diariodegarca.com\/wp-content\/uploads\/2025\/09\/cultivo-de-decoracao-artesanal-feminina.jpg?fit=1200%2C800&ssl=1&resize=350%2C200","width":350,"height":200,"srcset":"https:\/\/i0.wp.com\/diariodegarca.com\/wp-content\/uploads\/2025\/09\/cultivo-de-decoracao-artesanal-feminina.jpg?fit=1200%2C800&ssl=1&resize=350%2C200 1x, https:\/\/i0.wp.com\/diariodegarca.com\/wp-content\/uploads\/2025\/09\/cultivo-de-decoracao-artesanal-feminina.jpg?fit=1200%2C800&ssl=1&resize=525%2C300 1.5x, https:\/\/i0.wp.com\/diariodegarca.com\/wp-content\/uploads\/2025\/09\/cultivo-de-decoracao-artesanal-feminina.jpg?fit=1200%2C800&ssl=1&resize=700%2C400 2x, https:\/\/i0.wp.com\/diariodegarca.com\/wp-content\/uploads\/2025\/09\/cultivo-de-decoracao-artesanal-feminina.jpg?fit=1200%2C800&ssl=1&resize=1050%2C600 3x"},"classes":[]},{"id":7082,"url":"https:\/\/diariodegarca.com\/?p=7082","url_meta":{"origin":4701,"position":2},"title":"Lucian\u00f3polis oferece curso gratuito de cuidador de idosos com certifica\u00e7\u00e3o do Senac","author":"Di\u00e1rio de Gar\u00e7a","date":"24 de setembro de 2025","format":false,"excerpt":"Parceria entre Prefeitura, CRAS e Senac Bauru abre vagas para capacita\u00e7\u00e3o profissional na \u00e1rea da sa\u00fade, com foco no envelhecimento populacional. A qualifica\u00e7\u00e3o profissional na \u00e1rea da sa\u00fade ganha um novo impulso em Lucian\u00f3polis. Est\u00e3o abertas as inscri\u00e7\u00f5es para o curso de Cuidador de Idosos, uma iniciativa realizada por meio\u2026","rel":"","context":"Em &quot;Curso&quot;","block_context":{"text":"Curso","link":"https:\/\/diariodegarca.com\/?cat=36947"},"img":{"alt_text":"","src":"https:\/\/i0.wp.com\/diariodegarca.com\/wp-content\/uploads\/2025\/09\/mediuns-sorridentes-gostosos-dentro-de-casa.jpg?fit=1200%2C798&ssl=1&resize=350%2C200","width":350,"height":200,"srcset":"https:\/\/i0.wp.com\/diariodegarca.com\/wp-content\/uploads\/2025\/09\/mediuns-sorridentes-gostosos-dentro-de-casa.jpg?fit=1200%2C798&ssl=1&resize=350%2C200 1x, https:\/\/i0.wp.com\/diariodegarca.com\/wp-content\/uploads\/2025\/09\/mediuns-sorridentes-gostosos-dentro-de-casa.jpg?fit=1200%2C798&ssl=1&resize=525%2C300 1.5x, https:\/\/i0.wp.com\/diariodegarca.com\/wp-content\/uploads\/2025\/09\/mediuns-sorridentes-gostosos-dentro-de-casa.jpg?fit=1200%2C798&ssl=1&resize=700%2C400 2x, https:\/\/i0.wp.com\/diariodegarca.com\/wp-content\/uploads\/2025\/09\/mediuns-sorridentes-gostosos-dentro-de-casa.jpg?fit=1200%2C798&ssl=1&resize=1050%2C600 3x"},"classes":[]},{"id":3345,"url":"https:\/\/diariodegarca.com\/?p=3345","url_meta":{"origin":4701,"position":3},"title":"Curso em Lucian\u00f3polis ensina t\u00e9cnicas para fabrica\u00e7\u00e3o e venda de pizzas","author":"Di\u00e1rio de Gar\u00e7a","date":"23 de maio de 2025","format":false,"excerpt":"Para quem deseja empreender no setor aliment\u00edcio ou buscar uma nova fonte de renda, o curso\u00a0\"Aprenda a Fabricar e Vender Pizzas e Salgados Assados\"\u00a0oferece uma oportunidade valiosa. Com aulas presenciais e pr\u00e1ticas, a capacita\u00e7\u00e3o \u00e9 voltada para quem quer dominar desde o preparo at\u00e9 a comercializa\u00e7\u00e3o desses produtos, que est\u00e3o\u2026","rel":"","context":"Em &quot;Curso&quot;","block_context":{"text":"Curso","link":"https:\/\/diariodegarca.com\/?cat=36947"},"img":{"alt_text":"","src":"","width":0,"height":0},"classes":[]},{"id":6027,"url":"https:\/\/diariodegarca.com\/?p=6027","url_meta":{"origin":4701,"position":4},"title":"Curso gratuito e presencial de opera\u00e7\u00e3o de tratores em Gar\u00e7a","author":"Di\u00e1rio de Gar\u00e7a","date":"24 de agosto de 2025","format":false,"excerpt":"Capacita\u00e7\u00e3o voltada para produtores e trabalhadores rurais, com alimenta\u00e7\u00e3o inclusa, e que combina aulas te\u00f3ricas e pr\u00e1ticas. O Sindicato Rural de Gar\u00e7a, em parceria com o Servi\u00e7o Nacional de Aprendizagem Rural (Senar), est\u00e1 com inscri\u00e7\u00f5es abertas para um curso essencial para o agroneg\u00f3cio local: Opera\u00e7\u00e3o e Manuten\u00e7\u00e3o de Tratores Agr\u00edcolas.\u2026","rel":"","context":"Em &quot;Agricultura&quot;","block_context":{"text":"Agricultura","link":"https:\/\/diariodegarca.com\/?cat=34615"},"img":{"alt_text":"","src":"https:\/\/i0.wp.com\/diariodegarca.com\/wp-content\/uploads\/2025\/08\/jovem-agricultor-cuidando-de-seu-negocio.jpg?fit=1200%2C806&ssl=1&resize=350%2C200","width":350,"height":200,"srcset":"https:\/\/i0.wp.com\/diariodegarca.com\/wp-content\/uploads\/2025\/08\/jovem-agricultor-cuidando-de-seu-negocio.jpg?fit=1200%2C806&ssl=1&resize=350%2C200 1x, https:\/\/i0.wp.com\/diariodegarca.com\/wp-content\/uploads\/2025\/08\/jovem-agricultor-cuidando-de-seu-negocio.jpg?fit=1200%2C806&ssl=1&resize=525%2C300 1.5x, https:\/\/i0.wp.com\/diariodegarca.com\/wp-content\/uploads\/2025\/08\/jovem-agricultor-cuidando-de-seu-negocio.jpg?fit=1200%2C806&ssl=1&resize=700%2C400 2x, https:\/\/i0.wp.com\/diariodegarca.com\/wp-content\/uploads\/2025\/08\/jovem-agricultor-cuidando-de-seu-negocio.jpg?fit=1200%2C806&ssl=1&resize=1050%2C600 3x"},"classes":[]},{"id":10063,"url":"https:\/\/diariodegarca.com\/?p=10063","url_meta":{"origin":4701,"position":5},"title":"Curso gratuito de tratores com inscri\u00e7\u00f5es abertas em Gar\u00e7a","author":"Di\u00e1rio de Gar\u00e7a","date":"16 de janeiro de 2026","format":false,"excerpt":"Capacita\u00e7\u00e3o do SENAR e Sindicato Rural acontece entre 9 e 13 de fevereiro, com aulas te\u00f3ricas e pr\u00e1ticas, e visa reduzir acidentes no campo. Um dos equipamentos mais essenciais e potentes da agricultura moderna ser\u00e1 o foco de uma qualifica\u00e7\u00e3o profissional gratuita em Gar\u00e7a. O Sindicato Rural, em parceria com\u2026","rel":"","context":"Em &quot;Agricultura&quot;","block_context":{"text":"Agricultura","link":"https:\/\/diariodegarca.com\/?cat=34615"},"img":{"alt_text":"","src":"https:\/\/i0.wp.com\/diariodegarca.com\/wp-content\/uploads\/2026\/01\/combine-machine-service-mechanic-repairing-motor-outdoors.jpg?fit=1200%2C801&ssl=1&resize=350%2C200","width":350,"height":200,"srcset":"https:\/\/i0.wp.com\/diariodegarca.com\/wp-content\/uploads\/2026\/01\/combine-machine-service-mechanic-repairing-motor-outdoors.jpg?fit=1200%2C801&ssl=1&resize=350%2C200 1x, https:\/\/i0.wp.com\/diariodegarca.com\/wp-content\/uploads\/2026\/01\/combine-machine-service-mechanic-repairing-motor-outdoors.jpg?fit=1200%2C801&ssl=1&resize=525%2C300 1.5x, https:\/\/i0.wp.com\/diariodegarca.com\/wp-content\/uploads\/2026\/01\/combine-machine-service-mechanic-repairing-motor-outdoors.jpg?fit=1200%2C801&ssl=1&resize=700%2C400 2x, https:\/\/i0.wp.com\/diariodegarca.com\/wp-content\/uploads\/2026\/01\/combine-machine-service-mechanic-repairing-motor-outdoors.jpg?fit=1200%2C801&ssl=1&resize=1050%2C600 3x"},"classes":[]}],"_links":{"self":[{"href":"https:\/\/diariodegarca.com\/index.php?rest_route=\/wp\/v2\/posts\/4701","targetHints":{"allow":["GET"]}}],"collection":[{"href":"https:\/\/diariodegarca.com\/index.php?rest_route=\/wp\/v2\/posts"}],"about":[{"href":"https:\/\/diariodegarca.com\/index.php?rest_route=\/wp\/v2\/types\/post"}],"author":[{"embeddable":true,"href":"https:\/\/diariodegarca.com\/index.php?rest_route=\/wp\/v2\/users\/260896546"}],"replies":[{"embeddable":true,"href":"https:\/\/diariodegarca.com\/index.php?rest_route=%2Fwp%2Fv2%2Fcomments&post=4701"}],"version-history":[{"count":4,"href":"https:\/\/diariodegarca.com\/index.php?rest_route=\/wp\/v2\/posts\/4701\/revisions"}],"predecessor-version":[{"id":4706,"href":"https:\/\/diariodegarca.com\/index.php?rest_route=\/wp\/v2\/posts\/4701\/revisions\/4706"}],"wp:attachment":[{"href":"https:\/\/diariodegarca.com\/index.php?rest_route=%2Fwp%2Fv2%2Fmedia&parent=4701"}],"wp:term":[{"taxonomy":"category","embeddable":true,"href":"https:\/\/diariodegarca.com\/index.php?rest_route=%2Fwp%2Fv2%2Fcategories&post=4701"},{"taxonomy":"post_tag","embeddable":true,"href":"https:\/\/diariodegarca.com\/index.php?rest_route=%2Fwp%2Fv2%2Ftags&post=4701"}],"curies":[{"name":"wp","href":"https:\/\/api.w.org\/{rel}","templated":true}]}}