{"id":4713,"date":"2025-07-16T09:23:10","date_gmt":"2025-07-16T12:23:10","guid":{"rendered":"https:\/\/diariodegarca.com\/?p=4713"},"modified":"2025-07-16T09:23:10","modified_gmt":"2025-07-16T12:23:10","slug":"abertas-inscricoes-para-mais-de-400-cursos-online-gratuitos-oferecidos-pelo-ifrs","status":"publish","type":"post","link":"https:\/\/diariodegarca.com\/?p=4713","title":{"rendered":"Abertas inscri\u00e7\u00f5es para mais de 400 cursos online gratuitos oferecidos pelo IFRS"},"content":{"rendered":"\n<p class=\"wp-block-paragraph\"><em>Idiomas, inform\u00e1tica, gest\u00e3o, educa\u00e7\u00e3o, sa\u00fade e outras \u00e1reas do conhecimento s\u00e3o contempladas. Para se inscrever, basta ter conta de e-mail e CPF. As cargas hor\u00e1rias dos cursos variam de 20 a 200 horas.\u00a0<\/em><\/p>\n\n\n\n<p class=\"wp-block-paragraph\">As novas turmas de cursos online de curta dura\u00e7\u00e3o oferecidas pelo Instituto Federal de Educa\u00e7\u00e3o, Ci\u00eancia e Tecnologia do Rio Grande do Sul (IFRS) est\u00e3o com inscri\u00e7\u00f5es abertas. S\u00e3o 470 op\u00e7\u00f5es, todas gratuitas, em diferentes \u00e1reas do conhecimento. Os conte\u00fados propostos apoiam desde a forma\u00e7\u00e3o inicial at\u00e9 a evolu\u00e7\u00e3o profissional cont\u00ednua, com cargas hor\u00e1rias que v\u00e3o de 20 a 200 horas.&nbsp;<\/p>\n\n\n\n<p class=\"wp-block-paragraph\">Os cursos s\u00e3o de diversas \u00e1reas, como: Ambiente e Sa\u00fade; Ci\u00eancias Exatas; Ci\u00eancias Humanas; Educa\u00e7\u00e3o; Educa\u00e7\u00e3o a Dist\u00e2ncia; Gest\u00e3o e Neg\u00f3cios; Idiomas, L\u00edngua e Literatura; Inform\u00e1tica; Infraestrutura; Produ\u00e7\u00e3o Aliment\u00edcia; Produ\u00e7\u00e3o Cultural e Design; Recursos Naturais; Turismo e Hospitalidade. Eles est\u00e3o dispon\u00edveis em duas plataformas digitais:&nbsp;<a href=\"https:\/\/moodle.ifrs.edu.br\/course\/index.php?categoryid=38\">Moodle IFRS<\/a>&nbsp;e&nbsp;<a href=\"https:\/\/aprendamais.mec.gov.br\/\">Aprenda Mais<\/a>&nbsp;(iniciativa do Minist\u00e9rio da Educa\u00e7\u00e3o coordenada pelo IFRS).<\/p>\n\n\n\n<h3 class=\"wp-block-heading\"><strong>Inscri\u00e7\u00f5es<\/strong><\/h3>\n\n\n\n<p class=\"wp-block-paragraph\">Qualquer interessado pode se inscrever diretamente no ambiente virtual, no qual tamb\u00e9m s\u00e3o disponibilizadas as aulas. \u00c9 preciso ter CPF e conta de e-mail pr\u00f3prios. O aluno pode organizar os seus hor\u00e1rios de estudo e para as turmas deste segundo semestre (2025 B), a conclus\u00e3o deve ser at\u00e9 janeiro de 2026. Ao t\u00e9rmino, se aprovado, o estudante pode emitir o seu certificado de conclus\u00e3o at\u00e9 o prazo de 31 de janeiro de 2026.<\/p>\n\n\n\n<p class=\"wp-block-paragraph\">Em rela\u00e7\u00e3o ao primeiro semestre, h\u00e1 sete novas op\u00e7\u00f5es no Moodle IFRS:&nbsp;<\/p>\n\n\n\n<p class=\"wp-block-paragraph\">\u00c1rea de Gest\u00e3o e Neg\u00f3cios<\/p>\n\n\n\n<ul class=\"wp-block-list\">\n<li>Assistente de Tesouraria (200 horas);<\/li>\n<\/ul>\n\n\n\n<p class=\"wp-block-paragraph\">\u00c1rea de Inform\u00e1tica<\/p>\n\n\n\n<ul class=\"wp-block-list\">\n<li>Apresenta\u00e7\u00f5es Google (40 horas);\u00a0<\/li>\n\n\n\n<li>Documentos Google: editor de textos (50 horas);\u00a0<\/li>\n\n\n\n<li>Google Drive (20 horas);\u00a0<\/li>\n\n\n\n<li>Node.js: Introdu\u00e7\u00e3o ao Desenvolvimento de APIs Modernas (40 horas);\u00a0<\/li>\n\n\n\n<li>Planilhas Google: Planilha Eletr\u00f4nica (60 horas);\u00a0<\/li>\n\n\n\n<li>React Native: Cria\u00e7\u00e3o de Aplicativos M\u00f3veis Modernos (40 horas); e\u00a0<\/li>\n\n\n\n<li>React: Construindo Single Page Applications Din\u00e2micas e Interativas (40 horas).<\/li>\n<\/ul>\n\n\n\n<h5 class=\"wp-block-heading\"><strong>Matr\u00edculas chegam a 10 milh\u00f5es&nbsp;<\/strong><\/h5>\n\n\n\n<p class=\"wp-block-paragraph\">Os cursos online abertos do IFRS ultrapassaram 10 milh\u00f5es de matr\u00edculas&nbsp; no acumulado de 2017 (quando passaram a ser oferecidos) at\u00e9 junho deste ano. Para a coordenadora da Educa\u00e7\u00e3o a Dist\u00e2ncia do IFRS, J\u00falia Marques Carvalho da Silva, os MOOCs s\u00e3o uma possibilidade de ampliar o acesso \u00e0 educa\u00e7\u00e3o p\u00fablica, gratuita e de qualidade. \u201cEsse marco representa n\u00e3o apenas um n\u00famero simb\u00f3lico, mas o reconhecimento da pot\u00eancia que a Rede Federal tem quando articula conhecimento, tecnologia e compromisso social. Nosso trabalho \u00e9 coletivo e envolve professores, designers educacionais, t\u00e9cnicos e colaboradores que acreditam na transforma\u00e7\u00e3o social pela educa\u00e7\u00e3o\u201d, afirma.<\/p>\n\n\n\n<p class=\"wp-block-paragraph\">Al\u00e9m de ofertar cursos pr\u00f3prios, o IFRS atua no apoio a outras institui\u00e7\u00f5es da Rede Federal que buscam desenvolver e publicar cursos na Plataforma Aprenda Mais. O trabalho inclui forma\u00e7\u00e3o, orienta\u00e7\u00e3o t\u00e9cnica e valida\u00e7\u00e3o pedag\u00f3gica, garantindo a qualidade dos materiais disponibilizados.<\/p>\n\n\n\n<p class=\"wp-block-paragraph\">Acesse os cursos online do IFRS nos seguintes endere\u00e7os:<\/p>\n\n\n\n<ul class=\"wp-block-list\">\n<li><a href=\"https:\/\/moodle.ifrs.edu.br\/course\/index.php?categoryid=38\">https:\/\/moodle.ifrs.edu.br<\/a><\/li>\n\n\n\n<li><a href=\"https:\/\/aprendamais.mec.gov.br\/\">https:\/\/aprendamais.mec.gov.br<\/a><\/li>\n<\/ul>\n","protected":false},"excerpt":{"rendered":"<p>Idiomas, inform\u00e1tica, gest\u00e3o, educa\u00e7\u00e3o, sa\u00fade e outras \u00e1reas do conhecimento s\u00e3o contempladas. Para se inscrever, basta ter conta de e-mail e CPF. As cargas hor\u00e1rias dos cursos variam de 20 a 200 horas.\u00a0 As novas turmas de cursos online de curta dura\u00e7\u00e3o oferecidas pelo Instituto Federal de Educa\u00e7\u00e3o, Ci\u00eancia e Tecnologia do Rio Grande do [&hellip;]<\/p>\n","protected":false},"author":260896546,"featured_media":0,"comment_status":"open","ping_status":"open","sticky":false,"template":"","format":"standard","meta":{"_crdt_document":"","_monsterinsights_skip_tracking":false,"_monsterinsights_sitenote_active":false,"_monsterinsights_sitenote_note":"","_monsterinsights_sitenote_category":0,"advanced_seo_description":"","jetpack_seo_html_title":"","jetpack_seo_noindex":false,"_jetpack_newsletter_access":"","_jetpack_dont_email_post_to_subs":false,"_jetpack_newsletter_tier_id":0,"_jetpack_memberships_contains_paywalled_content":false,"_jetpack_memberships_contains_paid_content":false,"footnotes":"","jetpack_publicize_message":"\ud83d\udce2 Cursos online gratuitos com inscri\u00e7\u00f5es abertas\n\nO IFRS est\u00e1 com 470 op\u00e7\u00f5es de cursos em diversas \u00e1reas como Inform\u00e1tica, Gest\u00e3o, Idiomas e mais! \ud83c\udf93\ud83d\udcbb Todos gratuitos, com carga hor\u00e1ria de 20h a 200h e certificado ao final.\n\n\ud83d\udca1 Leia na \u00edntegra em  diariodegarca.com\n\n#CursosGratuitos #IFRS #Educa\u00e7\u00e3oOnline #Capacita\u00e7\u00e3oProfissional","jetpack_publicize_feature_enabled":true,"jetpack_social_post_already_shared":false,"jetpack_social_options":{"image_generator_settings":{"template":"highway","default_image_id":0,"enabled":false},"version":2},"_wpas_customize_per_network":false,"jetpack_post_was_ever_published":false},"categories":[36947,17964,91066845],"tags":[],"class_list":["post-4713","post","type-post","status-publish","format-standard","hentry","category-curso","category-educacao","category-online-curso"],"jetpack_publicize_connections":[],"jetpack_featured_media_url":"","jetpack_likes_enabled":true,"jetpack_sharing_enabled":true,"jetpack_shortlink":"https:\/\/wp.me\/pgitne-1e1","jetpack-related-posts":[{"id":2483,"url":"https:\/\/diariodegarca.com\/?p=2483","url_meta":{"origin":4713,"position":0},"title":"Plataforma do MEC oferece 7 cursos EAD na \u00e1rea de ci\u00eancias exatas","author":"Di\u00e1rio de Gar\u00e7a","date":"3 de abril de 2025","format":false,"excerpt":"O Minist\u00e9rio da Educa\u00e7\u00e3o (MEC) refor\u00e7ou seu compromisso com a democratiza\u00e7\u00e3o do ensino ao lan\u00e7ar sete novos cursos de Ci\u00eancias Exatas na plataforma Aprenda Mais.\u00a0Gratuitos e totalmente a dist\u00e2ncia (EAD), os programas visam capacitar estudantes e profissionais em \u00e1reas estrat\u00e9gicas como matem\u00e1tica, f\u00edsica, qu\u00edmica e estat\u00edstica, com certifica\u00e7\u00e3o reconhecida.\u00a0Desenvolvidos em\u2026","rel":"","context":"Em &quot;Brasil&quot;","block_context":{"text":"Brasil","link":"https:\/\/diariodegarca.com\/?cat=38185"},"img":{"alt_text":"","src":"","width":0,"height":0},"classes":[]},{"id":4805,"url":"https:\/\/diariodegarca.com\/?p=4805","url_meta":{"origin":4713,"position":1},"title":"Inscri\u00e7\u00f5es para curso gratuito de Italiano B\u00e1sico I na modalidade on-line","author":"Di\u00e1rio de Gar\u00e7a","date":"18 de julho de 2025","format":false,"excerpt":"IFSULDEMINAS oferece curso com 20 vagas dispon\u00edveis, aulas s\u00edncronas ocorrem \u00e0s ter\u00e7as e quintas-feiras, no per\u00edodo da noite. Sele\u00e7\u00e3o ser\u00e1 por sorteio. O Instituto Federal de Educa\u00e7\u00e3o, Ci\u00eancia e Tecnologia do Sul de Minas Gerais (IFSULDEMINAS) est\u00e1 com inscri\u00e7\u00f5es abertas para o curso de\u00a0Italiano B\u00e1sico I, na modalidade Educa\u00e7\u00e3o a\u2026","rel":"","context":"Em &quot;Curso&quot;","block_context":{"text":"Curso","link":"https:\/\/diariodegarca.com\/?cat=36947"},"img":{"alt_text":"","src":"https:\/\/i0.wp.com\/diariodegarca.com\/wp-content\/uploads\/2025\/07\/feliz-estudante-universitario-hispanico-usando-um-laptop-para-licao-de-casa-na-biblioteca-da-escola.jpg?fit=1200%2C800&ssl=1&resize=350%2C200","width":350,"height":200,"srcset":"https:\/\/i0.wp.com\/diariodegarca.com\/wp-content\/uploads\/2025\/07\/feliz-estudante-universitario-hispanico-usando-um-laptop-para-licao-de-casa-na-biblioteca-da-escola.jpg?fit=1200%2C800&ssl=1&resize=350%2C200 1x, https:\/\/i0.wp.com\/diariodegarca.com\/wp-content\/uploads\/2025\/07\/feliz-estudante-universitario-hispanico-usando-um-laptop-para-licao-de-casa-na-biblioteca-da-escola.jpg?fit=1200%2C800&ssl=1&resize=525%2C300 1.5x, https:\/\/i0.wp.com\/diariodegarca.com\/wp-content\/uploads\/2025\/07\/feliz-estudante-universitario-hispanico-usando-um-laptop-para-licao-de-casa-na-biblioteca-da-escola.jpg?fit=1200%2C800&ssl=1&resize=700%2C400 2x, https:\/\/i0.wp.com\/diariodegarca.com\/wp-content\/uploads\/2025\/07\/feliz-estudante-universitario-hispanico-usando-um-laptop-para-licao-de-casa-na-biblioteca-da-escola.jpg?fit=1200%2C800&ssl=1&resize=1050%2C600 3x"},"classes":[]},{"id":2699,"url":"https:\/\/diariodegarca.com\/?p=2699","url_meta":{"origin":4713,"position":2},"title":"Inscri\u00e7\u00f5es abertas: curso gratuito de inform\u00e1tica b\u00e1sica on-line","author":"Di\u00e1rio de Gar\u00e7a","date":"5 de mar\u00e7o de 2025","format":false,"excerpt":"O Instituto Federal de Educa\u00e7\u00e3o, Ci\u00eancia e Tecnologia do Sul de Minas Gerais (IFSULDEMINAS) \u2013 Campus Muzambinho est\u00e1 com inscri\u00e7\u00f5es abertas para o Curso de Forma\u00e7\u00e3o Inicial e Continuada (FIC) em Inform\u00e1tica B\u00e1sica, na modalidade Educa\u00e7\u00e3o a Dist\u00e2ncia (EaD). O curso, totalmente gratuito, tem como objetivo capacitar alunos e membros\u2026","rel":"","context":"Em &quot;Brasil&quot;","block_context":{"text":"Brasil","link":"https:\/\/diariodegarca.com\/?cat=38185"},"img":{"alt_text":"","src":"","width":0,"height":0},"classes":[]},{"id":2207,"url":"https:\/\/diariodegarca.com\/?p=2207","url_meta":{"origin":4713,"position":3},"title":"Fiocruz abre inscri\u00e7\u00f5es para curso gratuito de Escrita Cient\u00edfica em formato EAD","author":"Di\u00e1rio de Gar\u00e7a","date":"4 de maio de 2025","format":false,"excerpt":"O Instituto Nacional de Controle de Qualidade em Sa\u00fade (INCQS\/Fiocruz) est\u00e1 com inscri\u00e7\u00f5es abertas para o curso de Escrita Cient\u00edfica, voltado para profissionais e p\u00f3s-graduandos da \u00e1rea de sa\u00fade e afins.\u00a0Com carga hor\u00e1ria de 40 horas, sendo 12h s\u00edncronas e 28h ass\u00edncronas, a capacita\u00e7\u00e3o ocorrer\u00e1 entre 19 de maio e\u2026","rel":"","context":"Em &quot;Brasil&quot;","block_context":{"text":"Brasil","link":"https:\/\/diariodegarca.com\/?cat=38185"},"img":{"alt_text":"","src":"","width":0,"height":0},"classes":[]},{"id":5370,"url":"https:\/\/diariodegarca.com\/?p=5370","url_meta":{"origin":4713,"position":4},"title":"Butantan abre inscri\u00e7\u00f5es para cursos gratuitos em gest\u00e3o ambiental, pesquisa com zebrafish e escorpi\u00f5es","author":"Di\u00e1rio de Gar\u00e7a","date":"7 de agosto de 2025","format":false,"excerpt":"Capacita\u00e7\u00f5es online abordam temas estrat\u00e9gicos para sa\u00fade p\u00fablica, sustentabilidade e ci\u00eancia; vagas s\u00e3o limitadas. O Instituto Butantan, refer\u00eancia em pesquisa cient\u00edfica e sa\u00fade p\u00fablica, est\u00e1 com inscri\u00e7\u00f5es abertas para tr\u00eas cursos gratuitos em diferentes \u00e1reas do conhecimento. As forma\u00e7\u00f5es, oferecidas pela Escola Superior do Instituto Butantan (ESIB), incluem temas como\u2026","rel":"","context":"Em &quot;Brasil&quot;","block_context":{"text":"Brasil","link":"https:\/\/diariodegarca.com\/?cat=38185"},"img":{"alt_text":"","src":"https:\/\/i0.wp.com\/diariodegarca.com\/wp-content\/uploads\/2025\/08\/escorpiao-hottentotta-com-babys-no-corpo-vista-frontal-escorpiao-hottentotta-em-folhas-verdes.jpg?fit=1200%2C800&ssl=1&resize=350%2C200","width":350,"height":200,"srcset":"https:\/\/i0.wp.com\/diariodegarca.com\/wp-content\/uploads\/2025\/08\/escorpiao-hottentotta-com-babys-no-corpo-vista-frontal-escorpiao-hottentotta-em-folhas-verdes.jpg?fit=1200%2C800&ssl=1&resize=350%2C200 1x, https:\/\/i0.wp.com\/diariodegarca.com\/wp-content\/uploads\/2025\/08\/escorpiao-hottentotta-com-babys-no-corpo-vista-frontal-escorpiao-hottentotta-em-folhas-verdes.jpg?fit=1200%2C800&ssl=1&resize=525%2C300 1.5x, https:\/\/i0.wp.com\/diariodegarca.com\/wp-content\/uploads\/2025\/08\/escorpiao-hottentotta-com-babys-no-corpo-vista-frontal-escorpiao-hottentotta-em-folhas-verdes.jpg?fit=1200%2C800&ssl=1&resize=700%2C400 2x, https:\/\/i0.wp.com\/diariodegarca.com\/wp-content\/uploads\/2025\/08\/escorpiao-hottentotta-com-babys-no-corpo-vista-frontal-escorpiao-hottentotta-em-folhas-verdes.jpg?fit=1200%2C800&ssl=1&resize=1050%2C600 3x"},"classes":[]},{"id":6055,"url":"https:\/\/diariodegarca.com\/?p=6055","url_meta":{"origin":4713,"position":5},"title":"MEC oferta curso de 180 horas para qualifica\u00e7\u00e3o de professores do Ensino M\u00e9dio p\u00fablico","author":"Di\u00e1rio de Gar\u00e7a","date":"25 de agosto de 2025","format":false,"excerpt":"\"Mais Ensino M\u00e9dio\", dispon\u00edvel na plataforma Avamec, aborda desde pol\u00edticas educacionais e cultura digital at\u00e9 temas contempor\u00e2neos como crise clim\u00e1tica e apostas esportivas. O Minist\u00e9rio da Educa\u00e7\u00e3o (MEC) lan\u00e7ou oficialmente o curso \"Mais Ensino M\u00e9dio\", uma forma\u00e7\u00e3o continuada de 180 horas destinada a professores da rede p\u00fablica desta etapa de\u2026","rel":"","context":"Em &quot;Curso&quot;","block_context":{"text":"Curso","link":"https:\/\/diariodegarca.com\/?cat=36947"},"img":{"alt_text":"","src":"https:\/\/i0.wp.com\/diariodegarca.com\/wp-content\/uploads\/2025\/08\/por-favor-diga-nos-uma-resposta-correta.jpg?fit=1200%2C800&ssl=1&resize=350%2C200","width":350,"height":200,"srcset":"https:\/\/i0.wp.com\/diariodegarca.com\/wp-content\/uploads\/2025\/08\/por-favor-diga-nos-uma-resposta-correta.jpg?fit=1200%2C800&ssl=1&resize=350%2C200 1x, https:\/\/i0.wp.com\/diariodegarca.com\/wp-content\/uploads\/2025\/08\/por-favor-diga-nos-uma-resposta-correta.jpg?fit=1200%2C800&ssl=1&resize=525%2C300 1.5x, https:\/\/i0.wp.com\/diariodegarca.com\/wp-content\/uploads\/2025\/08\/por-favor-diga-nos-uma-resposta-correta.jpg?fit=1200%2C800&ssl=1&resize=700%2C400 2x, https:\/\/i0.wp.com\/diariodegarca.com\/wp-content\/uploads\/2025\/08\/por-favor-diga-nos-uma-resposta-correta.jpg?fit=1200%2C800&ssl=1&resize=1050%2C600 3x"},"classes":[]}],"_links":{"self":[{"href":"https:\/\/diariodegarca.com\/index.php?rest_route=\/wp\/v2\/posts\/4713","targetHints":{"allow":["GET"]}}],"collection":[{"href":"https:\/\/diariodegarca.com\/index.php?rest_route=\/wp\/v2\/posts"}],"about":[{"href":"https:\/\/diariodegarca.com\/index.php?rest_route=\/wp\/v2\/types\/post"}],"author":[{"embeddable":true,"href":"https:\/\/diariodegarca.com\/index.php?rest_route=\/wp\/v2\/users\/260896546"}],"replies":[{"embeddable":true,"href":"https:\/\/diariodegarca.com\/index.php?rest_route=%2Fwp%2Fv2%2Fcomments&post=4713"}],"version-history":[{"count":4,"href":"https:\/\/diariodegarca.com\/index.php?rest_route=\/wp\/v2\/posts\/4713\/revisions"}],"predecessor-version":[{"id":4723,"href":"https:\/\/diariodegarca.com\/index.php?rest_route=\/wp\/v2\/posts\/4713\/revisions\/4723"}],"wp:attachment":[{"href":"https:\/\/diariodegarca.com\/index.php?rest_route=%2Fwp%2Fv2%2Fmedia&parent=4713"}],"wp:term":[{"taxonomy":"category","embeddable":true,"href":"https:\/\/diariodegarca.com\/index.php?rest_route=%2Fwp%2Fv2%2Fcategories&post=4713"},{"taxonomy":"post_tag","embeddable":true,"href":"https:\/\/diariodegarca.com\/index.php?rest_route=%2Fwp%2Fv2%2Ftags&post=4713"}],"curies":[{"name":"wp","href":"https:\/\/api.w.org\/{rel}","templated":true}]}}