{"id":4827,"date":"2025-07-18T14:43:16","date_gmt":"2025-07-18T17:43:16","guid":{"rendered":"https:\/\/diariodegarca.com\/?p=4827"},"modified":"2025-07-18T15:07:12","modified_gmt":"2025-07-18T18:07:12","slug":"bombeiros-resgatam-tucano-ferido-dentro-de-residencia-em-marilia","status":"publish","type":"post","link":"https:\/\/diariodegarca.com\/?p=4827","title":{"rendered":"Bombeiros resgatam tucano ferido dentro de resid\u00eancia em Mar\u00edlia"},"content":{"rendered":"\n<p class=\"wp-block-paragraph\"><em>Equipe do 10\u00ba Grupamento agiu com cuidado para levar a ave silvestre ao Bosque Municipal, onde recebe atendimento da Pol\u00edcia Ambiental.<\/em><\/p>\n\n\n\n<p class=\"wp-block-paragraph\">Na tarde de quinta-feira, dia 17 de julho, um tucano adulto surpreendeu os moradores de uma resid\u00eancia em Mar\u00edlia ao adentrar a propriedade. A ave, que apresentava um ferimento leve na asa e sinais de estresse, foi resgatada pela equipe da Esta\u00e7\u00e3o de Bombeiros da cidade.<\/p>\n\n\n\n<p class=\"wp-block-paragraph\">Com habilidade, os bombeiros contiveram o animal, evitando que o susto agravasse seu estado. O tucano foi encaminhado ao Bosque Municipal, onde agora recebe os cuidados necess\u00e1rios pela Pol\u00edcia Ambiental.<\/p>\n\n\n\n<figure class=\"wp-block-image size-large\"><img data-recalc-dims=\"1\" loading=\"lazy\" decoding=\"async\" width=\"800\" height=\"1067\" data-attachment-id=\"4828\" data-permalink=\"https:\/\/diariodegarca.com\/?attachment_id=4828\" data-orig-file=\"https:\/\/i0.wp.com\/diariodegarca.com\/wp-content\/uploads\/2025\/07\/na-tarde-de-ontem-17-um-tucano-adulto-apareceu-de-surpresa-dentro-de-uma-residencia-estava-c-1.jpg?fit=1080%2C1440&amp;ssl=1\" data-orig-size=\"1080,1440\" data-comments-opened=\"1\" data-image-meta=\"{&quot;aperture&quot;:&quot;0&quot;,&quot;credit&quot;:&quot;&quot;,&quot;camera&quot;:&quot;&quot;,&quot;caption&quot;:&quot;&quot;,&quot;created_timestamp&quot;:&quot;0&quot;,&quot;copyright&quot;:&quot;&quot;,&quot;focal_length&quot;:&quot;0&quot;,&quot;iso&quot;:&quot;0&quot;,&quot;shutter_speed&quot;:&quot;0&quot;,&quot;title&quot;:&quot;&quot;,&quot;orientation&quot;:&quot;0&quot;}\" data-image-title=\"\" data-image-description=\"\" data-image-caption=\"\" data-large-file=\"https:\/\/i0.wp.com\/diariodegarca.com\/wp-content\/uploads\/2025\/07\/na-tarde-de-ontem-17-um-tucano-adulto-apareceu-de-surpresa-dentro-de-uma-residencia-estava-c-1.jpg?fit=768%2C1024&amp;ssl=1\" src=\"https:\/\/i0.wp.com\/diariodegarca.com\/wp-content\/uploads\/2025\/07\/na-tarde-de-ontem-17-um-tucano-adulto-apareceu-de-surpresa-dentro-de-uma-residencia-estava-c-1.jpg?resize=800%2C1067&#038;ssl=1\" alt=\"\" class=\"wp-image-4828\" \/><\/figure>\n\n\n\n<p class=\"wp-block-paragraph\">O caso serve de alerta para a popula\u00e7\u00e3o: ao encontrar animais silvestres em \u00e1reas urbanas, o recomendado \u00e9 n\u00e3o tentar captur\u00e1-los. Aves e mam\u00edferos podem reagir de forma imprevis\u00edvel quando assustados ou machucados, colocando em risco tanto a pr\u00f3pria integridade quanto a das pessoas. O procedimento seguro \u00e9 acionar imediatamente \u00f3rg\u00e3os especializados, como o Corpo de Bombeiros (193) ou a Pol\u00edcia Ambiental, que possuem treinamento para manejar a situa\u00e7\u00e3o.<\/p>\n\n\n\n<p class=\"wp-block-paragraph\">A r\u00e1pida a\u00e7\u00e3o dos bombeiros garantiu o resgate sem complica\u00e7\u00f5es, refor\u00e7ando a import\u00e2ncia de profissionais capacitados em intera\u00e7\u00f5es com a fauna.<\/p>\n","protected":false},"excerpt":{"rendered":"<p>Equipe do 10\u00ba Grupamento agiu com cuidado para levar a ave silvestre ao Bosque Municipal, onde recebe atendimento da Pol\u00edcia Ambiental. Na tarde de quinta-feira, dia 17 de julho, um tucano adulto surpreendeu os moradores de uma resid\u00eancia em Mar\u00edlia ao adentrar a propriedade. A ave, que apresentava um ferimento leve na asa e sinais [&hellip;]<\/p>\n","protected":false},"author":260896546,"featured_media":4828,"comment_status":"open","ping_status":"open","sticky":false,"template":"","format":"standard","meta":{"_crdt_document":"","_monsterinsights_skip_tracking":false,"_monsterinsights_sitenote_active":false,"_monsterinsights_sitenote_note":"","_monsterinsights_sitenote_category":0,"advanced_seo_description":"","jetpack_seo_html_title":"","jetpack_seo_noindex":false,"_jetpack_newsletter_access":"","_jetpack_dont_email_post_to_subs":false,"_jetpack_newsletter_tier_id":0,"_jetpack_memberships_contains_paywalled_content":false,"_jetpack_memberships_contains_paid_content":false,"footnotes":"","jetpack_publicize_message":"\ud83d\udc26 Tucano \u00e9 resgatado dentro de casa em Mar\u00edlia\n\nNa tarde de quinta (17\/7), bombeiros resgataram um tucano adulto que apareceu em uma resid\u00eancia. A ave, com ferimento na asa, foi levada ao Bosque Municipal e est\u00e1 sob cuidados da Pol\u00edcia Ambiental.\n\n\u26a0\ufe0f Aten\u00e7\u00e3o: Se encontrar animais silvestres, n\u00e3o tente captur\u00e1-los! Chame profissionais especializados para garantir a seguran\u00e7a de todos.\n\n\ud83d\udcd6 Saiba mais: diariodegarca.com\n\n#MeioAmbiente #ResgateAnimal #Mar\u00edlia","jetpack_publicize_feature_enabled":true,"jetpack_social_post_already_shared":false,"jetpack_social_options":{"image_generator_settings":{"template":"highway","default_image_id":0,"enabled":false},"version":2},"_wpas_customize_per_network":false,"jetpack_post_was_ever_published":false},"categories":[26891317,683453294],"tags":[],"class_list":["post-4827","post","type-post","status-publish","format-standard","has-post-thumbnail","hentry","category-causa-animal","category-marilia-cidade"],"jetpack_publicize_connections":[],"jetpack_featured_media_url":"https:\/\/i0.wp.com\/diariodegarca.com\/wp-content\/uploads\/2025\/07\/na-tarde-de-ontem-17-um-tucano-adulto-apareceu-de-surpresa-dentro-de-uma-residencia-estava-c-1.jpg?fit=1080%2C1440&ssl=1","jetpack_likes_enabled":true,"jetpack_sharing_enabled":true,"jetpack_shortlink":"https:\/\/wp.me\/pgitne-1fR","jetpack-related-posts":[{"id":6635,"url":"https:\/\/diariodegarca.com\/?p=6635","url_meta":{"origin":4827,"position":0},"title":"Arara foge de viveiro no Bosque Municipal de Gar\u00e7a e mobiliza busca","author":"Di\u00e1rio de Gar\u00e7a","date":"11 de setembro de 2025","format":false,"excerpt":"Jader, arara recebida anos atr\u00e1s pela Pol\u00edcia Ambiental, escapou nesta quinta-feira e a Secretaria de Agricultura e Meio Ambiente pede apoio da popula\u00e7\u00e3o para encontr\u00e1-la. Na manh\u00e3 desta quinta-feira, 11 de setembro, o Bosque Municipal de Gar\u00e7a registrou a fuga de um de seus animais mais emblem\u00e1ticos: a arara chamada\u2026","rel":"","context":"Em &quot;Causa animal&quot;","block_context":{"text":"Causa animal","link":"https:\/\/diariodegarca.com\/?cat=26891317"},"img":{"alt_text":"","src":"https:\/\/i0.wp.com\/diariodegarca.com\/wp-content\/uploads\/2025\/09\/545270932_18371405314196029_87504619369100069_n.jpg?fit=1132%2C945&ssl=1&resize=350%2C200","width":350,"height":200,"srcset":"https:\/\/i0.wp.com\/diariodegarca.com\/wp-content\/uploads\/2025\/09\/545270932_18371405314196029_87504619369100069_n.jpg?fit=1132%2C945&ssl=1&resize=350%2C200 1x, https:\/\/i0.wp.com\/diariodegarca.com\/wp-content\/uploads\/2025\/09\/545270932_18371405314196029_87504619369100069_n.jpg?fit=1132%2C945&ssl=1&resize=525%2C300 1.5x, https:\/\/i0.wp.com\/diariodegarca.com\/wp-content\/uploads\/2025\/09\/545270932_18371405314196029_87504619369100069_n.jpg?fit=1132%2C945&ssl=1&resize=700%2C400 2x, https:\/\/i0.wp.com\/diariodegarca.com\/wp-content\/uploads\/2025\/09\/545270932_18371405314196029_87504619369100069_n.jpg?fit=1132%2C945&ssl=1&resize=1050%2C600 3x"},"classes":[]},{"id":4048,"url":"https:\/\/diariodegarca.com\/?p=4048","url_meta":{"origin":4827,"position":1},"title":"&#8220;Acho que eu vi um gatinho\u2026 mas ele era bem grande&#8221;: on\u00e7a-parda \u00e9 resgatada em quintal de Mar\u00edlia","author":"Di\u00e1rio de Gar\u00e7a","date":"17 de junho de 2025","format":false,"excerpt":"Animal silvestre foi sedado e encaminhado para avalia\u00e7\u00e3o antes de ser devolvido \u00e0 natureza pela Pol\u00edcia Ambiental A atua\u00e7\u00e3o das for\u00e7as de seguran\u00e7a p\u00fablica, em parceria com \u00f3rg\u00e3os ambientais, \u00e9 essencial para garantir a prote\u00e7\u00e3o tanto da popula\u00e7\u00e3o quanto da fauna silvestre. Nesta ter\u00e7a-feira, dia 17 de junho, uma ocorr\u00eancia\u2026","rel":"","context":"Em &quot;Causa animal&quot;","block_context":{"text":"Causa animal","link":"https:\/\/diariodegarca.com\/?cat=26891317"},"img":{"alt_text":"","src":"https:\/\/i0.wp.com\/diariodegarca.com\/wp-content\/uploads\/2025\/06\/achoqueeuviumgatinho.jpg?fit=338%2C403&ssl=1&resize=350%2C200","width":350,"height":200},"classes":[]},{"id":5388,"url":"https:\/\/diariodegarca.com\/?p=5388","url_meta":{"origin":4827,"position":2},"title":"Bombeiros resgatam cervo preso em piscina vazia em Gar\u00e7a","author":"Di\u00e1rio de Gar\u00e7a","date":"7 de agosto de 2025","format":false,"excerpt":"Animal silvestre foi capturado com seguran\u00e7a e devolvido \u00e0 natureza pela Pol\u00edcia Ambiental. Na manh\u00e3 de quarta-feira, 7 de agosto, uma guarni\u00e7\u00e3o do Corpo de Bombeiros de Gar\u00e7a teve uma miss\u00e3o incomum: resgatar um cervo que havia ca\u00eddo em uma piscina vazia em uma resid\u00eancia no Bairro Monte Verde. A\u2026","rel":"","context":"Em &quot;Causa animal&quot;","block_context":{"text":"Causa animal","link":"https:\/\/diariodegarca.com\/?cat=26891317"},"img":{"alt_text":"","src":"https:\/\/i0.wp.com\/diariodegarca.com\/wp-content\/uploads\/2025\/08\/whatsapp-image-2025-08-07-at-16.05.08.jpeg?fit=979%2C720&ssl=1&resize=350%2C200","width":350,"height":200,"srcset":"https:\/\/i0.wp.com\/diariodegarca.com\/wp-content\/uploads\/2025\/08\/whatsapp-image-2025-08-07-at-16.05.08.jpeg?fit=979%2C720&ssl=1&resize=350%2C200 1x, https:\/\/i0.wp.com\/diariodegarca.com\/wp-content\/uploads\/2025\/08\/whatsapp-image-2025-08-07-at-16.05.08.jpeg?fit=979%2C720&ssl=1&resize=525%2C300 1.5x, https:\/\/i0.wp.com\/diariodegarca.com\/wp-content\/uploads\/2025\/08\/whatsapp-image-2025-08-07-at-16.05.08.jpeg?fit=979%2C720&ssl=1&resize=700%2C400 2x"},"classes":[]},{"id":7064,"url":"https:\/\/diariodegarca.com\/?p=7064","url_meta":{"origin":4827,"position":3},"title":"Bombeiros resgatam on\u00e7a-parda dentro de galinheiro em Pomp\u00e9ia","author":"Di\u00e1rio de Gar\u00e7a","date":"23 de setembro de 2025","format":false,"excerpt":"Animal foi encontrado preso e ferido em propriedade rural. Ap\u00f3s atendimento veterin\u00e1rio, ser\u00e1 reintegrado \u00e0 natureza pela Pol\u00edcia Ambiental, em um caso que simboliza o conflito entre a expans\u00e3o urbana e a vida silvestre. Uma cena incomum na \u00e1rea rural de Pomp\u00e9ia, chamou a aten\u00e7\u00e3o nesta semana: uma on\u00e7a-parda foi\u2026","rel":"","context":"Em &quot;Meio Ambiente&quot;","block_context":{"text":"Meio Ambiente","link":"https:\/\/diariodegarca.com\/?cat=15243"},"img":{"alt_text":"","src":"https:\/\/i0.wp.com\/diariodegarca.com\/wp-content\/uploads\/2025\/09\/video_107.jpg?fit=675%2C1200&ssl=1&resize=350%2C200","width":350,"height":200,"srcset":"https:\/\/i0.wp.com\/diariodegarca.com\/wp-content\/uploads\/2025\/09\/video_107.jpg?fit=675%2C1200&ssl=1&resize=350%2C200 1x, https:\/\/i0.wp.com\/diariodegarca.com\/wp-content\/uploads\/2025\/09\/video_107.jpg?fit=675%2C1200&ssl=1&resize=525%2C300 1.5x"},"classes":[]},{"id":2358,"url":"https:\/\/diariodegarca.com\/?p=2358","url_meta":{"origin":4827,"position":4},"title":"Gatinho \u00e9 resgatado ap\u00f3s ficar preso em para-choque de viatura em Mar\u00edlia","author":"Di\u00e1rio de Gar\u00e7a","date":"15 de abril de 2025","format":false,"excerpt":"Na tarde do \u00faltimo domingo, 13 de abril, uma situa\u00e7\u00e3o incomum mobilizou a equipe do 10\u00ba Grupamento do Corpo de Bombeiros de S\u00e3o Paulo, sediado em Mar\u00edlia. Ao retornar de uma ocorr\u00eancia, os bombeiros da Base de Centro foram alertados por populares sobre um gatinho que estava preso no para-choque\u2026","rel":"","context":"Em &quot;Brasil&quot;","block_context":{"text":"Brasil","link":"https:\/\/diariodegarca.com\/?cat=38185"},"img":{"alt_text":"","src":"","width":0,"height":0},"classes":[]},{"id":7202,"url":"https:\/\/diariodegarca.com\/?p=7202","url_meta":{"origin":4827,"position":5},"title":"Bombeiros realizam resgate de c\u00e3o em penhasco em Mar\u00edlia","author":"Di\u00e1rio de Gar\u00e7a","date":"27 de setembro de 2025","format":false,"excerpt":"Animal, que estava desaparecido h\u00e1 dois dias, foi localizado e retirado em seguran\u00e7a de um desn\u00edvel de 25 metros por equipe especializada. Na tarde desta sexta-feira, 26 de setembro, uma opera\u00e7\u00e3o de resgate mobilizou o 10\u00ba Grupamento de Bombeiros de Mar\u00edlia. A equipe foi acionada para salvar um c\u00e3o que\u2026","rel":"","context":"Em &quot;Causa animal&quot;","block_context":{"text":"Causa animal","link":"https:\/\/diariodegarca.com\/?cat=26891317"},"img":{"alt_text":"","src":"https:\/\/i0.wp.com\/diariodegarca.com\/wp-content\/uploads\/2025\/09\/SnapInsta.to_554280336_18167564731366772_5750067912477797228_n.jpg?fit=1080%2C1080&ssl=1&resize=350%2C200","width":350,"height":200,"srcset":"https:\/\/i0.wp.com\/diariodegarca.com\/wp-content\/uploads\/2025\/09\/SnapInsta.to_554280336_18167564731366772_5750067912477797228_n.jpg?fit=1080%2C1080&ssl=1&resize=350%2C200 1x, https:\/\/i0.wp.com\/diariodegarca.com\/wp-content\/uploads\/2025\/09\/SnapInsta.to_554280336_18167564731366772_5750067912477797228_n.jpg?fit=1080%2C1080&ssl=1&resize=525%2C300 1.5x, https:\/\/i0.wp.com\/diariodegarca.com\/wp-content\/uploads\/2025\/09\/SnapInsta.to_554280336_18167564731366772_5750067912477797228_n.jpg?fit=1080%2C1080&ssl=1&resize=700%2C400 2x, https:\/\/i0.wp.com\/diariodegarca.com\/wp-content\/uploads\/2025\/09\/SnapInsta.to_554280336_18167564731366772_5750067912477797228_n.jpg?fit=1080%2C1080&ssl=1&resize=1050%2C600 3x"},"classes":[]}],"_links":{"self":[{"href":"https:\/\/diariodegarca.com\/index.php?rest_route=\/wp\/v2\/posts\/4827","targetHints":{"allow":["GET"]}}],"collection":[{"href":"https:\/\/diariodegarca.com\/index.php?rest_route=\/wp\/v2\/posts"}],"about":[{"href":"https:\/\/diariodegarca.com\/index.php?rest_route=\/wp\/v2\/types\/post"}],"author":[{"embeddable":true,"href":"https:\/\/diariodegarca.com\/index.php?rest_route=\/wp\/v2\/users\/260896546"}],"replies":[{"embeddable":true,"href":"https:\/\/diariodegarca.com\/index.php?rest_route=%2Fwp%2Fv2%2Fcomments&post=4827"}],"version-history":[{"count":4,"href":"https:\/\/diariodegarca.com\/index.php?rest_route=\/wp\/v2\/posts\/4827\/revisions"}],"predecessor-version":[{"id":4832,"href":"https:\/\/diariodegarca.com\/index.php?rest_route=\/wp\/v2\/posts\/4827\/revisions\/4832"}],"wp:featuredmedia":[{"embeddable":true,"href":"https:\/\/diariodegarca.com\/index.php?rest_route=\/wp\/v2\/media\/4828"}],"wp:attachment":[{"href":"https:\/\/diariodegarca.com\/index.php?rest_route=%2Fwp%2Fv2%2Fmedia&parent=4827"}],"wp:term":[{"taxonomy":"category","embeddable":true,"href":"https:\/\/diariodegarca.com\/index.php?rest_route=%2Fwp%2Fv2%2Fcategories&post=4827"},{"taxonomy":"post_tag","embeddable":true,"href":"https:\/\/diariodegarca.com\/index.php?rest_route=%2Fwp%2Fv2%2Ftags&post=4827"}],"curies":[{"name":"wp","href":"https:\/\/api.w.org\/{rel}","templated":true}]}}