{"id":4833,"date":"2025-07-20T18:33:19","date_gmt":"2025-07-20T21:33:19","guid":{"rendered":"https:\/\/diariodegarca.com\/?p=4833"},"modified":"2025-07-20T18:33:19","modified_gmt":"2025-07-20T21:33:19","slug":"policia-militar-realiza-operacoes-em-marilia-e-pompeia","status":"publish","type":"post","link":"https:\/\/diariodegarca.com\/?p=4833","title":{"rendered":"Pol\u00edcia Militar realiza opera\u00e7\u00f5es em Mar\u00edlia e Pompeia"},"content":{"rendered":"\n<p class=\"wp-block-paragraph\"><em>A\u00e7\u00f5es resultaram em pris\u00f5es, apreens\u00e3o de drogas e infra\u00e7\u00f5es de tr\u00e2nsito<\/em>.<\/p>\n\n\n\n<p class=\"wp-block-paragraph\">Com opera\u00e7\u00f5es integradas e patrulhamento ostensivo, as equipes da Pol\u00edcia Militar trabalharam para coibir crimes, fiscalizando o tr\u00e2nsito e na preven\u00e7\u00e3o de situa\u00e7\u00f5es de risco em cidades da regi\u00e3o. Nos \u00faltimos dias, a\u00e7\u00f5es em Pomp\u00e9ia e Mar\u00edlia resultaram em pris\u00f5es, apreens\u00e3o de drogas e infra\u00e7\u00f5es de tr\u00e2nsito, refor\u00e7ando o compromisso da corpora\u00e7\u00e3o com a seguran\u00e7a da popula\u00e7\u00e3o. Confira os detalhes:<\/p>\n\n\n\n<hr class=\"wp-block-separator has-alpha-channel-opacity\" \/>\n\n\n\n<h3 class=\"wp-block-heading\"><strong>Pomp\u00e9ia: Opera\u00e7\u00e3o Dire\u00e7\u00e3o Segura fiscaliza mais de 350 ve\u00edculos<\/strong><\/h3>\n\n\n\n<p class=\"wp-block-paragraph\">Na noite de\u00a0<strong>18 de julho<\/strong>, sexta-feira, agentes do 9\u00ba BPM\/I, em conjunto com a Pol\u00edcia Civil e o Detran-SP, realizaram uma\u00a0<strong>Opera\u00e7\u00e3o Dire\u00e7\u00e3o Segura<\/strong>\u00a0em\u00a0<strong>Pomp\u00e9ia<\/strong>. Durante a a\u00e7\u00e3o, foram fiscalizados\u00a0<strong>214 ve\u00edculos e 138 motocicletas<\/strong>.<\/p>\n\n\n\n<p class=\"wp-block-paragraph\">Os condutores foram convidados a realizar o teste do etil\u00f4metro, resultando em\u00a0<strong>34 autos de infra\u00e7\u00e3o por recusa ao teste<\/strong>\u00a0e na localiza\u00e7\u00e3o de\u00a0<strong>duas CNHs vencidas<\/strong>. A PM refor\u00e7a que atua de forma preventiva, orientando motoristas, mas tamb\u00e9m aplica medidas legais quando necess\u00e1rio para garantir a seguran\u00e7a no tr\u00e2nsito.<\/p>\n\n\n\n<hr class=\"wp-block-separator has-alpha-channel-opacity\" \/>\n\n\n\n<h3 class=\"wp-block-heading\"><strong>Mar\u00edlia: Homem \u00e9 preso ap\u00f3s furtar estabelecimento e abandonar R$ 16 mil<\/strong><\/h3>\n\n\n\n<figure class=\"wp-block-image size-large\"><img data-recalc-dims=\"1\" decoding=\"async\" src=\"https:\/\/i0.wp.com\/diariodegarca.com\/wp-content\/uploads\/2025\/07\/sabado-19-policias-militares-do-9c2b0-batalhao-de-policia-militar-do-interior-prenderam-um-home-1-e1753046772479.webp?w=800&#038;ssl=1\" alt=\"\" class=\"wp-image-4835\" \/><\/figure>\n\n\n\n<p class=\"wp-block-paragraph\">No in\u00edcio da madrugada de s\u00e1bado,\u00a0<strong>19 de julho<\/strong>, agentes que patrulhavam a\u00a0<strong>avenida das Ind\u00fastrias<\/strong>, em\u00a0<strong>Mar\u00edlia<\/strong>, avistaram dois homens carregando um saco de forma suspeita. Ao perceberem a presen\u00e7a das viaturas, fugiram, abandonando o objeto.<\/p>\n\n\n\n<p class=\"wp-block-paragraph\">Dentro do saco, foram encontrados\u00a0<strong>R$ 16.689 em notas de diversos valores<\/strong>. Um dos homens foi localizado e confessou o furto, relatando que entrou em um estabelecimento pelo telhado ap\u00f3s escalar o muro. Ele foi encaminhado \u00e0\u00a0<strong>CPJ de Mar\u00edlia<\/strong>\u00a0e permaneceu \u00e0 disposi\u00e7\u00e3o da Justi\u00e7a.<\/p>\n\n\n\n<hr class=\"wp-block-separator has-alpha-channel-opacity\" \/>\n\n\n\n<h3 class=\"wp-block-heading\"><strong>Mar\u00edlia: Tr\u00eas traficantes s\u00e3o presos com drogas e dinheiro no Parque das Azal\u00e9ias<\/strong><\/h3>\n\n\n\n<figure class=\"wp-block-image size-full\"><img data-recalc-dims=\"1\" decoding=\"async\" src=\"https:\/\/i0.wp.com\/diariodegarca.com\/wp-content\/uploads\/2025\/07\/sabado-19-policiais-militares-do-9c2b0-batalhao-de-policia-militar-do-interior-realizaram-a-pri-e1753046847212.webp?w=800&#038;ssl=1\" alt=\"\" class=\"wp-image-4837\" \/><\/figure>\n\n\n\n<p class=\"wp-block-paragraph\">Tamb\u00e9m no\u00a0<strong>19 de julho<\/strong>, durante patrulhamento no\u00a0<strong>Parque das Azal\u00e9ias<\/strong>, \u00e1rea que, segundo os agentes, \u00e9 conhecida pelo tr\u00e1fico de drogas, policiais avistaram tr\u00eas homens com sacolas. Ao tentarem fugir, foram detidos.<\/p>\n\n\n\n<p class=\"wp-block-paragraph\">Com eles, foram apreendidos:<\/p>\n\n\n\n<ul class=\"wp-block-list\">\n<li><strong>74 por\u00e7\u00f5es de maconha e 19 de dry<\/strong>\u00a0(R$ 920 em dinheiro)<\/li>\n\n\n\n<li><strong>313 por\u00e7\u00f5es de crack<\/strong>\u00a0(R$ 1.114)<\/li>\n\n\n\n<li><strong>554 por\u00e7\u00f5es de coca\u00edna<\/strong>\u00a0(R$ 1.437,95)<\/li>\n<\/ul>\n\n\n\n<p class=\"wp-block-paragraph\">Os tr\u00eas confessaram o tr\u00e1fico e foram encaminhados \u00e0&nbsp;<strong>CPJ de Mar\u00edlia<\/strong>.<\/p>\n\n\n\n<hr class=\"wp-block-separator has-alpha-channel-opacity\" \/>\n\n\n\n<h3 class=\"wp-block-heading\"><strong>Mar\u00edlia: Cinco homens s\u00e3o presos com drogas ap\u00f3s abordagem em posto<\/strong><\/h3>\n\n\n\n<figure class=\"wp-block-image size-large\"><img data-recalc-dims=\"1\" decoding=\"async\" src=\"https:\/\/i0.wp.com\/diariodegarca.com\/wp-content\/uploads\/2025\/07\/sabado-19-policias-militares-do-9c2b0-batalhao-de-policia-militar-do-interior-prenderam-cinco-h.webp?w=800&#038;ssl=1\" alt=\"\" class=\"wp-image-4839\" \/><\/figure>\n\n\n\n<p class=\"wp-block-paragraph\">No final da tarde de\u00a0<strong>19 de julho<\/strong>, a\u00a0<strong>For\u00e7a T\u00e1tica<\/strong>\u00a0do 9\u00ba BPM\/I abordou um ve\u00edculo suspeito em um posto de combust\u00edvel na\u00a0<strong>avenida Jo\u00e3o Ramalho<\/strong>, em\u00a0<strong>Mar\u00edlia<\/strong>. Durante a revista dos ocupantes, nada de il\u00edcito foi encontrado com eles, por\u00e9m durantes as buscas no ve\u00edculo foram localizados:<\/p>\n\n\n\n<ul class=\"wp-block-list\">\n<li><strong>70 por\u00e7\u00f5es de coca\u00edna<\/strong><\/li>\n\n\n\n<li><strong>11 por\u00e7\u00f5es de crack<\/strong><\/li>\n\n\n\n<li><strong>1 por\u00e7\u00e3o de maconha<\/strong><\/li>\n<\/ul>\n\n\n\n<p class=\"wp-block-paragraph\">Ao serem questionados, os cinco indiv\u00edduos afirmaram que compraram as drogas em uma comunidade de Mar\u00edlia para revender em\u00a0<strong>Alvinl\u00e2ndia<\/strong>. Eles foram levados \u00e0\u00a0<strong>CPJ<\/strong>\u00a0e permaneceram \u00e0 disposi\u00e7\u00e3o da Justi\u00e7a.<\/p>\n","protected":false},"excerpt":{"rendered":"<p>A\u00e7\u00f5es resultaram em pris\u00f5es, apreens\u00e3o de drogas e infra\u00e7\u00f5es de tr\u00e2nsito. Com opera\u00e7\u00f5es integradas e patrulhamento ostensivo, as equipes da Pol\u00edcia Militar trabalharam para coibir crimes, fiscalizando o tr\u00e2nsito e na preven\u00e7\u00e3o de situa\u00e7\u00f5es de risco em cidades da regi\u00e3o. Nos \u00faltimos dias, a\u00e7\u00f5es em Pomp\u00e9ia e Mar\u00edlia resultaram em pris\u00f5es, apreens\u00e3o de drogas e [&hellip;]<\/p>\n","protected":false},"author":260896546,"featured_media":0,"comment_status":"open","ping_status":"open","sticky":false,"template":"","format":"standard","meta":{"_crdt_document":"","_monsterinsights_skip_tracking":false,"_monsterinsights_sitenote_active":false,"_monsterinsights_sitenote_note":"","_monsterinsights_sitenote_category":0,"advanced_seo_description":"","jetpack_seo_html_title":"","jetpack_seo_noindex":false,"_jetpack_newsletter_access":"","_jetpack_dont_email_post_to_subs":false,"_jetpack_newsletter_tier_id":0,"_jetpack_memberships_contains_paywalled_content":false,"_jetpack_memberships_contains_paid_content":false,"footnotes":"","jetpack_publicize_message":"\ud83d\ude94 Opera\u00e7\u00f5es em Mar\u00edlia e Pomp\u00e9ia resultam em pris\u00f5es e apreens\u00f5es\n\n\ud83d\udd39 Pomp\u00e9ia: 34 motoristas multados por recusa ao baf\u00f4metro.\n\ud83d\udd39 Mar\u00edlia: Homem preso ap\u00f3s furtar R$ 16 mil.\n\ud83d\udd39 Tr\u00eas detidos com drogas no Parque das Azal\u00e9ias.\n\ud83d\udd39 Cinco homens presos com coca\u00edna e crack em abordagem.\n\n\ud83d\udccc Leia mais em: diariodegarca.com \n\n#Seguran\u00e7a #Pol\u00edciaMilitar #Mar\u00edlia #Pompeia","jetpack_publicize_feature_enabled":true,"jetpack_social_post_already_shared":false,"jetpack_social_options":{"image_generator_settings":{"template":"highway","default_image_id":0,"enabled":false},"version":2},"_wpas_customize_per_network":false,"jetpack_post_was_ever_published":false},"categories":[1192752,683453294,1549470,21243,211001],"tags":[],"class_list":["post-4833","post","type-post","status-publish","format-standard","hentry","category-fiscalizacao","category-marilia-cidade","category-pompeia","category-seguranca","category-transito"],"jetpack_publicize_connections":[],"jetpack_featured_media_url":"","jetpack_likes_enabled":true,"jetpack_sharing_enabled":true,"jetpack_shortlink":"https:\/\/wp.me\/pgitne-1fX","jetpack-related-posts":[{"id":4643,"url":"https:\/\/diariodegarca.com\/?p=4643","url_meta":{"origin":4833,"position":0},"title":"Opera\u00e7\u00f5es policiais em Gar\u00e7a, Pomp\u00e9ia e Tup\u00e3 resultam em pris\u00f5es e apreens\u00e3o de drogas","author":"Di\u00e1rio de Gar\u00e7a","date":"12 de julho de 2025","format":false,"excerpt":"A\u00e7\u00f5es da PM no interior de S\u00e3o Paulo prendem suspeitos por tr\u00e1fico e fiscalizam tr\u00e2nsito em opera\u00e7\u00e3o integrada. As a\u00e7\u00f5es do\u00a09\u00ba Batalh\u00e3o da Pol\u00edcia Militar\u00a0em\u00a0Gar\u00e7a, Pomp\u00e9ia e Tup\u00e3\u00a0demonstram a\u00a0efetividade do trabalho integrado\u00a0no combate ao crime e na fiscaliza\u00e7\u00e3o do tr\u00e2nsito nos \u00faltimos dias. Enquanto as opera\u00e7\u00f5es contra o tr\u00e1fico de\u2026","rel":"","context":"Em &quot;Gar\u00e7a&quot;","block_context":{"text":"Gar\u00e7a","link":"https:\/\/diariodegarca.com\/?cat=781171664"},"img":{"alt_text":"","src":"https:\/\/i0.wp.com\/diariodegarca.com\/wp-content\/uploads\/2025\/06\/503566608_18306010942246526_8008225824564545424_n-e1764161649475.webp?fit=1080%2C733&ssl=1&resize=350%2C200","width":350,"height":200,"srcset":"https:\/\/i0.wp.com\/diariodegarca.com\/wp-content\/uploads\/2025\/06\/503566608_18306010942246526_8008225824564545424_n-e1764161649475.webp?fit=1080%2C733&ssl=1&resize=350%2C200 1x, https:\/\/i0.wp.com\/diariodegarca.com\/wp-content\/uploads\/2025\/06\/503566608_18306010942246526_8008225824564545424_n-e1764161649475.webp?fit=1080%2C733&ssl=1&resize=525%2C300 1.5x, https:\/\/i0.wp.com\/diariodegarca.com\/wp-content\/uploads\/2025\/06\/503566608_18306010942246526_8008225824564545424_n-e1764161649475.webp?fit=1080%2C733&ssl=1&resize=700%2C400 2x, https:\/\/i0.wp.com\/diariodegarca.com\/wp-content\/uploads\/2025\/06\/503566608_18306010942246526_8008225824564545424_n-e1764161649475.webp?fit=1080%2C733&ssl=1&resize=1050%2C600 3x"},"classes":[]},{"id":2375,"url":"https:\/\/diariodegarca.com\/?p=2375","url_meta":{"origin":4833,"position":1},"title":"Opera\u00e7\u00e3o Dire\u00e7\u00e3o Segura em Mar\u00edlia fiscaliza mais de 1,2 mil condutores","author":"Di\u00e1rio de Gar\u00e7a","date":"14 de abril de 2025","format":false,"excerpt":"No s\u00e1bado, dia 12 de abril, uma a\u00e7\u00e3o integrada entre a Pol\u00edcia Militar, Pol\u00edcia Civil e o Detran realizou a\u00a0Opera\u00e7\u00e3o Dire\u00e7\u00e3o Segura\u00a0em\u00a0Mar\u00edlia, com o objetivo de coibir infra\u00e7\u00f5es de tr\u00e2nsito e garantir a seguran\u00e7a nas vias.\u00a0Durante a fiscaliza\u00e7\u00e3o,\u00a01.253 pr\u00e9-testes\u00a0foram aplicados para verifica\u00e7\u00e3o de poss\u00edvel embriaguez ao volante.Dos\u00a042 condutores\u00a0abordados para exames\u2026","rel":"","context":"Em &quot;Brasil&quot;","block_context":{"text":"Brasil","link":"https:\/\/diariodegarca.com\/?cat=38185"},"img":{"alt_text":"","src":"https:\/\/i0.wp.com\/blogger.googleusercontent.com\/img\/b\/R29vZ2xl\/AVvXsEjcJ071ZIHgIpNTwkW7klVV9ygM9gYJ80tLOQ8qWCBOLK6OI2Jc5fDcPobUYdE5hOk5nP-QxLGO3cbGmv9-3cv7bGpBCASsiZRM6vLwZlkIMyKgF6bPt2my5JyxL-NBB13KpqGdCH5z8QlFH_oBFkGhIoZYYF7D-VAIO7c6RrJlxl5yMzMQEwiPe2kmY84\/s320\/WhatsApp%20Image%202025-04-14%20at%2009.11.47.jpeg?resize=350%2C200&ssl=1","width":350,"height":200},"classes":[]},{"id":6455,"url":"https:\/\/diariodegarca.com\/?p=6455","url_meta":{"origin":4833,"position":2},"title":"Opera\u00e7\u00e3o da PM em adegas de Mar\u00edlia resulta em 55 autua\u00e7\u00f5es e apreens\u00e3o de ve\u00edculos","author":"Di\u00e1rio de Gar\u00e7a","date":"6 de setembro de 2025","format":false,"excerpt":"A\u00e7\u00e3o de fiscaliza\u00e7\u00e3o na \u00faltima quinta focou na rua Manoel dos Santos Chieira, onde grande concentra\u00e7\u00e3o de pessoas em bares motivou intensifica\u00e7\u00e3o do policiamento. Na noite de \u00faltima quinta-feira, 4 de setembro, uma opera\u00e7\u00e3o da Pol\u00edcia Militar com equipes de Radiopatrulhamento de Motocicletas foi realizada na rua Manoel dos Santos\u2026","rel":"","context":"Em &quot;Mar\u00edlia&quot;","block_context":{"text":"Mar\u00edlia","link":"https:\/\/diariodegarca.com\/?cat=683453294"},"img":{"alt_text":"","src":"https:\/\/i0.wp.com\/diariodegarca.com\/wp-content\/uploads\/2025\/09\/a072d72e-04bf-48df-a229-7ce6a134f401.jpg?fit=1200%2C946&ssl=1&resize=350%2C200","width":350,"height":200,"srcset":"https:\/\/i0.wp.com\/diariodegarca.com\/wp-content\/uploads\/2025\/09\/a072d72e-04bf-48df-a229-7ce6a134f401.jpg?fit=1200%2C946&ssl=1&resize=350%2C200 1x, https:\/\/i0.wp.com\/diariodegarca.com\/wp-content\/uploads\/2025\/09\/a072d72e-04bf-48df-a229-7ce6a134f401.jpg?fit=1200%2C946&ssl=1&resize=525%2C300 1.5x, https:\/\/i0.wp.com\/diariodegarca.com\/wp-content\/uploads\/2025\/09\/a072d72e-04bf-48df-a229-7ce6a134f401.jpg?fit=1200%2C946&ssl=1&resize=700%2C400 2x, https:\/\/i0.wp.com\/diariodegarca.com\/wp-content\/uploads\/2025\/09\/a072d72e-04bf-48df-a229-7ce6a134f401.jpg?fit=1200%2C946&ssl=1&resize=1050%2C600 3x"},"classes":[]},{"id":8054,"url":"https:\/\/diariodegarca.com\/?p=8054","url_meta":{"origin":4833,"position":3},"title":"Opera\u00e7\u00e3o integrada fiscaliza mais de 600 ve\u00edculos em Pomp\u00e9ia","author":"Andreza Sega","date":"26 de outubro de 2025","format":false,"excerpt":"A\u00e7\u00e3o conjunta da PM, Pol\u00edcia Civil e Detran resultou em 28 autua\u00e7\u00f5es por recusa ao teste do baf\u00f4metro e na remo\u00e7\u00e3o de dez ve\u00edculos. Na noite deste s\u00e1bado, 25 de outubro, uma opera\u00e7\u00e3o de tr\u00e2nsito no munic\u00edpio de Pomp\u00e9ia mobilizou policiais militares, incluindo soldados em forma\u00e7\u00e3o do 9\u00ba BPM\/I, Pol\u00edcia\u2026","rel":"","context":"Em &quot;Pomp\u00e9ia&quot;","block_context":{"text":"Pomp\u00e9ia","link":"https:\/\/diariodegarca.com\/?cat=1549470"},"img":{"alt_text":"","src":"https:\/\/i0.wp.com\/diariodegarca.com\/wp-content\/uploads\/2025\/10\/SnapInsta.to_571042917_18322500769246526_2639438442951474824_n-e1761515597837.jpg?fit=1080%2C660&ssl=1&resize=350%2C200","width":350,"height":200,"srcset":"https:\/\/i0.wp.com\/diariodegarca.com\/wp-content\/uploads\/2025\/10\/SnapInsta.to_571042917_18322500769246526_2639438442951474824_n-e1761515597837.jpg?fit=1080%2C660&ssl=1&resize=350%2C200 1x, https:\/\/i0.wp.com\/diariodegarca.com\/wp-content\/uploads\/2025\/10\/SnapInsta.to_571042917_18322500769246526_2639438442951474824_n-e1761515597837.jpg?fit=1080%2C660&ssl=1&resize=525%2C300 1.5x, https:\/\/i0.wp.com\/diariodegarca.com\/wp-content\/uploads\/2025\/10\/SnapInsta.to_571042917_18322500769246526_2639438442951474824_n-e1761515597837.jpg?fit=1080%2C660&ssl=1&resize=700%2C400 2x, https:\/\/i0.wp.com\/diariodegarca.com\/wp-content\/uploads\/2025\/10\/SnapInsta.to_571042917_18322500769246526_2639438442951474824_n-e1761515597837.jpg?fit=1080%2C660&ssl=1&resize=1050%2C600 3x"},"classes":[]},{"id":6158,"url":"https:\/\/diariodegarca.com\/?p=6158","url_meta":{"origin":4833,"position":4},"title":"Dois procurados da Justi\u00e7a s\u00e3o capturados em cidades distintas em menos de tr\u00eas horas","author":"Di\u00e1rio de Gar\u00e7a","date":"28 de agosto de 2025","format":false,"excerpt":"A\u00e7\u00f5es independentes da PM em G\u00e1lia e Pomp\u00e9ia, na segunda-feira, resultaram na recaptura de dois homens com mandados de pris\u00e3o em aberto. Um deles era investigado por tr\u00e1fico de drogas. Em uma noite de opera\u00e7\u00f5es de rotina, agentes do 9\u00ba Batalh\u00e3o do Interior de S\u00e3o Paulo conseguiram a recaptura de\u2026","rel":"","context":"Em &quot;G\u00e1lia&quot;","block_context":{"text":"G\u00e1lia","link":"https:\/\/diariodegarca.com\/?cat=1600904"},"img":{"alt_text":"","src":"https:\/\/i0.wp.com\/diariodegarca.com\/wp-content\/uploads\/2025\/08\/snapinsta.to_537054804_18313669852246526_6756489479500565260_n.webp?fit=1080%2C1080&ssl=1&resize=350%2C200","width":350,"height":200,"srcset":"https:\/\/i0.wp.com\/diariodegarca.com\/wp-content\/uploads\/2025\/08\/snapinsta.to_537054804_18313669852246526_6756489479500565260_n.webp?fit=1080%2C1080&ssl=1&resize=350%2C200 1x, https:\/\/i0.wp.com\/diariodegarca.com\/wp-content\/uploads\/2025\/08\/snapinsta.to_537054804_18313669852246526_6756489479500565260_n.webp?fit=1080%2C1080&ssl=1&resize=525%2C300 1.5x, https:\/\/i0.wp.com\/diariodegarca.com\/wp-content\/uploads\/2025\/08\/snapinsta.to_537054804_18313669852246526_6756489479500565260_n.webp?fit=1080%2C1080&ssl=1&resize=700%2C400 2x, https:\/\/i0.wp.com\/diariodegarca.com\/wp-content\/uploads\/2025\/08\/snapinsta.to_537054804_18313669852246526_6756489479500565260_n.webp?fit=1080%2C1080&ssl=1&resize=1050%2C600 3x"},"classes":[]},{"id":7451,"url":"https:\/\/diariodegarca.com\/?p=7451","url_meta":{"origin":4833,"position":5},"title":"Opera\u00e7\u00e3o de tr\u00e2nsito em Gar\u00e7a apreende ve\u00edculos e aplica testes de baf\u00f4metro","author":"Andreza Sega","date":"4 de outubro de 2025","format":false,"excerpt":"A\u00e7\u00e3o integrada contou com a participa\u00e7\u00e3o de novos soldados da PM em fase de est\u00e1gio e resultou em diversas autua\u00e7\u00f5es por infra\u00e7\u00f5es graves. Uma opera\u00e7\u00e3o de fiscaliza\u00e7\u00e3o de tr\u00e2nsito mobilizou aconteceu em Gar\u00e7a na \u00faltima sexta-feira, 3 de outubro. A a\u00e7\u00e3o, da Pol\u00edcia Militar e do Detran-SP, batizada de \"Opera\u00e7\u00e3o\u2026","rel":"","context":"Em &quot;Gar\u00e7a&quot;","block_context":{"text":"Gar\u00e7a","link":"https:\/\/diariodegarca.com\/?cat=781171664"},"img":{"alt_text":"","src":"https:\/\/i0.wp.com\/diariodegarca.com\/wp-content\/uploads\/2025\/10\/SnapInsta.to_558913816_18318644569246526_1878763322741094773_n.webp?fit=1080%2C1080&ssl=1&resize=350%2C200","width":350,"height":200,"srcset":"https:\/\/i0.wp.com\/diariodegarca.com\/wp-content\/uploads\/2025\/10\/SnapInsta.to_558913816_18318644569246526_1878763322741094773_n.webp?fit=1080%2C1080&ssl=1&resize=350%2C200 1x, https:\/\/i0.wp.com\/diariodegarca.com\/wp-content\/uploads\/2025\/10\/SnapInsta.to_558913816_18318644569246526_1878763322741094773_n.webp?fit=1080%2C1080&ssl=1&resize=525%2C300 1.5x, https:\/\/i0.wp.com\/diariodegarca.com\/wp-content\/uploads\/2025\/10\/SnapInsta.to_558913816_18318644569246526_1878763322741094773_n.webp?fit=1080%2C1080&ssl=1&resize=700%2C400 2x, https:\/\/i0.wp.com\/diariodegarca.com\/wp-content\/uploads\/2025\/10\/SnapInsta.to_558913816_18318644569246526_1878763322741094773_n.webp?fit=1080%2C1080&ssl=1&resize=1050%2C600 3x"},"classes":[]}],"_links":{"self":[{"href":"https:\/\/diariodegarca.com\/index.php?rest_route=\/wp\/v2\/posts\/4833","targetHints":{"allow":["GET"]}}],"collection":[{"href":"https:\/\/diariodegarca.com\/index.php?rest_route=\/wp\/v2\/posts"}],"about":[{"href":"https:\/\/diariodegarca.com\/index.php?rest_route=\/wp\/v2\/types\/post"}],"author":[{"embeddable":true,"href":"https:\/\/diariodegarca.com\/index.php?rest_route=\/wp\/v2\/users\/260896546"}],"replies":[{"embeddable":true,"href":"https:\/\/diariodegarca.com\/index.php?rest_route=%2Fwp%2Fv2%2Fcomments&post=4833"}],"version-history":[{"count":6,"href":"https:\/\/diariodegarca.com\/index.php?rest_route=\/wp\/v2\/posts\/4833\/revisions"}],"predecessor-version":[{"id":4842,"href":"https:\/\/diariodegarca.com\/index.php?rest_route=\/wp\/v2\/posts\/4833\/revisions\/4842"}],"wp:attachment":[{"href":"https:\/\/diariodegarca.com\/index.php?rest_route=%2Fwp%2Fv2%2Fmedia&parent=4833"}],"wp:term":[{"taxonomy":"category","embeddable":true,"href":"https:\/\/diariodegarca.com\/index.php?rest_route=%2Fwp%2Fv2%2Fcategories&post=4833"},{"taxonomy":"post_tag","embeddable":true,"href":"https:\/\/diariodegarca.com\/index.php?rest_route=%2Fwp%2Fv2%2Ftags&post=4833"}],"curies":[{"name":"wp","href":"https:\/\/api.w.org\/{rel}","templated":true}]}}