{"id":4911,"date":"2025-07-22T14:28:06","date_gmt":"2025-07-22T17:28:06","guid":{"rendered":"https:\/\/diariodegarca.com\/?p=4911"},"modified":"2025-07-22T14:28:06","modified_gmt":"2025-07-22T17:28:06","slug":"cursos-on-line-gratuitos-em-gastronomia-e-escrita-criativa","status":"publish","type":"post","link":"https:\/\/diariodegarca.com\/?p=4911","title":{"rendered":"Cursos on-line gratuitos em gastronomia e escrita criativa"},"content":{"rendered":"\n<p class=\"wp-block-paragraph\"><em>Programa da Secretaria da Cultura de S\u00e3o Paulo promove forma\u00e7\u00e3o profissional em setores criativos com aulas online e gratuitas, inscri\u00e7\u00f5es at\u00e9 dia 31 de julho.<\/em><\/p>\n\n\n\n<p class=\"wp-block-paragraph\">O CultSP PRO 2025, iniciativa da Secretaria da Cultura, Economia e Ind\u00fastria Criativas do Estado de S\u00e3o Paulo, est\u00e1 com inscri\u00e7\u00f5es abertas para dois cursos online gratuitos:&nbsp;<em>Aproveitamento Integral de Alimentos<\/em>&nbsp;e&nbsp;<em>Escrita de Conte\u00fado Gastron\u00f4mico<\/em>. As vagas s\u00e3o limitadas, e as inscri\u00e7\u00f5es podem ser feitas at\u00e9&nbsp;<strong>31 de julho<\/strong>&nbsp;no site oficial do programa.<\/p>\n\n\n\n<h3 class=\"wp-block-heading\"><strong>Cursos dispon\u00edveis<\/strong><\/h3>\n\n\n\n<h4 class=\"wp-block-heading\"><strong>1. Aproveitamento Integral de Alimentos<\/strong><\/h4>\n\n\n\n<p class=\"wp-block-paragraph\"><strong>Ministrado por:<\/strong>&nbsp;Aline Petrilli<br><strong>Per\u00edodo:<\/strong>&nbsp;25 a 29 de agosto (segunda a sexta)<br><strong>Hor\u00e1rio:<\/strong>&nbsp;14h \u00e0s 18h<br><strong>Modalidade:<\/strong>&nbsp;Online (Google Meet)<\/p>\n\n\n\n<p class=\"wp-block-paragraph\">O curso aborda t\u00e9cnicas de gastronomia sustent\u00e1vel, com foco no aproveitamento total de ingredientes e redu\u00e7\u00e3o de desperd\u00edcio. Os participantes aprender\u00e3o sobre planejamento de insumos, m\u00e9todos de preparo e estrat\u00e9gias para uma cozinha mais eficiente e ecol\u00f3gica.<\/p>\n\n\n\n<h4 class=\"wp-block-heading\"><strong>2. Escrita de Conte\u00fado Gastron\u00f4mico<\/strong><\/h4>\n\n\n\n<p class=\"wp-block-paragraph\"><strong>Ministrado por:<\/strong>&nbsp;Juliana Shimazu<br><strong>Per\u00edodo:<\/strong>&nbsp;11 de agosto a 8 de setembro (aos s\u00e1bados)<br><strong>Hor\u00e1rio:<\/strong>&nbsp;9h \u00e0s 13h<br><strong>Modalidade:<\/strong>&nbsp;Online (Google Meet)<\/p>\n\n\n\n<p class=\"wp-block-paragraph\">Voltado para aspirantes a cr\u00edticos, blogueiros e profissionais da comunica\u00e7\u00e3o, o curso ensina a produzir textos atraentes sobre gastronomia, desde resenhas de restaurantes at\u00e9 conte\u00fado para redes sociais.<\/p>\n\n\n\n<h3 class=\"wp-block-heading\"><strong>Como participar<\/strong><\/h3>\n\n\n\n<p class=\"wp-block-paragraph\">As inscri\u00e7\u00f5es s\u00e3o gratuitas e devem ser realizadas at\u00e9&nbsp;<strong>31 de julho<\/strong>&nbsp;no site do&nbsp;<a href=\"https:\/\/www.cultsppro.org.br\/\" target=\"_blank\" rel=\"noreferrer noopener\">CultSP PRO<\/a>. Os selecionados ter\u00e3o acesso ao Ambiente Virtual de Aprendizagem do programa, onde ocorrer\u00e3o os encontros s\u00edncronos.<\/p>\n\n\n\n<p class=\"wp-block-paragraph\"><strong>Sobre o CultSP PRO<\/strong><br>O programa, gerido pelo IDG Instituto, integra a Escola de Tradi\u00e7\u00f5es e Express\u00f5es Criativas e tem como objetivo qualificar profissionais para o mercado cultural e criativo paulista.<\/p>\n","protected":false},"excerpt":{"rendered":"<p>Programa da Secretaria da Cultura de S\u00e3o Paulo promove forma\u00e7\u00e3o profissional em setores criativos com aulas online e gratuitas, inscri\u00e7\u00f5es at\u00e9 dia 31 de julho. O CultSP PRO 2025, iniciativa da Secretaria da Cultura, Economia e Ind\u00fastria Criativas do Estado de S\u00e3o Paulo, est\u00e1 com inscri\u00e7\u00f5es abertas para dois cursos online gratuitos:&nbsp;Aproveitamento Integral de Alimentos&nbsp;e&nbsp;Escrita [&hellip;]<\/p>\n","protected":false},"author":260896546,"featured_media":4914,"comment_status":"open","ping_status":"open","sticky":false,"template":"","format":"standard","meta":{"_crdt_document":"","_monsterinsights_skip_tracking":false,"_monsterinsights_sitenote_active":false,"_monsterinsights_sitenote_note":"","_monsterinsights_sitenote_category":0,"advanced_seo_description":"","jetpack_seo_html_title":"","jetpack_seo_noindex":false,"_jetpack_newsletter_access":"","_jetpack_dont_email_post_to_subs":false,"_jetpack_newsletter_tier_id":0,"_jetpack_memberships_contains_paywalled_content":false,"_jetpack_memberships_contains_paid_content":false,"footnotes":"","jetpack_publicize_message":"\ud83d\udce2 Cursos gratuitos em gastronomia e escrita criativa! \ud83c\udf74\u270d\ufe0f\n\nO CultSP PRO 2025 est\u00e1 com inscri\u00e7\u00f5es abertas para forma\u00e7\u00f5es online e gratuitas:\n\ud83d\udd39 Aproveitamento Integral de Alimentos (25 a 29\/08)\n\ud83d\udd39 Escrita de Conte\u00fado Gastron\u00f4mico (11\/08 a 8\/09)\n\n\ud83d\uddd3 Inscri\u00e7\u00f5es at\u00e9 31\/07\n\n\ud83d\udcf2 Leia a mat\u00e9ria na \u00edntegra e saiba onde se inscrever em diariodegarca.com\n\n#CulturaSP #Forma\u00e7\u00e3oGratuita #Gastronomia #EscritaCriativa","jetpack_publicize_feature_enabled":true,"jetpack_social_post_already_shared":false,"jetpack_social_options":{"image_generator_settings":{"template":"highway","default_image_id":0,"enabled":false},"version":2},"_wpas_customize_per_network":false,"jetpack_post_was_ever_published":false},"categories":[36947,1704,91066845],"tags":[],"class_list":["post-4911","post","type-post","status-publish","format-standard","has-post-thumbnail","hentry","category-curso","category-gastronomia","category-online-curso"],"jetpack_publicize_connections":[],"jetpack_featured_media_url":"https:\/\/i0.wp.com\/diariodegarca.com\/wp-content\/uploads\/2025\/07\/vista-superior-conceito-de-natureza-morta-livro-de-receitas-1.jpg?fit=6954%2C4641&ssl=1","jetpack_likes_enabled":true,"jetpack_sharing_enabled":true,"jetpack_shortlink":"https:\/\/wp.me\/pgitne-1hd","jetpack-related-posts":[{"id":5840,"url":"https:\/\/diariodegarca.com\/?p=5840","url_meta":{"origin":4911,"position":0},"title":"Lup\u00e9rcio oferece cursos gratuitos e presenciais de Auxiliar de Cozinha e Gastronomia Sustent\u00e1vel","author":"Di\u00e1rio de Gar\u00e7a","date":"24 de agosto de 2025","format":false,"excerpt":"Iniciativa do Fundo Social de SP capacita popula\u00e7\u00e3o para o mercado de trabalho e empreendedorismo na \u00e1rea aliment\u00edcia. Inscri\u00e7\u00f5es s\u00e3o presenciais no Fundo Social do munic\u00edpio. De 25 de agosto a 5 de setembro, a Rodovi\u00e1ria de Lup\u00e9rcio se transformar\u00e1 em um centro de capacita\u00e7\u00e3o gastron\u00f4mica. A carreta do programa\u2026","rel":"","context":"Em &quot;Curso&quot;","block_context":{"text":"Curso","link":"https:\/\/diariodegarca.com\/?cat=36947"},"img":{"alt_text":"","src":"https:\/\/i0.wp.com\/diariodegarca.com\/wp-content\/uploads\/2025\/08\/cozinheira-na-cozinha-em-um-cafe.jpg?fit=800%2C1200&ssl=1&resize=350%2C200","width":350,"height":200,"srcset":"https:\/\/i0.wp.com\/diariodegarca.com\/wp-content\/uploads\/2025\/08\/cozinheira-na-cozinha-em-um-cafe.jpg?fit=800%2C1200&ssl=1&resize=350%2C200 1x, https:\/\/i0.wp.com\/diariodegarca.com\/wp-content\/uploads\/2025\/08\/cozinheira-na-cozinha-em-um-cafe.jpg?fit=800%2C1200&ssl=1&resize=525%2C300 1.5x, https:\/\/i0.wp.com\/diariodegarca.com\/wp-content\/uploads\/2025\/08\/cozinheira-na-cozinha-em-um-cafe.jpg?fit=800%2C1200&ssl=1&resize=700%2C400 2x"},"classes":[]},{"id":2756,"url":"https:\/\/diariodegarca.com\/?p=2756","url_meta":{"origin":4911,"position":1},"title":"Gar\u00e7a oferece curso gratuito de pizzas artesanais com t\u00e9cnicas profissionais","author":"Di\u00e1rio de Gar\u00e7a","date":"25 de fevereiro de 2025","format":false,"excerpt":"\u00a0\u00a0 A Prefeitura de Gar\u00e7a, por meio da Secretaria de Desenvolvimento Econ\u00f4mico e Turismo, em parceria com o SEBRAE, abre inscri\u00e7\u00f5es para o curso \u201cPrepare e venda pizzas doces e salgadas\u201d, uma oportunidade para empreendedores e entusiastas da gastronomia dominarem t\u00e9cnicas de produ\u00e7\u00e3o, seguran\u00e7a alimentar e gest\u00e3o de neg\u00f3cios.\u00a0Com aulas\u2026","rel":"","context":"Em &quot;Brasil&quot;","block_context":{"text":"Brasil","link":"https:\/\/diariodegarca.com\/?cat=38185"},"img":{"alt_text":"","src":"","width":0,"height":0},"classes":[]},{"id":4195,"url":"https:\/\/diariodegarca.com\/?p=4195","url_meta":{"origin":4911,"position":2},"title":"Gar\u00e7a abre inscri\u00e7\u00f5es para cursos gratuitos de qualifica\u00e7\u00e3o em arte e dan\u00e7a","author":"Di\u00e1rio de Gar\u00e7a","date":"24 de junho de 2025","format":false,"excerpt":"Programa CULTSP PRO, do Estado de S\u00e3o Paulo, oferece 80 vagas para docentes, artistas e t\u00e9cnicos em parceria com a EMCA A Secretaria de Cultura, Economia e Ind\u00fastria Criativa do Estado de S\u00e3o Paulo est\u00e1 com inscri\u00e7\u00f5es abertas para cursos de qualifica\u00e7\u00e3o voltados aos profissionais e interessados na doc\u00eancia de\u2026","rel":"","context":"Em &quot;Cultura&quot;","block_context":{"text":"Cultura","link":"https:\/\/diariodegarca.com\/?cat=2367"},"img":{"alt_text":"","src":"","width":0,"height":0},"classes":[]},{"id":6247,"url":"https:\/\/diariodegarca.com\/?p=6247","url_meta":{"origin":4911,"position":3},"title":"Cult SP Pro oferta 10 cursos online e gratuitos para profissionais da cultura","author":"Di\u00e1rio de Gar\u00e7a","date":"1 de setembro de 2025","format":false,"excerpt":"Programa da Secretaria de Cultura de SP oferece forma\u00e7\u00f5es em \u00e1reas como \u00e1udio, ilustra\u00e7\u00e3o digital, gest\u00e3o cultural, museologia, artesanato e idiomas, com aulas a partir de setembro. A Secretaria de Cultura, Economia e Ind\u00fastria Criativas do Estado de S\u00e3o Paulo, por meio do programa\u00a0Cult SP Pro \u2013 Escolas de Profissionais\u2026","rel":"","context":"Em &quot;Cultura&quot;","block_context":{"text":"Cultura","link":"https:\/\/diariodegarca.com\/?cat=2367"},"img":{"alt_text":"","src":"https:\/\/i0.wp.com\/diariodegarca.com\/wp-content\/uploads\/2025\/09\/jovens-trabalhando-com-equipamento-de-radio-profissional.jpg?fit=1200%2C675&ssl=1&resize=350%2C200","width":350,"height":200,"srcset":"https:\/\/i0.wp.com\/diariodegarca.com\/wp-content\/uploads\/2025\/09\/jovens-trabalhando-com-equipamento-de-radio-profissional.jpg?fit=1200%2C675&ssl=1&resize=350%2C200 1x, https:\/\/i0.wp.com\/diariodegarca.com\/wp-content\/uploads\/2025\/09\/jovens-trabalhando-com-equipamento-de-radio-profissional.jpg?fit=1200%2C675&ssl=1&resize=525%2C300 1.5x, https:\/\/i0.wp.com\/diariodegarca.com\/wp-content\/uploads\/2025\/09\/jovens-trabalhando-com-equipamento-de-radio-profissional.jpg?fit=1200%2C675&ssl=1&resize=700%2C400 2x, https:\/\/i0.wp.com\/diariodegarca.com\/wp-content\/uploads\/2025\/09\/jovens-trabalhando-com-equipamento-de-radio-profissional.jpg?fit=1200%2C675&ssl=1&resize=1050%2C600 3x"},"classes":[]},{"id":4456,"url":"https:\/\/diariodegarca.com\/?p=4456","url_meta":{"origin":4911,"position":4},"title":"Caf\u00e9, cacha\u00e7a e comida caipira: SP conecta influenciadores e neg\u00f3cios em Rota Gastron\u00f4mica","author":"Di\u00e1rio de Gar\u00e7a","date":"4 de julho de 2025","format":false,"excerpt":"Evento une degusta\u00e7\u00e3o, capacita\u00e7\u00e3o e networking em roteiro que inclui cidades como Gar\u00e7a, Bauru e Mar\u00edlia A\u00a0Semana Sabor de S\u00e3o Paulo, promovida pela\u00a0S\u00e3o Paulo Turismo\u00a0(vinculada \u00e0 Secretaria de Turismo do Estado), inicia sua programa\u00e7\u00e3o na regi\u00e3o no\u00a0domingo, 6 de julho, com uma\u00a0press trip\u00a0exclusiva para jornalistas, influenciadores e agentes de turismo.\u2026","rel":"","context":"Em &quot;Agudos&quot;","block_context":{"text":"Agudos","link":"https:\/\/diariodegarca.com\/?cat=2090984"},"img":{"alt_text":"","src":"","width":0,"height":0},"classes":[]},{"id":4202,"url":"https:\/\/diariodegarca.com\/?p=4202","url_meta":{"origin":4911,"position":5},"title":"Curso ensina artistas a transformar artesanato em projetos culturais de impacto","author":"Di\u00e1rio de Gar\u00e7a","date":"24 de junho de 2025","format":false,"excerpt":"Capacita\u00e7\u00e3o online aborda desde a cria\u00e7\u00e3o de portf\u00f3lio at\u00e9 gest\u00e3o de editais e leis de incentivo O\u00a0CULTSP PRO \u2013 Escolas de Profissionais da Cultura, programa da Secretaria da Cultura, Economia e Ind\u00fastria Criativas de S\u00e3o Paulo, est\u00e1 com inscri\u00e7\u00f5es abertas para o curso\u00a0\"Do Objeto \u00e0 Proposta: Artesanato em Projetos Culturais\".\u2026","rel":"","context":"Em &quot;Brasil&quot;","block_context":{"text":"Brasil","link":"https:\/\/diariodegarca.com\/?cat=38185"},"img":{"alt_text":"","src":"","width":0,"height":0},"classes":[]}],"_links":{"self":[{"href":"https:\/\/diariodegarca.com\/index.php?rest_route=\/wp\/v2\/posts\/4911","targetHints":{"allow":["GET"]}}],"collection":[{"href":"https:\/\/diariodegarca.com\/index.php?rest_route=\/wp\/v2\/posts"}],"about":[{"href":"https:\/\/diariodegarca.com\/index.php?rest_route=\/wp\/v2\/types\/post"}],"author":[{"embeddable":true,"href":"https:\/\/diariodegarca.com\/index.php?rest_route=\/wp\/v2\/users\/260896546"}],"replies":[{"embeddable":true,"href":"https:\/\/diariodegarca.com\/index.php?rest_route=%2Fwp%2Fv2%2Fcomments&post=4911"}],"version-history":[{"count":3,"href":"https:\/\/diariodegarca.com\/index.php?rest_route=\/wp\/v2\/posts\/4911\/revisions"}],"predecessor-version":[{"id":4915,"href":"https:\/\/diariodegarca.com\/index.php?rest_route=\/wp\/v2\/posts\/4911\/revisions\/4915"}],"wp:featuredmedia":[{"embeddable":true,"href":"https:\/\/diariodegarca.com\/index.php?rest_route=\/wp\/v2\/media\/4914"}],"wp:attachment":[{"href":"https:\/\/diariodegarca.com\/index.php?rest_route=%2Fwp%2Fv2%2Fmedia&parent=4911"}],"wp:term":[{"taxonomy":"category","embeddable":true,"href":"https:\/\/diariodegarca.com\/index.php?rest_route=%2Fwp%2Fv2%2Fcategories&post=4911"},{"taxonomy":"post_tag","embeddable":true,"href":"https:\/\/diariodegarca.com\/index.php?rest_route=%2Fwp%2Fv2%2Ftags&post=4911"}],"curies":[{"name":"wp","href":"https:\/\/api.w.org\/{rel}","templated":true}]}}