{"id":4922,"date":"2025-07-23T10:28:47","date_gmt":"2025-07-23T13:28:47","guid":{"rendered":"https:\/\/diariodegarca.com\/?p=4922"},"modified":"2025-07-23T10:28:47","modified_gmt":"2025-07-23T13:28:47","slug":"procon-sp-discute-desafios-do-consumo-na-era-digital-em-palestra-online-gratuita","status":"publish","type":"post","link":"https:\/\/diariodegarca.com\/?p=4922","title":{"rendered":"Procon-SP discute desafios do consumo na era digital em palestra online gratuita"},"content":{"rendered":"\n<p class=\"wp-block-paragraph\"><em>Evento aborda como empresas usam dados e tecnologia para influenciar compras online e ensina como se proteger; inscri\u00e7\u00f5es abertas at\u00e9 31 de julho.<\/em><\/p>\n\n\n\n<p class=\"wp-block-paragraph\">A Funda\u00e7\u00e3o Procon-SP promove no pr\u00f3ximo&nbsp;<strong>31 de julho de 2025<\/strong>&nbsp;a palestra&nbsp;<strong>&#8220;Rela\u00e7\u00f5es e Consumo na Era Digital&#8221;<\/strong>, que visa esclarecer como a tecnologia tem transformado os h\u00e1bitos de compra e quais s\u00e3o os principais desafios para o consumidor no ambiente online.<\/p>\n\n\n\n<p class=\"wp-block-paragraph\">Com dura\u00e7\u00e3o de&nbsp;<strong>2 horas<\/strong>, o evento gratuito ser\u00e1 transmitido ao vivo pela plataforma&nbsp;<strong>Microsoft Teams<\/strong>, sem necessidade de instalar o aplicativo \u2013 basta ter conex\u00e3o \u00e0 internet via computador, tablet ou smartphone.<\/p>\n\n\n\n<hr class=\"wp-block-separator has-alpha-channel-opacity\" \/>\n\n\n\n<h3 class=\"wp-block-heading\"><strong>O que ser\u00e1 discutido?<\/strong><\/h3>\n\n\n\n<p class=\"wp-block-paragraph\">A palestra abordar\u00e1 temas essenciais para quem compra ou contrata servi\u00e7os pela internet, incluindo:<\/p>\n\n\n\n<ul class=\"wp-block-list\">\n<li><strong>Rastreamento de dados:<\/strong>\u00a0Como empresas coletam e usam informa\u00e7\u00f5es pessoais para direcionar publicidade.<\/li>\n\n\n\n<li><strong>Gatilhos de consumo digital:<\/strong>\u00a0Estrat\u00e9gias que induzem a compras por impulso em ambientes virtuais.<\/li>\n\n\n\n<li><strong>Amea\u00e7as cibern\u00e9ticas:<\/strong>\u00a0Fraudes, golpes e como se proteger.<\/li>\n\n\n\n<li><strong>Direitos do consumidor online:<\/strong>\u00a0Legisla\u00e7\u00f5es vigentes e como recorrer em caso de problemas.<\/li>\n<\/ul>\n\n\n\n<p class=\"wp-block-paragraph\">Ao final, os participantes ter\u00e3o acesso a&nbsp;<strong>materiais complementares<\/strong>&nbsp;para download no site do Procon-SP.<\/p>\n\n\n\n<hr class=\"wp-block-separator has-alpha-channel-opacity\" \/>\n\n\n\n<h3 class=\"wp-block-heading\"><strong>Como participar?<\/strong><\/h3>\n\n\n\n<p class=\"wp-block-paragraph\">As&nbsp;<strong>inscri\u00e7\u00f5es gratuitas<\/strong>&nbsp;devem ser feitas pelo site oficial do&nbsp;<strong>Procon-SP<\/strong>&nbsp;(<a href=\"https:\/\/www.procon.sp.gov.br\/palestras\/\" target=\"_blank\" rel=\"noreferrer noopener\">www.procon.sp.gov.br\/palestras<\/a>). \u00c9 necess\u00e1rio fornecer um&nbsp;<strong>e-mail v\u00e1lido<\/strong>&nbsp;para receber o link de acesso.<\/p>\n\n\n\n<p class=\"wp-block-paragraph\">Quem desejar&nbsp;<strong>certificado<\/strong>&nbsp;poder\u00e1 solicit\u00e1-lo durante a transmiss\u00e3o, com emiss\u00e3o em at\u00e9&nbsp;<strong>5 dias \u00fateis<\/strong>&nbsp;ap\u00f3s o evento.<\/p>\n","protected":false},"excerpt":{"rendered":"<p>Evento aborda como empresas usam dados e tecnologia para influenciar compras online e ensina como se proteger; inscri\u00e7\u00f5es abertas at\u00e9 31 de julho. A Funda\u00e7\u00e3o Procon-SP promove no pr\u00f3ximo&nbsp;31 de julho de 2025&nbsp;a palestra&nbsp;&#8220;Rela\u00e7\u00f5es e Consumo na Era Digital&#8221;, que visa esclarecer como a tecnologia tem transformado os h\u00e1bitos de compra e quais s\u00e3o os [&hellip;]<\/p>\n","protected":false},"author":260896546,"featured_media":4923,"comment_status":"open","ping_status":"open","sticky":false,"template":"","format":"standard","meta":{"_crdt_document":"","_monsterinsights_skip_tracking":false,"_monsterinsights_sitenote_active":false,"_monsterinsights_sitenote_note":"","_monsterinsights_sitenote_category":0,"advanced_seo_description":"","jetpack_seo_html_title":"","jetpack_seo_noindex":false,"_jetpack_newsletter_access":"","_jetpack_dont_email_post_to_subs":false,"_jetpack_newsletter_tier_id":0,"_jetpack_memberships_contains_paywalled_content":false,"_jetpack_memberships_contains_paid_content":false,"footnotes":"","jetpack_publicize_message":"\ud83d\udd0d Voc\u00ea sabe como suas informa\u00e7\u00f5es s\u00e3o usadas para influenciar suas compras online?\n\nNo dia 31\/07, o Procon-SP explica os riscos e direitos do consumidor na era digital em uma palestra gratuita e online.\n\n\ud83d\udccc O que voc\u00ea vai aprender:\n\u2714\ufe0f Como empresas rastreiam seus dados\n\u2714\ufe0f T\u00e1ticas para evitar golpes virtuais\n\u2714\ufe0f Seus direitos nas compras pela internet\n\n\u23f0 14h \u00e0s 16h\n\n\ud83d\udcf2 Saiba como se inscrever em diariodegarca.com\n\n#ConsumoDigital #ProconSP #DireitoDoConsumidor #InternetSegura @ProconSP","jetpack_publicize_feature_enabled":true,"jetpack_social_post_already_shared":false,"jetpack_social_options":{"image_generator_settings":{"template":"highway","default_image_id":0,"enabled":false},"version":2},"_wpas_customize_per_network":false,"jetpack_post_was_ever_published":false},"categories":[36947,91066845],"tags":[],"class_list":["post-4922","post","type-post","status-publish","format-standard","has-post-thumbnail","hentry","category-curso","category-online-curso"],"jetpack_publicize_connections":[],"jetpack_featured_media_url":"https:\/\/i0.wp.com\/diariodegarca.com\/wp-content\/uploads\/2025\/07\/mulher-feliz-que-esta-com-sacos-de-compras-smartphone-e-cartao-de-credito-fora.jpg?fit=6016%2C4016&ssl=1","jetpack_likes_enabled":true,"jetpack_sharing_enabled":true,"jetpack_shortlink":"https:\/\/wp.me\/pgitne-1ho","jetpack-related-posts":[{"id":3542,"url":"https:\/\/diariodegarca.com\/?p=3542","url_meta":{"origin":4922,"position":0},"title":"Procon-SP oferece palestra gratuita sobre direitos na era virtual","author":"Di\u00e1rio de Gar\u00e7a","date":"29 de maio de 2025","format":false,"excerpt":"Evento online discute os desafios e prote\u00e7\u00f5es do consumidor em transa\u00e7\u00f5es digitais, com inscri\u00e7\u00f5es abertas at\u00e9 30 de junho. A Funda\u00e7\u00e3o Procon-SP, por meio da Escola de Prote\u00e7\u00e3o e Defesa do Consumidor, promove no dia\u00a030 de junho, \u00e0s\u00a014h, a palestra online e gratuita\u00a0\"Rela\u00e7\u00f5es de Consumo na Era Digital\". O evento,\u2026","rel":"","context":"Em &quot;Curso&quot;","block_context":{"text":"Curso","link":"https:\/\/diariodegarca.com\/?cat=36947"},"img":{"alt_text":"","src":"","width":0,"height":0},"classes":[]},{"id":2286,"url":"https:\/\/diariodegarca.com\/?p=2286","url_meta":{"origin":4922,"position":1},"title":"Palestra do Procon-SP discute Rela\u00e7\u00f5es de Consumo na Era Digital de forma on-line","author":"Di\u00e1rio de Gar\u00e7a","date":"24 de abril de 2025","format":false,"excerpt":"A evolu\u00e7\u00e3o tecnol\u00f3gica transformou profundamente a forma como as pessoas consomem, trazendo conveni\u00eancia, mas tamb\u00e9m novos desafios. Para debater esse cen\u00e1rio, o Procon-SP promove a palestra on-line\u00a0\"Rela\u00e7\u00f5es de Consumo na Era Digital\", que aborda os impactos das novas tecnologias nas decis\u00f5es de compra e os principais problemas enfrentados pelos consumidores\u2026","rel":"","context":"Em &quot;Brasil&quot;","block_context":{"text":"Brasil","link":"https:\/\/diariodegarca.com\/?cat=38185"},"img":{"alt_text":"","src":"https:\/\/i0.wp.com\/blogger.googleusercontent.com\/img\/b\/R29vZ2xl\/AVvXsEhCAv_pdL9u5jq8o2y7ABuZtPomN1-QfUcceFFERZFvudTk9ta-Ei0N7XFPoX-i9-ndLmnlA44EQbuFeVJjiM7Q6AilY8nswdutoNPVTpEaiEpesxdSHFCjvqUVJxtAlfp3gIdH5_Npo9_20kYuq4dBKM9z6C8hhgw2_iZRvpVUvLQMwtV78RYQMTv4oiU\/s320\/high-angle-shopping-couple-holding-tablet.jpg?resize=350%2C200&ssl=1","width":350,"height":200},"classes":[]},{"id":4916,"url":"https:\/\/diariodegarca.com\/?p=4916","url_meta":{"origin":4922,"position":2},"title":"Procon-SP realiza palestra on-line &#8220;Armadilhas do Consumo&#8221;","author":"Di\u00e1rio de Gar\u00e7a","date":"22 de julho de 2025","format":false,"excerpt":"Evento aborda estrat\u00e9gias de marketing que influenciam decis\u00f5es de compra e ensina como evitar gastos desnecess\u00e1rios; inscri\u00e7\u00f5es est\u00e3o abertas. O Procon-SP promove, no pr\u00f3ximo\u00a024 de julho de 2025, a palestra online\u00a0\"Armadilhas do Consumo\", que tem como objetivo conscientizar os consumidores sobre as t\u00e1ticas de marketing que os levam a comprar\u2026","rel":"","context":"Em &quot;Brasil&quot;","block_context":{"text":"Brasil","link":"https:\/\/diariodegarca.com\/?cat=38185"},"img":{"alt_text":"","src":"https:\/\/i0.wp.com\/diariodegarca.com\/wp-content\/uploads\/2025\/07\/close-no-reporter-dando-uma-entrevista.jpg?fit=1200%2C800&ssl=1&resize=350%2C200","width":350,"height":200,"srcset":"https:\/\/i0.wp.com\/diariodegarca.com\/wp-content\/uploads\/2025\/07\/close-no-reporter-dando-uma-entrevista.jpg?fit=1200%2C800&ssl=1&resize=350%2C200 1x, https:\/\/i0.wp.com\/diariodegarca.com\/wp-content\/uploads\/2025\/07\/close-no-reporter-dando-uma-entrevista.jpg?fit=1200%2C800&ssl=1&resize=525%2C300 1.5x, https:\/\/i0.wp.com\/diariodegarca.com\/wp-content\/uploads\/2025\/07\/close-no-reporter-dando-uma-entrevista.jpg?fit=1200%2C800&ssl=1&resize=700%2C400 2x, https:\/\/i0.wp.com\/diariodegarca.com\/wp-content\/uploads\/2025\/07\/close-no-reporter-dando-uma-entrevista.jpg?fit=1200%2C800&ssl=1&resize=1050%2C600 3x"},"classes":[]},{"id":5636,"url":"https:\/\/diariodegarca.com\/?p=5636","url_meta":{"origin":4922,"position":3},"title":"Procon-SP oferece palestra online gratuita sobre direitos b\u00e1sicos do consumidor","author":"Di\u00e1rio de Gar\u00e7a","date":"16 de agosto de 2025","format":false,"excerpt":"Evento virtual no dia 20 de agosto abordar\u00e1 temas como garantia, cancelamento de contratos e publicidade enganosa, com base no C\u00f3digo de Defesa do Consumidor. A Funda\u00e7\u00e3o Procon-SP realizar\u00e1, no pr\u00f3ximo dia 20 de agosto, uma\u00a0palestra online e gratuita\u00a0sobre os\u00a0direitos b\u00e1sicos do consumidor. O evento, que acontecer\u00e1 das\u00a014h \u00e0s 16h,\u2026","rel":"","context":"Em &quot;Curso&quot;","block_context":{"text":"Curso","link":"https:\/\/diariodegarca.com\/?cat=36947"},"img":{"alt_text":"","src":"https:\/\/i0.wp.com\/diariodegarca.com\/wp-content\/uploads\/2025\/08\/homem-sorridente-durante-compras-online-em-casa.jpg?fit=1200%2C800&ssl=1&resize=350%2C200","width":350,"height":200,"srcset":"https:\/\/i0.wp.com\/diariodegarca.com\/wp-content\/uploads\/2025\/08\/homem-sorridente-durante-compras-online-em-casa.jpg?fit=1200%2C800&ssl=1&resize=350%2C200 1x, https:\/\/i0.wp.com\/diariodegarca.com\/wp-content\/uploads\/2025\/08\/homem-sorridente-durante-compras-online-em-casa.jpg?fit=1200%2C800&ssl=1&resize=525%2C300 1.5x, https:\/\/i0.wp.com\/diariodegarca.com\/wp-content\/uploads\/2025\/08\/homem-sorridente-durante-compras-online-em-casa.jpg?fit=1200%2C800&ssl=1&resize=700%2C400 2x, https:\/\/i0.wp.com\/diariodegarca.com\/wp-content\/uploads\/2025\/08\/homem-sorridente-durante-compras-online-em-casa.jpg?fit=1200%2C800&ssl=1&resize=1050%2C600 3x"},"classes":[]},{"id":9252,"url":"https:\/\/diariodegarca.com\/?p=9252","url_meta":{"origin":4922,"position":4},"title":"Palestra online gratuita desvenda como a era digital transforma as rela\u00e7\u00f5es de consumo","author":"Andreza Sega","date":"10 de dezembro de 2025","format":false,"excerpt":"Evento gratuito no dia 12 de dezembro, promovido pelo Procon-SP, analisa a influ\u00eancia da tecnologia nas decis\u00f5es de compra, os riscos cibern\u00e9ticos e os direitos do consumidor nas transa\u00e7\u00f5es online. A revolu\u00e7\u00e3o digital, iniciada nas d\u00e9cadas finais do s\u00e9culo XX, redefiniu radicalmente a sociedade - e, com ela, a forma\u2026","rel":"","context":"Em &quot;Curso&quot;","block_context":{"text":"Curso","link":"https:\/\/diariodegarca.com\/?cat=36947"},"img":{"alt_text":"","src":"https:\/\/i0.wp.com\/diariodegarca.com\/wp-content\/uploads\/2025\/11\/pares-que-olham-o-preco-de-roupas.jpg?fit=1200%2C800&ssl=1&resize=350%2C200","width":350,"height":200,"srcset":"https:\/\/i0.wp.com\/diariodegarca.com\/wp-content\/uploads\/2025\/11\/pares-que-olham-o-preco-de-roupas.jpg?fit=1200%2C800&ssl=1&resize=350%2C200 1x, https:\/\/i0.wp.com\/diariodegarca.com\/wp-content\/uploads\/2025\/11\/pares-que-olham-o-preco-de-roupas.jpg?fit=1200%2C800&ssl=1&resize=525%2C300 1.5x, https:\/\/i0.wp.com\/diariodegarca.com\/wp-content\/uploads\/2025\/11\/pares-que-olham-o-preco-de-roupas.jpg?fit=1200%2C800&ssl=1&resize=700%2C400 2x, https:\/\/i0.wp.com\/diariodegarca.com\/wp-content\/uploads\/2025\/11\/pares-que-olham-o-preco-de-roupas.jpg?fit=1200%2C800&ssl=1&resize=1050%2C600 3x"},"classes":[]},{"id":9020,"url":"https:\/\/diariodegarca.com\/?p=9020","url_meta":{"origin":4922,"position":5},"title":"Procon-SP oferece palestra online e gratuita sobre Direitos do Consumidor na Era Digital","author":"Andreza Sega","date":"25 de novembro de 2025","format":false,"excerpt":"Evento abordar\u00e1 como a internet e a coleta de dados influenciam as escolhas de consumo e quais s\u00e3o os direitos nas transa\u00e7\u00f5es online. O Procon-SP promover\u00e1, na pr\u00f3xima quinta-feira, 27 de novembro, uma palestra online e gratuita com o tema \"Rela\u00e7\u00f5es e Consumo na Era Digital\". O evento, que ocorrer\u00e1\u2026","rel":"","context":"Em &quot;Curso&quot;","block_context":{"text":"Curso","link":"https:\/\/diariodegarca.com\/?cat=36947"},"img":{"alt_text":"","src":"https:\/\/i0.wp.com\/diariodegarca.com\/wp-content\/uploads\/2025\/11\/menina-loira-sentada-no-carrinho-sorrindo.jpg?fit=1200%2C801&ssl=1&resize=350%2C200","width":350,"height":200,"srcset":"https:\/\/i0.wp.com\/diariodegarca.com\/wp-content\/uploads\/2025\/11\/menina-loira-sentada-no-carrinho-sorrindo.jpg?fit=1200%2C801&ssl=1&resize=350%2C200 1x, https:\/\/i0.wp.com\/diariodegarca.com\/wp-content\/uploads\/2025\/11\/menina-loira-sentada-no-carrinho-sorrindo.jpg?fit=1200%2C801&ssl=1&resize=525%2C300 1.5x, https:\/\/i0.wp.com\/diariodegarca.com\/wp-content\/uploads\/2025\/11\/menina-loira-sentada-no-carrinho-sorrindo.jpg?fit=1200%2C801&ssl=1&resize=700%2C400 2x, https:\/\/i0.wp.com\/diariodegarca.com\/wp-content\/uploads\/2025\/11\/menina-loira-sentada-no-carrinho-sorrindo.jpg?fit=1200%2C801&ssl=1&resize=1050%2C600 3x"},"classes":[]}],"_links":{"self":[{"href":"https:\/\/diariodegarca.com\/index.php?rest_route=\/wp\/v2\/posts\/4922","targetHints":{"allow":["GET"]}}],"collection":[{"href":"https:\/\/diariodegarca.com\/index.php?rest_route=\/wp\/v2\/posts"}],"about":[{"href":"https:\/\/diariodegarca.com\/index.php?rest_route=\/wp\/v2\/types\/post"}],"author":[{"embeddable":true,"href":"https:\/\/diariodegarca.com\/index.php?rest_route=\/wp\/v2\/users\/260896546"}],"replies":[{"embeddable":true,"href":"https:\/\/diariodegarca.com\/index.php?rest_route=%2Fwp%2Fv2%2Fcomments&post=4922"}],"version-history":[{"count":2,"href":"https:\/\/diariodegarca.com\/index.php?rest_route=\/wp\/v2\/posts\/4922\/revisions"}],"predecessor-version":[{"id":4925,"href":"https:\/\/diariodegarca.com\/index.php?rest_route=\/wp\/v2\/posts\/4922\/revisions\/4925"}],"wp:featuredmedia":[{"embeddable":true,"href":"https:\/\/diariodegarca.com\/index.php?rest_route=\/wp\/v2\/media\/4923"}],"wp:attachment":[{"href":"https:\/\/diariodegarca.com\/index.php?rest_route=%2Fwp%2Fv2%2Fmedia&parent=4922"}],"wp:term":[{"taxonomy":"category","embeddable":true,"href":"https:\/\/diariodegarca.com\/index.php?rest_route=%2Fwp%2Fv2%2Fcategories&post=4922"},{"taxonomy":"post_tag","embeddable":true,"href":"https:\/\/diariodegarca.com\/index.php?rest_route=%2Fwp%2Fv2%2Ftags&post=4922"}],"curies":[{"name":"wp","href":"https:\/\/api.w.org\/{rel}","templated":true}]}}