{"id":4995,"date":"2025-07-25T14:38:13","date_gmt":"2025-07-25T17:38:13","guid":{"rendered":"https:\/\/diariodegarca.com\/?p=4995"},"modified":"2025-07-25T14:38:13","modified_gmt":"2025-07-25T17:38:13","slug":"curso-gratuito-de-processamento-de-paes-em-fernao","status":"publish","type":"post","link":"https:\/\/diariodegarca.com\/?p=4995","title":{"rendered":"Curso gratuito de processamento de p\u00e3es em Fern\u00e3o"},"content":{"rendered":"\n<p class=\"wp-block-paragraph\"><em>Parceria oferece forma\u00e7\u00e3o presencial, com aulas pr\u00e1ticas e vagas limitadas.<\/em><\/p>\n\n\n\n<p class=\"wp-block-paragraph\">Acontece nos dias <strong>4 e 5 de agosto<\/strong>, em <strong>Fern\u00e3o<\/strong>, o\u00a0curso gratuito de <strong>Processamento de P\u00e3es<\/strong>, uma iniciativa voltada para quem deseja aprender t\u00e9cnicas de panifica\u00e7\u00e3o e potencializar oportunidades de neg\u00f3cio. <\/p>\n\n\n\n<p class=\"wp-block-paragraph\">A capacita\u00e7\u00e3o \u00e9 fruto de uma parceria entre o\u00a0<strong>SENAR (Servi\u00e7o Nacional de Aprendizagem Rural)<\/strong>,\u00a0<strong>FAESP (Federa\u00e7\u00e3o da Agricultura e Pecu\u00e1ria do Estado de S\u00e3o Paulo)<\/strong>,\u00a0<strong>Sindicato Rural de G\u00e1lia<\/strong>,\u00a0<strong>Fundo Social de Solidariedade<\/strong>\u00a0e\u00a0<strong>Prefeitura de Fern\u00e3o<\/strong>, com o objetivo de fomentar a qualifica\u00e7\u00e3o profissional e o empreendedorismo na regi\u00e3o.<\/p>\n\n\n\n<p class=\"wp-block-paragraph\">O curso, que ser\u00e1 realizado no\u00a0<strong>Clube Recreativo de Fern\u00e3o<\/strong>, das <strong>8h \u00e0s 17h<\/strong>, abrange desde o preparo de massas at\u00e9 a finaliza\u00e7\u00e3o de p\u00e3es artesanais, incluindo no\u00e7\u00f5es de higiene, conserva\u00e7\u00e3o e comercializa\u00e7\u00e3o. Os participantes ter\u00e3o aulas pr\u00e1ticas e te\u00f3ricas, com direito a certificado ao final.<\/p>\n\n\n\n<p class=\"wp-block-paragraph\">As\u00a0<strong>inscri\u00e7\u00f5es<\/strong>\u00a0devem ser feitas presencialmente no\u00a0<strong>Fundo Social de G\u00e1lia<\/strong>, das 16h \u00e0s 18h, at\u00e9 o dia\u00a0<strong>30 de julho<\/strong>. As vagas s\u00e3o limitadas e priorit\u00e1rias para moradores da cidade em situa\u00e7\u00e3o de baixa renda.<\/p>\n","protected":false},"excerpt":{"rendered":"<p>Parceria oferece forma\u00e7\u00e3o presencial, com aulas pr\u00e1ticas e vagas limitadas. Acontece nos dias 4 e 5 de agosto, em Fern\u00e3o, o\u00a0curso gratuito de Processamento de P\u00e3es, uma iniciativa voltada para quem deseja aprender t\u00e9cnicas de panifica\u00e7\u00e3o e potencializar oportunidades de neg\u00f3cio. A capacita\u00e7\u00e3o \u00e9 fruto de uma parceria entre o\u00a0SENAR (Servi\u00e7o Nacional de Aprendizagem Rural),\u00a0FAESP [&hellip;]<\/p>\n","protected":false},"author":260896546,"featured_media":4996,"comment_status":"open","ping_status":"open","sticky":false,"template":"","format":"standard","meta":{"_monsterinsights_skip_tracking":false,"advanced_seo_description":"","jetpack_seo_html_title":"","jetpack_seo_noindex":false,"jetpack_seo_schema_type":"","_jetpack_newsletter_access":"","_jetpack_dont_email_post_to_subs":false,"_jetpack_newsletter_tier_id":0,"_jetpack_memberships_contains_paywalled_content":false,"_wpcom_ai_launchpad_first_post":false,"_jetpack_feature_clip_id":0,"_jetpack_memberships_contains_paid_content":false,"footnotes":"","jetpack_publicize_message":"\ud83c\udf5e Curso gratuito de P\u00e3es em Fern\u00e3o \ud83c\udf5e\n\nQuer dominar t\u00e9cnicas de panifica\u00e7\u00e3o e ainda gerar renda? Parceria abre inscri\u00e7\u00f5es para o curso gratuito de Processamento de P\u00e3es em Fern\u00e3o.\n\n\ud83d\udcc5 04 e 05\/08\n\u23f0 8h \u00e0s 17h\n\ud83d\udccd Clube Recreativo de Fern\u00e3o\n\u270d\ufe0f Inscri\u00e7\u00f5es at\u00e9 30\/07, no Fundo Social (16h \u00e0s 18h). \nVagas limitadas!\n\n\ud83d\udcf2 Leia mais em  diariodegarca.com\n\n#Capacita\u00e7\u00e3o #Empreendedorismo #Panifica\u00e7\u00e3o","jetpack_publicize_feature_enabled":true,"jetpack_social_post_already_shared":false,"jetpack_social_options":{"image_generator_settings":{"template":"highway","default_image_id":0,"enabled":false},"version":2},"_wpas_customize_per_network":false,"jetpack_post_was_ever_published":false},"categories":[36947,7386895,115166],"tags":[],"class_list":["post-4995","post","type-post","status-publish","format-standard","has-post-thumbnail","hentry","category-curso","category-fernao","category-presencial"],"jetpack_publicize_connections":[],"jetpack_likes_enabled":true,"jetpack_sharing_enabled":true,"jetpack_shortlink":"https:\/\/wp.me\/pgitne-1iz","jetpack-related-posts":[{"id":2817,"url":"https:\/\/diariodegarca.com\/?p=2817","url_meta":{"origin":4995,"position":0},"title":"Fern\u00e3o oferece curso gratuito de bordado e tecelagem no meio rural","author":"Di\u00e1rio de Gar\u00e7a","date":"15 de fevereiro de 2025","format":false,"excerpt":"A Prefeitura Municipal de Fern\u00e3o, por meio do Fundo Social de Solidariedade, em parceria com o Sindicato Rural de G\u00e1lia, a Federa\u00e7\u00e3o da Agricultura e Pecu\u00e1ria do Estado de S\u00e3o Paulo (FAESP) e o Servi\u00e7o Nacional de Aprendizagem Rural (SENAR), est\u00e1 com inscri\u00e7\u00f5es abertas para o curso \u201cBordando e Tecendo\u2026","rel":"","context":"Em &quot;Brasil&quot;","block_context":{"text":"Brasil","link":"https:\/\/diariodegarca.com\/?cat=38185"},"img":{"alt_text":"","src":"","width":0,"height":0},"classes":[]},{"id":5000,"url":"https:\/\/diariodegarca.com\/?p=5000","url_meta":{"origin":4995,"position":1},"title":"Curso B\u00e1sico de Computa\u00e7\u00e3o gratuito em Fern\u00e3o","author":"Di\u00e1rio de Gar\u00e7a","date":"26 de julho de 2025","format":false,"excerpt":"Parceria busca capacitar moradores com aulas pr\u00e1ticas e certifica\u00e7\u00e3o. A popula\u00e7\u00e3o de Fern\u00e3o ter\u00e1 a oportunidade de se qualificar gratuitamente em inform\u00e1tica b\u00e1sica por meio de um curso oferecido em parceria entre o Fundo Social de Solidariedade, o Sindicato Rural de G\u00e1lia, a Federa\u00e7\u00e3o da Agricultura e Pecu\u00e1ria do Estado\u2026","rel":"","context":"Em &quot;Curso&quot;","block_context":{"text":"Curso","link":"https:\/\/diariodegarca.com\/?cat=36947"},"img":{"alt_text":"","src":"https:\/\/i0.wp.com\/diariodegarca.com\/wp-content\/uploads\/2025\/07\/tudo-vai-ser-incrivel-grupo-de-jovens-com-roupas-casuais-trabalhando-em-um-escritorio-moderno.jpg?fit=1200%2C801&ssl=1&resize=350%2C200","width":350,"height":200,"srcset":"https:\/\/i0.wp.com\/diariodegarca.com\/wp-content\/uploads\/2025\/07\/tudo-vai-ser-incrivel-grupo-de-jovens-com-roupas-casuais-trabalhando-em-um-escritorio-moderno.jpg?fit=1200%2C801&ssl=1&resize=350%2C200 1x, https:\/\/i0.wp.com\/diariodegarca.com\/wp-content\/uploads\/2025\/07\/tudo-vai-ser-incrivel-grupo-de-jovens-com-roupas-casuais-trabalhando-em-um-escritorio-moderno.jpg?fit=1200%2C801&ssl=1&resize=525%2C300 1.5x, https:\/\/i0.wp.com\/diariodegarca.com\/wp-content\/uploads\/2025\/07\/tudo-vai-ser-incrivel-grupo-de-jovens-com-roupas-casuais-trabalhando-em-um-escritorio-moderno.jpg?fit=1200%2C801&ssl=1&resize=700%2C400 2x, https:\/\/i0.wp.com\/diariodegarca.com\/wp-content\/uploads\/2025\/07\/tudo-vai-ser-incrivel-grupo-de-jovens-com-roupas-casuais-trabalhando-em-um-escritorio-moderno.jpg?fit=1200%2C801&ssl=1&resize=1050%2C600 3x"},"classes":[]},{"id":7298,"url":"https:\/\/diariodegarca.com\/?p=7298","url_meta":{"origin":4995,"position":2},"title":"Curso gratuito de opera\u00e7\u00e3o e manuten\u00e7\u00e3o de tratores em Fern\u00e3o","author":"Andreza Sega","date":"30 de setembro de 2025","format":false,"excerpt":"Capacita\u00e7\u00e3o ocorre de 6 a 10 de outubro e visa a qualifica\u00e7\u00e3o profissional de trabalhadores rurais e interessados no setor agr\u00edcola. Fern\u00e3o abre inscri\u00e7\u00f5es para uma capacita\u00e7\u00e3o de grande import\u00e2ncia para o setor agropecu\u00e1rio. Entre os dias 6 e 10 de outubro, o Servi\u00e7o Nacional de Aprendizagem Rural (SENAR), em\u2026","rel":"","context":"Em &quot;Curso&quot;","block_context":{"text":"Curso","link":"https:\/\/diariodegarca.com\/?cat=36947"},"img":{"alt_text":"","src":"https:\/\/i0.wp.com\/diariodegarca.com\/wp-content\/uploads\/2025\/09\/campo-de-cultivo-de-maquina-agricola-trator.jpg?fit=1200%2C801&ssl=1&resize=350%2C200","width":350,"height":200,"srcset":"https:\/\/i0.wp.com\/diariodegarca.com\/wp-content\/uploads\/2025\/09\/campo-de-cultivo-de-maquina-agricola-trator.jpg?fit=1200%2C801&ssl=1&resize=350%2C200 1x, https:\/\/i0.wp.com\/diariodegarca.com\/wp-content\/uploads\/2025\/09\/campo-de-cultivo-de-maquina-agricola-trator.jpg?fit=1200%2C801&ssl=1&resize=525%2C300 1.5x, https:\/\/i0.wp.com\/diariodegarca.com\/wp-content\/uploads\/2025\/09\/campo-de-cultivo-de-maquina-agricola-trator.jpg?fit=1200%2C801&ssl=1&resize=700%2C400 2x, https:\/\/i0.wp.com\/diariodegarca.com\/wp-content\/uploads\/2025\/09\/campo-de-cultivo-de-maquina-agricola-trator.jpg?fit=1200%2C801&ssl=1&resize=1050%2C600 3x"},"classes":[]},{"id":4562,"url":"https:\/\/diariodegarca.com\/?p=4562","url_meta":{"origin":4995,"position":3},"title":"Curso gratuito ensina t\u00e9cnicas de cultivo de maracuj\u00e1 em Fern\u00e3o","author":"Di\u00e1rio de Gar\u00e7a","date":"8 de julho de 2025","format":false,"excerpt":"Capacita\u00e7\u00e3o, oferecida em parceria entre CATI e Prefeitura de Fern\u00e3o, visa melhorar a produtividade e pr\u00e1ticas ambientais para produtores locais. A Prefeitura de Fern\u00e3o, em parceria com a Coordenadoria de Assist\u00eancia T\u00e9cnica Integral (CATI), promove no pr\u00f3ximo dia 11 de julho o curso\u00a0\"Cultivo de Maracuj\u00e1 e Sustentabilidade\". O evento, gratuito\u2026","rel":"","context":"Em &quot;Curso&quot;","block_context":{"text":"Curso","link":"https:\/\/diariodegarca.com\/?cat=36947"},"img":{"alt_text":"","src":"https:\/\/i0.wp.com\/diariodegarca.com\/wp-content\/uploads\/2025\/07\/linda-passiflora-de-petalas-roxas-com-folhas-verdes.jpg?fit=1200%2C900&ssl=1&resize=350%2C200","width":350,"height":200,"srcset":"https:\/\/i0.wp.com\/diariodegarca.com\/wp-content\/uploads\/2025\/07\/linda-passiflora-de-petalas-roxas-com-folhas-verdes.jpg?fit=1200%2C900&ssl=1&resize=350%2C200 1x, https:\/\/i0.wp.com\/diariodegarca.com\/wp-content\/uploads\/2025\/07\/linda-passiflora-de-petalas-roxas-com-folhas-verdes.jpg?fit=1200%2C900&ssl=1&resize=525%2C300 1.5x, https:\/\/i0.wp.com\/diariodegarca.com\/wp-content\/uploads\/2025\/07\/linda-passiflora-de-petalas-roxas-com-folhas-verdes.jpg?fit=1200%2C900&ssl=1&resize=700%2C400 2x, https:\/\/i0.wp.com\/diariodegarca.com\/wp-content\/uploads\/2025\/07\/linda-passiflora-de-petalas-roxas-com-folhas-verdes.jpg?fit=1200%2C900&ssl=1&resize=1050%2C600 3x"},"classes":[]},{"id":5613,"url":"https:\/\/diariodegarca.com\/?p=5613","url_meta":{"origin":4995,"position":4},"title":"Alvinl\u00e2ndia, Fern\u00e3o e Vera Cruz oferecem curso gratuito de &#8220;Banho e Tosa&#8221;","author":"Di\u00e1rio de Gar\u00e7a","date":"15 de agosto de 2025","format":false,"excerpt":"Iniciativa do Fundo Social de SP qualifica pessoas e gera novas oportunidades no mercado pet em ambas as cidades. As cidades de Alvinl\u00e2ndia, Fern\u00e3o e\u00a0Vera Cruz\u00a0est\u00e3o com inscri\u00e7\u00f5es abertas para o\u00a0curso gratuito de Banho e Tosa \u2013 Pet de Pequeno e M\u00e9dio Porte, uma parceria entre as prefeituras municipais e\u2026","rel":"","context":"Em &quot;Alvinl\u00e2ndia&quot;","block_context":{"text":"Alvinl\u00e2ndia","link":"https:\/\/diariodegarca.com\/?cat=32102633"},"img":{"alt_text":"","src":"https:\/\/i0.wp.com\/diariodegarca.com\/wp-content\/uploads\/2025\/08\/yorkshire-terrier-recebendo-procedimento-no-salao-de-beleza-jovem-mulher-de-camiseta-branca-aparando-um-cachorrinho-yorkshire-terrier-filhote-cortando-o-cabelo-com-uma-maquina-de-barbear.jpg?fit=1200%2C800&ssl=1&resize=350%2C200","width":350,"height":200,"srcset":"https:\/\/i0.wp.com\/diariodegarca.com\/wp-content\/uploads\/2025\/08\/yorkshire-terrier-recebendo-procedimento-no-salao-de-beleza-jovem-mulher-de-camiseta-branca-aparando-um-cachorrinho-yorkshire-terrier-filhote-cortando-o-cabelo-com-uma-maquina-de-barbear.jpg?fit=1200%2C800&ssl=1&resize=350%2C200 1x, https:\/\/i0.wp.com\/diariodegarca.com\/wp-content\/uploads\/2025\/08\/yorkshire-terrier-recebendo-procedimento-no-salao-de-beleza-jovem-mulher-de-camiseta-branca-aparando-um-cachorrinho-yorkshire-terrier-filhote-cortando-o-cabelo-com-uma-maquina-de-barbear.jpg?fit=1200%2C800&ssl=1&resize=525%2C300 1.5x, https:\/\/i0.wp.com\/diariodegarca.com\/wp-content\/uploads\/2025\/08\/yorkshire-terrier-recebendo-procedimento-no-salao-de-beleza-jovem-mulher-de-camiseta-branca-aparando-um-cachorrinho-yorkshire-terrier-filhote-cortando-o-cabelo-com-uma-maquina-de-barbear.jpg?fit=1200%2C800&ssl=1&resize=700%2C400 2x, https:\/\/i0.wp.com\/diariodegarca.com\/wp-content\/uploads\/2025\/08\/yorkshire-terrier-recebendo-procedimento-no-salao-de-beleza-jovem-mulher-de-camiseta-branca-aparando-um-cachorrinho-yorkshire-terrier-filhote-cortando-o-cabelo-com-uma-maquina-de-barbear.jpg?fit=1200%2C800&ssl=1&resize=1050%2C600 3x"},"classes":[]},{"id":9550,"url":"https:\/\/diariodegarca.com\/?p=9550","url_meta":{"origin":4995,"position":5},"title":"Programa Emprega Fern\u00e3o: inscri\u00e7\u00f5es abertas para oportunidades de inclus\u00e3o social","author":"Di\u00e1rio de Gar\u00e7a","date":"15 de dezembro de 2025","format":false,"excerpt":"Secretaria Municipal de Desenvolvimento Social de Fern\u00e3o recebe cadastros de 15 a 19 de dezembro; objetivo \u00e9 gerar ocupa\u00e7\u00e3o para a popula\u00e7\u00e3o local. A Prefeitura de Fern\u00e3o, por meio da Secretaria Municipal de Desenvolvimento Social, est\u00e1 com as inscri\u00e7\u00f5es abertas para o Programa Emprega Fern\u00e3o. A iniciativa, institu\u00edda pelo Decreto\u2026","rel":"","context":"Em &quot;Fern\u00e3o&quot;","block_context":{"text":"Fern\u00e3o","link":"https:\/\/diariodegarca.com\/?cat=7386895"},"img":{"alt_text":"","src":"https:\/\/i0.wp.com\/diariodegarca.com\/wp-content\/uploads\/2025\/12\/trabalhadores-corporativos-fazendo-brainstorming-juntos.jpg?fit=1200%2C800&ssl=1&resize=350%2C200","width":350,"height":200,"srcset":"https:\/\/i0.wp.com\/diariodegarca.com\/wp-content\/uploads\/2025\/12\/trabalhadores-corporativos-fazendo-brainstorming-juntos.jpg?fit=1200%2C800&ssl=1&resize=350%2C200 1x, https:\/\/i0.wp.com\/diariodegarca.com\/wp-content\/uploads\/2025\/12\/trabalhadores-corporativos-fazendo-brainstorming-juntos.jpg?fit=1200%2C800&ssl=1&resize=525%2C300 1.5x, https:\/\/i0.wp.com\/diariodegarca.com\/wp-content\/uploads\/2025\/12\/trabalhadores-corporativos-fazendo-brainstorming-juntos.jpg?fit=1200%2C800&ssl=1&resize=700%2C400 2x, https:\/\/i0.wp.com\/diariodegarca.com\/wp-content\/uploads\/2025\/12\/trabalhadores-corporativos-fazendo-brainstorming-juntos.jpg?fit=1200%2C800&ssl=1&resize=1050%2C600 3x"},"classes":[]}],"jetpack_featured_media_url":"https:\/\/i0.wp.com\/diariodegarca.com\/wp-content\/uploads\/2025\/07\/sorrindo-jovem-baker-masculino-amassar-massa-no-balcao-da-cozinha.jpg?fit=6971%2C4653&ssl=1","_links":{"self":[{"href":"https:\/\/diariodegarca.com\/index.php?rest_route=\/wp\/v2\/posts\/4995","targetHints":{"allow":["GET"]}}],"collection":[{"href":"https:\/\/diariodegarca.com\/index.php?rest_route=\/wp\/v2\/posts"}],"about":[{"href":"https:\/\/diariodegarca.com\/index.php?rest_route=\/wp\/v2\/types\/post"}],"author":[{"embeddable":true,"href":"https:\/\/diariodegarca.com\/index.php?rest_route=\/wp\/v2\/users\/260896546"}],"replies":[{"embeddable":true,"href":"https:\/\/diariodegarca.com\/index.php?rest_route=%2Fwp%2Fv2%2Fcomments&post=4995"}],"version-history":[{"count":3,"href":"https:\/\/diariodegarca.com\/index.php?rest_route=\/wp\/v2\/posts\/4995\/revisions"}],"predecessor-version":[{"id":4999,"href":"https:\/\/diariodegarca.com\/index.php?rest_route=\/wp\/v2\/posts\/4995\/revisions\/4999"}],"wp:featuredmedia":[{"embeddable":true,"href":"https:\/\/diariodegarca.com\/index.php?rest_route=\/wp\/v2\/media\/4996"}],"wp:attachment":[{"href":"https:\/\/diariodegarca.com\/index.php?rest_route=%2Fwp%2Fv2%2Fmedia&parent=4995"}],"wp:term":[{"taxonomy":"category","embeddable":true,"href":"https:\/\/diariodegarca.com\/index.php?rest_route=%2Fwp%2Fv2%2Fcategories&post=4995"},{"taxonomy":"post_tag","embeddable":true,"href":"https:\/\/diariodegarca.com\/index.php?rest_route=%2Fwp%2Fv2%2Ftags&post=4995"}],"curies":[{"name":"wp","href":"https:\/\/api.w.org\/{rel}","templated":true}]}}