{"id":5023,"date":"2025-07-25T16:29:43","date_gmt":"2025-07-25T19:29:43","guid":{"rendered":"https:\/\/diariodegarca.com\/?p=5023"},"modified":"2025-07-25T16:29:43","modified_gmt":"2025-07-25T19:29:43","slug":"premio-literario-da-biblioteca-nacional-2025-abre-inscricoes-com-premiacao-de-r-30-mil-por-categoria","status":"publish","type":"post","link":"https:\/\/diariodegarca.com\/?p=5023","title":{"rendered":"Pr\u00eamio Liter\u00e1rio da Biblioteca Nacional 2025 abre inscri\u00e7\u00f5es com premia\u00e7\u00e3o de R$ 30 mil por categoria"},"content":{"rendered":"\n<p class=\"wp-block-paragraph\"><em>Inscri\u00e7\u00f5es gratuitas v\u00e3o at\u00e9 22 de agosto para obras in\u00e9ditas publicadas entre maio de 2024 e abril de 2025. Confira as regras e categorias.<\/em><\/p>\n\n\n\n<p class=\"wp-block-paragraph\">A Funda\u00e7\u00e3o Biblioteca Nacional (FBN) abriu inscri\u00e7\u00f5es para a edi\u00e7\u00e3o 2025 do\u00a0<strong>Pr\u00eamio Liter\u00e1rio Biblioteca Nacional<\/strong>, um dos mais tradicionais do pa\u00eds. Com 12 categorias, a premia\u00e7\u00e3o distribuir\u00e1\u00a0<strong>R$ 30 mil<\/strong>\u00a0para o vencedor de cada uma delas. As inscri\u00e7\u00f5es s\u00e3o gratuitas e devem ser feitas exclusivamente pela plataforma online at\u00e9\u00a0<strong>22 de agosto<\/strong>, \u00e0s 17h (hor\u00e1rio de Bras\u00edlia).<\/p>\n\n\n\n<h3 class=\"wp-block-heading\"><strong>Quem pode participar?<\/strong><\/h3>\n\n\n\n<p class=\"wp-block-paragraph\">Podem concorrer&nbsp;<strong>autores, tradutores, ilustradores e projetistas gr\u00e1ficos<\/strong>&nbsp;brasileiros (natos ou naturalizados) com obras&nbsp;<strong>in\u00e9ditas<\/strong>&nbsp;(1\u00aa edi\u00e7\u00e3o), publicadas no Brasil&nbsp;<strong>entre 1\u00ba de maio de 2024 e 30 de abril de 2025<\/strong>, em l\u00edngua portuguesa. \u00c9 obrigat\u00f3rio que as obras tenham&nbsp;<strong>Dep\u00f3sito Legal<\/strong>&nbsp;na Biblioteca Nacional e&nbsp;<strong>ISBN v\u00e1lido<\/strong>.<\/p>\n\n\n\n<h3 class=\"wp-block-heading\"><strong>Categorias e crit\u00e9rios de avalia\u00e7\u00e3o<\/strong><\/h3>\n\n\n\n<p class=\"wp-block-paragraph\">As 12 categorias homenageiam grandes nomes da cultura nacional e ser\u00e3o julgadas por comiss\u00f5es especializadas. Entre os crit\u00e9rios est\u00e3o&nbsp;<strong>originalidade, contribui\u00e7\u00e3o \u00e0 cultura brasileira e qualidade t\u00e9cnica<\/strong>. Confira as categorias:<\/p>\n\n\n\n<ol start=\"1\" class=\"wp-block-list\">\n<li><strong>Conto<\/strong>\u00a0(Pr\u00eamio Clarice Lispector)<\/li>\n\n\n\n<li><strong>Ensaio Liter\u00e1rio<\/strong>\u00a0(Pr\u00eamio Mario de Andrade)<\/li>\n\n\n\n<li><strong>Ensaio Social<\/strong>\u00a0(Pr\u00eamio S\u00e9rgio Buarque de Holanda)<\/li>\n\n\n\n<li><strong>Hist\u00f3rias de Tradi\u00e7\u00e3o Oral<\/strong>\u00a0(Pr\u00eamio Akuli)<\/li>\n\n\n\n<li><strong>Hist\u00f3rias em Quadrinhos<\/strong>\u00a0(Pr\u00eamio Adolfo Aizen)<\/li>\n\n\n\n<li><strong>Ilustra\u00e7\u00e3o<\/strong>\u00a0(Pr\u00eamio Caryb\u00e9)<\/li>\n\n\n\n<li><strong>Literatura Infantil<\/strong>\u00a0(Pr\u00eamio Sylvia Orthof)<\/li>\n\n\n\n<li><strong>Literatura Juvenil<\/strong>\u00a0(Pr\u00eamio Gl\u00f3ria Pond\u00e9)<\/li>\n\n\n\n<li><strong>Poesia<\/strong>\u00a0(Pr\u00eamio Alphonsus de Guimaraens)<\/li>\n\n\n\n<li><strong>Projeto Gr\u00e1fico<\/strong>\u00a0(Pr\u00eamio Alo\u00edsio Magalh\u00e3es)<\/li>\n\n\n\n<li><strong>Romance<\/strong>\u00a0(Pr\u00eamio Machado de Assis)<\/li>\n\n\n\n<li><strong>Tradu\u00e7\u00e3o<\/strong>\u00a0(Pr\u00eamio Paulo R\u00f3nai)<\/li>\n<\/ol>\n\n\n\n<h3 class=\"wp-block-heading\"><strong>Como se inscrever?<\/strong><\/h3>\n\n\n\n<p class=\"wp-block-paragraph\">As inscri\u00e7\u00f5es devem ser realizadas pelo site&nbsp;<strong><a href=\"https:\/\/www.premioliterario.bn.gov.br\/\" target=\"_blank\" rel=\"noreferrer noopener\">www.premioliterario.bn.gov.br<\/a><\/strong>, com envio de:<\/p>\n\n\n\n<ul class=\"wp-block-list\">\n<li>Formul\u00e1rio preenchido;<\/li>\n\n\n\n<li>C\u00f3pia da obra em PDF (com capa, ISBN e dados de publica\u00e7\u00e3o);<\/li>\n\n\n\n<li>Comprovante de Dep\u00f3sito Legal (ou declara\u00e7\u00e3o, se pendente);<\/li>\n\n\n\n<li>Termos de autoriza\u00e7\u00e3o, se houver coautoria ou representa\u00e7\u00e3o por editora.<\/li>\n<\/ul>\n\n\n\n<p class=\"wp-block-paragraph\"><strong>Obras f\u00edsicas<\/strong>&nbsp;(para categorias como HQ e Ilustra\u00e7\u00e3o) devem ser enviadas por correio para a FBN no Rio de Janeiro.<\/p>\n\n\n\n<h3 class=\"wp-block-heading\"><strong>Cronograma e resultados<\/strong><\/h3>\n\n\n\n<ul class=\"wp-block-list\">\n<li><strong>Divulga\u00e7\u00e3o das obras habilitadas:<\/strong>\u00a0At\u00e9 17\/09\/2025<\/li>\n\n\n\n<li><strong>Avalia\u00e7\u00e3o das comiss\u00f5es:<\/strong>\u00a018\/09 a 30\/10\/2025<\/li>\n\n\n\n<li><strong>Resultado final:<\/strong>\u00a018\/11\/2025 (DOU e site da FBN)<\/li>\n<\/ul>\n\n\n\n<p class=\"wp-block-paragraph\">Os vencedores receber\u00e3o o pr\u00eamio em parcela \u00fanica at\u00e9\u00a0<strong>27 de novembro<\/strong>.<\/p>\n\n\n\n<p class=\"wp-block-paragraph\">O edital completo est\u00e1 dispon\u00edvel no&nbsp;<strong><a href=\"https:\/\/www.gov.br\/bn\/pt-br\/atuacao\/cooperacao-e-difusao\/premio-literario\" target=\"_blank\" rel=\"noreferrer noopener\">site da FBN<\/a><\/strong>, com todos os detalhes sobre documenta\u00e7\u00e3o, prazos e crit\u00e9rios de desempate. D\u00favidas podem ser enviadas para&nbsp;<strong><a href=\"https:\/\/mailto:premioliterario2025@bn.gov.br\/\" target=\"_blank\" rel=\"noreferrer noopener\">premioliterario2025@bn.gov.br<\/a><\/strong>.<\/p>\n","protected":false},"excerpt":{"rendered":"<p>Inscri\u00e7\u00f5es gratuitas v\u00e3o at\u00e9 22 de agosto para obras in\u00e9ditas publicadas entre maio de 2024 e abril de 2025. Confira as regras e categorias. A Funda\u00e7\u00e3o Biblioteca Nacional (FBN) abriu inscri\u00e7\u00f5es para a edi\u00e7\u00e3o 2025 do\u00a0Pr\u00eamio Liter\u00e1rio Biblioteca Nacional, um dos mais tradicionais do pa\u00eds. Com 12 categorias, a premia\u00e7\u00e3o distribuir\u00e1\u00a0R$ 30 mil\u00a0para o vencedor [&hellip;]<\/p>\n","protected":false},"author":260896546,"featured_media":0,"comment_status":"open","ping_status":"open","sticky":false,"template":"","format":"standard","meta":{"_crdt_document":"","_monsterinsights_skip_tracking":false,"_monsterinsights_sitenote_active":false,"_monsterinsights_sitenote_note":"","_monsterinsights_sitenote_category":0,"advanced_seo_description":"","jetpack_seo_html_title":"","jetpack_seo_noindex":false,"_jetpack_newsletter_access":"","_jetpack_dont_email_post_to_subs":false,"_jetpack_newsletter_tier_id":0,"_jetpack_memberships_contains_paywalled_content":false,"_jetpack_memberships_contains_paid_content":false,"footnotes":"","jetpack_publicize_message":"\ud83d\udce2 Inscri\u00e7\u00f5es abertas para o Pr\u00eamio Liter\u00e1rio 2025 da Biblioteca Nacional\n\n\ud83d\udcc5 Inscri\u00e7\u00f5es de obras at\u00e9 22\/08\n\ud83c\udfc6 R$ 30 mil por categoria\n\ud83d\udcda 12 modalidades, de Conto a Tradu\u00e7\u00e3o\n\n\ud83d\udc49 Quem pode participar? Autores, ilustradores e tradutores com obras in\u00e9ditas publicadas entre maio\/2024 e abril\/2025. Inscri\u00e7\u00f5es gratuitas!\n\n\ud83d\udd17 Leia a mat\u00e9ria completa e acesse os links importantes em diariodegarca.com.\n\n#Pr\u00eamioLiter\u00e1rio #BibliotecaNacional #Editais2025 #Cultura","jetpack_publicize_feature_enabled":true,"jetpack_social_post_already_shared":false,"jetpack_social_options":{"image_generator_settings":{"template":"highway","default_image_id":0,"enabled":false},"version":2},"_wpas_customize_per_network":false,"jetpack_post_was_ever_published":false},"categories":[2367,78747,3719],"tags":[],"class_list":["post-5023","post","type-post","status-publish","format-standard","hentry","category-cultura","category-editais","category-literatura"],"jetpack_publicize_connections":[],"jetpack_featured_media_url":"","jetpack_likes_enabled":true,"jetpack_sharing_enabled":true,"jetpack_shortlink":"https:\/\/wp.me\/pgitne-1j1","jetpack-related-posts":[{"id":2625,"url":"https:\/\/diariodegarca.com\/?p=2625","url_meta":{"origin":5023,"position":0},"title":"Pr\u00eamio Kindle Vozes Negras: Oportunidade para autores negros publicarem obras in\u00e9ditas de fic\u00e7\u00e3o","author":"Di\u00e1rio de Gar\u00e7a","date":"13 de mar\u00e7o de 2025","format":false,"excerpt":"O Pr\u00eamio Kindle Vozes Negras, uma iniciativa da Amazon.com.br em parceria com o Grupo Companhia das Letras e a Audible, est\u00e1 com inscri\u00e7\u00f5es abertas para autores negros que desejam publicar obras in\u00e9ditas no g\u00eanero de fic\u00e7\u00e3o\/romance. O concurso busca ampliar a visibilidade de vozes negras na literatura brasileira e oferece\u2026","rel":"","context":"Em &quot;Brasil&quot;","block_context":{"text":"Brasil","link":"https:\/\/diariodegarca.com\/?cat=38185"},"img":{"alt_text":"","src":"","width":0,"height":0},"classes":[]},{"id":2813,"url":"https:\/\/diariodegarca.com\/?p=2813","url_meta":{"origin":5023,"position":1},"title":"Pr\u00eamio Sesc de Literatura 2025 abre inscri\u00e7\u00f5es para novos talentos da escrita","author":"Di\u00e1rio de Gar\u00e7a","date":"16 de fevereiro de 2025","format":false,"excerpt":"As inscri\u00e7\u00f5es para o Pr\u00eamio Sesc de Literatura 2025 est\u00e3o abertas a partir desta segunda-feira, 10 de fevereiro. Considerado uma das principais portas de entrada para escritores estreantes, o concurso contempla as categorias romance, conto e poesia. Os vencedores ter\u00e3o suas obras publicadas pela Editora Senac Rio e receber\u00e3o um\u2026","rel":"","context":"Em &quot;Brasil&quot;","block_context":{"text":"Brasil","link":"https:\/\/diariodegarca.com\/?cat=38185"},"img":{"alt_text":"","src":"","width":0,"height":0},"classes":[]},{"id":2771,"url":"https:\/\/diariodegarca.com\/?p=2771","url_meta":{"origin":5023,"position":2},"title":"Pr\u00eamio Er\u00ea Dend\u00ea incentiva literatura infantojuvenil afrocentrada com premia\u00e7\u00e3o de R$ 200 mil","author":"Di\u00e1rio de Gar\u00e7a","date":"22 de fevereiro de 2025","format":false,"excerpt":"A primeira edi\u00e7\u00e3o do Pr\u00eamio Nacional de Afro Literatura Infantojuvenil \"Er\u00ea Dend\u00ea\", promovido pela Universidade Federal do Rec\u00f4ncavo da Bahia (UFRB) e pelo Minist\u00e9rio da Igualdade Racial (MIR), tem como objetivo reconhecer e premiar obras que valorizem a cultura afro-brasileira e as tradi\u00e7\u00f5es das comunidades de terreiro. Com um total\u2026","rel":"","context":"Em &quot;Brasil&quot;","block_context":{"text":"Brasil","link":"https:\/\/diariodegarca.com\/?cat=38185"},"img":{"alt_text":"","src":"","width":0,"height":0},"classes":[]},{"id":4282,"url":"https:\/\/diariodegarca.com\/?p=4282","url_meta":{"origin":5023,"position":3},"title":"Concurso S\u00edlvio Romero 2025 premia pesquisas sobre cultura popular e folclore brasileiro","author":"Di\u00e1rio de Gar\u00e7a","date":"27 de junho de 2025","format":false,"excerpt":"Iniciativa do Iphan busca fomentar estudos in\u00e9ditos sobre tradi\u00e7\u00f5es culturais do pa\u00eds O\u00a0Centro Nacional de Folclore e Cultura Popular (CNFCP\/Iphan)\u00a0abriu as inscri\u00e7\u00f5es para a edi\u00e7\u00e3o 2025 do\u00a0Concurso S\u00edlvio Romero de Monografias sobre Folclore e Cultura Popular. As inscri\u00e7\u00f5es, gratuitas e exclusivamente online, v\u00e3o at\u00e9\u00a027 de julho\u00a0e devem ser realizadas por\u2026","rel":"","context":"Em &quot;Brasil&quot;","block_context":{"text":"Brasil","link":"https:\/\/diariodegarca.com\/?cat=38185"},"img":{"alt_text":"","src":"","width":0,"height":0},"classes":[]},{"id":2661,"url":"https:\/\/diariodegarca.com\/?p=2661","url_meta":{"origin":5023,"position":4},"title":"Senar-SP lan\u00e7a Concurso Fotogr\u00e1fico 2025 com tema &#034;Cuidando da Terra, Alimentando Vidas&#034;","author":"Di\u00e1rio de Gar\u00e7a","date":"10 de mar\u00e7o de 2025","format":false,"excerpt":"O Servi\u00e7o Nacional de Aprendizagem Rural (Senar-SP) est\u00e1 com inscri\u00e7\u00f5es abertas para a edi\u00e7\u00e3o 2025 do Concurso Fotogr\u00e1fico, que traz o tema \"Cuidando da Terra, Alimentando Vidas\". O objetivo \u00e9 destacar a import\u00e2ncia do campo, da produ\u00e7\u00e3o de alimentos e da sustentabilidade, conectando o p\u00fablico urbano ao universo rural. \ud83d\udcc5\u2026","rel":"","context":"Em &quot;Brasil&quot;","block_context":{"text":"Brasil","link":"https:\/\/diariodegarca.com\/?cat=38185"},"img":{"alt_text":"","src":"","width":0,"height":0},"classes":[]},{"id":2328,"url":"https:\/\/diariodegarca.com\/?p=2328","url_meta":{"origin":5023,"position":5},"title":"Pr\u00eamio Jovem Cientista 2025: inscri\u00e7\u00f5es abertas para projetos que enfrentam as mudan\u00e7as clim\u00e1ticas","author":"Di\u00e1rio de Gar\u00e7a","date":"17 de abril de 2025","format":false,"excerpt":"A 31\u00aa edi\u00e7\u00e3o do\u00a0Pr\u00eamio Jovem Cientista\u00a0est\u00e1 com as inscri\u00e7\u00f5es abertas at\u00e9\u00a031 de julho de 2025, para estudantes e pesquisadores apresentarem solu\u00e7\u00f5es inovadoras para um dos maiores desafios da atualidade:\u00a0as mudan\u00e7as clim\u00e1ticas. Com o tema\u00a0\u201cResposta \u00e0s Mudan\u00e7as Clim\u00e1ticas: Ci\u00eancia, Tecnologia e Inova\u00e7\u00e3o como Aliadas\u201d, a iniciativa busca projetos que promovam sustentabilidade,\u2026","rel":"","context":"Em &quot;Brasil&quot;","block_context":{"text":"Brasil","link":"https:\/\/diariodegarca.com\/?cat=38185"},"img":{"alt_text":"","src":"https:\/\/i0.wp.com\/blogger.googleusercontent.com\/img\/b\/R29vZ2xl\/AVvXsEjJBScyRGUj8HD9Qit1TaZsO8Kub2LoF90jtG-gG3rQXIeLR_S7eZ5IWILAghqY4hQntRCshezSgdrNvopgAGuj7_UuPccnDcludfAq9wUwVc0CPnCMzMqEyROQi4eJmUTWfyR8Z6oxtM9Kt5dJshKMgQ2SYiKzA8fvLtb2XAtw-iHFh9IjXVmUpzoutnU\/s320\/490573772_3064798047012613_5874247547180985739_n.jpg?resize=350%2C200&ssl=1","width":350,"height":200},"classes":[]}],"_links":{"self":[{"href":"https:\/\/diariodegarca.com\/index.php?rest_route=\/wp\/v2\/posts\/5023","targetHints":{"allow":["GET"]}}],"collection":[{"href":"https:\/\/diariodegarca.com\/index.php?rest_route=\/wp\/v2\/posts"}],"about":[{"href":"https:\/\/diariodegarca.com\/index.php?rest_route=\/wp\/v2\/types\/post"}],"author":[{"embeddable":true,"href":"https:\/\/diariodegarca.com\/index.php?rest_route=\/wp\/v2\/users\/260896546"}],"replies":[{"embeddable":true,"href":"https:\/\/diariodegarca.com\/index.php?rest_route=%2Fwp%2Fv2%2Fcomments&post=5023"}],"version-history":[{"count":3,"href":"https:\/\/diariodegarca.com\/index.php?rest_route=\/wp\/v2\/posts\/5023\/revisions"}],"predecessor-version":[{"id":5027,"href":"https:\/\/diariodegarca.com\/index.php?rest_route=\/wp\/v2\/posts\/5023\/revisions\/5027"}],"wp:attachment":[{"href":"https:\/\/diariodegarca.com\/index.php?rest_route=%2Fwp%2Fv2%2Fmedia&parent=5023"}],"wp:term":[{"taxonomy":"category","embeddable":true,"href":"https:\/\/diariodegarca.com\/index.php?rest_route=%2Fwp%2Fv2%2Fcategories&post=5023"},{"taxonomy":"post_tag","embeddable":true,"href":"https:\/\/diariodegarca.com\/index.php?rest_route=%2Fwp%2Fv2%2Ftags&post=5023"}],"curies":[{"name":"wp","href":"https:\/\/api.w.org\/{rel}","templated":true}]}}