{"id":5030,"date":"2025-07-25T16:48:56","date_gmt":"2025-07-25T19:48:56","guid":{"rendered":"https:\/\/diariodegarca.com\/?p=5030"},"modified":"2025-07-25T16:48:56","modified_gmt":"2025-07-25T19:48:56","slug":"incendio-criminoso-destroi-aeronave-em-hangar-de-vera-cruz","status":"publish","type":"post","link":"https:\/\/diariodegarca.com\/?p=5030","title":{"rendered":"Inc\u00eandio criminoso destr\u00f3i aeronave em hangar de Vera Cruz"},"content":{"rendered":"\n<p class=\"wp-block-paragraph\"><em>Propriet\u00e1rio entregou imagens de seguran\u00e7a \u00e0 pol\u00edcia, que mostram homem invadindo o local e ateando fogo em avi\u00e3o. N\u00e3o houve feridos, mas preju\u00edzos s\u00e3o grandes.<\/em><\/p>\n\n\n\n<p class=\"wp-block-paragraph\">Um inc\u00eandio de grandes propor\u00e7\u00f5es destruiu uma aeronave modelo\u00a0<strong>SENECA 3<\/strong>, prefixo\u00a0<strong>PT-VOB<\/strong>, na madrugada desta sexta-feira, dia 25 de julho, dentro de um hangar no\u00a0<strong>Aeroporto Municipal de Vera Cruz<\/strong>. As chamas consumiram quase totalmente a aeronave e danificaram parte da estrutura do galp\u00e3o, principalmente o teto. N\u00e3o houve v\u00edtimas, e outras aeronaves pr\u00f3ximas n\u00e3o foram atingidas.<\/p>\n\n\n\n<p class=\"wp-block-paragraph\">Segundo o&nbsp;<strong>boletim policial<\/strong>, a&nbsp;<strong>Pol\u00edcia Militar<\/strong>&nbsp;foi acionada via&nbsp;<strong>COPOM<\/strong>&nbsp;e, ao chegar, encontrou o propriet\u00e1rio do avi\u00e3o visivelmente abalado, al\u00e9m dos&nbsp;<strong>Bombeiros<\/strong>, que j\u00e1 combatiam as chamas. O dono relatou que percebeu fuma\u00e7a e estrondos vindos do hangar e foi alertado por funcion\u00e1rios da prefeitura sobre o fogo.<\/p>\n\n\n\n<p class=\"wp-block-paragraph\">O aeroporto n\u00e3o tem vigil\u00e2ncia presencial, mas\u00a0<strong>c\u00e2meras de seguran\u00e7a do pr\u00f3prio hangar<\/strong>\u00a0registraram um\u00a0<strong>homem invadindo o local<\/strong>. Segundo informa\u00e7\u00f5es, nas imagens captadas seria poss\u00edvel ver o suspeito pular o port\u00e3o, se aproximar da aeronave e despejar um\u00a0<strong>l\u00edquido inflam\u00e1vel<\/strong>, ateando fogo em seguida. O propriet\u00e1rio se comprometeu a repassar o material \u00e0 pol\u00edcia para auxiliar nas investiga\u00e7\u00f5es.<\/p>\n\n\n\n<p class=\"wp-block-paragraph\">A&nbsp;<strong>Per\u00edcia T\u00e9cnica<\/strong>&nbsp;esteve no local para exames, e a&nbsp;<strong>Pol\u00edcia Civil<\/strong>&nbsp;trata o caso como&nbsp;<strong>inc\u00eandio criminoso<\/strong>. As causas e motiva\u00e7\u00f5es ainda s\u00e3o desconhecidas, mas as imagens devem ser cruciais para identificar e prender o respons\u00e1vel.<\/p>\n\n\n\n<p class=\"wp-block-paragraph\"><strong>Com informa\u00e7\u00f5es de: <\/strong>Mar\u00edlia Hoje<\/p>\n","protected":false},"excerpt":{"rendered":"<p>Propriet\u00e1rio entregou imagens de seguran\u00e7a \u00e0 pol\u00edcia, que mostram homem invadindo o local e ateando fogo em avi\u00e3o. N\u00e3o houve feridos, mas preju\u00edzos s\u00e3o grandes. Um inc\u00eandio de grandes propor\u00e7\u00f5es destruiu uma aeronave modelo\u00a0SENECA 3, prefixo\u00a0PT-VOB, na madrugada desta sexta-feira, dia 25 de julho, dentro de um hangar no\u00a0Aeroporto Municipal de Vera Cruz. As chamas [&hellip;]<\/p>\n","protected":false},"author":260896546,"featured_media":5032,"comment_status":"open","ping_status":"open","sticky":false,"template":"","format":"standard","meta":{"_crdt_document":"","_monsterinsights_skip_tracking":false,"_monsterinsights_sitenote_active":false,"_monsterinsights_sitenote_note":"","_monsterinsights_sitenote_category":0,"advanced_seo_description":"","jetpack_seo_html_title":"","jetpack_seo_noindex":false,"_jetpack_newsletter_access":"","_jetpack_dont_email_post_to_subs":false,"_jetpack_newsletter_tier_id":0,"_jetpack_memberships_contains_paywalled_content":false,"_jetpack_memberships_contains_paid_content":false,"footnotes":"","jetpack_publicize_message":"\u2708\ufe0f\ud83d\udd25 Aeronave destru\u00edda em inc\u00eandio criminoso em Vera Cruz\n\nUm avi\u00e3o SENECA 3 foi totalmente consumido por chamas ap\u00f3s um homem invadir um hangar e atear fogo na madrugada desta sexta (25).\n\n\ud83d\udcf2 Leia a mat\u00e9ria completa diariodegarca.com\n\n#VeraCruz #avi\u00e3o #Inc\u00eandio","jetpack_publicize_feature_enabled":true,"jetpack_social_post_already_shared":false,"jetpack_social_options":{"image_generator_settings":{"template":"highway","default_image_id":0,"enabled":false},"version":2},"_wpas_customize_per_network":false,"jetpack_post_was_ever_published":false},"categories":[963369],"tags":[],"class_list":["post-5030","post","type-post","status-publish","format-standard","has-post-thumbnail","hentry","category-vera-cruz"],"jetpack_publicize_connections":[],"jetpack_featured_media_url":"https:\/\/i0.wp.com\/diariodegarca.com\/wp-content\/uploads\/2025\/07\/522796045_1384763663192013_878259224704204897_n.jpg?fit=1080%2C803&ssl=1","jetpack_likes_enabled":true,"jetpack_sharing_enabled":true,"jetpack_shortlink":"https:\/\/wp.me\/pgitne-1j8","jetpack-related-posts":[{"id":9609,"url":"https:\/\/diariodegarca.com\/?p=9609","url_meta":{"origin":5030,"position":0},"title":"Opera\u00e7\u00e3o com apoio a\u00e9reo intensifica fiscaliza\u00e7\u00e3o de motocicletas em Gar\u00e7a","author":"Andreza Sega","date":"18 de dezembro de 2025","format":false,"excerpt":"A\u00e7\u00e3o estrat\u00e9gica da PM durante as festas de fim de ano visa coibir crimes e irregularidades no tr\u00e2nsito, aumentando a sensa\u00e7\u00e3o de seguran\u00e7a na cidade. A Pol\u00edcia Militar de Gar\u00e7a, por meio da 4\u00aa Companhia, est\u00e1 intensificando a fiscaliza\u00e7\u00e3o de motocicletas em pontos estrat\u00e9gicos do munic\u00edpio. A opera\u00e7\u00e3o, que faz\u2026","rel":"","context":"Em &quot;Gar\u00e7a&quot;","block_context":{"text":"Gar\u00e7a","link":"https:\/\/diariodegarca.com\/?cat=781171664"},"img":{"alt_text":"","src":"https:\/\/i0.wp.com\/diariodegarca.com\/wp-content\/uploads\/2025\/12\/WhatsApp-Image-2025-12-18-at-17.08.02.jpeg?fit=1200%2C491&ssl=1&resize=350%2C200","width":350,"height":200,"srcset":"https:\/\/i0.wp.com\/diariodegarca.com\/wp-content\/uploads\/2025\/12\/WhatsApp-Image-2025-12-18-at-17.08.02.jpeg?fit=1200%2C491&ssl=1&resize=350%2C200 1x, https:\/\/i0.wp.com\/diariodegarca.com\/wp-content\/uploads\/2025\/12\/WhatsApp-Image-2025-12-18-at-17.08.02.jpeg?fit=1200%2C491&ssl=1&resize=525%2C300 1.5x, https:\/\/i0.wp.com\/diariodegarca.com\/wp-content\/uploads\/2025\/12\/WhatsApp-Image-2025-12-18-at-17.08.02.jpeg?fit=1200%2C491&ssl=1&resize=700%2C400 2x, https:\/\/i0.wp.com\/diariodegarca.com\/wp-content\/uploads\/2025\/12\/WhatsApp-Image-2025-12-18-at-17.08.02.jpeg?fit=1200%2C491&ssl=1&resize=1050%2C600 3x"},"classes":[]},{"id":8867,"url":"https:\/\/diariodegarca.com\/?p=8867","url_meta":{"origin":5030,"position":1},"title":"Opera\u00e7\u00e3o Renoe apreende adolescente com drogas em Mar\u00edlia","author":"Andreza Sega","date":"21 de novembro de 2025","format":false,"excerpt":"A\u00e7\u00e3o policial com apoio a\u00e9reo intercepta jovem com mais de 150 por\u00e7\u00f5es de entorpecentes no Parque das Azaleias. A Opera\u00e7\u00e3o Renoe, desencadeada na manh\u00e3 de quarta-feira, 19 de novembro, resultou na apreens\u00e3o de um adolescente e de uma significativa quantidade de drogas na regi\u00e3o do Parque das Azaleias, em Mar\u00edlia.\u2026","rel":"","context":"Em &quot;Mar\u00edlia&quot;","block_context":{"text":"Mar\u00edlia","link":"https:\/\/diariodegarca.com\/?cat=683453294"},"img":{"alt_text":"","src":"https:\/\/i0.wp.com\/diariodegarca.com\/wp-content\/uploads\/2025\/11\/WhatsApp-Image-2025-11-21-at-15.53.41.jpeg?fit=1200%2C735&ssl=1&resize=350%2C200","width":350,"height":200,"srcset":"https:\/\/i0.wp.com\/diariodegarca.com\/wp-content\/uploads\/2025\/11\/WhatsApp-Image-2025-11-21-at-15.53.41.jpeg?fit=1200%2C735&ssl=1&resize=350%2C200 1x, https:\/\/i0.wp.com\/diariodegarca.com\/wp-content\/uploads\/2025\/11\/WhatsApp-Image-2025-11-21-at-15.53.41.jpeg?fit=1200%2C735&ssl=1&resize=525%2C300 1.5x, https:\/\/i0.wp.com\/diariodegarca.com\/wp-content\/uploads\/2025\/11\/WhatsApp-Image-2025-11-21-at-15.53.41.jpeg?fit=1200%2C735&ssl=1&resize=700%2C400 2x, https:\/\/i0.wp.com\/diariodegarca.com\/wp-content\/uploads\/2025\/11\/WhatsApp-Image-2025-11-21-at-15.53.41.jpeg?fit=1200%2C735&ssl=1&resize=1050%2C600 3x"},"classes":[]},{"id":4207,"url":"https:\/\/diariodegarca.com\/?p=4207","url_meta":{"origin":5030,"position":2},"title":"Opera\u00e7\u00e3o policial desarticula rede de tr\u00e1fico e prende cinco em Gar\u00e7a","author":"Di\u00e1rio de Gar\u00e7a","date":"24 de junho de 2025","format":false,"excerpt":"A\u00e7\u00e3o coordenada entre Pol\u00edcia Militar e Pol\u00edcia Civil apreende drogas, dinheiro e celulares; investiga\u00e7\u00f5es continuam Uma opera\u00e7\u00e3o integrada entre a Pol\u00edcia Militar e a Pol\u00edcia Civil resultou na pris\u00e3o de cinco suspeitos por tr\u00e1fico de drogas em Gar\u00e7a nesta ter\u00e7a-feira, dia 24 de junho. A a\u00e7\u00e3o, que contou com apoio\u2026","rel":"","context":"Em &quot;Gar\u00e7a&quot;","block_context":{"text":"Gar\u00e7a","link":"https:\/\/diariodegarca.com\/?cat=781171664"},"img":{"alt_text":"","src":"https:\/\/i0.wp.com\/diariodegarca.com\/wp-content\/uploads\/2025\/06\/vfmxnovb-operacao-trafico-01.webp?fit=900%2C730&ssl=1&resize=350%2C200","width":350,"height":200,"srcset":"https:\/\/i0.wp.com\/diariodegarca.com\/wp-content\/uploads\/2025\/06\/vfmxnovb-operacao-trafico-01.webp?fit=900%2C730&ssl=1&resize=350%2C200 1x, https:\/\/i0.wp.com\/diariodegarca.com\/wp-content\/uploads\/2025\/06\/vfmxnovb-operacao-trafico-01.webp?fit=900%2C730&ssl=1&resize=525%2C300 1.5x, https:\/\/i0.wp.com\/diariodegarca.com\/wp-content\/uploads\/2025\/06\/vfmxnovb-operacao-trafico-01.webp?fit=900%2C730&ssl=1&resize=700%2C400 2x"},"classes":[]},{"id":2932,"url":"https:\/\/diariodegarca.com\/?p=2932","url_meta":{"origin":5030,"position":3},"title":"M\u00e3e denuncia filho por furto e agress\u00e3o em Vera Cruz","author":"Di\u00e1rio de Gar\u00e7a","date":"29 de janeiro de 2025","format":false,"excerpt":"A Pol\u00edcia Militar de Vera Cruz atendeu a uma ocorr\u00eancia surpreendente. Uma m\u00e3e acionou os policiais ap\u00f3s suspeitar que o pr\u00f3prio filho estivesse envolvido em um furto. Al\u00e9m disso, ela relatou ter sido agredida pelo jovem.Com autoriza\u00e7\u00e3o para entrar na resid\u00eancia, os agentes realizaram buscas no quarto do suspeito e\u2026","rel":"","context":"Em &quot;Brasil&quot;","block_context":{"text":"Brasil","link":"https:\/\/diariodegarca.com\/?cat=38185"},"img":{"alt_text":"","src":"","width":0,"height":0},"classes":[]},{"id":5063,"url":"https:\/\/diariodegarca.com\/?p=5063","url_meta":{"origin":5030,"position":4},"title":"Segunda pris\u00e3o em cinco dias em &#8220;ponto do tr\u00e1fico&#8221; de Vera Cruz","author":"Di\u00e1rio de Gar\u00e7a","date":"27 de julho de 2025","format":false,"excerpt":"Homem \u00e9 detido com crack, coca\u00edna e dinheiro; em outra ocorr\u00eancia, PM apreende 200 tabletes de maconha e haxixe em rodovia de Santa Cruz do Rio Pardo. Opera\u00e7\u00e3o em Vera Cruz resulta em nova pris\u00e3o por tr\u00e1fico Policiais militares prenderam, nesta semana, no dia 25 de julho, um homem por\u2026","rel":"","context":"Em &quot;Mar\u00edlia&quot;","block_context":{"text":"Mar\u00edlia","link":"https:\/\/diariodegarca.com\/?cat=683453294"},"img":{"alt_text":"","src":"https:\/\/i0.wp.com\/diariodegarca.com\/wp-content\/uploads\/2025\/07\/maconha-pneu-00-1024x768-1.jpg?resize=350%2C200&ssl=1","width":350,"height":200,"srcset":"https:\/\/i0.wp.com\/diariodegarca.com\/wp-content\/uploads\/2025\/07\/maconha-pneu-00-1024x768-1.jpg?resize=350%2C200&ssl=1 1x, https:\/\/i0.wp.com\/diariodegarca.com\/wp-content\/uploads\/2025\/07\/maconha-pneu-00-1024x768-1.jpg?resize=525%2C300&ssl=1 1.5x, https:\/\/i0.wp.com\/diariodegarca.com\/wp-content\/uploads\/2025\/07\/maconha-pneu-00-1024x768-1.jpg?resize=700%2C400&ssl=1 2x"},"classes":[]},{"id":6256,"url":"https:\/\/diariodegarca.com\/?p=6256","url_meta":{"origin":5030,"position":5},"title":"PM prende homem por furto a mercado em Vera Cruz","author":"Di\u00e1rio de Gar\u00e7a","date":"2 de setembro de 2025","format":false,"excerpt":"Acionados por arrombamento, policiais usaram imagens de c\u00e2meras de seguran\u00e7a para identificar e prender o suspeito nas proximidades do local do crime. Um homem foi preso em flagrante na manh\u00e3 desta segunda-feira, dia 1\u00ba de setembro, suspeito de furtar um mercado no munic\u00edpio de Vera Cruz. A a\u00e7\u00e3o foi realizada\u2026","rel":"","context":"Em &quot;Seguran\u00e7a&quot;","block_context":{"text":"Seguran\u00e7a","link":"https:\/\/diariodegarca.com\/?cat=21243"},"img":{"alt_text":"","src":"","width":0,"height":0},"classes":[]}],"_links":{"self":[{"href":"https:\/\/diariodegarca.com\/index.php?rest_route=\/wp\/v2\/posts\/5030","targetHints":{"allow":["GET"]}}],"collection":[{"href":"https:\/\/diariodegarca.com\/index.php?rest_route=\/wp\/v2\/posts"}],"about":[{"href":"https:\/\/diariodegarca.com\/index.php?rest_route=\/wp\/v2\/types\/post"}],"author":[{"embeddable":true,"href":"https:\/\/diariodegarca.com\/index.php?rest_route=\/wp\/v2\/users\/260896546"}],"replies":[{"embeddable":true,"href":"https:\/\/diariodegarca.com\/index.php?rest_route=%2Fwp%2Fv2%2Fcomments&post=5030"}],"version-history":[{"count":2,"href":"https:\/\/diariodegarca.com\/index.php?rest_route=\/wp\/v2\/posts\/5030\/revisions"}],"predecessor-version":[{"id":5033,"href":"https:\/\/diariodegarca.com\/index.php?rest_route=\/wp\/v2\/posts\/5030\/revisions\/5033"}],"wp:featuredmedia":[{"embeddable":true,"href":"https:\/\/diariodegarca.com\/index.php?rest_route=\/wp\/v2\/media\/5032"}],"wp:attachment":[{"href":"https:\/\/diariodegarca.com\/index.php?rest_route=%2Fwp%2Fv2%2Fmedia&parent=5030"}],"wp:term":[{"taxonomy":"category","embeddable":true,"href":"https:\/\/diariodegarca.com\/index.php?rest_route=%2Fwp%2Fv2%2Fcategories&post=5030"},{"taxonomy":"post_tag","embeddable":true,"href":"https:\/\/diariodegarca.com\/index.php?rest_route=%2Fwp%2Fv2%2Ftags&post=5030"}],"curies":[{"name":"wp","href":"https:\/\/api.w.org\/{rel}","templated":true}]}}