{"id":5055,"date":"2025-07-27T08:59:36","date_gmt":"2025-07-27T11:59:36","guid":{"rendered":"https:\/\/diariodegarca.com\/?p=5055"},"modified":"2025-07-27T08:59:36","modified_gmt":"2025-07-27T11:59:36","slug":"cineclube-pontos-mis-exibe-meu-filho-e-um-craque-com-debate-sobre-futebol-e-cinema","status":"publish","type":"post","link":"https:\/\/diariodegarca.com\/?p=5055","title":{"rendered":"Cineclube Pontos MIS exibe &#8220;Meu Filho \u00e9 um Craque&#8221; com debate sobre futebol e cinema"},"content":{"rendered":"\n<p class=\"wp-block-paragraph\"><em>Filme franc\u00eas sobre talento e press\u00e3o no esporte ser\u00e1 discutido por especialistas em transmiss\u00e3o ao vivo no YouTube<\/em>.<\/p>\n\n\n\n<p class=\"wp-block-paragraph\">O\u00a0<strong>Pontos MIS<\/strong>, programa do Museu da Imagem e do Som de S\u00e3o Paulo, promove mais uma edi\u00e7\u00e3o do seu cineclube virtual, desta vez em parceria com a\u00a0<strong>Pandora Filmes<\/strong>. Neste final de semana, o p\u00fablico poder\u00e1 assistir gratuitamente ao filme\u00a0<strong>&#8220;Meu Filho \u00e9 um Craque&#8221;<\/strong>\u00a0(2019), do diretor franc\u00eas\u00a0<strong>Julien Rappeneau<\/strong>.<\/p>\n\n\n\n<p class=\"wp-block-paragraph\">A exibi\u00e7\u00e3o est\u00e1 dispon\u00edvel gratuitamente on-line at\u00e9 <strong>hoje, 27 de julho, \u00e0s 19h<\/strong>, pelo link:<br>\ud83d\udc49\u00a0<a href=\"https:\/\/vimeo.com\/showcase\/cineclube-pontos-mis\" target=\"_blank\" rel=\"noreferrer noopener\">https:\/\/vimeo.com\/showcase\/cineclube-pontos-mis<\/a><\/p>\n\n\n\n<p class=\"wp-block-paragraph\">Na&nbsp;<strong>segunda-feira, 28 de julho, \u00e0s 9h<\/strong>, um debate ao vivo no&nbsp;<strong>YouTube do MIS<\/strong>&nbsp;reunir\u00e1 a pesquisadora&nbsp;<strong>Giuliana Monteiro<\/strong>&nbsp;e o diretor&nbsp;<strong>Luiz Ferraz<\/strong>, especialista em document\u00e1rios sobre futebol, para analisar o filme e suas nuances.<\/p>\n\n\n\n<hr class=\"wp-block-separator has-alpha-channel-opacity\" \/>\n\n\n\n<p class=\"wp-block-paragraph\"><strong>Sobre a obra<\/strong><\/p>\n\n\n\n<figure class=\"wp-block-image size-large\"><img data-recalc-dims=\"1\" loading=\"lazy\" decoding=\"async\" width=\"800\" height=\"450\" data-attachment-id=\"5059\" data-permalink=\"https:\/\/diariodegarca.com\/?attachment_id=5059\" data-orig-file=\"https:\/\/i0.wp.com\/diariodegarca.com\/wp-content\/uploads\/2025\/07\/maxresdefault.jpg?fit=1280%2C720&amp;ssl=1\" data-orig-size=\"1280,720\" data-comments-opened=\"1\" data-image-meta=\"{&quot;aperture&quot;:&quot;0&quot;,&quot;credit&quot;:&quot;&quot;,&quot;camera&quot;:&quot;&quot;,&quot;caption&quot;:&quot;&quot;,&quot;created_timestamp&quot;:&quot;0&quot;,&quot;copyright&quot;:&quot;&quot;,&quot;focal_length&quot;:&quot;0&quot;,&quot;iso&quot;:&quot;0&quot;,&quot;shutter_speed&quot;:&quot;0&quot;,&quot;title&quot;:&quot;&quot;,&quot;orientation&quot;:&quot;0&quot;}\" data-image-title=\"\" data-image-description=\"\" data-image-caption=\"\" data-large-file=\"https:\/\/i0.wp.com\/diariodegarca.com\/wp-content\/uploads\/2025\/07\/maxresdefault.jpg?fit=800%2C450&amp;ssl=1\" src=\"https:\/\/i0.wp.com\/diariodegarca.com\/wp-content\/uploads\/2025\/07\/maxresdefault.jpg?resize=800%2C450&#038;ssl=1\" alt=\"\" class=\"wp-image-5059\" \/><\/figure>\n\n\n\n<p class=\"wp-block-paragraph\">&#8220;Meu Filho \u00e9 um Craque&#8221; acompanha&nbsp;<strong>Th\u00e9o<\/strong>, um jovem talentoso no futebol que v\u00ea no esporte uma chance de transformar a vida do pai. Quando surge a oportunidade de ser recrutado por um grande clube, a press\u00e3o familiar e as expectativas colocadas sobre seus ombros revelam os desafios por tr\u00e1s do sonho de se tornar um atleta de elite. Com humor e sensibilidade, o filme explora temas como&nbsp;<strong>rela\u00e7\u00f5es familiares, press\u00e3o esportiva e identidade<\/strong>.<\/p>\n\n\n\n<p class=\"wp-block-paragraph\"><strong>Servi\u00e7o<\/strong><br>\ud83d\udcfd&nbsp;<strong>Filme:<\/strong>&nbsp;&#8220;Meu Filho \u00e9 um Craque&#8221; (2019)<br>\ud83c\udf9f&nbsp;<strong>Onde assistir:<\/strong>&nbsp;<a href=\"https:\/\/vimeo.com\/showcase\/cineclube-pontos-mis\" target=\"_blank\" rel=\"noreferrer noopener\">https:\/\/vimeo.com\/showcase\/cineclube-pontos-mis<\/a><br>\ud83d\udde3&nbsp;<strong>Debate:<\/strong>&nbsp;28\/07, \u00e0s 9h, no YouTube do MIS<br>\ud83d\udd17&nbsp;<strong>Mais informa\u00e7\u00f5es:<\/strong>&nbsp;<a target=\"_blank\" rel=\"noreferrer noopener\" href=\"https:\/\/www.mis-sp.org.br\/\">www.mis-sp.org.br<\/a><\/p>\n","protected":false},"excerpt":{"rendered":"<p>Filme franc\u00eas sobre talento e press\u00e3o no esporte ser\u00e1 discutido por especialistas em transmiss\u00e3o ao vivo no YouTube. O\u00a0Pontos MIS, programa do Museu da Imagem e do Som de S\u00e3o Paulo, promove mais uma edi\u00e7\u00e3o do seu cineclube virtual, desta vez em parceria com a\u00a0Pandora Filmes. Neste final de semana, o p\u00fablico poder\u00e1 assistir gratuitamente [&hellip;]<\/p>\n","protected":false},"author":260896546,"featured_media":5056,"comment_status":"open","ping_status":"open","sticky":false,"template":"","format":"standard","meta":{"_crdt_document":"","_monsterinsights_skip_tracking":false,"_monsterinsights_sitenote_active":false,"_monsterinsights_sitenote_note":"","_monsterinsights_sitenote_category":0,"advanced_seo_description":"","jetpack_seo_html_title":"","jetpack_seo_noindex":false,"_jetpack_newsletter_access":"","_jetpack_dont_email_post_to_subs":false,"_jetpack_newsletter_tier_id":0,"_jetpack_memberships_contains_paywalled_content":false,"_jetpack_memberships_contains_paid_content":false,"footnotes":"","jetpack_publicize_message":"\ud83c\udfac \"Meu Filho \u00e9 um Craque\" no Cineclube Pontos MIS\n\nO filme franc\u00eas sobre futebol e press\u00e3o familiar tem exibi\u00e7\u00e3o GRATUITA at\u00e9 hoje, 27\/07, \u00e0s 19h, na internet. \nO debate sobre a obra acontece na segunda (28\/07) com especialistas da \u00e1rea.\n\n\ud83d\udccc Leia mais sobre a obra e acesse os links em diariodegarca.com\n\n#TudoViraCultSP #CultSP #CulturaSP #PontosMIS #Cinema #FutebolNoCinema @mis_sp @pandorafilmes","jetpack_publicize_feature_enabled":true,"jetpack_social_post_already_shared":false,"jetpack_social_options":{"image_generator_settings":{"template":"highway","default_image_id":0,"enabled":false},"version":2},"_wpas_customize_per_network":false,"jetpack_post_was_ever_published":false},"categories":[2367,10889,91066845],"tags":[],"class_list":["post-5055","post","type-post","status-publish","format-standard","has-post-thumbnail","hentry","category-cultura","category-esporte","category-online-curso"],"jetpack_publicize_connections":[],"jetpack_featured_media_url":"https:\/\/i0.wp.com\/diariodegarca.com\/wp-content\/uploads\/2025\/07\/11caad_f07b04f922ec4f03950e868f71174ff8mv2.jpg?fit=1000%2C563&ssl=1","jetpack_likes_enabled":true,"jetpack_sharing_enabled":true,"jetpack_shortlink":"https:\/\/wp.me\/pgitne-1jx","jetpack-related-posts":[{"id":7192,"url":"https:\/\/diariodegarca.com\/?p=7192","url_meta":{"origin":5055,"position":0},"title":"Pontos MIS promove sess\u00e3o online e debate sobre &#8220;Uma Mulher \u00e9 uma Mulher&#8221;, de Godard","author":"Di\u00e1rio de Gar\u00e7a","date":"26 de setembro de 2025","format":false,"excerpt":"Primeiro filme colorido do diretor franc\u00eas ser\u00e1 exibido gratuitamente; debate no YouTube contar\u00e1 com a presen\u00e7a de cr\u00edtico especializado na obra do cineasta. O Cineclube Pontos MIS, iniciativa que combina exibi\u00e7\u00e3o de filmes com debates qualificados, traz para setembro uma joia da cinematografia mundial: \"Uma Mulher \u00e9 uma Mulher\" (\"Une\u2026","rel":"","context":"Em &quot;Cinema&quot;","block_context":{"text":"Cinema","link":"https:\/\/diariodegarca.com\/?cat=597"},"img":{"alt_text":"","src":"https:\/\/i0.wp.com\/diariodegarca.com\/wp-content\/uploads\/2025\/09\/lnkJMfrKfaWlpkjiWsZImZJk6Z3.webp?fit=1200%2C675&ssl=1&resize=350%2C200","width":350,"height":200,"srcset":"https:\/\/i0.wp.com\/diariodegarca.com\/wp-content\/uploads\/2025\/09\/lnkJMfrKfaWlpkjiWsZImZJk6Z3.webp?fit=1200%2C675&ssl=1&resize=350%2C200 1x, https:\/\/i0.wp.com\/diariodegarca.com\/wp-content\/uploads\/2025\/09\/lnkJMfrKfaWlpkjiWsZImZJk6Z3.webp?fit=1200%2C675&ssl=1&resize=525%2C300 1.5x, https:\/\/i0.wp.com\/diariodegarca.com\/wp-content\/uploads\/2025\/09\/lnkJMfrKfaWlpkjiWsZImZJk6Z3.webp?fit=1200%2C675&ssl=1&resize=700%2C400 2x, https:\/\/i0.wp.com\/diariodegarca.com\/wp-content\/uploads\/2025\/09\/lnkJMfrKfaWlpkjiWsZImZJk6Z3.webp?fit=1200%2C675&ssl=1&resize=1050%2C600 3x"},"classes":[]},{"id":9186,"url":"https:\/\/diariodegarca.com\/?p=9186","url_meta":{"origin":5055,"position":1},"title":"Cineclube MIS: exibi\u00e7\u00e3o da com\u00e9dia &#8220;P\u00e3o e Tulipas&#8221; e bate-papo com especialista","author":"Andreza Sega","date":"29 de novembro de 2025","format":false,"excerpt":"Sess\u00e3o online do filme de Silvio Soldini fica dispon\u00edvel por 48 horas; debate no YouTube ter\u00e1 a presen\u00e7a da curadora Erica Bernardini, do Festival de Cinema Italiano no Brasil. O Cineclube Pontos MIS realiza sua \u00faltima sess\u00e3o de 2025 com um convite \u00e0 deliciosa descoberta de uma nova vida em\u2026","rel":"","context":"Em &quot;Cinema&quot;","block_context":{"text":"Cinema","link":"https:\/\/diariodegarca.com\/?cat=597"},"img":{"alt_text":"","src":"https:\/\/i0.wp.com\/diariodegarca.com\/wp-content\/uploads\/2025\/11\/Pao-e-Tulipas.jpg?fit=884%2C645&ssl=1&resize=350%2C200","width":350,"height":200,"srcset":"https:\/\/i0.wp.com\/diariodegarca.com\/wp-content\/uploads\/2025\/11\/Pao-e-Tulipas.jpg?fit=884%2C645&ssl=1&resize=350%2C200 1x, https:\/\/i0.wp.com\/diariodegarca.com\/wp-content\/uploads\/2025\/11\/Pao-e-Tulipas.jpg?fit=884%2C645&ssl=1&resize=525%2C300 1.5x, https:\/\/i0.wp.com\/diariodegarca.com\/wp-content\/uploads\/2025\/11\/Pao-e-Tulipas.jpg?fit=884%2C645&ssl=1&resize=700%2C400 2x"},"classes":[]},{"id":3401,"url":"https:\/\/diariodegarca.com\/?p=3401","url_meta":{"origin":5055,"position":2},"title":"&#8220;O Grande Momento&#8221;: cl\u00e1ssico do cinema brasileiro em debate no Pontos MIS online","author":"Di\u00e1rio de Gar\u00e7a","date":"25 de maio de 2025","format":false,"excerpt":"O filme est\u00e1 dispon\u00edvel at\u00e9 \u00e0s 19h de hoje e o bate-papo acontece na segunda-feira. O\u00a0Cineclube Pontos MIS, iniciativa que promove exibi\u00e7\u00f5es de filmes seguidas de debates com especialistas, traz em sua programa\u00e7\u00e3o de maio o aclamado longa\u00a0\"O Grande Momento\" (1958), obra ic\u00f4nica do cinema nacional. A sess\u00e3o online ser\u00e1\u2026","rel":"","context":"Em &quot;Cultura&quot;","block_context":{"text":"Cultura","link":"https:\/\/diariodegarca.com\/?cat=2367"},"img":{"alt_text":"","src":"","width":0,"height":0},"classes":[]},{"id":4244,"url":"https:\/\/diariodegarca.com\/?p=4244","url_meta":{"origin":5055,"position":3},"title":"&#8220;Trilha Sonora para um Golpe de Estado&#8221;: document\u00e1rio revela o uso da cultura na geopol\u00edtica","author":"Di\u00e1rio de Gar\u00e7a","date":"25 de junho de 2025","format":false,"excerpt":"Filme de Johan Grimonprez exp\u00f5e como o jazz foi instrumentalizado pelos EUA durante a Guerra Fria, enquanto a CIA conspirava contra l\u00edderes africanos. Debate com especialistas acontece ap\u00f3s a exibi\u00e7\u00e3o online. O Cineclube Pontos MIS, conhecido por promover exibi\u00e7\u00f5es seguidas de debates qualificados, apresenta em junho o document\u00e1rio\u00a0\"Trilha Sonora para\u2026","rel":"","context":"Em &quot;Cultura&quot;","block_context":{"text":"Cultura","link":"https:\/\/diariodegarca.com\/?cat=2367"},"img":{"alt_text":"","src":"","width":0,"height":0},"classes":[]},{"id":6023,"url":"https:\/\/diariodegarca.com\/?p=6023","url_meta":{"origin":5055,"position":4},"title":"Pontos MIS celebra anivers\u00e1rio de Hitchcock com exibi\u00e7\u00e3o online de &#8220;Festim Diab\u00f3lico&#8221;","author":"Di\u00e1rio de Gar\u00e7a","date":"24 de agosto de 2025","format":false,"excerpt":"Cl\u00e1ssico de 1948, primeiro filme colorido do mestre do suspense, ser\u00e1 exibido gratuitamente e tamb\u00e9m um debate com especialista. O Cineclube Pontos MIS, programa de difus\u00e3o cinematogr\u00e1fica, preparou uma programa\u00e7\u00e3o especial para os f\u00e3s de cinema em agosto. Em homenagem ao anivers\u00e1rio do cineasta Alfred Hitchcock, o projeto exibir\u00e1 online\u2026","rel":"","context":"Em &quot;Cinema&quot;","block_context":{"text":"Cinema","link":"https:\/\/diariodegarca.com\/?cat=597"},"img":{"alt_text":"","src":"https:\/\/i0.wp.com\/diariodegarca.com\/wp-content\/uploads\/2025\/08\/festim-diabolico-1948-11.webp?fit=640%2C474&ssl=1&resize=350%2C200","width":350,"height":200,"srcset":"https:\/\/i0.wp.com\/diariodegarca.com\/wp-content\/uploads\/2025\/08\/festim-diabolico-1948-11.webp?fit=640%2C474&ssl=1&resize=350%2C200 1x, https:\/\/i0.wp.com\/diariodegarca.com\/wp-content\/uploads\/2025\/08\/festim-diabolico-1948-11.webp?fit=640%2C474&ssl=1&resize=525%2C300 1.5x"},"classes":[]},{"id":2576,"url":"https:\/\/diariodegarca.com\/?p=2576","url_meta":{"origin":5055,"position":5},"title":"Oficina &#034;Imagens Proibidas&#034; discute censura e cinema em evento gratuito em Mar\u00edlia","author":"Di\u00e1rio de Gar\u00e7a","date":"21 de mar\u00e7o de 2025","format":false,"excerpt":"A Secretaria da Cultura de Mar\u00edlia, em parceria com o Pontos MIS, promove no dia 21 de mar\u00e7o a oficina \"Imagens Proibidas\", ministrada pelo m\u00fasico, produtor e pesquisador Lu\u00eds Carlos Pavan. O evento, que acontece na Sala de Proje\u00e7\u00e3o do CCM \"Em\u00edlio Pedutti Filho\", no Complexo Cultural (Av. Sampaio Vidal,\u2026","rel":"","context":"Em &quot;Brasil&quot;","block_context":{"text":"Brasil","link":"https:\/\/diariodegarca.com\/?cat=38185"},"img":{"alt_text":"","src":"","width":0,"height":0},"classes":[]}],"_links":{"self":[{"href":"https:\/\/diariodegarca.com\/index.php?rest_route=\/wp\/v2\/posts\/5055","targetHints":{"allow":["GET"]}}],"collection":[{"href":"https:\/\/diariodegarca.com\/index.php?rest_route=\/wp\/v2\/posts"}],"about":[{"href":"https:\/\/diariodegarca.com\/index.php?rest_route=\/wp\/v2\/types\/post"}],"author":[{"embeddable":true,"href":"https:\/\/diariodegarca.com\/index.php?rest_route=\/wp\/v2\/users\/260896546"}],"replies":[{"embeddable":true,"href":"https:\/\/diariodegarca.com\/index.php?rest_route=%2Fwp%2Fv2%2Fcomments&post=5055"}],"version-history":[{"count":5,"href":"https:\/\/diariodegarca.com\/index.php?rest_route=\/wp\/v2\/posts\/5055\/revisions"}],"predecessor-version":[{"id":5062,"href":"https:\/\/diariodegarca.com\/index.php?rest_route=\/wp\/v2\/posts\/5055\/revisions\/5062"}],"wp:featuredmedia":[{"embeddable":true,"href":"https:\/\/diariodegarca.com\/index.php?rest_route=\/wp\/v2\/media\/5056"}],"wp:attachment":[{"href":"https:\/\/diariodegarca.com\/index.php?rest_route=%2Fwp%2Fv2%2Fmedia&parent=5055"}],"wp:term":[{"taxonomy":"category","embeddable":true,"href":"https:\/\/diariodegarca.com\/index.php?rest_route=%2Fwp%2Fv2%2Fcategories&post=5055"},{"taxonomy":"post_tag","embeddable":true,"href":"https:\/\/diariodegarca.com\/index.php?rest_route=%2Fwp%2Fv2%2Ftags&post=5055"}],"curies":[{"name":"wp","href":"https:\/\/api.w.org\/{rel}","templated":true}]}}