{"id":5094,"date":"2025-07-28T10:51:20","date_gmt":"2025-07-28T13:51:20","guid":{"rendered":"https:\/\/diariodegarca.com\/?p=5094"},"modified":"2025-07-28T10:51:20","modified_gmt":"2025-07-28T13:51:20","slug":"dhl-mercado-livre-realiza-mutirao-de-empregos-em-marilia","status":"publish","type":"post","link":"https:\/\/diariodegarca.com\/?p=5094","title":{"rendered":"DHL\/Mercado Livre realiza mutir\u00e3o de empregos em Mar\u00edlia"},"content":{"rendered":"\n<p class=\"wp-block-paragraph\"><em>Evento oferece vagas para auxiliar log\u00edstico, inclusive para PCDs, com sele\u00e7\u00e3o no Teatro Municipal de Mar\u00edlia.<\/em><\/p>\n\n\n\n<p class=\"wp-block-paragraph\">Nesta ter\u00e7a-feira,<strong> dia 29 de julho<\/strong>, <strong>Mar\u00edlia <\/strong>recebe um mutir\u00e3o de empregos promovido pela <strong>DHL\/Mercado Livre<\/strong>, uma das maiores empresas de log\u00edstica do mundo. O evento, realizado com apoio da Prefeitura, <strong>acontecer\u00e1 no Teatro Municipal<\/strong>, localizado na avenida Rio Branco, 51, no centro da cidade. As sele\u00e7\u00f5es ocorrer\u00e3o em dois turnos: das <em>8h \u00e0s 11h30 e das 13h \u00e0s 17h<\/em>.<\/p>\n\n\n\n<p class=\"wp-block-paragraph\"><strong>Vagas dispon\u00edveis e requisitos<\/strong><br>As oportunidades s\u00e3o para o cargo de&nbsp;<strong>Auxiliar Log\u00edstico I<\/strong>, com exig\u00eancias b\u00e1sicas: ensino fundamental completo, resid\u00eancia em Mar\u00edlia e disponibilidade de hor\u00e1rio. A empresa tamb\u00e9m refor\u00e7a seu compromisso com a inclus\u00e3o, abrindo vagas para&nbsp;<strong>Pessoas com Defici\u00eancia (PCDs)<\/strong>. Apesar de n\u00e3o ter divulgado o n\u00famero exato de posi\u00e7\u00f5es, a DHL\/Mercado Livre destaca que ser\u00e3o realizadas entrevistas r\u00e1pidas no local.<\/p>\n\n\n\n<p class=\"wp-block-paragraph\"><strong>Documenta\u00e7\u00e3o e prepara\u00e7\u00e3o<\/strong><br>Interessados devem levar&nbsp;<strong>curr\u00edculo atualizado<\/strong>&nbsp;e chegar com anteced\u00eancia, j\u00e1 que a sele\u00e7\u00e3o ser\u00e1 feita por ordem de chegada. A iniciativa \u00e9 uma chance para quem deseja ingressar em uma multinacional do setor log\u00edstico, conhecida por valorizar a diversidade e o crescimento profissional.<\/p>\n","protected":false},"excerpt":{"rendered":"<p>Evento oferece vagas para auxiliar log\u00edstico, inclusive para PCDs, com sele\u00e7\u00e3o no Teatro Municipal de Mar\u00edlia. Nesta ter\u00e7a-feira, dia 29 de julho, Mar\u00edlia recebe um mutir\u00e3o de empregos promovido pela DHL\/Mercado Livre, uma das maiores empresas de log\u00edstica do mundo. O evento, realizado com apoio da Prefeitura, acontecer\u00e1 no Teatro Municipal, localizado na avenida Rio [&hellip;]<\/p>\n","protected":false},"author":260896546,"featured_media":5096,"comment_status":"open","ping_status":"open","sticky":false,"template":"","format":"standard","meta":{"_crdt_document":"","_monsterinsights_skip_tracking":false,"_monsterinsights_sitenote_active":false,"_monsterinsights_sitenote_note":"","_monsterinsights_sitenote_category":0,"advanced_seo_description":"","jetpack_seo_html_title":"","jetpack_seo_noindex":false,"_jetpack_newsletter_access":"","_jetpack_dont_email_post_to_subs":false,"_jetpack_newsletter_tier_id":0,"_jetpack_memberships_contains_paywalled_content":false,"_jetpack_memberships_contains_paid_content":false,"footnotes":"","jetpack_publicize_message":"\ud83d\udce2 Vagas de emprego em Mar\u00edlia\n\nA DHL\/Mercado Livre realiza um mutir\u00e3o de contrata\u00e7\u00f5es nesta ter\u00e7a (29\/7) no Teatro Municipal de Mar\u00edlia. S\u00e3o vagas para Auxiliar Log\u00edstico, inclusive para PCDs.\n\n\u2705 Requisitos: Ensino fundamental completo, morar em Mar\u00edlia e ter disponibilidade de hor\u00e1rio.\n\ud83d\udccc Leve seu curr\u00edculo e chegue cedo!\n\n\ud83d\uddd3 29\/07 | \u23f0 8h-11h30 e 13h-17h\n\ud83d\udccd Teatro Municipal (Av. Rio Branco, 51)\n\n\ud83d\udca1 Leia a mat\u00e9ria completa em diariodegarca.com\n\n#EmpregoMar\u00edlia #Vagasdeemprego","jetpack_publicize_feature_enabled":true,"jetpack_social_post_already_shared":false,"jetpack_social_options":{"image_generator_settings":{"template":"highway","default_image_id":0,"enabled":false},"version":2},"_wpas_customize_per_network":false,"jetpack_post_was_ever_published":false},"categories":[683453294,496224],"tags":[],"class_list":["post-5094","post","type-post","status-publish","format-standard","has-post-thumbnail","hentry","category-marilia-cidade","category-vagas"],"jetpack_publicize_connections":[],"jetpack_featured_media_url":"https:\/\/i0.wp.com\/diariodegarca.com\/wp-content\/uploads\/2025\/07\/25-07-reuniao-mercado-livre2.jpg?fit=1024%2C768&ssl=1","jetpack_likes_enabled":true,"jetpack_sharing_enabled":true,"jetpack_shortlink":"https:\/\/wp.me\/pgitne-1ka","jetpack-related-posts":[{"id":5970,"url":"https:\/\/diariodegarca.com\/?p=5970","url_meta":{"origin":5094,"position":0},"title":"Oportunidades de emprego em Mar\u00edlia: vagas em destaque e mutir\u00e3o oferecem 200 posi\u00e7\u00f5es","author":"Di\u00e1rio de Gar\u00e7a","date":"22 de agosto de 2025","format":false,"excerpt":"Setores de limpeza, RH, expedi\u00e7\u00e3o, seguran\u00e7a e atendimento abrem vagas com benef\u00edcios atrativos; evento presencial ocorre nos dias 26 e 27 de agosto. A cidade de Mar\u00edlia est\u00e1 com diversas vagas de emprego abertas em diferentes setores, oferecendo oportunidades para quem busca recoloca\u00e7\u00e3o ou ingresso no mercado de trabalho. Entre\u2026","rel":"","context":"Em &quot;Est\u00e1gio&quot;","block_context":{"text":"Est\u00e1gio","link":"https:\/\/diariodegarca.com\/?cat=64915"},"img":{"alt_text":"","src":"https:\/\/i0.wp.com\/diariodegarca.com\/wp-content\/uploads\/2025\/08\/pessoas-que-trabalham-em-equipe.jpg?fit=1200%2C800&ssl=1&resize=350%2C200","width":350,"height":200,"srcset":"https:\/\/i0.wp.com\/diariodegarca.com\/wp-content\/uploads\/2025\/08\/pessoas-que-trabalham-em-equipe.jpg?fit=1200%2C800&ssl=1&resize=350%2C200 1x, https:\/\/i0.wp.com\/diariodegarca.com\/wp-content\/uploads\/2025\/08\/pessoas-que-trabalham-em-equipe.jpg?fit=1200%2C800&ssl=1&resize=525%2C300 1.5x, https:\/\/i0.wp.com\/diariodegarca.com\/wp-content\/uploads\/2025\/08\/pessoas-que-trabalham-em-equipe.jpg?fit=1200%2C800&ssl=1&resize=700%2C400 2x, https:\/\/i0.wp.com\/diariodegarca.com\/wp-content\/uploads\/2025\/08\/pessoas-que-trabalham-em-equipe.jpg?fit=1200%2C800&ssl=1&resize=1050%2C600 3x"},"classes":[]},{"id":6378,"url":"https:\/\/diariodegarca.com\/?p=6378","url_meta":{"origin":5094,"position":1},"title":"Vagas em Mar\u00edlia em setores como log\u00edstica, ind\u00fastria, marketing e resid\u00eancia","author":"Di\u00e1rio de Gar\u00e7a","date":"4 de setembro de 2025","format":false,"excerpt":"Oportunidades incluem fun\u00e7\u00f5es operacionais, administrativas e especializadas; empresas como Coca-Cola FEMSA, Mirai Toyota e Login Serv est\u00e3o com processos seletivos abertos. Mar\u00edlia est\u00e1 com v\u00e1rias vagas de emprego abertas em diferentes setores, as oportunidades incluem desde cargos operacionais e industriais at\u00e9 fun\u00e7\u00f5es especializadas em marketing e cuidados dom\u00e9sticos, atendendo a\u2026","rel":"","context":"Em &quot;Mar\u00edlia&quot;","block_context":{"text":"Mar\u00edlia","link":"https:\/\/diariodegarca.com\/?cat=683453294"},"img":{"alt_text":"","src":"https:\/\/i0.wp.com\/diariodegarca.com\/wp-content\/uploads\/2025\/09\/homem-trabalhar-como-motorista-de-camiao.jpg?fit=1200%2C686&ssl=1&resize=350%2C200","width":350,"height":200,"srcset":"https:\/\/i0.wp.com\/diariodegarca.com\/wp-content\/uploads\/2025\/09\/homem-trabalhar-como-motorista-de-camiao.jpg?fit=1200%2C686&ssl=1&resize=350%2C200 1x, https:\/\/i0.wp.com\/diariodegarca.com\/wp-content\/uploads\/2025\/09\/homem-trabalhar-como-motorista-de-camiao.jpg?fit=1200%2C686&ssl=1&resize=525%2C300 1.5x, https:\/\/i0.wp.com\/diariodegarca.com\/wp-content\/uploads\/2025\/09\/homem-trabalhar-como-motorista-de-camiao.jpg?fit=1200%2C686&ssl=1&resize=700%2C400 2x, https:\/\/i0.wp.com\/diariodegarca.com\/wp-content\/uploads\/2025\/09\/homem-trabalhar-como-motorista-de-camiao.jpg?fit=1200%2C686&ssl=1&resize=1050%2C600 3x"},"classes":[]},{"id":5257,"url":"https:\/\/diariodegarca.com\/?p=5257","url_meta":{"origin":5094,"position":2},"title":"Novas vagas em Mar\u00edlia: Max Atacadista e Prever abrem oportunidades","author":"Di\u00e1rio de Gar\u00e7a","date":"4 de agosto de 2025","format":false,"excerpt":"Empresas anunciam vagas para cargos operacionais, administrativos e de vendas; veja como participar dos processos seletivos. O mercado de trabalho em Mar\u00edlia continua em expans\u00e3o, com novas vagas anunciadas por empresas de diferentes setores. Desta vez, as oportunidades s\u00e3o oferecidas pela\u00a0Max Atacadista\u00a0e pela\u00a0Prever, com cargos que v\u00e3o desde atendimento ao\u2026","rel":"","context":"Em &quot;Gar\u00e7a&quot;","block_context":{"text":"Gar\u00e7a","link":"https:\/\/diariodegarca.com\/?cat=781171664"},"img":{"alt_text":"","src":"https:\/\/i0.wp.com\/diariodegarca.com\/wp-content\/uploads\/2025\/08\/pessoa-fazendo-compras-com-mascara-facial.jpg?fit=1200%2C800&ssl=1&resize=350%2C200","width":350,"height":200,"srcset":"https:\/\/i0.wp.com\/diariodegarca.com\/wp-content\/uploads\/2025\/08\/pessoa-fazendo-compras-com-mascara-facial.jpg?fit=1200%2C800&ssl=1&resize=350%2C200 1x, https:\/\/i0.wp.com\/diariodegarca.com\/wp-content\/uploads\/2025\/08\/pessoa-fazendo-compras-com-mascara-facial.jpg?fit=1200%2C800&ssl=1&resize=525%2C300 1.5x, https:\/\/i0.wp.com\/diariodegarca.com\/wp-content\/uploads\/2025\/08\/pessoa-fazendo-compras-com-mascara-facial.jpg?fit=1200%2C800&ssl=1&resize=700%2C400 2x, https:\/\/i0.wp.com\/diariodegarca.com\/wp-content\/uploads\/2025\/08\/pessoa-fazendo-compras-com-mascara-facial.jpg?fit=1200%2C800&ssl=1&resize=1050%2C600 3x"},"classes":[]},{"id":2174,"url":"https:\/\/diariodegarca.com\/?p=2174","url_meta":{"origin":5094,"position":3},"title":"Mar\u00edlia ter\u00e1 Festival Liter\u00e1rio de 16 a 18 de maio","author":"Di\u00e1rio de Gar\u00e7a","date":"8 de maio de 2025","format":false,"excerpt":"O\u00a0Festival Liter\u00e1rio de Mar\u00edlia (FLIM)\u00a0acontece\u00a0em maio com uma programa\u00e7\u00e3o diversificada, reunindo literatura, teatro, cinema, oficinas criativas e debates. O evento ser\u00e1 de\u00a016 a 18 de maio, com atividades na\u00a0Biblioteca Municipal, Teatro Municipal e Clube de Cinema de Mar\u00edlia.Destaque para as inscri\u00e7\u00f5es em\u00a0oficinas, que come\u00e7am a ser preenchidas no\u00a0s\u00e1bado, dia 17\u2026","rel":"","context":"Em &quot;Brasil&quot;","block_context":{"text":"Brasil","link":"https:\/\/diariodegarca.com\/?cat=38185"},"img":{"alt_text":"","src":"https:\/\/i0.wp.com\/blogger.googleusercontent.com\/img\/b\/R29vZ2xl\/AVvXsEjrIRsp4uw9UVzgf-Bikt7GXCQOJznTmqJvj9IDtgnpQ0-6ya-pJL6KqG7G-V9Qk5h-YxxblvE0bmZbfnCFiWmv2-LKZTGGSf1lRmvWG5pEsZCm676SJ_2rFPDtSvOwB1-IA96w5t7_DYQlVVPqxz8T3-Ma03VRn8WYLM7I7J0DdN5ibC-fZt44EFQ1FLY\/w400-h400\/WhatsApp%20Image%202025-05-07%20at%2013.21.25.jpeg?resize=350%2C200&ssl=1","width":350,"height":200},"classes":[]},{"id":2247,"url":"https:\/\/diariodegarca.com\/?p=2247","url_meta":{"origin":5094,"position":4},"title":"Oportunidades de emprego e est\u00e1gio na regi\u00e3o de Mar\u00edlia","author":"Di\u00e1rio de Gar\u00e7a","date":"29 de abril de 2025","format":false,"excerpt":"O CEPROM (Centro Profissionalizante) de Mar\u00edlia divulgou uma s\u00e9rie de vagas para profissionais e estudantes em diferentes \u00e1reas, abrangendo cidades como Mar\u00edlia, Pomp\u00e9ia, e Paul\u00f3polis. J\u00e1 a Prefeitura Municipal de Lup\u00e9rcio divulgou uma vaga de est\u00e1gio.\u00a0Confira as oportunidades dispon\u00edveis:1. Est\u00e1gio em Ensino M\u00e9dioLocal:\u00a0Mar\u00edlia - Rua Dr. Pr\u00f3spero Cec\u00edlio Coimbra, 330Entrevistas:\u00a0Ter\u00e7as\u2026","rel":"","context":"Em &quot;Brasil&quot;","block_context":{"text":"Brasil","link":"https:\/\/diariodegarca.com\/?cat=38185"},"img":{"alt_text":"","src":"https:\/\/i0.wp.com\/blogger.googleusercontent.com\/img\/b\/R29vZ2xl\/AVvXsEjuPiYXxTXBbB-T4ZY3dXq_3lTCb6XHluVYyvNc-fklZzP1S1dSqZ1jyDJQiJSmtpMwbDkkTt0DAvMhVKC4gm3sTtpcS8nX1bVtTKxKERxllBqF-Zk4zc9ZKv5WoWTD_ziypP07Iv5PDdRy6dJoaXyHxzjdvFmFX7PQCudUSIhimvQPH3rA8CjQ-uVhryk\/s320\/full-shot-men-high-five-office.jpg?resize=350%2C200&ssl=1","width":350,"height":200},"classes":[]},{"id":7655,"url":"https:\/\/diariodegarca.com\/?p=7655","url_meta":{"origin":5094,"position":5},"title":"Oportunidades de emprego em Mar\u00edlia oferecem vagas em diferentes setores","author":"Andreza Sega","date":"13 de outubro de 2025","format":false,"excerpt":"Empresas locais abrem processos seletivos para fun\u00e7\u00f5es como manuten\u00e7\u00e3o, vendas, atendimento e produ\u00e7\u00e3o; confira como se candidatar. Diversas empresas abriram processos seletivos em Mar\u00edlia nos \u00faltimos dias, com vagas que v\u00e3o desde auxiliares operacionais a cargos t\u00e9cnicos e de vendas. As oportunidades incluem benef\u00edcios como vale-transporte, alimenta\u00e7\u00e3o, cesta b\u00e1sica e\u2026","rel":"","context":"Em &quot;Mar\u00edlia&quot;","block_context":{"text":"Mar\u00edlia","link":"https:\/\/diariodegarca.com\/?cat=683453294"},"img":{"alt_text":"","src":"https:\/\/i0.wp.com\/diariodegarca.com\/wp-content\/uploads\/2025\/08\/homem-usando-uma-escavadeira-para-cavar-na-luz-dia.jpg?fit=1200%2C800&ssl=1&resize=350%2C200","width":350,"height":200,"srcset":"https:\/\/i0.wp.com\/diariodegarca.com\/wp-content\/uploads\/2025\/08\/homem-usando-uma-escavadeira-para-cavar-na-luz-dia.jpg?fit=1200%2C800&ssl=1&resize=350%2C200 1x, https:\/\/i0.wp.com\/diariodegarca.com\/wp-content\/uploads\/2025\/08\/homem-usando-uma-escavadeira-para-cavar-na-luz-dia.jpg?fit=1200%2C800&ssl=1&resize=525%2C300 1.5x, https:\/\/i0.wp.com\/diariodegarca.com\/wp-content\/uploads\/2025\/08\/homem-usando-uma-escavadeira-para-cavar-na-luz-dia.jpg?fit=1200%2C800&ssl=1&resize=700%2C400 2x, https:\/\/i0.wp.com\/diariodegarca.com\/wp-content\/uploads\/2025\/08\/homem-usando-uma-escavadeira-para-cavar-na-luz-dia.jpg?fit=1200%2C800&ssl=1&resize=1050%2C600 3x"},"classes":[]}],"_links":{"self":[{"href":"https:\/\/diariodegarca.com\/index.php?rest_route=\/wp\/v2\/posts\/5094","targetHints":{"allow":["GET"]}}],"collection":[{"href":"https:\/\/diariodegarca.com\/index.php?rest_route=\/wp\/v2\/posts"}],"about":[{"href":"https:\/\/diariodegarca.com\/index.php?rest_route=\/wp\/v2\/types\/post"}],"author":[{"embeddable":true,"href":"https:\/\/diariodegarca.com\/index.php?rest_route=\/wp\/v2\/users\/260896546"}],"replies":[{"embeddable":true,"href":"https:\/\/diariodegarca.com\/index.php?rest_route=%2Fwp%2Fv2%2Fcomments&post=5094"}],"version-history":[{"count":3,"href":"https:\/\/diariodegarca.com\/index.php?rest_route=\/wp\/v2\/posts\/5094\/revisions"}],"predecessor-version":[{"id":5098,"href":"https:\/\/diariodegarca.com\/index.php?rest_route=\/wp\/v2\/posts\/5094\/revisions\/5098"}],"wp:featuredmedia":[{"embeddable":true,"href":"https:\/\/diariodegarca.com\/index.php?rest_route=\/wp\/v2\/media\/5096"}],"wp:attachment":[{"href":"https:\/\/diariodegarca.com\/index.php?rest_route=%2Fwp%2Fv2%2Fmedia&parent=5094"}],"wp:term":[{"taxonomy":"category","embeddable":true,"href":"https:\/\/diariodegarca.com\/index.php?rest_route=%2Fwp%2Fv2%2Fcategories&post=5094"},{"taxonomy":"post_tag","embeddable":true,"href":"https:\/\/diariodegarca.com\/index.php?rest_route=%2Fwp%2Fv2%2Ftags&post=5094"}],"curies":[{"name":"wp","href":"https:\/\/api.w.org\/{rel}","templated":true}]}}