{"id":5158,"date":"2025-07-30T09:34:50","date_gmt":"2025-07-30T12:34:50","guid":{"rendered":"https:\/\/diariodegarca.com\/?p=5158"},"modified":"2025-07-30T09:34:50","modified_gmt":"2025-07-30T12:34:50","slug":"operacao-praedo-pf-e-anatel-desbaratam-esquema-milionario-de-pirataria-digital-com-tv-box","status":"publish","type":"post","link":"https:\/\/diariodegarca.com\/?p=5158","title":{"rendered":"Opera\u00e7\u00e3o PRAEDO: PF e Anatel desbaratam esquema milion\u00e1rio de pirataria digital com TV Box"},"content":{"rendered":"\n<p class=\"wp-block-paragraph\"><em>Bloqueios de R$ 33 milh\u00f5es, apreens\u00e3o de bens e fechamento de sites ilegais marcam a\u00e7\u00e3o contra rede criminosa de IPTV no Paran\u00e1 e DF<\/em>.<\/p>\n\n\n\n<h3 class=\"wp-block-heading\"><strong>Esquema transnacional desmontado<\/strong><\/h3>\n\n\n\n<p class=\"wp-block-paragraph\">Uma sofisticada organiza\u00e7\u00e3o criminosa especializada na importa\u00e7\u00e3o e venda ilegal de aparelhos de TV Box foi desarticulada nesta ter\u00e7a-feira, 29 de julho, em opera\u00e7\u00e3o conjunta da Pol\u00edcia Federal e Anatel. Batizada de\u00a0<strong>Opera\u00e7\u00e3o PRAEDO<\/strong>\u00a0(termo latim para &#8220;pirata&#8221;), a a\u00e7\u00e3o cumpriu\u00a0<strong>12 mandados<\/strong>\u00a0em Curitiba, Foz do Igua\u00e7u e Bras\u00edlia, com bloqueio de valores que podem chegar a\u00a0<strong>R$ 33 milh\u00f5es<\/strong>\u00a0em contas banc\u00e1rias, al\u00e9m do sequestro de ve\u00edculos, im\u00f3veis e o fechamento de sites usados no esquema.<\/p>\n\n\n\n<hr class=\"wp-block-separator has-alpha-channel-opacity\" \/>\n\n\n\n<h3 class=\"wp-block-heading\"><strong>Rota do contrabando e lavagem de dinheiro<\/strong><\/h3>\n\n\n\n<p class=\"wp-block-paragraph\">Investigadores descobriram que os aparelhos entravam no Brasil via\u00a0<strong>Foz do Igua\u00e7u<\/strong>, contrabandeados da fronteira com o Paraguai sem pagamento de tributos. Em Curitiba, um\u00a0<strong>casal operava um site de vendas<\/strong>\u00a0usando empresas de fachada para ocultar lucros. Outros familiares completavam a rede, distribuindo os produtos <strong>para todo o pa\u00eds<\/strong>.<\/p>\n\n\n\n<p class=\"wp-block-paragraph\">A PF identificou movimenta\u00e7\u00f5es suspeitas: apenas um dos casais acumulou cerca de&nbsp;<strong>R$ 5 milh\u00f5es<\/strong>&nbsp;em bens, incluindo im\u00f3veis de alto padr\u00e3o e ve\u00edculos luxuosos &#8211; valores incompat\u00edveis com suas atividades declaradas.<\/p>\n\n\n\n<hr class=\"wp-block-separator has-alpha-channel-opacity\" \/>\n\n\n\n<h3 class=\"wp-block-heading\"><strong>Preju\u00edzos ao setor audiovisual e riscos aos consumidores<\/strong><\/h3>\n\n\n\n<p class=\"wp-block-paragraph\">Os investigados respondem por crimes como:<br>\u2705&nbsp;<strong>Contrabando<\/strong>&nbsp;(entrada ilegal de mercadorias)<br>\u2705&nbsp;<strong>Viola\u00e7\u00e3o de direitos autorais<\/strong>&nbsp;(pirataria de sinais de TV e streaming)<br>\u2705&nbsp;<strong>Organiza\u00e7\u00e3o criminosa<\/strong><\/p>\n\n\n\n<p class=\"wp-block-paragraph\">A Anatel apreendeu\u00a0<strong>140 TV Boxes<\/strong>\u00a0(modelos UniTV, Red Pro3, BTV e outros), avaliados em\u00a0<strong>R$ 125 mil<\/strong>. O conselheiro\u00a0<strong>Alexandre Freire<\/strong>\u00a0alertou que esses aparelhos\u00a0<strong>n\u00e3o homologados<\/strong>\u00a0oferecem riscos: desde falhas t\u00e9cnicas at\u00e9 exposi\u00e7\u00e3o a golpes e conte\u00fados inseguros.<\/p>\n\n\n\n<p class=\"wp-block-paragraph\">A superintendente de Fiscaliza\u00e7\u00e3o da Anatel,&nbsp;<strong>Gesil\u00e9a Teles<\/strong>, destacou que a opera\u00e7\u00e3o refor\u00e7a a atua\u00e7\u00e3o integrada contra o mercado ilegal de telecomunica\u00e7\u00f5es. As investiga\u00e7\u00f5es continuam para rastrear outros envolvidos na rede.<\/p>\n","protected":false},"excerpt":{"rendered":"<p>Bloqueios de R$ 33 milh\u00f5es, apreens\u00e3o de bens e fechamento de sites ilegais marcam a\u00e7\u00e3o contra rede criminosa de IPTV no Paran\u00e1 e DF. Esquema transnacional desmontado Uma sofisticada organiza\u00e7\u00e3o criminosa especializada na importa\u00e7\u00e3o e venda ilegal de aparelhos de TV Box foi desarticulada nesta ter\u00e7a-feira, 29 de julho, em opera\u00e7\u00e3o conjunta da Pol\u00edcia Federal [&hellip;]<\/p>\n","protected":false},"author":260896546,"featured_media":5159,"comment_status":"open","ping_status":"open","sticky":false,"template":"","format":"standard","meta":{"_crdt_document":"","_monsterinsights_skip_tracking":false,"_monsterinsights_sitenote_active":false,"_monsterinsights_sitenote_note":"","_monsterinsights_sitenote_category":0,"advanced_seo_description":"","jetpack_seo_html_title":"","jetpack_seo_noindex":false,"_jetpack_newsletter_access":"","_jetpack_dont_email_post_to_subs":false,"_jetpack_newsletter_tier_id":0,"_jetpack_memberships_contains_paywalled_content":false,"_jetpack_memberships_contains_paid_content":false,"footnotes":"","jetpack_publicize_message":"\ud83d\udea8 PF e Anatel desmontam megaesquema de TV Box pirata\n\n\ud83d\udd0e R$ 33 milh\u00f5es bloqueados\n\ud83d\udd0e 12 mandados em 3 cidades\n\ud83d\udd0e Aparelhos vinham do Paraguai por contrabando\n\ud83d\udd0e Casal em Curitiba lavou R$ 5 milh\u00f5es em im\u00f3veis e carros\n\n\u26a0\ufe0f Alerta: TV Box ilegal traz riscos e financia crime organizado.\n\n\ud83d\udcd6 Leia mais em diariodegarca.com\n\n#Opera\u00e7\u00e3oPraedo #PiratariaDigital #Seguran\u00e7a","jetpack_publicize_feature_enabled":true,"jetpack_social_post_already_shared":false,"jetpack_social_options":{"image_generator_settings":{"template":"highway","default_image_id":0,"enabled":false},"version":2},"_wpas_customize_per_network":false,"jetpack_post_was_ever_published":false},"categories":[38185,1192752],"tags":[],"class_list":["post-5158","post","type-post","status-publish","format-standard","has-post-thumbnail","hentry","category-brasil","category-fiscalizacao"],"jetpack_publicize_connections":[],"jetpack_featured_media_url":"https:\/\/i0.wp.com\/diariodegarca.com\/wp-content\/uploads\/2025\/07\/85919166-0d97-4f48-ae11-3d570e3a98a3.jpeg?fit=768%2C576&ssl=1","jetpack_likes_enabled":true,"jetpack_sharing_enabled":true,"jetpack_shortlink":"https:\/\/wp.me\/pgitne-1lc","jetpack-related-posts":[{"id":5659,"url":"https:\/\/diariodegarca.com\/?p=5659","url_meta":{"origin":5158,"position":0},"title":"Opera\u00e7\u00e3o &#8220;Fantasma da Rede&#8221; desmantela esquema de pirataria de TV com 30 mil usu\u00e1rios em SP","author":"Di\u00e1rio de Gar\u00e7a","date":"15 de agosto de 2025","format":false,"excerpt":"Anatel e Pol\u00edcia Civil apreendem equipamentos e prendem suspeitos em esta\u00e7\u00e3o clandestina na zona leste da capital. Em uma a\u00e7\u00e3o conjunta realizada nesta ter\u00e7a-feira, 12 de agosto, a Anatel S\u00e3o Paulo e o Departamento de Investiga\u00e7\u00f5es Criminais da Pol\u00edcia Civil (DEIC\/SP) desarticularam uma rede de pirataria de TV por assinatura\u2026","rel":"","context":"Em &quot;Brasil&quot;","block_context":{"text":"Brasil","link":"https:\/\/diariodegarca.com\/?cat=38185"},"img":{"alt_text":"","src":"https:\/\/i0.wp.com\/diariodegarca.com\/wp-content\/uploads\/2025\/08\/aceb67b6-6325-454c-bcc7-67fc878574c3.jpeg?fit=768%2C400&ssl=1&resize=350%2C200","width":350,"height":200,"srcset":"https:\/\/i0.wp.com\/diariodegarca.com\/wp-content\/uploads\/2025\/08\/aceb67b6-6325-454c-bcc7-67fc878574c3.jpeg?fit=768%2C400&ssl=1&resize=350%2C200 1x, https:\/\/i0.wp.com\/diariodegarca.com\/wp-content\/uploads\/2025\/08\/aceb67b6-6325-454c-bcc7-67fc878574c3.jpeg?fit=768%2C400&ssl=1&resize=525%2C300 1.5x, https:\/\/i0.wp.com\/diariodegarca.com\/wp-content\/uploads\/2025\/08\/aceb67b6-6325-454c-bcc7-67fc878574c3.jpeg?fit=768%2C400&ssl=1&resize=700%2C400 2x"},"classes":[]},{"id":3577,"url":"https:\/\/diariodegarca.com\/?p=3577","url_meta":{"origin":5158,"position":1},"title":"Anatel intensifica fiscaliza\u00e7\u00e3o em marketplaces e apreende produtos irregulares","author":"Di\u00e1rio de Gar\u00e7a","date":"30 de maio de 2025","format":false,"excerpt":"Opera\u00e7\u00e3o em centros de distribui\u00e7\u00e3o de Mercado Livre, Amazon e Shopee visa combater venda de drones, celulares e TV Box n\u00e3o homologados Desde o dia 26 de maio de 2025, a Ag\u00eancia Nacional de Telecomunica\u00e7\u00f5es (Anatel) est\u00e1 realizando opera\u00e7\u00f5es de fiscaliza\u00e7\u00e3o em centros de distribui\u00e7\u00e3o (CDs) de grandes marketplaces, como\u00a0Mercado\u2026","rel":"","context":"Em &quot;Fiscaliza\u00e7\u00e3o&quot;","block_context":{"text":"Fiscaliza\u00e7\u00e3o","link":"https:\/\/diariodegarca.com\/?cat=1192752"},"img":{"alt_text":"","src":"","width":0,"height":0},"classes":[]},{"id":9212,"url":"https:\/\/diariodegarca.com\/?p=9212","url_meta":{"origin":5158,"position":2},"title":"Opera\u00e7\u00e3o internacional desmonta 535 sites e aplicativo de streaming pirata","author":"Andreza Sega","date":"30 de novembro de 2025","format":false,"excerpt":"Foco da a\u00e7\u00e3o, que incluiu pa\u00edses como Reino Unido e Argentina, foi atacar as estruturas de financiamento por tr\u00e1s da pirataria digital; quatro mandados de pris\u00e3o preventiva foram executados no Brasil. Em uma a\u00e7\u00e3o coordenada entre diversos pa\u00edses, uma for\u00e7a-tarefa internacional contra a pirataria digital resultou na retirada do ar\u2026","rel":"","context":"Em &quot;Brasil&quot;","block_context":{"text":"Brasil","link":"https:\/\/diariodegarca.com\/?cat=38185"},"img":{"alt_text":"","src":"https:\/\/i0.wp.com\/diariodegarca.com\/wp-content\/uploads\/2025\/11\/f8cc2079-88d3-4a42-8f83-96135710852c-e1764525658551.jpeg?fit=517%2C333&ssl=1&resize=350%2C200","width":350,"height":200},"classes":[]},{"id":2072,"url":"https:\/\/diariodegarca.com\/?p=2072","url_meta":{"origin":5158,"position":3},"title":"Ag\u00eancias firmam acordo para intensificar o combate \u00e0 pirataria digital no Brasil","author":"Di\u00e1rio de Gar\u00e7a","date":"16 de maio de 2025","format":false,"excerpt":"Em um movimento decisivo para fortalecer a prote\u00e7\u00e3o de conte\u00fados audiovisuais no ambiente digital, a ANCINE (Ag\u00eancia Nacional do Cinema) e a ANATEL (Ag\u00eancia Nacional de Telecomunica\u00e7\u00f5es) assinaram na quinta-feira, 15 de maio de 2025, um Acordo de Coopera\u00e7\u00e3o T\u00e9cnica (ACT) em Bras\u00edlia. A iniciativa marca uma nova fase na\u2026","rel":"","context":"Em &quot;Brasil&quot;","block_context":{"text":"Brasil","link":"https:\/\/diariodegarca.com\/?cat=38185"},"img":{"alt_text":"","src":"https:\/\/i0.wp.com\/blogger.googleusercontent.com\/img\/b\/R29vZ2xl\/AVvXsEjyJZQZESWPj_P00nffibjazcOg0BoZb4U03btlMY3Jz_mkeA8c4CNgtgzyUEfdCHrdNO6vug_uk2yGNmcYzSVlTGepwwr1bQZ8WsLkkFlIeIYke1StqCdgc2sS9x0IoBgo4l09hnxpY-4rLF3zpfBlYSAD-ET1Jee3d4g9m-cTD5EOgrNEXjKZVd0nKRc\/s320\/white-notebook-black-data-firewall.jpg?resize=350%2C200&ssl=1","width":350,"height":200},"classes":[]},{"id":8526,"url":"https:\/\/diariodegarca.com\/?p=8526","url_meta":{"origin":5158,"position":4},"title":"PF afasta &#8220;prefeito tiktoker&#8221; de Sorocaba por suspeita de corrup\u00e7\u00e3o na Sa\u00fade","author":"Di\u00e1rio de Gar\u00e7a","date":"7 de novembro de 2025","format":false,"excerpt":"Rodrigo Manga (Republicanos) \u00e9 afastado por 180 dias; opera\u00e7\u00e3o investiga desvios em contratos com Organiza\u00e7\u00e3o Social e prende empres\u00e1rio amigo do gestor. Defesa alega \"persegui\u00e7\u00e3o pol\u00edtica\" e nulidade da investiga\u00e7\u00e3o. A Pol\u00edcia Federal (PF) deflagrou, na quinta-feira, 6 de novembro, a segunda fase da Opera\u00e7\u00e3o Copia e Cola, resultando no\u2026","rel":"","context":"Em &quot;Pol\u00edtica&quot;","block_context":{"text":"Pol\u00edtica","link":"https:\/\/diariodegarca.com\/?cat=781171847"},"img":{"alt_text":"","src":"https:\/\/i0.wp.com\/diariodegarca.com\/wp-content\/uploads\/2025\/11\/rodrigo-sorocaba.jpg?fit=768%2C488&ssl=1&resize=350%2C200","width":350,"height":200,"srcset":"https:\/\/i0.wp.com\/diariodegarca.com\/wp-content\/uploads\/2025\/11\/rodrigo-sorocaba.jpg?fit=768%2C488&ssl=1&resize=350%2C200 1x, https:\/\/i0.wp.com\/diariodegarca.com\/wp-content\/uploads\/2025\/11\/rodrigo-sorocaba.jpg?fit=768%2C488&ssl=1&resize=525%2C300 1.5x, https:\/\/i0.wp.com\/diariodegarca.com\/wp-content\/uploads\/2025\/11\/rodrigo-sorocaba.jpg?fit=768%2C488&ssl=1&resize=700%2C400 2x"},"classes":[]},{"id":4207,"url":"https:\/\/diariodegarca.com\/?p=4207","url_meta":{"origin":5158,"position":5},"title":"Opera\u00e7\u00e3o policial desarticula rede de tr\u00e1fico e prende cinco em Gar\u00e7a","author":"Di\u00e1rio de Gar\u00e7a","date":"24 de junho de 2025","format":false,"excerpt":"A\u00e7\u00e3o coordenada entre Pol\u00edcia Militar e Pol\u00edcia Civil apreende drogas, dinheiro e celulares; investiga\u00e7\u00f5es continuam Uma opera\u00e7\u00e3o integrada entre a Pol\u00edcia Militar e a Pol\u00edcia Civil resultou na pris\u00e3o de cinco suspeitos por tr\u00e1fico de drogas em Gar\u00e7a nesta ter\u00e7a-feira, dia 24 de junho. A a\u00e7\u00e3o, que contou com apoio\u2026","rel":"","context":"Em &quot;Gar\u00e7a&quot;","block_context":{"text":"Gar\u00e7a","link":"https:\/\/diariodegarca.com\/?cat=781171664"},"img":{"alt_text":"","src":"https:\/\/i0.wp.com\/diariodegarca.com\/wp-content\/uploads\/2025\/06\/vfmxnovb-operacao-trafico-01.webp?fit=900%2C730&ssl=1&resize=350%2C200","width":350,"height":200,"srcset":"https:\/\/i0.wp.com\/diariodegarca.com\/wp-content\/uploads\/2025\/06\/vfmxnovb-operacao-trafico-01.webp?fit=900%2C730&ssl=1&resize=350%2C200 1x, https:\/\/i0.wp.com\/diariodegarca.com\/wp-content\/uploads\/2025\/06\/vfmxnovb-operacao-trafico-01.webp?fit=900%2C730&ssl=1&resize=525%2C300 1.5x, https:\/\/i0.wp.com\/diariodegarca.com\/wp-content\/uploads\/2025\/06\/vfmxnovb-operacao-trafico-01.webp?fit=900%2C730&ssl=1&resize=700%2C400 2x"},"classes":[]}],"_links":{"self":[{"href":"https:\/\/diariodegarca.com\/index.php?rest_route=\/wp\/v2\/posts\/5158","targetHints":{"allow":["GET"]}}],"collection":[{"href":"https:\/\/diariodegarca.com\/index.php?rest_route=\/wp\/v2\/posts"}],"about":[{"href":"https:\/\/diariodegarca.com\/index.php?rest_route=\/wp\/v2\/types\/post"}],"author":[{"embeddable":true,"href":"https:\/\/diariodegarca.com\/index.php?rest_route=\/wp\/v2\/users\/260896546"}],"replies":[{"embeddable":true,"href":"https:\/\/diariodegarca.com\/index.php?rest_route=%2Fwp%2Fv2%2Fcomments&post=5158"}],"version-history":[{"count":4,"href":"https:\/\/diariodegarca.com\/index.php?rest_route=\/wp\/v2\/posts\/5158\/revisions"}],"predecessor-version":[{"id":5163,"href":"https:\/\/diariodegarca.com\/index.php?rest_route=\/wp\/v2\/posts\/5158\/revisions\/5163"}],"wp:featuredmedia":[{"embeddable":true,"href":"https:\/\/diariodegarca.com\/index.php?rest_route=\/wp\/v2\/media\/5159"}],"wp:attachment":[{"href":"https:\/\/diariodegarca.com\/index.php?rest_route=%2Fwp%2Fv2%2Fmedia&parent=5158"}],"wp:term":[{"taxonomy":"category","embeddable":true,"href":"https:\/\/diariodegarca.com\/index.php?rest_route=%2Fwp%2Fv2%2Fcategories&post=5158"},{"taxonomy":"post_tag","embeddable":true,"href":"https:\/\/diariodegarca.com\/index.php?rest_route=%2Fwp%2Fv2%2Ftags&post=5158"}],"curies":[{"name":"wp","href":"https:\/\/api.w.org\/{rel}","templated":true}]}}